{"id":22031,"date":"2020-05-20T13:06:36","date_gmt":"2020-05-20T16:06:36","guid":{"rendered":"https:\/\/jornaldoplanalto.com.br\/web\/?p=22031"},"modified":"2020-05-20T13:06:36","modified_gmt":"2020-05-20T16:06:36","slug":"pedra-sabao-conquista-espaco-como-revestimento-de-ambientes-sofisticados","status":"publish","type":"post","link":"https:\/\/www.p31noticias.com.br\/?p=22031","title":{"rendered":"Pedra Sab\u00e3o conquista espa\u00e7o como revestimento de ambientes sofisticados"},"content":{"rendered":"<p><em>Material exclusivo em alta no mercado brasiliense<\/em><\/p>\n<p>Tons marcantes, textura diferenciada, qualidades infinitas. Assim \u00e9 a Pedra Sab\u00e3o, usada h\u00e1 s\u00e9culos, e que conquista cada vez mais o seu espa\u00e7o na arquitetura, em projetos exclusivos, atemporais e sempre elegantes. Tamb\u00e9m conhecida como Soapstone, a rocha agrega beleza em qualquer que seja a escolha para o seu uso e, eu garanto, \u00e9 resistente e atemporal.<\/p>\n<p>Historicamente explorada em utens\u00edlios dom\u00e9sticos e, no Brasil, desde 1700, mais precisamente em Minas Gerais, vem sendo usada na fabrica\u00e7\u00e3o de frigideiras, fog\u00f5es e assadeiras. Mas, para al\u00e9m dos detalhes, vemos sua beleza incontest\u00e1vel ganhar mais espa\u00e7o, a cada dia, dentro de resid\u00eancias, cl\u00ednicas e outras propostas de ambientes.<\/p>\n<p>A boa not\u00edcia \u00e9 que descobri recentemente que ela j\u00e1 est\u00e1 dispon\u00edvel em Bras\u00edlia e seu sucesso \u00e9 explicado por in\u00fameras qualidades t\u00e9cnicas, que indiscutivelmente s\u00e3o as premissas de um projeto diferenciado.\u00a0Conversando com Marcus Siqueira, diretor comercial da Marmoraria Multipedras, soube que o material tem caracter\u00edsticas \u00fanicas e por isso, vem atraindo a aten\u00e7\u00e3o de profissionais da cidade interessados em agregar sofistica\u00e7\u00e3o e qualidade aos projetos de arquitetura e interiores.<\/p>\n<p>&#8220;A pedra-sab\u00e3o, que trazemos com exclusividade para Bras\u00edlia, \u00e9 um produto natural extra\u00eddo do solo em blocos, como m\u00e1rmore e granito\u201d, detalha o empres\u00e1rio, que destaca ainda que a rocha n\u00e3o \u00e9 porosa, o que a torna completamente resistente a manchas.\u00a0 \u201cA pedra sab\u00e3o \u00e9 um material inerte e imperme\u00e1vel a produtos qu\u00edmicos, \u00e1cidos e calor, portanto n\u00e3o h\u00e1 produtos dom\u00e9sticos que a danifiquem. Ela \u00e9 dur\u00e1vel como granito e m\u00e1rmore, mas \u00e9 mais tolerante sob estresse\u201d, complementa o empreendedor.<\/p>\n<p>Essas caracter\u00edsticas fazem dela uma das queridinhas para especifica\u00e7\u00e3o em projetos de interiores, uma vez que sua indica\u00e7\u00e3o contempla uma ampla variedade de aplica\u00e7\u00f5es, como bancadas de cozinha residenciais e comerciais, de cl\u00ednicas e laborat\u00f3rios; pias e ladrilhos, bem como em aplica\u00e7\u00f5es de alto calor, como tijolos refrat\u00e1rios para fog\u00f5es a lenha e constru\u00e7\u00e3o de aquecedores de alvenaria e lareiras.<\/p>\n<h6><em>Fotos: Divulga\u00e7\u00e3o Multipedras<\/em><\/h6>\n<figure id=\"attachment_22034\" aria-describedby=\"caption-attachment-22034\" style=\"width: 640px\" class=\"wp-caption alignnone\"><a href=\"https:\/\/www.delioandrade.com.br\/wp-content\/uploads\/2020\/05\/Arquitetura_maio_03.png\"><img loading=\"lazy\" decoding=\"async\" class=\"size-full wp-image-22034\" src=\"https:\/\/www.delioandrade.com.br\/wp-content\/uploads\/2020\/05\/Arquitetura_maio_03.png\" alt=\"\" width=\"640\" height=\"426\" srcset=\"https:\/\/www.p31noticias.com.br\/wp-content\/uploads\/2020\/05\/Arquitetura_maio_03.png 640w, https:\/\/www.p31noticias.com.br\/wp-content\/uploads\/2020\/05\/Arquitetura_maio_03-300x200.png 300w, https:\/\/www.p31noticias.com.br\/wp-content\/uploads\/2020\/05\/Arquitetura_maio_03-631x420.png 631w\" sizes=\"auto, (max-width: 640px) 100vw, 640px\" \/><\/a><figcaption id=\"caption-attachment-22034\" class=\"wp-caption-text\">Conjunto de pratos em Pedra Sab\u00e3o<\/figcaption><\/figure>\n<figure id=\"attachment_22033\" aria-describedby=\"caption-attachment-22033\" style=\"width: 640px\" class=\"wp-caption alignnone\"><a href=\"https:\/\/www.delioandrade.com.br\/wp-content\/uploads\/2020\/05\/Arquitetura_maio_02.png\"><img loading=\"lazy\" decoding=\"async\" class=\"wp-image-22033 size-full\" src=\"https:\/\/www.delioandrade.com.br\/wp-content\/uploads\/2020\/05\/Arquitetura_maio_02.png\" alt=\"\" width=\"640\" height=\"346\" srcset=\"https:\/\/www.p31noticias.com.br\/wp-content\/uploads\/2020\/05\/Arquitetura_maio_02.png 640w, https:\/\/www.p31noticias.com.br\/wp-content\/uploads\/2020\/05\/Arquitetura_maio_02-300x162.png 300w\" sizes=\"auto, (max-width: 640px) 100vw, 640px\" \/><\/a><figcaption id=\"caption-attachment-22033\" class=\"wp-caption-text\">Detalhes Pedra Sab\u00e3o<\/figcaption><\/figure>\n<figure id=\"attachment_22032\" aria-describedby=\"caption-attachment-22032\" style=\"width: 640px\" class=\"wp-caption alignnone\"><a href=\"https:\/\/www.delioandrade.com.br\/wp-content\/uploads\/2020\/05\/Arquitetura_maio_01.png\"><img loading=\"lazy\" decoding=\"async\" class=\"size-full wp-image-22032\" src=\"https:\/\/www.delioandrade.com.br\/wp-content\/uploads\/2020\/05\/Arquitetura_maio_01.png\" alt=\"\" width=\"640\" height=\"402\" srcset=\"https:\/\/www.p31noticias.com.br\/wp-content\/uploads\/2020\/05\/Arquitetura_maio_01.png 640w, https:\/\/www.p31noticias.com.br\/wp-content\/uploads\/2020\/05\/Arquitetura_maio_01-300x188.png 300w\" sizes=\"auto, (max-width: 640px) 100vw, 640px\" \/><\/a><figcaption id=\"caption-attachment-22032\" class=\"wp-caption-text\">Pedra Sab\u00e3o j\u00e1 dispon\u00edvel em Bras\u00edlia<\/figcaption><\/figure>\n","protected":false},"excerpt":{"rendered":"<p>Material exclusivo em alta no mercado brasiliense Tons marcantes, textura diferenciada, qualidades infinitas. Assim \u00e9 a Pedra Sab\u00e3o, usada h\u00e1 s\u00e9culos, e que conquista cada vez mais o seu espa\u00e7o na arquitetura, em projetos exclusivos, atemporais e sempre elegantes. Tamb\u00e9m conhecida como Soapstone, a rocha agrega beleza em qualquer que seja a escolha para o [&hellip;]<\/p>\n","protected":false},"author":18,"featured_media":22035,"comment_status":"open","ping_status":"open","sticky":false,"template":"","format":"standard","meta":{"footnotes":""},"categories":[1],"tags":[],"class_list":{"0":"post-22031","1":"post","2":"type-post","3":"status-publish","4":"format-standard","5":"has-post-thumbnail","7":"category-outros"},"yoast_head":"<!-- This site is optimized with the Yoast SEO Premium plugin v24.5 (Yoast SEO v27.5) - https:\/\/yoast.com\/product\/yoast-seo-premium-wordpress\/ -->\n<title>Pedra Sab\u00e3o conquista espa\u00e7o como revestimento de ambientes sofisticados - P31<\/title>\n<meta name=\"robots\" content=\"index, follow, max-snippet:-1, max-image-preview:large, max-video-preview:-1\" \/>\n<link rel=\"canonical\" href=\"https:\/\/www.p31noticias.com.br\/?p=22031\" \/>\n<meta property=\"og:locale\" content=\"pt_BR\" \/>\n<meta property=\"og:type\" content=\"article\" \/>\n<meta property=\"og:title\" content=\"Pedra Sab\u00e3o conquista espa\u00e7o como revestimento de ambientes sofisticados\" \/>\n<meta property=\"og:description\" content=\"Material exclusivo em alta no mercado brasiliense Tons marcantes, textura diferenciada, qualidades infinitas. Assim \u00e9 a Pedra Sab\u00e3o, usada h\u00e1 s\u00e9culos, e que conquista cada vez mais o seu espa\u00e7o na arquitetura, em projetos exclusivos, atemporais e sempre elegantes. Tamb\u00e9m conhecida como Soapstone, a rocha agrega beleza em qualquer que seja a escolha para o [&hellip;]\" \/>\n<meta property=\"og:url\" content=\"https:\/\/www.p31noticias.com.br\/?p=22031\" \/>\n<meta property=\"og:site_name\" content=\"P31\" \/>\n<meta property=\"article:published_time\" content=\"2020-05-20T16:06:36+00:00\" \/>\n<meta property=\"og:image\" content=\"https:\/\/www.p31noticias.com.br\/wp-content\/uploads\/2020\/05\/Arquitetura_maio_04.png\" \/>\n\t<meta property=\"og:image:width\" content=\"640\" \/>\n\t<meta property=\"og:image:height\" content=\"427\" \/>\n\t<meta property=\"og:image:type\" content=\"image\/png\" \/>\n<meta name=\"author\" content=\"Reda\u00e7\u00e3o JBN\" \/>\n<meta name=\"twitter:card\" content=\"summary_large_image\" \/>\n<meta name=\"twitter:label1\" content=\"Escrito por\" \/>\n\t<meta name=\"twitter:data1\" content=\"Reda\u00e7\u00e3o JBN\" \/>\n\t<meta name=\"twitter:label2\" content=\"Est. tempo de leitura\" \/>\n\t<meta name=\"twitter:data2\" content=\"2 minutos\" \/>\n<script type=\"application\/ld+json\" class=\"yoast-schema-graph\">{\"@context\":\"https:\\\/\\\/schema.org\",\"@graph\":[{\"@type\":\"Article\",\"@id\":\"https:\\\/\\\/www.p31noticias.com.br\\\/?p=22031#article\",\"isPartOf\":{\"@id\":\"https:\\\/\\\/www.p31noticias.com.br\\\/?p=22031\"},\"author\":{\"name\":\"Reda\u00e7\u00e3o JBN\",\"@id\":\"https:\\\/\\\/www.p31noticias.com.br\\\/#\\\/schema\\\/person\\\/77d6b186c710ac38937c6ec204fdd387\"},\"headline\":\"Pedra Sab\u00e3o conquista espa\u00e7o como revestimento de ambientes sofisticados\",\"datePublished\":\"2020-05-20T16:06:36+00:00\",\"mainEntityOfPage\":{\"@id\":\"https:\\\/\\\/www.p31noticias.com.br\\\/?p=22031\"},\"wordCount\":415,\"commentCount\":0,\"image\":{\"@id\":\"https:\\\/\\\/www.p31noticias.com.br\\\/?p=22031#primaryimage\"},\"thumbnailUrl\":\"https:\\\/\\\/www.p31noticias.com.br\\\/wp-content\\\/uploads\\\/2020\\\/05\\\/Arquitetura_maio_04.png\",\"articleSection\":[\"Outros\"],\"inLanguage\":\"pt-BR\",\"potentialAction\":[{\"@type\":\"CommentAction\",\"name\":\"Comment\",\"target\":[\"https:\\\/\\\/www.p31noticias.com.br\\\/?p=22031#respond\"]}],\"copyrightYear\":\"2020\",\"copyrightHolder\":{\"@id\":\"https:\\\/\\\/www.p31noticias.com.br\\\/#organization\"}},{\"@type\":\"WebPage\",\"@id\":\"https:\\\/\\\/www.p31noticias.com.br\\\/?p=22031\",\"url\":\"https:\\\/\\\/www.p31noticias.com.br\\\/?p=22031\",\"name\":\"Pedra Sab\u00e3o conquista espa\u00e7o como revestimento de ambientes sofisticados - P31\",\"isPartOf\":{\"@id\":\"https:\\\/\\\/www.p31noticias.com.br\\\/#website\"},\"primaryImageOfPage\":{\"@id\":\"https:\\\/\\\/www.p31noticias.com.br\\\/?p=22031#primaryimage\"},\"image\":{\"@id\":\"https:\\\/\\\/www.p31noticias.com.br\\\/?p=22031#primaryimage\"},\"thumbnailUrl\":\"https:\\\/\\\/www.p31noticias.com.br\\\/wp-content\\\/uploads\\\/2020\\\/05\\\/Arquitetura_maio_04.png\",\"datePublished\":\"2020-05-20T16:06:36+00:00\",\"author\":{\"@id\":\"https:\\\/\\\/www.p31noticias.com.br\\\/#\\\/schema\\\/person\\\/77d6b186c710ac38937c6ec204fdd387\"},\"breadcrumb\":{\"@id\":\"https:\\\/\\\/www.p31noticias.com.br\\\/?p=22031#breadcrumb\"},\"inLanguage\":\"pt-BR\",\"potentialAction\":[{\"@type\":\"ReadAction\",\"target\":[\"https:\\\/\\\/www.p31noticias.com.br\\\/?p=22031\"]}]},{\"@type\":\"ImageObject\",\"inLanguage\":\"pt-BR\",\"@id\":\"https:\\\/\\\/www.p31noticias.com.br\\\/?p=22031#primaryimage\",\"url\":\"https:\\\/\\\/www.p31noticias.com.br\\\/wp-content\\\/uploads\\\/2020\\\/05\\\/Arquitetura_maio_04.png\",\"contentUrl\":\"https:\\\/\\\/www.p31noticias.com.br\\\/wp-content\\\/uploads\\\/2020\\\/05\\\/Arquitetura_maio_04.png\",\"width\":640,\"height\":427,\"caption\":\"Possibilidades em Pedra Sab\u00e3o\"},{\"@type\":\"BreadcrumbList\",\"@id\":\"https:\\\/\\\/www.p31noticias.com.br\\\/?p=22031#breadcrumb\",\"itemListElement\":[{\"@type\":\"ListItem\",\"position\":1,\"name\":\"In\u00edcio\",\"item\":\"https:\\\/\\\/www.p31noticias.com.br\\\/\"},{\"@type\":\"ListItem\",\"position\":2,\"name\":\"Pedra Sab\u00e3o conquista espa\u00e7o como revestimento de ambientes sofisticados\"}]},{\"@type\":\"WebSite\",\"@id\":\"https:\\\/\\\/www.p31noticias.com.br\\\/#website\",\"url\":\"https:\\\/\\\/www.p31noticias.com.br\\\/\",\"name\":\"P31\",\"description\":\"NOT\u00cdCIAS\",\"potentialAction\":[{\"@type\":\"SearchAction\",\"target\":{\"@type\":\"EntryPoint\",\"urlTemplate\":\"https:\\\/\\\/www.p31noticias.com.br\\\/?s={search_term_string}\"},\"query-input\":{\"@type\":\"PropertyValueSpecification\",\"valueRequired\":true,\"valueName\":\"search_term_string\"}}],\"inLanguage\":\"pt-BR\"},{\"@type\":\"Person\",\"@id\":\"https:\\\/\\\/www.p31noticias.com.br\\\/#\\\/schema\\\/person\\\/77d6b186c710ac38937c6ec204fdd387\",\"name\":\"Reda\u00e7\u00e3o JBN\",\"image\":{\"@type\":\"ImageObject\",\"inLanguage\":\"pt-BR\",\"@id\":\"https:\\\/\\\/secure.gravatar.com\\\/avatar\\\/10fcdb93211f98cce3d64c0795b0915a9a4a21dc0f279238995a3dbfafcad090?s=96&d=mm&r=g\",\"url\":\"https:\\\/\\\/secure.gravatar.com\\\/avatar\\\/10fcdb93211f98cce3d64c0795b0915a9a4a21dc0f279238995a3dbfafcad090?s=96&d=mm&r=g\",\"contentUrl\":\"https:\\\/\\\/secure.gravatar.com\\\/avatar\\\/10fcdb93211f98cce3d64c0795b0915a9a4a21dc0f279238995a3dbfafcad090?s=96&d=mm&r=g\",\"caption\":\"Reda\u00e7\u00e3o JBN\"},\"sameAs\":[\"https:\\\/\\\/p31noticias.com.br\"],\"url\":\"https:\\\/\\\/www.p31noticias.com.br\\\/?author=18\"}]}<\/script>\n<!-- \/ Yoast SEO Premium plugin. -->","yoast_head_json":{"title":"Pedra Sab\u00e3o conquista espa\u00e7o como revestimento de ambientes sofisticados - P31","robots":{"index":"index","follow":"follow","max-snippet":"max-snippet:-1","max-image-preview":"max-image-preview:large","max-video-preview":"max-video-preview:-1"},"canonical":"https:\/\/www.p31noticias.com.br\/?p=22031","og_locale":"pt_BR","og_type":"article","og_title":"Pedra Sab\u00e3o conquista espa\u00e7o como revestimento de ambientes sofisticados","og_description":"Material exclusivo em alta no mercado brasiliense Tons marcantes, textura diferenciada, qualidades infinitas. Assim \u00e9 a Pedra Sab\u00e3o, usada h\u00e1 s\u00e9culos, e que conquista cada vez mais o seu espa\u00e7o na arquitetura, em projetos exclusivos, atemporais e sempre elegantes. Tamb\u00e9m conhecida como Soapstone, a rocha agrega beleza em qualquer que seja a escolha para o [&hellip;]","og_url":"https:\/\/www.p31noticias.com.br\/?p=22031","og_site_name":"P31","article_published_time":"2020-05-20T16:06:36+00:00","og_image":[{"width":640,"height":427,"url":"https:\/\/www.p31noticias.com.br\/wp-content\/uploads\/2020\/05\/Arquitetura_maio_04.png","type":"image\/png"}],"author":"Reda\u00e7\u00e3o JBN","twitter_card":"summary_large_image","twitter_misc":{"Escrito por":"Reda\u00e7\u00e3o JBN","Est. tempo de leitura":"2 minutos"},"schema":{"@context":"https:\/\/schema.org","@graph":[{"@type":"Article","@id":"https:\/\/www.p31noticias.com.br\/?p=22031#article","isPartOf":{"@id":"https:\/\/www.p31noticias.com.br\/?p=22031"},"author":{"name":"Reda\u00e7\u00e3o JBN","@id":"https:\/\/www.p31noticias.com.br\/#\/schema\/person\/77d6b186c710ac38937c6ec204fdd387"},"headline":"Pedra Sab\u00e3o conquista espa\u00e7o como revestimento de ambientes sofisticados","datePublished":"2020-05-20T16:06:36+00:00","mainEntityOfPage":{"@id":"https:\/\/www.p31noticias.com.br\/?p=22031"},"wordCount":415,"commentCount":0,"image":{"@id":"https:\/\/www.p31noticias.com.br\/?p=22031#primaryimage"},"thumbnailUrl":"https:\/\/www.p31noticias.com.br\/wp-content\/uploads\/2020\/05\/Arquitetura_maio_04.png","articleSection":["Outros"],"inLanguage":"pt-BR","potentialAction":[{"@type":"CommentAction","name":"Comment","target":["https:\/\/www.p31noticias.com.br\/?p=22031#respond"]}],"copyrightYear":"2020","copyrightHolder":{"@id":"https:\/\/www.p31noticias.com.br\/#organization"}},{"@type":"WebPage","@id":"https:\/\/www.p31noticias.com.br\/?p=22031","url":"https:\/\/www.p31noticias.com.br\/?p=22031","name":"Pedra Sab\u00e3o conquista espa\u00e7o como revestimento de ambientes sofisticados - P31","isPartOf":{"@id":"https:\/\/www.p31noticias.com.br\/#website"},"primaryImageOfPage":{"@id":"https:\/\/www.p31noticias.com.br\/?p=22031#primaryimage"},"image":{"@id":"https:\/\/www.p31noticias.com.br\/?p=22031#primaryimage"},"thumbnailUrl":"https:\/\/www.p31noticias.com.br\/wp-content\/uploads\/2020\/05\/Arquitetura_maio_04.png","datePublished":"2020-05-20T16:06:36+00:00","author":{"@id":"https:\/\/www.p31noticias.com.br\/#\/schema\/person\/77d6b186c710ac38937c6ec204fdd387"},"breadcrumb":{"@id":"https:\/\/www.p31noticias.com.br\/?p=22031#breadcrumb"},"inLanguage":"pt-BR","potentialAction":[{"@type":"ReadAction","target":["https:\/\/www.p31noticias.com.br\/?p=22031"]}]},{"@type":"ImageObject","inLanguage":"pt-BR","@id":"https:\/\/www.p31noticias.com.br\/?p=22031#primaryimage","url":"https:\/\/www.p31noticias.com.br\/wp-content\/uploads\/2020\/05\/Arquitetura_maio_04.png","contentUrl":"https:\/\/www.p31noticias.com.br\/wp-content\/uploads\/2020\/05\/Arquitetura_maio_04.png","width":640,"height":427,"caption":"Possibilidades em Pedra Sab\u00e3o"},{"@type":"BreadcrumbList","@id":"https:\/\/www.p31noticias.com.br\/?p=22031#breadcrumb","itemListElement":[{"@type":"ListItem","position":1,"name":"In\u00edcio","item":"https:\/\/www.p31noticias.com.br\/"},{"@type":"ListItem","position":2,"name":"Pedra Sab\u00e3o conquista espa\u00e7o como revestimento de ambientes sofisticados"}]},{"@type":"WebSite","@id":"https:\/\/www.p31noticias.com.br\/#website","url":"https:\/\/www.p31noticias.com.br\/","name":"P31","description":"NOT\u00cdCIAS","potentialAction":[{"@type":"SearchAction","target":{"@type":"EntryPoint","urlTemplate":"https:\/\/www.p31noticias.com.br\/?s={search_term_string}"},"query-input":{"@type":"PropertyValueSpecification","valueRequired":true,"valueName":"search_term_string"}}],"inLanguage":"pt-BR"},{"@type":"Person","@id":"https:\/\/www.p31noticias.com.br\/#\/schema\/person\/77d6b186c710ac38937c6ec204fdd387","name":"Reda\u00e7\u00e3o JBN","image":{"@type":"ImageObject","inLanguage":"pt-BR","@id":"https:\/\/secure.gravatar.com\/avatar\/10fcdb93211f98cce3d64c0795b0915a9a4a21dc0f279238995a3dbfafcad090?s=96&d=mm&r=g","url":"https:\/\/secure.gravatar.com\/avatar\/10fcdb93211f98cce3d64c0795b0915a9a4a21dc0f279238995a3dbfafcad090?s=96&d=mm&r=g","contentUrl":"https:\/\/secure.gravatar.com\/avatar\/10fcdb93211f98cce3d64c0795b0915a9a4a21dc0f279238995a3dbfafcad090?s=96&d=mm&r=g","caption":"Reda\u00e7\u00e3o JBN"},"sameAs":["https:\/\/p31noticias.com.br"],"url":"https:\/\/www.p31noticias.com.br\/?author=18"}]}},"amp_enabled":true,"_links":{"self":[{"href":"https:\/\/www.p31noticias.com.br\/index.php?rest_route=\/wp\/v2\/posts\/22031","targetHints":{"allow":["GET"]}}],"collection":[{"href":"https:\/\/www.p31noticias.com.br\/index.php?rest_route=\/wp\/v2\/posts"}],"about":[{"href":"https:\/\/www.p31noticias.com.br\/index.php?rest_route=\/wp\/v2\/types\/post"}],"author":[{"embeddable":true,"href":"https:\/\/www.p31noticias.com.br\/index.php?rest_route=\/wp\/v2\/users\/18"}],"replies":[{"embeddable":true,"href":"https:\/\/www.p31noticias.com.br\/index.php?rest_route=%2Fwp%2Fv2%2Fcomments&post=22031"}],"version-history":[{"count":0,"href":"https:\/\/www.p31noticias.com.br\/index.php?rest_route=\/wp\/v2\/posts\/22031\/revisions"}],"wp:featuredmedia":[{"embeddable":true,"href":"https:\/\/www.p31noticias.com.br\/index.php?rest_route=\/wp\/v2\/media\/22035"}],"wp:attachment":[{"href":"https:\/\/www.p31noticias.com.br\/index.php?rest_route=%2Fwp%2Fv2%2Fmedia&parent=22031"}],"wp:term":[{"taxonomy":"category","embeddable":true,"href":"https:\/\/www.p31noticias.com.br\/index.php?rest_route=%2Fwp%2Fv2%2Fcategories&post=22031"},{"taxonomy":"post_tag","embeddable":true,"href":"https:\/\/www.p31noticias.com.br\/index.php?rest_route=%2Fwp%2Fv2%2Ftags&post=22031"}],"curies":[{"name":"wp","href":"https:\/\/api.w.org\/{rel}","templated":true}]}}