{"id":22028,"date":"2020-05-25T09:40:14","date_gmt":"2020-05-25T12:40:14","guid":{"rendered":"https:\/\/jornaldoplanalto.com.br\/web\/?p=22028"},"modified":"2020-05-25T09:40:14","modified_gmt":"2020-05-25T12:40:14","slug":"vital-brazil-e-ufrj-testam-soro-para-tratar-covid-19","status":"publish","type":"post","link":"https:\/\/www.p31noticias.com.br\/?p=22028","title":{"rendered":"Vital Brazil e UFRJ testam soro para tratar covid-19"},"content":{"rendered":"<p><em>Medicamento \u00e9 do mesmo tipo dos usados contra a raiva<\/em><\/p>\n<p>Pesquisadores do Instituto Vital Brazil e da Universidade Federal do Rio de Janeiro (UFRJ) est\u00e3o estudando um soro hiperimune que pode tratar a covid-19. Esse medicamento \u00e9 do mesmo tipo daqueles usados contra a raiva e contra picada de animais pe\u00e7onhentos.<\/p>\n<p>O soro \u00e9 feito a partir do plasma sangu\u00edneo de cavalos. No caso dos soros antiveneno, o sangue equino produz agentes de defesa contra a toxina inoculada no corpo. A partir desse plasma com anticorpos, \u00e9 criado o soro.<\/p>\n<p>O mesmo processo \u00e9 usado no soro contra a raiva, aplicado em pessoas que possivelmente tiveram contato com o v\u00edrus e que impede que o agente viral se manifeste no corpo do infectado.<\/p>\n<p>No estudo contra o novo coronav\u00edrus, a UFRJ isolar\u00e1 e inativar\u00e1 o v\u00edrus, para que ele possa come\u00e7ar a ser inoculado em cavalos do Instituto Vital Brazil. O teste come\u00e7a na pr\u00f3xima quarta-feira (27).<\/p>\n<p>\u201cJ\u00e1 vimos em muitas pesquisas realizadas pelo mundo em que o tratamento a partir do plasma de pessoas curadas da covid-19 teve efeito positivo no tratamento de infectados em estado grave. A ideia \u00e9 fazer um experimento agora a partir do plasma de cavalos, para que possa ser produzido em grande escala\u201d, afirma o presidente do instituto, Adilson Stolet.<\/p>\n<p>Caso os resultados sejam promissores, daqui a quatro meses o soro poder\u00e1 ser testado em humanos. Em seis meses, seria poss\u00edvel produzir o solo em grande escala. A capacidade do instituto \u00e9 de produzir at\u00e9 100 mil tratamentos por ano.<\/p>\n<p>Outra pesquisa do Vital estuda anticorpos e DNA de lhamas. Com os dois estudos, \u00e9 poss\u00edvel apostar no processo que der resultados mais r\u00e1pidos.<\/p>\n<p><em>(Por Vitor Abdala &#8211; Rep\u00f3rter da Ag\u00eancia Brasil &#8211; Rio de Janeiro. Imagem: iStock)<\/em><\/p>\n","protected":false},"excerpt":{"rendered":"<p>Medicamento \u00e9 do mesmo tipo dos usados contra a raiva Pesquisadores do Instituto Vital Brazil e da Universidade Federal do Rio de Janeiro (UFRJ) est\u00e3o estudando um soro hiperimune que pode tratar a covid-19. Esse medicamento \u00e9 do mesmo tipo daqueles usados contra a raiva e contra picada de animais pe\u00e7onhentos. O soro \u00e9 feito [&hellip;]<\/p>\n","protected":false},"author":18,"featured_media":22029,"comment_status":"open","ping_status":"open","sticky":false,"template":"","format":"standard","meta":{"footnotes":""},"categories":[124],"tags":[],"class_list":{"0":"post-22028","1":"post","2":"type-post","3":"status-publish","4":"format-standard","5":"has-post-thumbnail","7":"category-saude"},"yoast_head":"<!-- This site is optimized with the Yoast SEO Premium plugin v24.5 (Yoast SEO v27.5) - https:\/\/yoast.com\/product\/yoast-seo-premium-wordpress\/ -->\n<title>Vital Brazil e UFRJ testam soro para tratar covid-19 - P31<\/title>\n<meta name=\"robots\" content=\"index, follow, max-snippet:-1, max-image-preview:large, max-video-preview:-1\" \/>\n<link rel=\"canonical\" href=\"https:\/\/www.p31noticias.com.br\/?p=22028\" \/>\n<meta property=\"og:locale\" content=\"pt_BR\" \/>\n<meta property=\"og:type\" content=\"article\" \/>\n<meta property=\"og:title\" content=\"Vital Brazil e UFRJ testam soro para tratar covid-19\" \/>\n<meta property=\"og:description\" content=\"Medicamento \u00e9 do mesmo tipo dos usados contra a raiva Pesquisadores do Instituto Vital Brazil e da Universidade Federal do Rio de Janeiro (UFRJ) est\u00e3o estudando um soro hiperimune que pode tratar a covid-19. Esse medicamento \u00e9 do mesmo tipo daqueles usados contra a raiva e contra picada de animais pe\u00e7onhentos. O soro \u00e9 feito [&hellip;]\" \/>\n<meta property=\"og:url\" content=\"https:\/\/www.p31noticias.com.br\/?p=22028\" \/>\n<meta property=\"og:site_name\" content=\"P31\" \/>\n<meta property=\"article:published_time\" content=\"2020-05-25T12:40:14+00:00\" \/>\n<meta property=\"og:image\" content=\"https:\/\/www.p31noticias.com.br\/wp-content\/uploads\/2020\/05\/coronavirus.jpg\" \/>\n\t<meta property=\"og:image:width\" content=\"900\" \/>\n\t<meta property=\"og:image:height\" content=\"506\" \/>\n\t<meta property=\"og:image:type\" content=\"image\/jpeg\" \/>\n<meta name=\"author\" content=\"Reda\u00e7\u00e3o JBN\" \/>\n<meta name=\"twitter:card\" content=\"summary_large_image\" \/>\n<meta name=\"twitter:label1\" content=\"Escrito por\" \/>\n\t<meta name=\"twitter:data1\" content=\"Reda\u00e7\u00e3o JBN\" \/>\n\t<meta name=\"twitter:label2\" content=\"Est. tempo de leitura\" \/>\n\t<meta name=\"twitter:data2\" content=\"1 minuto\" \/>\n<script type=\"application\/ld+json\" class=\"yoast-schema-graph\">{\"@context\":\"https:\\\/\\\/schema.org\",\"@graph\":[{\"@type\":\"Article\",\"@id\":\"https:\\\/\\\/www.p31noticias.com.br\\\/?p=22028#article\",\"isPartOf\":{\"@id\":\"https:\\\/\\\/www.p31noticias.com.br\\\/?p=22028\"},\"author\":{\"name\":\"Reda\u00e7\u00e3o JBN\",\"@id\":\"https:\\\/\\\/www.p31noticias.com.br\\\/#\\\/schema\\\/person\\\/77d6b186c710ac38937c6ec204fdd387\"},\"headline\":\"Vital Brazil e UFRJ testam soro para tratar covid-19\",\"datePublished\":\"2020-05-25T12:40:14+00:00\",\"mainEntityOfPage\":{\"@id\":\"https:\\\/\\\/www.p31noticias.com.br\\\/?p=22028\"},\"wordCount\":307,\"commentCount\":0,\"image\":{\"@id\":\"https:\\\/\\\/www.p31noticias.com.br\\\/?p=22028#primaryimage\"},\"thumbnailUrl\":\"https:\\\/\\\/www.p31noticias.com.br\\\/wp-content\\\/uploads\\\/2020\\\/05\\\/coronavirus.jpg\",\"articleSection\":[\"Sa\u00fade\"],\"inLanguage\":\"pt-BR\",\"potentialAction\":[{\"@type\":\"CommentAction\",\"name\":\"Comment\",\"target\":[\"https:\\\/\\\/www.p31noticias.com.br\\\/?p=22028#respond\"]}],\"copyrightYear\":\"2020\",\"copyrightHolder\":{\"@id\":\"https:\\\/\\\/www.p31noticias.com.br\\\/#organization\"}},{\"@type\":\"WebPage\",\"@id\":\"https:\\\/\\\/www.p31noticias.com.br\\\/?p=22028\",\"url\":\"https:\\\/\\\/www.p31noticias.com.br\\\/?p=22028\",\"name\":\"Vital Brazil e UFRJ testam soro para tratar covid-19 - P31\",\"isPartOf\":{\"@id\":\"https:\\\/\\\/www.p31noticias.com.br\\\/#website\"},\"primaryImageOfPage\":{\"@id\":\"https:\\\/\\\/www.p31noticias.com.br\\\/?p=22028#primaryimage\"},\"image\":{\"@id\":\"https:\\\/\\\/www.p31noticias.com.br\\\/?p=22028#primaryimage\"},\"thumbnailUrl\":\"https:\\\/\\\/www.p31noticias.com.br\\\/wp-content\\\/uploads\\\/2020\\\/05\\\/coronavirus.jpg\",\"datePublished\":\"2020-05-25T12:40:14+00:00\",\"author\":{\"@id\":\"https:\\\/\\\/www.p31noticias.com.br\\\/#\\\/schema\\\/person\\\/77d6b186c710ac38937c6ec204fdd387\"},\"breadcrumb\":{\"@id\":\"https:\\\/\\\/www.p31noticias.com.br\\\/?p=22028#breadcrumb\"},\"inLanguage\":\"pt-BR\",\"potentialAction\":[{\"@type\":\"ReadAction\",\"target\":[\"https:\\\/\\\/www.p31noticias.com.br\\\/?p=22028\"]}]},{\"@type\":\"ImageObject\",\"inLanguage\":\"pt-BR\",\"@id\":\"https:\\\/\\\/www.p31noticias.com.br\\\/?p=22028#primaryimage\",\"url\":\"https:\\\/\\\/www.p31noticias.com.br\\\/wp-content\\\/uploads\\\/2020\\\/05\\\/coronavirus.jpg\",\"contentUrl\":\"https:\\\/\\\/www.p31noticias.com.br\\\/wp-content\\\/uploads\\\/2020\\\/05\\\/coronavirus.jpg\",\"width\":900,\"height\":506},{\"@type\":\"BreadcrumbList\",\"@id\":\"https:\\\/\\\/www.p31noticias.com.br\\\/?p=22028#breadcrumb\",\"itemListElement\":[{\"@type\":\"ListItem\",\"position\":1,\"name\":\"In\u00edcio\",\"item\":\"https:\\\/\\\/www.p31noticias.com.br\\\/\"},{\"@type\":\"ListItem\",\"position\":2,\"name\":\"Vital Brazil e UFRJ testam soro para tratar covid-19\"}]},{\"@type\":\"WebSite\",\"@id\":\"https:\\\/\\\/www.p31noticias.com.br\\\/#website\",\"url\":\"https:\\\/\\\/www.p31noticias.com.br\\\/\",\"name\":\"P31\",\"description\":\"NOT\u00cdCIAS\",\"potentialAction\":[{\"@type\":\"SearchAction\",\"target\":{\"@type\":\"EntryPoint\",\"urlTemplate\":\"https:\\\/\\\/www.p31noticias.com.br\\\/?s={search_term_string}\"},\"query-input\":{\"@type\":\"PropertyValueSpecification\",\"valueRequired\":true,\"valueName\":\"search_term_string\"}}],\"inLanguage\":\"pt-BR\"},{\"@type\":\"Person\",\"@id\":\"https:\\\/\\\/www.p31noticias.com.br\\\/#\\\/schema\\\/person\\\/77d6b186c710ac38937c6ec204fdd387\",\"name\":\"Reda\u00e7\u00e3o JBN\",\"image\":{\"@type\":\"ImageObject\",\"inLanguage\":\"pt-BR\",\"@id\":\"https:\\\/\\\/secure.gravatar.com\\\/avatar\\\/10fcdb93211f98cce3d64c0795b0915a9a4a21dc0f279238995a3dbfafcad090?s=96&d=mm&r=g\",\"url\":\"https:\\\/\\\/secure.gravatar.com\\\/avatar\\\/10fcdb93211f98cce3d64c0795b0915a9a4a21dc0f279238995a3dbfafcad090?s=96&d=mm&r=g\",\"contentUrl\":\"https:\\\/\\\/secure.gravatar.com\\\/avatar\\\/10fcdb93211f98cce3d64c0795b0915a9a4a21dc0f279238995a3dbfafcad090?s=96&d=mm&r=g\",\"caption\":\"Reda\u00e7\u00e3o JBN\"},\"sameAs\":[\"https:\\\/\\\/p31noticias.com.br\"],\"url\":\"https:\\\/\\\/www.p31noticias.com.br\\\/?author=18\"}]}<\/script>\n<!-- \/ Yoast SEO Premium plugin. -->","yoast_head_json":{"title":"Vital Brazil e UFRJ testam soro para tratar covid-19 - P31","robots":{"index":"index","follow":"follow","max-snippet":"max-snippet:-1","max-image-preview":"max-image-preview:large","max-video-preview":"max-video-preview:-1"},"canonical":"https:\/\/www.p31noticias.com.br\/?p=22028","og_locale":"pt_BR","og_type":"article","og_title":"Vital Brazil e UFRJ testam soro para tratar covid-19","og_description":"Medicamento \u00e9 do mesmo tipo dos usados contra a raiva Pesquisadores do Instituto Vital Brazil e da Universidade Federal do Rio de Janeiro (UFRJ) est\u00e3o estudando um soro hiperimune que pode tratar a covid-19. Esse medicamento \u00e9 do mesmo tipo daqueles usados contra a raiva e contra picada de animais pe\u00e7onhentos. O soro \u00e9 feito [&hellip;]","og_url":"https:\/\/www.p31noticias.com.br\/?p=22028","og_site_name":"P31","article_published_time":"2020-05-25T12:40:14+00:00","og_image":[{"width":900,"height":506,"url":"https:\/\/www.p31noticias.com.br\/wp-content\/uploads\/2020\/05\/coronavirus.jpg","type":"image\/jpeg"}],"author":"Reda\u00e7\u00e3o JBN","twitter_card":"summary_large_image","twitter_misc":{"Escrito por":"Reda\u00e7\u00e3o JBN","Est. tempo de leitura":"1 minuto"},"schema":{"@context":"https:\/\/schema.org","@graph":[{"@type":"Article","@id":"https:\/\/www.p31noticias.com.br\/?p=22028#article","isPartOf":{"@id":"https:\/\/www.p31noticias.com.br\/?p=22028"},"author":{"name":"Reda\u00e7\u00e3o JBN","@id":"https:\/\/www.p31noticias.com.br\/#\/schema\/person\/77d6b186c710ac38937c6ec204fdd387"},"headline":"Vital Brazil e UFRJ testam soro para tratar covid-19","datePublished":"2020-05-25T12:40:14+00:00","mainEntityOfPage":{"@id":"https:\/\/www.p31noticias.com.br\/?p=22028"},"wordCount":307,"commentCount":0,"image":{"@id":"https:\/\/www.p31noticias.com.br\/?p=22028#primaryimage"},"thumbnailUrl":"https:\/\/www.p31noticias.com.br\/wp-content\/uploads\/2020\/05\/coronavirus.jpg","articleSection":["Sa\u00fade"],"inLanguage":"pt-BR","potentialAction":[{"@type":"CommentAction","name":"Comment","target":["https:\/\/www.p31noticias.com.br\/?p=22028#respond"]}],"copyrightYear":"2020","copyrightHolder":{"@id":"https:\/\/www.p31noticias.com.br\/#organization"}},{"@type":"WebPage","@id":"https:\/\/www.p31noticias.com.br\/?p=22028","url":"https:\/\/www.p31noticias.com.br\/?p=22028","name":"Vital Brazil e UFRJ testam soro para tratar covid-19 - P31","isPartOf":{"@id":"https:\/\/www.p31noticias.com.br\/#website"},"primaryImageOfPage":{"@id":"https:\/\/www.p31noticias.com.br\/?p=22028#primaryimage"},"image":{"@id":"https:\/\/www.p31noticias.com.br\/?p=22028#primaryimage"},"thumbnailUrl":"https:\/\/www.p31noticias.com.br\/wp-content\/uploads\/2020\/05\/coronavirus.jpg","datePublished":"2020-05-25T12:40:14+00:00","author":{"@id":"https:\/\/www.p31noticias.com.br\/#\/schema\/person\/77d6b186c710ac38937c6ec204fdd387"},"breadcrumb":{"@id":"https:\/\/www.p31noticias.com.br\/?p=22028#breadcrumb"},"inLanguage":"pt-BR","potentialAction":[{"@type":"ReadAction","target":["https:\/\/www.p31noticias.com.br\/?p=22028"]}]},{"@type":"ImageObject","inLanguage":"pt-BR","@id":"https:\/\/www.p31noticias.com.br\/?p=22028#primaryimage","url":"https:\/\/www.p31noticias.com.br\/wp-content\/uploads\/2020\/05\/coronavirus.jpg","contentUrl":"https:\/\/www.p31noticias.com.br\/wp-content\/uploads\/2020\/05\/coronavirus.jpg","width":900,"height":506},{"@type":"BreadcrumbList","@id":"https:\/\/www.p31noticias.com.br\/?p=22028#breadcrumb","itemListElement":[{"@type":"ListItem","position":1,"name":"In\u00edcio","item":"https:\/\/www.p31noticias.com.br\/"},{"@type":"ListItem","position":2,"name":"Vital Brazil e UFRJ testam soro para tratar covid-19"}]},{"@type":"WebSite","@id":"https:\/\/www.p31noticias.com.br\/#website","url":"https:\/\/www.p31noticias.com.br\/","name":"P31","description":"NOT\u00cdCIAS","potentialAction":[{"@type":"SearchAction","target":{"@type":"EntryPoint","urlTemplate":"https:\/\/www.p31noticias.com.br\/?s={search_term_string}"},"query-input":{"@type":"PropertyValueSpecification","valueRequired":true,"valueName":"search_term_string"}}],"inLanguage":"pt-BR"},{"@type":"Person","@id":"https:\/\/www.p31noticias.com.br\/#\/schema\/person\/77d6b186c710ac38937c6ec204fdd387","name":"Reda\u00e7\u00e3o JBN","image":{"@type":"ImageObject","inLanguage":"pt-BR","@id":"https:\/\/secure.gravatar.com\/avatar\/10fcdb93211f98cce3d64c0795b0915a9a4a21dc0f279238995a3dbfafcad090?s=96&d=mm&r=g","url":"https:\/\/secure.gravatar.com\/avatar\/10fcdb93211f98cce3d64c0795b0915a9a4a21dc0f279238995a3dbfafcad090?s=96&d=mm&r=g","contentUrl":"https:\/\/secure.gravatar.com\/avatar\/10fcdb93211f98cce3d64c0795b0915a9a4a21dc0f279238995a3dbfafcad090?s=96&d=mm&r=g","caption":"Reda\u00e7\u00e3o JBN"},"sameAs":["https:\/\/p31noticias.com.br"],"url":"https:\/\/www.p31noticias.com.br\/?author=18"}]}},"amp_enabled":true,"_links":{"self":[{"href":"https:\/\/www.p31noticias.com.br\/index.php?rest_route=\/wp\/v2\/posts\/22028","targetHints":{"allow":["GET"]}}],"collection":[{"href":"https:\/\/www.p31noticias.com.br\/index.php?rest_route=\/wp\/v2\/posts"}],"about":[{"href":"https:\/\/www.p31noticias.com.br\/index.php?rest_route=\/wp\/v2\/types\/post"}],"author":[{"embeddable":true,"href":"https:\/\/www.p31noticias.com.br\/index.php?rest_route=\/wp\/v2\/users\/18"}],"replies":[{"embeddable":true,"href":"https:\/\/www.p31noticias.com.br\/index.php?rest_route=%2Fwp%2Fv2%2Fcomments&post=22028"}],"version-history":[{"count":0,"href":"https:\/\/www.p31noticias.com.br\/index.php?rest_route=\/wp\/v2\/posts\/22028\/revisions"}],"wp:featuredmedia":[{"embeddable":true,"href":"https:\/\/www.p31noticias.com.br\/index.php?rest_route=\/wp\/v2\/media\/22029"}],"wp:attachment":[{"href":"https:\/\/www.p31noticias.com.br\/index.php?rest_route=%2Fwp%2Fv2%2Fmedia&parent=22028"}],"wp:term":[{"taxonomy":"category","embeddable":true,"href":"https:\/\/www.p31noticias.com.br\/index.php?rest_route=%2Fwp%2Fv2%2Fcategories&post=22028"},{"taxonomy":"post_tag","embeddable":true,"href":"https:\/\/www.p31noticias.com.br\/index.php?rest_route=%2Fwp%2Fv2%2Ftags&post=22028"}],"curies":[{"name":"wp","href":"https:\/\/api.w.org\/{rel}","templated":true}]}}