{"id":22022,"date":"2020-05-22T09:23:04","date_gmt":"2020-05-22T12:23:04","guid":{"rendered":"https:\/\/jornaldoplanalto.com.br\/web\/?p=22022"},"modified":"2020-05-22T09:23:04","modified_gmt":"2020-05-22T12:23:04","slug":"inscricoes-para-o-enem-terminam-nesta-sexta-feira","status":"publish","type":"post","link":"https:\/\/www.p31noticias.com.br\/?p=22022","title":{"rendered":"Inscri\u00e7\u00f5es para o Enem terminam nesta sexta-feira"},"content":{"rendered":"<p><em><strong>Datas das provas foram adiadas pelo MEC<\/strong><\/em><\/p>\n<p>As inscri\u00e7\u00f5es para o Exame Nacional do Ensino M\u00e9dio (Enem) 2020 terminam \u00e0s 23h59 desta sexta-feira (22). As provas, entretanto, foram\u00a0<a href=\"https:\/\/agenciabrasil.ebc.com.br\/educacao\/noticia\/2020-05\/ministerio-da-educacao-adia-o-enem-2020\" target=\"_blank\" rel=\"noopener noreferrer\">adiadas<\/a>\u00a0na quarta-feira (20) por 30 a 60 dias em rela\u00e7\u00e3o ao que foi previsto inicialmente no edital, por determina\u00e7\u00e3o do Minist\u00e9rio da Educa\u00e7\u00e3o.Ontem (21), segundo o Instituto Nacional de Estudos e Pesquisas Educacionais An\u00edsio Teixeira (Inep), \u00f3rg\u00e3o respons\u00e1vel pelo exame, mais de 4, 3 milh\u00f5es de estudantes tinham feito a inscri\u00e7\u00e3o para participar desta edi\u00e7\u00e3o do Enem.<\/p>\n<p>Neste ano, o Inep tamb\u00e9m oferecer\u00e1 o Enem Digital, por\u00e9m, desde a semana passada, as 101,1 mil vagas ofertadas para a vers\u00e3o informatizada do exame j\u00e1 haviam se esgotado. A aplica\u00e7\u00e3o do Enem Digital ser\u00e1 em laborat\u00f3rios de inform\u00e1tica, em diversas faculdades brasileiras, e o candidato receber\u00e1 um cart\u00e3o de confirma\u00e7\u00e3o da inscri\u00e7\u00e3o no exame, com o endere\u00e7o da faculdade e o laborat\u00f3rio de inform\u00e1tica onde far\u00e1 a prova, sob supervis\u00e3o de fiscais.<\/p>\n<h2>Inscri\u00e7\u00f5es<\/h2>\n<p>Para evitar erros na hora da inscri\u00e7\u00e3o, o Inep recomenda que todos os participantes fa\u00e7am o procedimento com calma. O aluno deve, por exemplo, verificar cuidadosamente as informa\u00e7\u00f5es declaradas, pois, ap\u00f3s a conclus\u00e3o, algumas n\u00e3o poder\u00e3o ser modificadas.<\/p>\n<p>Os dados que constam na Receita Federal (nome, nome da m\u00e3e e data de nascimento) devem ser os mesmos declarados por quem vai fazer o Enem. Quando h\u00e1 diverg\u00eancia, o sistema informa que o participante precisa fazer a corre\u00e7\u00e3o no \u00f3rg\u00e3o. A inscri\u00e7\u00e3o poder\u00e1 ser conclu\u00edda apenas ap\u00f3s a atualiza\u00e7\u00e3o dos dados na Receita.<\/p>\n<p>O participante que j\u00e1 concluiu a inscri\u00e7\u00e3o tem a oportunidade de fazer modifica\u00e7\u00f5es em alguns itens do sistema do Enem, mas somente ao final do prazo de inscri\u00e7\u00f5es.<\/p>\n<p>Os inscritos que se enquadram nos requisitos apresentados nos editais como benefici\u00e1rios da gratuidade da taxa de inscri\u00e7\u00e3o ficar\u00e3o isentos sem a necessidade de um pedido formal. Para os demais, a taxa de R$ 85 deve ser paga at\u00e9 28 de maio, por meio de Guia de Recolhimento da Uni\u00e3o (GRU), gerada ao final da inscri\u00e7\u00e3o.<\/p>\n<h2>Nova data<\/h2>\n<p>Nos pr\u00f3ximos dias, o Inep far\u00e1 uma consulta aos inscritos para definir novas datas para o exame, que estava previsto para os dias 1\u00ba e 8 de novembro (impresso) e 11 e 18 de novembro (digital).<\/p>\n<p>Os candidatos ser\u00e3o convidados a responder a uma enquete na\u00a0<a href=\"https:\/\/enem.inep.gov.br\/participante\/#!\/\" target=\"_blank\" rel=\"noopener noreferrer\">P\u00e1gina do Participante<\/a>, para que possam manifestar sua opini\u00e3o em rela\u00e7\u00e3o ao melhor momento para realizar as provas.<\/p>\n<p>As informa\u00e7\u00f5es a respeito do Enem 2020 podem ser acompanhadas no\u00a0<a href=\"http:\/\/www.inep.gov.br\/\" target=\"_blank\" rel=\"noopener noreferrer\">portal do Inep<\/a>\u00a0e do\u00a0<a href=\"http:\/\/portal.mec.gov.br\/\" target=\"_blank\" rel=\"noopener noreferrer\">Minist\u00e9rio da Educa\u00e7\u00e3o<\/a>, assim como nas redes sociais oficiais dos dois \u00f3rg\u00e3os. D\u00favidas relativas ao processo de inscri\u00e7\u00e3o podem ser sanadas pelo\u00a0<a href=\"http:\/\/portal.inep.gov.br\/educacao-basica\/enem\/contato\" target=\"_blank\" rel=\"noopener noreferrer\">Fale Conosco<\/a>, do Inep, por meio do autoatendimento<em>\u00a0online\u00a0<\/em>ou do 0800 616161 (somente chamadas de telefone fixo).<\/p>\n<p>Tanto na vers\u00e3o impressa quanto na digital, os participantes far\u00e3o provas de linguagens, c\u00f3digos e suas tecnologias; ci\u00eancias humanas e suas tecnologias; ci\u00eancias da natureza e suas tecnologias; e matem\u00e1tica e suas tecnologias, com 45 quest\u00f5es de m\u00faltipla escolha em cada \u00e1rea de conhecimento. A reda\u00e7\u00e3o ser\u00e1 manuscrita, em papel, nas duas modalidades.<\/p>\n<p><em>(Por Ag\u00eancia Brasil &#8211; Bras\u00edlia. Foto: Marcello Casal Jr\/Ag\u00eancia Brasil)<\/em><\/p>\n","protected":false},"excerpt":{"rendered":"<p>Datas das provas foram adiadas pelo MEC As inscri\u00e7\u00f5es para o Exame Nacional do Ensino M\u00e9dio (Enem) 2020 terminam \u00e0s 23h59 desta sexta-feira (22). As provas, entretanto, foram\u00a0adiadas\u00a0na quarta-feira (20) por 30 a 60 dias em rela\u00e7\u00e3o ao que foi previsto inicialmente no edital, por determina\u00e7\u00e3o do Minist\u00e9rio da Educa\u00e7\u00e3o.Ontem (21), segundo o Instituto Nacional [&hellip;]<\/p>\n","protected":false},"author":18,"featured_media":22023,"comment_status":"open","ping_status":"open","sticky":false,"template":"","format":"standard","meta":{"footnotes":""},"categories":[68],"tags":[],"class_list":{"0":"post-22022","1":"post","2":"type-post","3":"status-publish","4":"format-standard","5":"has-post-thumbnail","7":"category-brasil"},"yoast_head":"<!-- This site is optimized with the Yoast SEO Premium plugin v24.5 (Yoast SEO v27.5) - https:\/\/yoast.com\/product\/yoast-seo-premium-wordpress\/ -->\n<title>Inscri\u00e7\u00f5es para o Enem terminam nesta sexta-feira - P31<\/title>\n<meta name=\"robots\" content=\"index, follow, max-snippet:-1, max-image-preview:large, max-video-preview:-1\" \/>\n<link rel=\"canonical\" href=\"https:\/\/www.p31noticias.com.br\/?p=22022\" \/>\n<meta property=\"og:locale\" content=\"pt_BR\" \/>\n<meta property=\"og:type\" content=\"article\" \/>\n<meta property=\"og:title\" content=\"Inscri\u00e7\u00f5es para o Enem terminam nesta sexta-feira\" \/>\n<meta property=\"og:description\" content=\"Datas das provas foram adiadas pelo MEC As inscri\u00e7\u00f5es para o Exame Nacional do Ensino M\u00e9dio (Enem) 2020 terminam \u00e0s 23h59 desta sexta-feira (22). As provas, entretanto, foram\u00a0adiadas\u00a0na quarta-feira (20) por 30 a 60 dias em rela\u00e7\u00e3o ao que foi previsto inicialmente no edital, por determina\u00e7\u00e3o do Minist\u00e9rio da Educa\u00e7\u00e3o.Ontem (21), segundo o Instituto Nacional [&hellip;]\" \/>\n<meta property=\"og:url\" content=\"https:\/\/www.p31noticias.com.br\/?p=22022\" \/>\n<meta property=\"og:site_name\" content=\"P31\" \/>\n<meta property=\"article:published_time\" content=\"2020-05-22T12:23:04+00:00\" \/>\n<meta property=\"og:image\" content=\"https:\/\/www.p31noticias.com.br\/wp-content\/uploads\/2020\/05\/enem.jpg\" \/>\n\t<meta property=\"og:image:width\" content=\"800\" \/>\n\t<meta property=\"og:image:height\" content=\"434\" \/>\n\t<meta property=\"og:image:type\" content=\"image\/jpeg\" \/>\n<meta name=\"author\" content=\"Reda\u00e7\u00e3o JBN\" \/>\n<meta name=\"twitter:card\" content=\"summary_large_image\" \/>\n<meta name=\"twitter:label1\" content=\"Escrito por\" \/>\n\t<meta name=\"twitter:data1\" content=\"Reda\u00e7\u00e3o JBN\" \/>\n\t<meta name=\"twitter:label2\" content=\"Est. tempo de leitura\" \/>\n\t<meta name=\"twitter:data2\" content=\"3 minutos\" \/>\n<script type=\"application\/ld+json\" class=\"yoast-schema-graph\">{\"@context\":\"https:\\\/\\\/schema.org\",\"@graph\":[{\"@type\":\"Article\",\"@id\":\"https:\\\/\\\/www.p31noticias.com.br\\\/?p=22022#article\",\"isPartOf\":{\"@id\":\"https:\\\/\\\/www.p31noticias.com.br\\\/?p=22022\"},\"author\":{\"name\":\"Reda\u00e7\u00e3o JBN\",\"@id\":\"https:\\\/\\\/www.p31noticias.com.br\\\/#\\\/schema\\\/person\\\/77d6b186c710ac38937c6ec204fdd387\"},\"headline\":\"Inscri\u00e7\u00f5es para o Enem terminam nesta sexta-feira\",\"datePublished\":\"2020-05-22T12:23:04+00:00\",\"mainEntityOfPage\":{\"@id\":\"https:\\\/\\\/www.p31noticias.com.br\\\/?p=22022\"},\"wordCount\":584,\"commentCount\":0,\"image\":{\"@id\":\"https:\\\/\\\/www.p31noticias.com.br\\\/?p=22022#primaryimage\"},\"thumbnailUrl\":\"https:\\\/\\\/www.p31noticias.com.br\\\/wp-content\\\/uploads\\\/2020\\\/05\\\/enem.jpg\",\"articleSection\":[\"Brasil\"],\"inLanguage\":\"pt-BR\",\"potentialAction\":[{\"@type\":\"CommentAction\",\"name\":\"Comment\",\"target\":[\"https:\\\/\\\/www.p31noticias.com.br\\\/?p=22022#respond\"]}],\"copyrightYear\":\"2020\",\"copyrightHolder\":{\"@id\":\"https:\\\/\\\/www.p31noticias.com.br\\\/#organization\"}},{\"@type\":\"WebPage\",\"@id\":\"https:\\\/\\\/www.p31noticias.com.br\\\/?p=22022\",\"url\":\"https:\\\/\\\/www.p31noticias.com.br\\\/?p=22022\",\"name\":\"Inscri\u00e7\u00f5es para o Enem terminam nesta sexta-feira - P31\",\"isPartOf\":{\"@id\":\"https:\\\/\\\/www.p31noticias.com.br\\\/#website\"},\"primaryImageOfPage\":{\"@id\":\"https:\\\/\\\/www.p31noticias.com.br\\\/?p=22022#primaryimage\"},\"image\":{\"@id\":\"https:\\\/\\\/www.p31noticias.com.br\\\/?p=22022#primaryimage\"},\"thumbnailUrl\":\"https:\\\/\\\/www.p31noticias.com.br\\\/wp-content\\\/uploads\\\/2020\\\/05\\\/enem.jpg\",\"datePublished\":\"2020-05-22T12:23:04+00:00\",\"author\":{\"@id\":\"https:\\\/\\\/www.p31noticias.com.br\\\/#\\\/schema\\\/person\\\/77d6b186c710ac38937c6ec204fdd387\"},\"breadcrumb\":{\"@id\":\"https:\\\/\\\/www.p31noticias.com.br\\\/?p=22022#breadcrumb\"},\"inLanguage\":\"pt-BR\",\"potentialAction\":[{\"@type\":\"ReadAction\",\"target\":[\"https:\\\/\\\/www.p31noticias.com.br\\\/?p=22022\"]}]},{\"@type\":\"ImageObject\",\"inLanguage\":\"pt-BR\",\"@id\":\"https:\\\/\\\/www.p31noticias.com.br\\\/?p=22022#primaryimage\",\"url\":\"https:\\\/\\\/www.p31noticias.com.br\\\/wp-content\\\/uploads\\\/2020\\\/05\\\/enem.jpg\",\"contentUrl\":\"https:\\\/\\\/www.p31noticias.com.br\\\/wp-content\\\/uploads\\\/2020\\\/05\\\/enem.jpg\",\"width\":800,\"height\":434,\"caption\":\"Enem Digital\"},{\"@type\":\"BreadcrumbList\",\"@id\":\"https:\\\/\\\/www.p31noticias.com.br\\\/?p=22022#breadcrumb\",\"itemListElement\":[{\"@type\":\"ListItem\",\"position\":1,\"name\":\"In\u00edcio\",\"item\":\"https:\\\/\\\/www.p31noticias.com.br\\\/\"},{\"@type\":\"ListItem\",\"position\":2,\"name\":\"Inscri\u00e7\u00f5es para o Enem terminam nesta sexta-feira\"}]},{\"@type\":\"WebSite\",\"@id\":\"https:\\\/\\\/www.p31noticias.com.br\\\/#website\",\"url\":\"https:\\\/\\\/www.p31noticias.com.br\\\/\",\"name\":\"P31\",\"description\":\"NOT\u00cdCIAS\",\"potentialAction\":[{\"@type\":\"SearchAction\",\"target\":{\"@type\":\"EntryPoint\",\"urlTemplate\":\"https:\\\/\\\/www.p31noticias.com.br\\\/?s={search_term_string}\"},\"query-input\":{\"@type\":\"PropertyValueSpecification\",\"valueRequired\":true,\"valueName\":\"search_term_string\"}}],\"inLanguage\":\"pt-BR\"},{\"@type\":\"Person\",\"@id\":\"https:\\\/\\\/www.p31noticias.com.br\\\/#\\\/schema\\\/person\\\/77d6b186c710ac38937c6ec204fdd387\",\"name\":\"Reda\u00e7\u00e3o JBN\",\"image\":{\"@type\":\"ImageObject\",\"inLanguage\":\"pt-BR\",\"@id\":\"https:\\\/\\\/secure.gravatar.com\\\/avatar\\\/10fcdb93211f98cce3d64c0795b0915a9a4a21dc0f279238995a3dbfafcad090?s=96&d=mm&r=g\",\"url\":\"https:\\\/\\\/secure.gravatar.com\\\/avatar\\\/10fcdb93211f98cce3d64c0795b0915a9a4a21dc0f279238995a3dbfafcad090?s=96&d=mm&r=g\",\"contentUrl\":\"https:\\\/\\\/secure.gravatar.com\\\/avatar\\\/10fcdb93211f98cce3d64c0795b0915a9a4a21dc0f279238995a3dbfafcad090?s=96&d=mm&r=g\",\"caption\":\"Reda\u00e7\u00e3o JBN\"},\"sameAs\":[\"https:\\\/\\\/p31noticias.com.br\"],\"url\":\"https:\\\/\\\/www.p31noticias.com.br\\\/?author=18\"}]}<\/script>\n<!-- \/ Yoast SEO Premium plugin. -->","yoast_head_json":{"title":"Inscri\u00e7\u00f5es para o Enem terminam nesta sexta-feira - P31","robots":{"index":"index","follow":"follow","max-snippet":"max-snippet:-1","max-image-preview":"max-image-preview:large","max-video-preview":"max-video-preview:-1"},"canonical":"https:\/\/www.p31noticias.com.br\/?p=22022","og_locale":"pt_BR","og_type":"article","og_title":"Inscri\u00e7\u00f5es para o Enem terminam nesta sexta-feira","og_description":"Datas das provas foram adiadas pelo MEC As inscri\u00e7\u00f5es para o Exame Nacional do Ensino M\u00e9dio (Enem) 2020 terminam \u00e0s 23h59 desta sexta-feira (22). As provas, entretanto, foram\u00a0adiadas\u00a0na quarta-feira (20) por 30 a 60 dias em rela\u00e7\u00e3o ao que foi previsto inicialmente no edital, por determina\u00e7\u00e3o do Minist\u00e9rio da Educa\u00e7\u00e3o.Ontem (21), segundo o Instituto Nacional [&hellip;]","og_url":"https:\/\/www.p31noticias.com.br\/?p=22022","og_site_name":"P31","article_published_time":"2020-05-22T12:23:04+00:00","og_image":[{"width":800,"height":434,"url":"https:\/\/www.p31noticias.com.br\/wp-content\/uploads\/2020\/05\/enem.jpg","type":"image\/jpeg"}],"author":"Reda\u00e7\u00e3o JBN","twitter_card":"summary_large_image","twitter_misc":{"Escrito por":"Reda\u00e7\u00e3o JBN","Est. tempo de leitura":"3 minutos"},"schema":{"@context":"https:\/\/schema.org","@graph":[{"@type":"Article","@id":"https:\/\/www.p31noticias.com.br\/?p=22022#article","isPartOf":{"@id":"https:\/\/www.p31noticias.com.br\/?p=22022"},"author":{"name":"Reda\u00e7\u00e3o JBN","@id":"https:\/\/www.p31noticias.com.br\/#\/schema\/person\/77d6b186c710ac38937c6ec204fdd387"},"headline":"Inscri\u00e7\u00f5es para o Enem terminam nesta sexta-feira","datePublished":"2020-05-22T12:23:04+00:00","mainEntityOfPage":{"@id":"https:\/\/www.p31noticias.com.br\/?p=22022"},"wordCount":584,"commentCount":0,"image":{"@id":"https:\/\/www.p31noticias.com.br\/?p=22022#primaryimage"},"thumbnailUrl":"https:\/\/www.p31noticias.com.br\/wp-content\/uploads\/2020\/05\/enem.jpg","articleSection":["Brasil"],"inLanguage":"pt-BR","potentialAction":[{"@type":"CommentAction","name":"Comment","target":["https:\/\/www.p31noticias.com.br\/?p=22022#respond"]}],"copyrightYear":"2020","copyrightHolder":{"@id":"https:\/\/www.p31noticias.com.br\/#organization"}},{"@type":"WebPage","@id":"https:\/\/www.p31noticias.com.br\/?p=22022","url":"https:\/\/www.p31noticias.com.br\/?p=22022","name":"Inscri\u00e7\u00f5es para o Enem terminam nesta sexta-feira - P31","isPartOf":{"@id":"https:\/\/www.p31noticias.com.br\/#website"},"primaryImageOfPage":{"@id":"https:\/\/www.p31noticias.com.br\/?p=22022#primaryimage"},"image":{"@id":"https:\/\/www.p31noticias.com.br\/?p=22022#primaryimage"},"thumbnailUrl":"https:\/\/www.p31noticias.com.br\/wp-content\/uploads\/2020\/05\/enem.jpg","datePublished":"2020-05-22T12:23:04+00:00","author":{"@id":"https:\/\/www.p31noticias.com.br\/#\/schema\/person\/77d6b186c710ac38937c6ec204fdd387"},"breadcrumb":{"@id":"https:\/\/www.p31noticias.com.br\/?p=22022#breadcrumb"},"inLanguage":"pt-BR","potentialAction":[{"@type":"ReadAction","target":["https:\/\/www.p31noticias.com.br\/?p=22022"]}]},{"@type":"ImageObject","inLanguage":"pt-BR","@id":"https:\/\/www.p31noticias.com.br\/?p=22022#primaryimage","url":"https:\/\/www.p31noticias.com.br\/wp-content\/uploads\/2020\/05\/enem.jpg","contentUrl":"https:\/\/www.p31noticias.com.br\/wp-content\/uploads\/2020\/05\/enem.jpg","width":800,"height":434,"caption":"Enem Digital"},{"@type":"BreadcrumbList","@id":"https:\/\/www.p31noticias.com.br\/?p=22022#breadcrumb","itemListElement":[{"@type":"ListItem","position":1,"name":"In\u00edcio","item":"https:\/\/www.p31noticias.com.br\/"},{"@type":"ListItem","position":2,"name":"Inscri\u00e7\u00f5es para o Enem terminam nesta sexta-feira"}]},{"@type":"WebSite","@id":"https:\/\/www.p31noticias.com.br\/#website","url":"https:\/\/www.p31noticias.com.br\/","name":"P31","description":"NOT\u00cdCIAS","potentialAction":[{"@type":"SearchAction","target":{"@type":"EntryPoint","urlTemplate":"https:\/\/www.p31noticias.com.br\/?s={search_term_string}"},"query-input":{"@type":"PropertyValueSpecification","valueRequired":true,"valueName":"search_term_string"}}],"inLanguage":"pt-BR"},{"@type":"Person","@id":"https:\/\/www.p31noticias.com.br\/#\/schema\/person\/77d6b186c710ac38937c6ec204fdd387","name":"Reda\u00e7\u00e3o JBN","image":{"@type":"ImageObject","inLanguage":"pt-BR","@id":"https:\/\/secure.gravatar.com\/avatar\/10fcdb93211f98cce3d64c0795b0915a9a4a21dc0f279238995a3dbfafcad090?s=96&d=mm&r=g","url":"https:\/\/secure.gravatar.com\/avatar\/10fcdb93211f98cce3d64c0795b0915a9a4a21dc0f279238995a3dbfafcad090?s=96&d=mm&r=g","contentUrl":"https:\/\/secure.gravatar.com\/avatar\/10fcdb93211f98cce3d64c0795b0915a9a4a21dc0f279238995a3dbfafcad090?s=96&d=mm&r=g","caption":"Reda\u00e7\u00e3o JBN"},"sameAs":["https:\/\/p31noticias.com.br"],"url":"https:\/\/www.p31noticias.com.br\/?author=18"}]}},"amp_enabled":true,"_links":{"self":[{"href":"https:\/\/www.p31noticias.com.br\/index.php?rest_route=\/wp\/v2\/posts\/22022","targetHints":{"allow":["GET"]}}],"collection":[{"href":"https:\/\/www.p31noticias.com.br\/index.php?rest_route=\/wp\/v2\/posts"}],"about":[{"href":"https:\/\/www.p31noticias.com.br\/index.php?rest_route=\/wp\/v2\/types\/post"}],"author":[{"embeddable":true,"href":"https:\/\/www.p31noticias.com.br\/index.php?rest_route=\/wp\/v2\/users\/18"}],"replies":[{"embeddable":true,"href":"https:\/\/www.p31noticias.com.br\/index.php?rest_route=%2Fwp%2Fv2%2Fcomments&post=22022"}],"version-history":[{"count":0,"href":"https:\/\/www.p31noticias.com.br\/index.php?rest_route=\/wp\/v2\/posts\/22022\/revisions"}],"wp:featuredmedia":[{"embeddable":true,"href":"https:\/\/www.p31noticias.com.br\/index.php?rest_route=\/wp\/v2\/media\/22023"}],"wp:attachment":[{"href":"https:\/\/www.p31noticias.com.br\/index.php?rest_route=%2Fwp%2Fv2%2Fmedia&parent=22022"}],"wp:term":[{"taxonomy":"category","embeddable":true,"href":"https:\/\/www.p31noticias.com.br\/index.php?rest_route=%2Fwp%2Fv2%2Fcategories&post=22022"},{"taxonomy":"post_tag","embeddable":true,"href":"https:\/\/www.p31noticias.com.br\/index.php?rest_route=%2Fwp%2Fv2%2Ftags&post=22022"}],"curies":[{"name":"wp","href":"https:\/\/api.w.org\/{rel}","templated":true}]}}