{"id":22014,"date":"2020-05-20T09:52:00","date_gmt":"2020-05-20T12:52:00","guid":{"rendered":"https:\/\/jornaldoplanalto.com.br\/web\/?p=22002"},"modified":"2020-05-20T09:52:00","modified_gmt":"2020-05-20T12:52:00","slug":"populacao-do-sia-e-publico-da-ceasa-recebem-mascaras-de-protecao","status":"publish","type":"post","link":"https:\/\/www.p31noticias.com.br\/?p=22014","title":{"rendered":"Popula\u00e7\u00e3o do SIA e p\u00fablico da Ceasa recebem m\u00e1scaras de prote\u00e7\u00e3o"},"content":{"rendered":"<p style=\"font-weight: 400;\"><strong><em>A\u00e7\u00f5es est\u00e3o sendo realizadas com o objetivo de auxiliar na prote\u00e7\u00e3o, fiscaliza\u00e7\u00e3o e conscientiza\u00e7\u00e3o sobre o coronav\u00edrus<\/em><\/strong><\/p>\n<p style=\"font-weight: 400;\">Produtores e p\u00fablico frequentador da Ceasa-DF receberam m\u00e1scaras na manh\u00e3 dessa segunda-feira (18). A administra\u00e7\u00e3o do Setor de Ind\u00fastria e Abastecimento (SIA), com o apoio do DF Legal, Secretaria de Economia do DF, SEDES-DF, Secretaria de Justi\u00e7a e Cidadania e a SEGOV-DF, organizaram a a\u00e7\u00e3o. O material \u00e9 de uso obrigat\u00f3rio e o n\u00e3o cumprimento das normas pode acarretar em multa de 2 mil reais. Lembrando que a m\u00e1scara \u00e9 feita de material lav\u00e1vel e reutiliz\u00e1vel.<\/p>\n<p style=\"font-weight: 400;\">O uso de m\u00e1scaras de prote\u00e7\u00e3o se tornou uma medida importante no combate ao novo coronav\u00edrus, pois diminui as chances de cont\u00e1gio. No entanto, \u00e9 preciso lembrar que elas n\u00e3o substituem o isolamento social, a higieniza\u00e7\u00e3o das m\u00e3os e outras orienta\u00e7\u00f5es de preven\u00e7\u00e3o.<\/p>\n<p style=\"font-weight: 400;\"><a href=\"https:\/\/www.delioandrade.com.br\/wp-content\/uploads\/2020\/05\/Mascaras_0.jpeg\"><img loading=\"lazy\" decoding=\"async\" class=\"aligncenter size-full wp-image-22004\" src=\"https:\/\/www.delioandrade.com.br\/wp-content\/uploads\/2020\/05\/Mascaras_0.jpeg\" alt=\"\" width=\"800\" height=\"407\" srcset=\"https:\/\/www.p31noticias.com.br\/wp-content\/uploads\/2020\/05\/Mascaras_0.jpeg 800w, https:\/\/www.p31noticias.com.br\/wp-content\/uploads\/2020\/05\/Mascaras_0-300x153.jpeg 300w, https:\/\/www.p31noticias.com.br\/wp-content\/uploads\/2020\/05\/Mascaras_0-768x391.jpeg 768w, https:\/\/www.p31noticias.com.br\/wp-content\/uploads\/2020\/05\/Mascaras_0-696x354.jpeg 696w\" sizes=\"auto, (max-width: 800px) 100vw, 800px\" \/><\/a><\/p>\n<p style=\"font-weight: 400;\">Esta \u00e9 uma a\u00e7\u00e3o do GDF, por meio da administra\u00e7\u00e3o do SIA que teve in\u00edcio na sexta (15) e terminar\u00e1 neste domingo (24). Faz parte de v\u00e1rias a\u00e7\u00f5es realizadas desde abril com objetivo de auxiliar na prote\u00e7\u00e3o, fiscaliza\u00e7\u00e3o e conscientiza\u00e7\u00e3o sobre a atual pandemia do coronav\u00edrus. A distribui\u00e7\u00e3o de m\u00e1scaras est\u00e1 ocorrendo em v\u00e1rios pontos da capital, al\u00e9m da Ceasa e SIA.<\/p>\n<p style=\"font-weight: 400;\">A administradora do SIA, Luana Machado, afirmou que a opera\u00e7\u00e3o ajuda a conscientizar as pessoas sobre a import\u00e2ncia do uso da m\u00e1scara. \u201cEntregamos hoje mais de 500 m\u00e1scaras para os produtores na Ceasa. A opera\u00e7\u00e3o realiza a fiscaliza\u00e7\u00e3o do com\u00e9rcio e aborda as pessoas nas ruas, particularmente em aglomera\u00e7\u00f5es, para a preven\u00e7\u00e3o ao coronav\u00edrus no DF\u201d, disse Luana.<\/p>\n<p style=\"font-weight: 400;\">A a\u00e7\u00e3o contou com a participa\u00e7\u00e3o da Secretaria de Prote\u00e7\u00e3o da Ordem Urban\u00edstica do Distrito Federal (DF Legal), Departamento de Tr\u00e2nsito do Distrito Federal (DETRAN\/DF), Pol\u00edcia Militar do Distrito Federal (PM\/DF) e Corpo de Bombeiros Militares (CBM\/DF).<\/p>\n<p><a href=\"https:\/\/www.delioandrade.com.br\/wp-content\/uploads\/2020\/05\/Mascaras1.jpeg\"><img loading=\"lazy\" decoding=\"async\" class=\"aligncenter size-full wp-image-22005\" src=\"https:\/\/www.delioandrade.com.br\/wp-content\/uploads\/2020\/05\/Mascaras1.jpeg\" alt=\"\" width=\"1080\" height=\"1080\" \/><\/a><\/p>\n","protected":false},"excerpt":{"rendered":"<p>A\u00e7\u00f5es est\u00e3o sendo realizadas com o objetivo de auxiliar na prote\u00e7\u00e3o, fiscaliza\u00e7\u00e3o e conscientiza\u00e7\u00e3o sobre o coronav\u00edrus Produtores e p\u00fablico frequentador da Ceasa-DF receberam m\u00e1scaras na manh\u00e3 dessa segunda-feira (18). A administra\u00e7\u00e3o do Setor de Ind\u00fastria e Abastecimento (SIA), com o apoio do DF Legal, Secretaria de Economia do DF, SEDES-DF, Secretaria de Justi\u00e7a e [&hellip;]<\/p>\n","protected":false},"author":18,"featured_media":22003,"comment_status":"open","ping_status":"open","sticky":false,"template":"","format":"standard","meta":{"footnotes":""},"categories":[1],"tags":[],"class_list":{"0":"post-22014","1":"post","2":"type-post","3":"status-publish","4":"format-standard","5":"has-post-thumbnail","7":"category-outros"},"yoast_head":"<!-- This site is optimized with the Yoast SEO Premium plugin v24.5 (Yoast SEO v27.5) - https:\/\/yoast.com\/product\/yoast-seo-premium-wordpress\/ -->\n<title>Popula\u00e7\u00e3o do SIA e p\u00fablico da Ceasa recebem m\u00e1scaras de prote\u00e7\u00e3o - P31<\/title>\n<meta name=\"robots\" content=\"index, follow, max-snippet:-1, max-image-preview:large, max-video-preview:-1\" \/>\n<link rel=\"canonical\" href=\"https:\/\/www.p31noticias.com.br\/?p=22014\" \/>\n<meta property=\"og:locale\" content=\"pt_BR\" \/>\n<meta property=\"og:type\" content=\"article\" \/>\n<meta property=\"og:title\" content=\"Popula\u00e7\u00e3o do SIA e p\u00fablico da Ceasa recebem m\u00e1scaras de prote\u00e7\u00e3o\" \/>\n<meta property=\"og:description\" content=\"A\u00e7\u00f5es est\u00e3o sendo realizadas com o objetivo de auxiliar na prote\u00e7\u00e3o, fiscaliza\u00e7\u00e3o e conscientiza\u00e7\u00e3o sobre o coronav\u00edrus Produtores e p\u00fablico frequentador da Ceasa-DF receberam m\u00e1scaras na manh\u00e3 dessa segunda-feira (18). A administra\u00e7\u00e3o do Setor de Ind\u00fastria e Abastecimento (SIA), com o apoio do DF Legal, Secretaria de Economia do DF, SEDES-DF, Secretaria de Justi\u00e7a e [&hellip;]\" \/>\n<meta property=\"og:url\" content=\"https:\/\/www.p31noticias.com.br\/?p=22014\" \/>\n<meta property=\"og:site_name\" content=\"P31\" \/>\n<meta property=\"article:published_time\" content=\"2020-05-20T12:52:00+00:00\" \/>\n<meta name=\"author\" content=\"Reda\u00e7\u00e3o JBN\" \/>\n<meta name=\"twitter:card\" content=\"summary_large_image\" \/>\n<meta name=\"twitter:label1\" content=\"Escrito por\" \/>\n\t<meta name=\"twitter:data1\" content=\"Reda\u00e7\u00e3o JBN\" \/>\n\t<meta name=\"twitter:label2\" content=\"Est. tempo de leitura\" \/>\n\t<meta name=\"twitter:data2\" content=\"2 minutos\" \/>\n<script type=\"application\/ld+json\" class=\"yoast-schema-graph\">{\"@context\":\"https:\\\/\\\/schema.org\",\"@graph\":[{\"@type\":\"Article\",\"@id\":\"https:\\\/\\\/www.p31noticias.com.br\\\/?p=22014#article\",\"isPartOf\":{\"@id\":\"https:\\\/\\\/www.p31noticias.com.br\\\/?p=22014\"},\"author\":{\"name\":\"Reda\u00e7\u00e3o JBN\",\"@id\":\"https:\\\/\\\/www.p31noticias.com.br\\\/#\\\/schema\\\/person\\\/77d6b186c710ac38937c6ec204fdd387\"},\"headline\":\"Popula\u00e7\u00e3o do SIA e p\u00fablico da Ceasa recebem m\u00e1scaras de prote\u00e7\u00e3o\",\"datePublished\":\"2020-05-20T12:52:00+00:00\",\"mainEntityOfPage\":{\"@id\":\"https:\\\/\\\/www.p31noticias.com.br\\\/?p=22014\"},\"wordCount\":357,\"commentCount\":0,\"image\":{\"@id\":\"https:\\\/\\\/www.p31noticias.com.br\\\/?p=22014#primaryimage\"},\"thumbnailUrl\":\"\",\"articleSection\":[\"Outros\"],\"inLanguage\":\"pt-BR\",\"potentialAction\":[{\"@type\":\"CommentAction\",\"name\":\"Comment\",\"target\":[\"https:\\\/\\\/www.p31noticias.com.br\\\/?p=22014#respond\"]}],\"copyrightYear\":\"2020\",\"copyrightHolder\":{\"@id\":\"https:\\\/\\\/www.p31noticias.com.br\\\/#organization\"}},{\"@type\":\"WebPage\",\"@id\":\"https:\\\/\\\/www.p31noticias.com.br\\\/?p=22014\",\"url\":\"https:\\\/\\\/www.p31noticias.com.br\\\/?p=22014\",\"name\":\"Popula\u00e7\u00e3o do SIA e p\u00fablico da Ceasa recebem m\u00e1scaras de prote\u00e7\u00e3o - P31\",\"isPartOf\":{\"@id\":\"https:\\\/\\\/www.p31noticias.com.br\\\/#website\"},\"primaryImageOfPage\":{\"@id\":\"https:\\\/\\\/www.p31noticias.com.br\\\/?p=22014#primaryimage\"},\"image\":{\"@id\":\"https:\\\/\\\/www.p31noticias.com.br\\\/?p=22014#primaryimage\"},\"thumbnailUrl\":\"\",\"datePublished\":\"2020-05-20T12:52:00+00:00\",\"author\":{\"@id\":\"https:\\\/\\\/www.p31noticias.com.br\\\/#\\\/schema\\\/person\\\/77d6b186c710ac38937c6ec204fdd387\"},\"breadcrumb\":{\"@id\":\"https:\\\/\\\/www.p31noticias.com.br\\\/?p=22014#breadcrumb\"},\"inLanguage\":\"pt-BR\",\"potentialAction\":[{\"@type\":\"ReadAction\",\"target\":[\"https:\\\/\\\/www.p31noticias.com.br\\\/?p=22014\"]}]},{\"@type\":\"ImageObject\",\"inLanguage\":\"pt-BR\",\"@id\":\"https:\\\/\\\/www.p31noticias.com.br\\\/?p=22014#primaryimage\",\"url\":\"\",\"contentUrl\":\"\"},{\"@type\":\"BreadcrumbList\",\"@id\":\"https:\\\/\\\/www.p31noticias.com.br\\\/?p=22014#breadcrumb\",\"itemListElement\":[{\"@type\":\"ListItem\",\"position\":1,\"name\":\"In\u00edcio\",\"item\":\"https:\\\/\\\/www.p31noticias.com.br\\\/\"},{\"@type\":\"ListItem\",\"position\":2,\"name\":\"Popula\u00e7\u00e3o do SIA e p\u00fablico da Ceasa recebem m\u00e1scaras de prote\u00e7\u00e3o\"}]},{\"@type\":\"WebSite\",\"@id\":\"https:\\\/\\\/www.p31noticias.com.br\\\/#website\",\"url\":\"https:\\\/\\\/www.p31noticias.com.br\\\/\",\"name\":\"P31\",\"description\":\"NOT\u00cdCIAS\",\"potentialAction\":[{\"@type\":\"SearchAction\",\"target\":{\"@type\":\"EntryPoint\",\"urlTemplate\":\"https:\\\/\\\/www.p31noticias.com.br\\\/?s={search_term_string}\"},\"query-input\":{\"@type\":\"PropertyValueSpecification\",\"valueRequired\":true,\"valueName\":\"search_term_string\"}}],\"inLanguage\":\"pt-BR\"},{\"@type\":\"Person\",\"@id\":\"https:\\\/\\\/www.p31noticias.com.br\\\/#\\\/schema\\\/person\\\/77d6b186c710ac38937c6ec204fdd387\",\"name\":\"Reda\u00e7\u00e3o JBN\",\"image\":{\"@type\":\"ImageObject\",\"inLanguage\":\"pt-BR\",\"@id\":\"https:\\\/\\\/secure.gravatar.com\\\/avatar\\\/10fcdb93211f98cce3d64c0795b0915a9a4a21dc0f279238995a3dbfafcad090?s=96&d=mm&r=g\",\"url\":\"https:\\\/\\\/secure.gravatar.com\\\/avatar\\\/10fcdb93211f98cce3d64c0795b0915a9a4a21dc0f279238995a3dbfafcad090?s=96&d=mm&r=g\",\"contentUrl\":\"https:\\\/\\\/secure.gravatar.com\\\/avatar\\\/10fcdb93211f98cce3d64c0795b0915a9a4a21dc0f279238995a3dbfafcad090?s=96&d=mm&r=g\",\"caption\":\"Reda\u00e7\u00e3o JBN\"},\"sameAs\":[\"https:\\\/\\\/p31noticias.com.br\"],\"url\":\"https:\\\/\\\/www.p31noticias.com.br\\\/?author=18\"}]}<\/script>\n<!-- \/ Yoast SEO Premium plugin. -->","yoast_head_json":{"title":"Popula\u00e7\u00e3o do SIA e p\u00fablico da Ceasa recebem m\u00e1scaras de prote\u00e7\u00e3o - P31","robots":{"index":"index","follow":"follow","max-snippet":"max-snippet:-1","max-image-preview":"max-image-preview:large","max-video-preview":"max-video-preview:-1"},"canonical":"https:\/\/www.p31noticias.com.br\/?p=22014","og_locale":"pt_BR","og_type":"article","og_title":"Popula\u00e7\u00e3o do SIA e p\u00fablico da Ceasa recebem m\u00e1scaras de prote\u00e7\u00e3o","og_description":"A\u00e7\u00f5es est\u00e3o sendo realizadas com o objetivo de auxiliar na prote\u00e7\u00e3o, fiscaliza\u00e7\u00e3o e conscientiza\u00e7\u00e3o sobre o coronav\u00edrus Produtores e p\u00fablico frequentador da Ceasa-DF receberam m\u00e1scaras na manh\u00e3 dessa segunda-feira (18). A administra\u00e7\u00e3o do Setor de Ind\u00fastria e Abastecimento (SIA), com o apoio do DF Legal, Secretaria de Economia do DF, SEDES-DF, Secretaria de Justi\u00e7a e [&hellip;]","og_url":"https:\/\/www.p31noticias.com.br\/?p=22014","og_site_name":"P31","article_published_time":"2020-05-20T12:52:00+00:00","author":"Reda\u00e7\u00e3o JBN","twitter_card":"summary_large_image","twitter_misc":{"Escrito por":"Reda\u00e7\u00e3o JBN","Est. tempo de leitura":"2 minutos"},"schema":{"@context":"https:\/\/schema.org","@graph":[{"@type":"Article","@id":"https:\/\/www.p31noticias.com.br\/?p=22014#article","isPartOf":{"@id":"https:\/\/www.p31noticias.com.br\/?p=22014"},"author":{"name":"Reda\u00e7\u00e3o JBN","@id":"https:\/\/www.p31noticias.com.br\/#\/schema\/person\/77d6b186c710ac38937c6ec204fdd387"},"headline":"Popula\u00e7\u00e3o do SIA e p\u00fablico da Ceasa recebem m\u00e1scaras de prote\u00e7\u00e3o","datePublished":"2020-05-20T12:52:00+00:00","mainEntityOfPage":{"@id":"https:\/\/www.p31noticias.com.br\/?p=22014"},"wordCount":357,"commentCount":0,"image":{"@id":"https:\/\/www.p31noticias.com.br\/?p=22014#primaryimage"},"thumbnailUrl":"","articleSection":["Outros"],"inLanguage":"pt-BR","potentialAction":[{"@type":"CommentAction","name":"Comment","target":["https:\/\/www.p31noticias.com.br\/?p=22014#respond"]}],"copyrightYear":"2020","copyrightHolder":{"@id":"https:\/\/www.p31noticias.com.br\/#organization"}},{"@type":"WebPage","@id":"https:\/\/www.p31noticias.com.br\/?p=22014","url":"https:\/\/www.p31noticias.com.br\/?p=22014","name":"Popula\u00e7\u00e3o do SIA e p\u00fablico da Ceasa recebem m\u00e1scaras de prote\u00e7\u00e3o - P31","isPartOf":{"@id":"https:\/\/www.p31noticias.com.br\/#website"},"primaryImageOfPage":{"@id":"https:\/\/www.p31noticias.com.br\/?p=22014#primaryimage"},"image":{"@id":"https:\/\/www.p31noticias.com.br\/?p=22014#primaryimage"},"thumbnailUrl":"","datePublished":"2020-05-20T12:52:00+00:00","author":{"@id":"https:\/\/www.p31noticias.com.br\/#\/schema\/person\/77d6b186c710ac38937c6ec204fdd387"},"breadcrumb":{"@id":"https:\/\/www.p31noticias.com.br\/?p=22014#breadcrumb"},"inLanguage":"pt-BR","potentialAction":[{"@type":"ReadAction","target":["https:\/\/www.p31noticias.com.br\/?p=22014"]}]},{"@type":"ImageObject","inLanguage":"pt-BR","@id":"https:\/\/www.p31noticias.com.br\/?p=22014#primaryimage","url":"","contentUrl":""},{"@type":"BreadcrumbList","@id":"https:\/\/www.p31noticias.com.br\/?p=22014#breadcrumb","itemListElement":[{"@type":"ListItem","position":1,"name":"In\u00edcio","item":"https:\/\/www.p31noticias.com.br\/"},{"@type":"ListItem","position":2,"name":"Popula\u00e7\u00e3o do SIA e p\u00fablico da Ceasa recebem m\u00e1scaras de prote\u00e7\u00e3o"}]},{"@type":"WebSite","@id":"https:\/\/www.p31noticias.com.br\/#website","url":"https:\/\/www.p31noticias.com.br\/","name":"P31","description":"NOT\u00cdCIAS","potentialAction":[{"@type":"SearchAction","target":{"@type":"EntryPoint","urlTemplate":"https:\/\/www.p31noticias.com.br\/?s={search_term_string}"},"query-input":{"@type":"PropertyValueSpecification","valueRequired":true,"valueName":"search_term_string"}}],"inLanguage":"pt-BR"},{"@type":"Person","@id":"https:\/\/www.p31noticias.com.br\/#\/schema\/person\/77d6b186c710ac38937c6ec204fdd387","name":"Reda\u00e7\u00e3o JBN","image":{"@type":"ImageObject","inLanguage":"pt-BR","@id":"https:\/\/secure.gravatar.com\/avatar\/10fcdb93211f98cce3d64c0795b0915a9a4a21dc0f279238995a3dbfafcad090?s=96&d=mm&r=g","url":"https:\/\/secure.gravatar.com\/avatar\/10fcdb93211f98cce3d64c0795b0915a9a4a21dc0f279238995a3dbfafcad090?s=96&d=mm&r=g","contentUrl":"https:\/\/secure.gravatar.com\/avatar\/10fcdb93211f98cce3d64c0795b0915a9a4a21dc0f279238995a3dbfafcad090?s=96&d=mm&r=g","caption":"Reda\u00e7\u00e3o JBN"},"sameAs":["https:\/\/p31noticias.com.br"],"url":"https:\/\/www.p31noticias.com.br\/?author=18"}]}},"amp_enabled":true,"_links":{"self":[{"href":"https:\/\/www.p31noticias.com.br\/index.php?rest_route=\/wp\/v2\/posts\/22014","targetHints":{"allow":["GET"]}}],"collection":[{"href":"https:\/\/www.p31noticias.com.br\/index.php?rest_route=\/wp\/v2\/posts"}],"about":[{"href":"https:\/\/www.p31noticias.com.br\/index.php?rest_route=\/wp\/v2\/types\/post"}],"author":[{"embeddable":true,"href":"https:\/\/www.p31noticias.com.br\/index.php?rest_route=\/wp\/v2\/users\/18"}],"replies":[{"embeddable":true,"href":"https:\/\/www.p31noticias.com.br\/index.php?rest_route=%2Fwp%2Fv2%2Fcomments&post=22014"}],"version-history":[{"count":0,"href":"https:\/\/www.p31noticias.com.br\/index.php?rest_route=\/wp\/v2\/posts\/22014\/revisions"}],"wp:featuredmedia":[{"embeddable":true,"href":"https:\/\/www.p31noticias.com.br\/index.php?rest_route=\/"}],"wp:attachment":[{"href":"https:\/\/www.p31noticias.com.br\/index.php?rest_route=%2Fwp%2Fv2%2Fmedia&parent=22014"}],"wp:term":[{"taxonomy":"category","embeddable":true,"href":"https:\/\/www.p31noticias.com.br\/index.php?rest_route=%2Fwp%2Fv2%2Fcategories&post=22014"},{"taxonomy":"post_tag","embeddable":true,"href":"https:\/\/www.p31noticias.com.br\/index.php?rest_route=%2Fwp%2Fv2%2Ftags&post=22014"}],"curies":[{"name":"wp","href":"https:\/\/api.w.org\/{rel}","templated":true}]}}