{"id":22012,"date":"2020-05-19T09:51:48","date_gmt":"2020-05-19T12:51:48","guid":{"rendered":"https:\/\/jornaldoplanalto.com.br\/web\/?p=21992"},"modified":"2020-05-19T09:51:48","modified_gmt":"2020-05-19T12:51:48","slug":"em-parceria-com-a-emater-terapia-resgata-autoestima-de-produtoras-do-pad-df","status":"publish","type":"post","link":"https:\/\/www.p31noticias.com.br\/?p=22012","title":{"rendered":"Em parceria com a Emater, terapia resgata autoestima de produtoras do PAD-DF"},"content":{"rendered":"<p><em>Proporcionada pela Emater-DF, terapia com mulheres do PAD-DF tem resultados positivos<\/em><\/p>\n<p>Resgatar a autoestima e a sa\u00fade f\u00edsica e emocional de mulheres de \u00e1reas rurais foram as motiva\u00e7\u00f5es que levaram o escrit\u00f3rio da Emater-DF no n\u00facleo rural do PAD-DF, regi\u00e3o do Parano\u00e1, e um grupo de terapeutas a desenvolver um projeto volunt\u00e1rio na \u00e1rea. A proposta, que agradou produtoras da regi\u00e3o que participaram dos encontros semanais do \u201cDiv\u00e3 \u2013 Hist\u00f3rias de Maria (o despertar)\u201d, \u00e9 voltada para mulheres portadoras de sintomas psicossom\u00e1ticos.<\/p>\n<p>Trabalhando a autoconfian\u00e7a e o autoconhecimento junto \u00e0s mulheres, as terapeutas Litsu Odaguiri Enes Oliveira e Helielma da Silva Oliveira, juntamente com a colabora\u00e7\u00e3o de Manary Nery Chao, resgataram o brilho no olhar das mulheres, que muitas vezes se sentem esquecidas. Com a terapia, muitas relatam melhora na qualidade de vida familiar, na percep\u00e7\u00e3o sobre elas pr\u00f3prias e no olhar sobre os acontecimentos a sua volta.<\/p>\n<p>Para surpresa das terapeutas, o engajamento das mulheres ultrapassou todas as barreiras. \u201cElas tiveram uma vontade de mudar t\u00e3o grande que as dificuldades, que tamb\u00e9m eram grandes, se tornaram pequenas. As mulheres se entregaram \u00e0 terapia sem medo. Teve uma transforma\u00e7\u00e3o fant\u00e1stica da autoestima e da confian\u00e7a\u201d, destaca Litsu.<\/p>\n<p>O gerente do escrit\u00f3rio da empresa no PAD-DF, Marconi Borges, reconhece a import\u00e2ncia de trabalhar o potencial e o emocional das mulheres de \u00e1reas rurais, principalmente pelo sentimento de opress\u00e3o. \u201cA gente v\u00ea que a mulher tem que engolir calada a decis\u00e3o dos maridos e isso tamb\u00e9m angustia muito as mulheres. A Yoko [extensionista da Emater-DF] teve essa ideia de fazer uma cl\u00ednica de terapia com algumas mulheres e esse sentimento ficou muito aflorado. Foi uma oportunidade para que elas pudessem conversar e trabalhar suas ang\u00fastias\u201d, afirma. Nesse sentido, as mulheres se descobriram como parte da fam\u00edlia e das decis\u00f5es.<\/p>\n<p>Para ele, a iniciativa revelou a necessidade desse tipo de trabalho junto \u00e0s mulheres. \u201cA pequena produtora rural n\u00e3o tem condi\u00e7\u00e3o de pagar um tratamento e muitas vezes sequer tem conhecimento desse tipo de trabalho. A aceita\u00e7\u00e3o foi t\u00e3o grande que elas pr\u00f3prias sugeriram que isso fosse feito tamb\u00e9m para os maridos. Vamos fazer o m\u00e1ximo poss\u00edvel para que esse trabalho continue. \u00c9 claro que tem que ser sempre nessa forma de gratuidade. A Emater est\u00e1 sempre com essa preocupa\u00e7\u00e3o de trazer qualidade de vida para a fam\u00edlia rural\u201d, destaca.<\/p>\n<figure id=\"attachment_21995\" aria-describedby=\"caption-attachment-21995\" style=\"width: 750px\" class=\"wp-caption alignnone\"><a href=\"https:\/\/www.delioandrade.com.br\/wp-content\/uploads\/2020\/05\/Emater_2.jpg\"><img loading=\"lazy\" decoding=\"async\" class=\"wp-image-21995 size-full\" src=\"https:\/\/www.delioandrade.com.br\/wp-content\/uploads\/2020\/05\/Emater_2.jpg\" alt=\"\" width=\"750\" height=\"420\" \/><\/a><figcaption id=\"caption-attachment-21995\" class=\"wp-caption-text\">Mulheres fizeram atividades, relataram dificuldades e medos e superaram traumas<\/figcaption><\/figure>\n<p>&nbsp;<\/p>\n<p><strong>Dificuldades superadas<\/strong><\/p>\n<p>Diante das dificuldades, para proporcionar os encontros, extensionistas da Emater-DF na regi\u00e3o auxiliaram com transporte e produtoras que tinham condu\u00e7\u00e3o pr\u00f3pria tamb\u00e9m se organizavam para levar outras participantes. Dessa forma, todas seguiam ansiosas para os encontros semanais que tiveram in\u00edcio em janeiro deste ano. Com a pandemia, respeitando a Organiza\u00e7\u00e3o Mundial da Sa\u00fade quanto ao distanciamento social, os encontros passaram a ser online.<\/p>\n<p>De acordo com a terapeuta Litsu, falar de forma online com as mulheres foi o meio encontrado para que os resultados da terapia n\u00e3o se perdessem. \u201cA\u00a0 pandemia mexeu com todo o mundo. Como na \u00e1rea rural grande parte n\u00e3o tem acesso a uma boa internet, a gente decidiu manter um acompanhamento di\u00e1rio via WhatsApp, onde a gente prop\u00f5e exerc\u00edcios, orienta\u00e7\u00f5es e as mulheres compartilham experi\u00eancias, dificuldades e supera\u00e7\u00f5es por meio de \u00e1udios\u201d, conta.<\/p>\n<p>As terapeutas ainda esperam encerrar o curso com entrega de certificado de participa\u00e7\u00e3o e medalhas, quando passar o per\u00edodo de isolamento social. \u201c\u00c9 importante esse simbolismo. Essas mulheres enfrentaram as dificuldades, n\u00e3o faltaram, foram participativas durante os encontros e achamos muito importante que tenha esse reconhecimento\u201d, disse.<\/p>\n<p>\u201cA terapia ajuda a gente a superar muita coisa que a gente sofreu de trauma de inf\u00e2ncia. Ajuda tamb\u00e9m a recuperar a autoestima e algumas outras coisas que a gente t\u00eam dificuldades de superar. Eu acho que se eu n\u00e3o tivesse tido essas aulas a situa\u00e7\u00e3o agora, diante dessa pandemia, estaria bem mais dif\u00edcil na conviv\u00eancia familiar\u201d, conta Maria Jos\u00e9 Pereira de Carvalho, 44 anos, moradora do Acampamento Carlos Marighella, onde vive com os tr\u00eas filhos e o marido.<\/p>\n<p>A iniciativa, de acordo com a extensionista da Emater-DF Yoko Odaguiri, come\u00e7ou desprentesiosa, atendendo um pedido de uma das produtoras que estavam precisando do aux\u00edlio de um fisioterapeuta. \u201cChamei minha sobrinha, que tamb\u00e9m \u00e9 fisioterapeuta, mas expliquei que as mulheres n\u00e3o podiam pagar. Ela logo se prontificou at\u00e9 para atender mais pessoas e ficou impressionada quando viu a diferen\u00e7a entre o p\u00fablico rural e urbano. Foi a\u00ed que ela prop\u00f4s essa terapia\u201d, relata Yoko, que tamb\u00e9m ressalta o total apoio do gerente da Emater.<\/p>\n<p>\u201cAbriu tanto a vis\u00e3o delas que elas viram a necessidade de os maridos tamb\u00e9m fazerem a terapia\u201d, comemora a extensionista. Para as terapeutas, a oportunidade proporcionada por meio da Emater-DF trouxe muito aprendizado. \u201c\u00c9 um crescimento tamb\u00e9m para a gente. A terapia \u00e9 m\u00e3o dupla. A gente tem esse crescimento junto com o paciente. Uma delas enviou um \u00e1udio dizendo que antes se sentia rejeitada, sem voz, mas que a terapia deu voz a ela e de uma maneira suave, mais leve, sem agressividade. Esse resultado eu agrade\u00e7o muito \u00e0 Emater e toda a equipe\u201d, afirma Litsu.<\/p>\n<p>O resultado tamb\u00e9m \u00e9 visto nas palavras da produtora no PAD-DF, Francislaine da Silva, 44 anos, ao afirma que as mulheres do campo tamb\u00e9m sentem ang\u00fastias, estresses, press\u00f5es. \u201cEu nunca tinha visto ou participado de uma terapia. \u00c9 a primeira vez que t\u00e1 acontecendo aqui. Tira o estresse, tira a depress\u00e3o e tamb\u00e9m \u00e9 bom pelas amizades que a gente tem, poder sair um pouco de casa. Apesar de morarmos na ro\u00e7a, a nossa rotina aqui \u00e9 muito fatigante. N\u00e3o s\u00e3o s\u00f3 as mulheres da cidade que t\u00eam estresse, as mulheres da ro\u00e7a tamb\u00e9m\u201d, desabafa.<\/p>\n<p>Para Marizangela de F\u00e1tima da Silva Reis, 40 anos, a terapia trouxe novas esperan\u00e7as. \u201cNesses encontros a gente desabafa e tira toda a ang\u00fastia, toda a dor no cora\u00e7\u00e3o, toda tristeza e sai renovada. Hoje, o que a gente mais v\u00ea na televis\u00e3o \u00e9 o mal da depress\u00e3o. Se n\u00e3o fosse a Emater trazer isso aqui para a gente, a gente n\u00e3o estava sendo assistido.\u201d<\/p>\n<p>Moradora da Quebrada dos Neres, Leididaiane Silva, 31 anos, acredita que a terapia tem ajudado a superar a depress\u00e3o. \u201cEu tomava rem\u00e9dio e j\u00e1 tive momentos muito dif\u00edceis. Nem todo mundo consegue entender. Com essa terapia, ajudou muito aqui dentro da minha casa. Meu marido fala que eu estou mais tranquila, mais calma e cuidando mais de mim. Hoje eu j\u00e1 tenho mais disposi\u00e7\u00e3o, atitude, penso mais positivo e me sinto bem melhor\u201d, diz.<\/p>\n<p>(Joelma Pereira \u2013 Ascom\/Emater-DF)<\/p>\n","protected":false},"excerpt":{"rendered":"<p>Proporcionada pela Emater-DF, terapia com mulheres do PAD-DF tem resultados positivos Resgatar a autoestima e a sa\u00fade f\u00edsica e emocional de mulheres de \u00e1reas rurais foram as motiva\u00e7\u00f5es que levaram o escrit\u00f3rio da Emater-DF no n\u00facleo rural do PAD-DF, regi\u00e3o do Parano\u00e1, e um grupo de terapeutas a desenvolver um projeto volunt\u00e1rio na \u00e1rea. A [&hellip;]<\/p>\n","protected":false},"author":18,"featured_media":21994,"comment_status":"open","ping_status":"open","sticky":false,"template":"","format":"standard","meta":{"footnotes":""},"categories":[1],"tags":[],"class_list":{"0":"post-22012","1":"post","2":"type-post","3":"status-publish","4":"format-standard","5":"has-post-thumbnail","7":"category-outros"},"yoast_head":"<!-- This site is optimized with the Yoast SEO Premium plugin v24.5 (Yoast SEO v27.5) - https:\/\/yoast.com\/product\/yoast-seo-premium-wordpress\/ -->\n<title>Em parceria com a Emater, terapia resgata autoestima de produtoras do PAD-DF - P31<\/title>\n<meta name=\"robots\" content=\"index, follow, max-snippet:-1, max-image-preview:large, max-video-preview:-1\" \/>\n<link rel=\"canonical\" href=\"https:\/\/www.p31noticias.com.br\/?p=22012\" \/>\n<meta property=\"og:locale\" content=\"pt_BR\" \/>\n<meta property=\"og:type\" content=\"article\" \/>\n<meta property=\"og:title\" content=\"Em parceria com a Emater, terapia resgata autoestima de produtoras do PAD-DF\" \/>\n<meta property=\"og:description\" content=\"Proporcionada pela Emater-DF, terapia com mulheres do PAD-DF tem resultados positivos Resgatar a autoestima e a sa\u00fade f\u00edsica e emocional de mulheres de \u00e1reas rurais foram as motiva\u00e7\u00f5es que levaram o escrit\u00f3rio da Emater-DF no n\u00facleo rural do PAD-DF, regi\u00e3o do Parano\u00e1, e um grupo de terapeutas a desenvolver um projeto volunt\u00e1rio na \u00e1rea. A [&hellip;]\" \/>\n<meta property=\"og:url\" content=\"https:\/\/www.p31noticias.com.br\/?p=22012\" \/>\n<meta property=\"og:site_name\" content=\"P31\" \/>\n<meta property=\"article:published_time\" content=\"2020-05-19T12:51:48+00:00\" \/>\n<meta property=\"og:image\" content=\"https:\/\/www.p31noticias.com.br\/wp-content\/uploads\/2020\/05\/online.jpg\" \/>\n\t<meta property=\"og:image:width\" content=\"800\" \/>\n\t<meta property=\"og:image:height\" content=\"476\" \/>\n\t<meta property=\"og:image:type\" content=\"image\/jpeg\" \/>\n<meta name=\"author\" content=\"Reda\u00e7\u00e3o JBN\" \/>\n<meta name=\"twitter:card\" content=\"summary_large_image\" \/>\n<meta name=\"twitter:label1\" content=\"Escrito por\" \/>\n\t<meta name=\"twitter:data1\" content=\"Reda\u00e7\u00e3o JBN\" \/>\n\t<meta name=\"twitter:label2\" content=\"Est. tempo de leitura\" \/>\n\t<meta name=\"twitter:data2\" content=\"6 minutos\" \/>\n<script type=\"application\/ld+json\" class=\"yoast-schema-graph\">{\"@context\":\"https:\\\/\\\/schema.org\",\"@graph\":[{\"@type\":\"Article\",\"@id\":\"https:\\\/\\\/www.p31noticias.com.br\\\/?p=22012#article\",\"isPartOf\":{\"@id\":\"https:\\\/\\\/www.p31noticias.com.br\\\/?p=22012\"},\"author\":{\"name\":\"Reda\u00e7\u00e3o JBN\",\"@id\":\"https:\\\/\\\/www.p31noticias.com.br\\\/#\\\/schema\\\/person\\\/77d6b186c710ac38937c6ec204fdd387\"},\"headline\":\"Em parceria com a Emater, terapia resgata autoestima de produtoras do PAD-DF\",\"datePublished\":\"2020-05-19T12:51:48+00:00\",\"mainEntityOfPage\":{\"@id\":\"https:\\\/\\\/www.p31noticias.com.br\\\/?p=22012\"},\"wordCount\":1184,\"commentCount\":0,\"image\":{\"@id\":\"https:\\\/\\\/www.p31noticias.com.br\\\/?p=22012#primaryimage\"},\"thumbnailUrl\":\"https:\\\/\\\/www.p31noticias.com.br\\\/wp-content\\\/uploads\\\/2020\\\/05\\\/online.jpg\",\"articleSection\":[\"Outros\"],\"inLanguage\":\"pt-BR\",\"potentialAction\":[{\"@type\":\"CommentAction\",\"name\":\"Comment\",\"target\":[\"https:\\\/\\\/www.p31noticias.com.br\\\/?p=22012#respond\"]}],\"copyrightYear\":\"2020\",\"copyrightHolder\":{\"@id\":\"https:\\\/\\\/www.p31noticias.com.br\\\/#organization\"}},{\"@type\":\"WebPage\",\"@id\":\"https:\\\/\\\/www.p31noticias.com.br\\\/?p=22012\",\"url\":\"https:\\\/\\\/www.p31noticias.com.br\\\/?p=22012\",\"name\":\"Em parceria com a Emater, terapia resgata autoestima de produtoras do PAD-DF - P31\",\"isPartOf\":{\"@id\":\"https:\\\/\\\/www.p31noticias.com.br\\\/#website\"},\"primaryImageOfPage\":{\"@id\":\"https:\\\/\\\/www.p31noticias.com.br\\\/?p=22012#primaryimage\"},\"image\":{\"@id\":\"https:\\\/\\\/www.p31noticias.com.br\\\/?p=22012#primaryimage\"},\"thumbnailUrl\":\"https:\\\/\\\/www.p31noticias.com.br\\\/wp-content\\\/uploads\\\/2020\\\/05\\\/online.jpg\",\"datePublished\":\"2020-05-19T12:51:48+00:00\",\"author\":{\"@id\":\"https:\\\/\\\/www.p31noticias.com.br\\\/#\\\/schema\\\/person\\\/77d6b186c710ac38937c6ec204fdd387\"},\"breadcrumb\":{\"@id\":\"https:\\\/\\\/www.p31noticias.com.br\\\/?p=22012#breadcrumb\"},\"inLanguage\":\"pt-BR\",\"potentialAction\":[{\"@type\":\"ReadAction\",\"target\":[\"https:\\\/\\\/www.p31noticias.com.br\\\/?p=22012\"]}]},{\"@type\":\"ImageObject\",\"inLanguage\":\"pt-BR\",\"@id\":\"https:\\\/\\\/www.p31noticias.com.br\\\/?p=22012#primaryimage\",\"url\":\"https:\\\/\\\/www.p31noticias.com.br\\\/wp-content\\\/uploads\\\/2020\\\/05\\\/online.jpg\",\"contentUrl\":\"https:\\\/\\\/www.p31noticias.com.br\\\/wp-content\\\/uploads\\\/2020\\\/05\\\/online.jpg\",\"width\":800,\"height\":476,\"caption\":\"Woman video conferencing with tutor on laptop at home. Distance education concept.\"},{\"@type\":\"BreadcrumbList\",\"@id\":\"https:\\\/\\\/www.p31noticias.com.br\\\/?p=22012#breadcrumb\",\"itemListElement\":[{\"@type\":\"ListItem\",\"position\":1,\"name\":\"In\u00edcio\",\"item\":\"https:\\\/\\\/www.p31noticias.com.br\\\/\"},{\"@type\":\"ListItem\",\"position\":2,\"name\":\"Em parceria com a Emater, terapia resgata autoestima de produtoras do PAD-DF\"}]},{\"@type\":\"WebSite\",\"@id\":\"https:\\\/\\\/www.p31noticias.com.br\\\/#website\",\"url\":\"https:\\\/\\\/www.p31noticias.com.br\\\/\",\"name\":\"P31\",\"description\":\"NOT\u00cdCIAS\",\"potentialAction\":[{\"@type\":\"SearchAction\",\"target\":{\"@type\":\"EntryPoint\",\"urlTemplate\":\"https:\\\/\\\/www.p31noticias.com.br\\\/?s={search_term_string}\"},\"query-input\":{\"@type\":\"PropertyValueSpecification\",\"valueRequired\":true,\"valueName\":\"search_term_string\"}}],\"inLanguage\":\"pt-BR\"},{\"@type\":\"Person\",\"@id\":\"https:\\\/\\\/www.p31noticias.com.br\\\/#\\\/schema\\\/person\\\/77d6b186c710ac38937c6ec204fdd387\",\"name\":\"Reda\u00e7\u00e3o JBN\",\"image\":{\"@type\":\"ImageObject\",\"inLanguage\":\"pt-BR\",\"@id\":\"https:\\\/\\\/secure.gravatar.com\\\/avatar\\\/10fcdb93211f98cce3d64c0795b0915a9a4a21dc0f279238995a3dbfafcad090?s=96&d=mm&r=g\",\"url\":\"https:\\\/\\\/secure.gravatar.com\\\/avatar\\\/10fcdb93211f98cce3d64c0795b0915a9a4a21dc0f279238995a3dbfafcad090?s=96&d=mm&r=g\",\"contentUrl\":\"https:\\\/\\\/secure.gravatar.com\\\/avatar\\\/10fcdb93211f98cce3d64c0795b0915a9a4a21dc0f279238995a3dbfafcad090?s=96&d=mm&r=g\",\"caption\":\"Reda\u00e7\u00e3o JBN\"},\"sameAs\":[\"https:\\\/\\\/p31noticias.com.br\"],\"url\":\"https:\\\/\\\/www.p31noticias.com.br\\\/?author=18\"}]}<\/script>\n<!-- \/ Yoast SEO Premium plugin. -->","yoast_head_json":{"title":"Em parceria com a Emater, terapia resgata autoestima de produtoras do PAD-DF - P31","robots":{"index":"index","follow":"follow","max-snippet":"max-snippet:-1","max-image-preview":"max-image-preview:large","max-video-preview":"max-video-preview:-1"},"canonical":"https:\/\/www.p31noticias.com.br\/?p=22012","og_locale":"pt_BR","og_type":"article","og_title":"Em parceria com a Emater, terapia resgata autoestima de produtoras do PAD-DF","og_description":"Proporcionada pela Emater-DF, terapia com mulheres do PAD-DF tem resultados positivos Resgatar a autoestima e a sa\u00fade f\u00edsica e emocional de mulheres de \u00e1reas rurais foram as motiva\u00e7\u00f5es que levaram o escrit\u00f3rio da Emater-DF no n\u00facleo rural do PAD-DF, regi\u00e3o do Parano\u00e1, e um grupo de terapeutas a desenvolver um projeto volunt\u00e1rio na \u00e1rea. A [&hellip;]","og_url":"https:\/\/www.p31noticias.com.br\/?p=22012","og_site_name":"P31","article_published_time":"2020-05-19T12:51:48+00:00","og_image":[{"width":800,"height":476,"url":"https:\/\/www.p31noticias.com.br\/wp-content\/uploads\/2020\/05\/online.jpg","type":"image\/jpeg"}],"author":"Reda\u00e7\u00e3o JBN","twitter_card":"summary_large_image","twitter_misc":{"Escrito por":"Reda\u00e7\u00e3o JBN","Est. tempo de leitura":"6 minutos"},"schema":{"@context":"https:\/\/schema.org","@graph":[{"@type":"Article","@id":"https:\/\/www.p31noticias.com.br\/?p=22012#article","isPartOf":{"@id":"https:\/\/www.p31noticias.com.br\/?p=22012"},"author":{"name":"Reda\u00e7\u00e3o JBN","@id":"https:\/\/www.p31noticias.com.br\/#\/schema\/person\/77d6b186c710ac38937c6ec204fdd387"},"headline":"Em parceria com a Emater, terapia resgata autoestima de produtoras do PAD-DF","datePublished":"2020-05-19T12:51:48+00:00","mainEntityOfPage":{"@id":"https:\/\/www.p31noticias.com.br\/?p=22012"},"wordCount":1184,"commentCount":0,"image":{"@id":"https:\/\/www.p31noticias.com.br\/?p=22012#primaryimage"},"thumbnailUrl":"https:\/\/www.p31noticias.com.br\/wp-content\/uploads\/2020\/05\/online.jpg","articleSection":["Outros"],"inLanguage":"pt-BR","potentialAction":[{"@type":"CommentAction","name":"Comment","target":["https:\/\/www.p31noticias.com.br\/?p=22012#respond"]}],"copyrightYear":"2020","copyrightHolder":{"@id":"https:\/\/www.p31noticias.com.br\/#organization"}},{"@type":"WebPage","@id":"https:\/\/www.p31noticias.com.br\/?p=22012","url":"https:\/\/www.p31noticias.com.br\/?p=22012","name":"Em parceria com a Emater, terapia resgata autoestima de produtoras do PAD-DF - P31","isPartOf":{"@id":"https:\/\/www.p31noticias.com.br\/#website"},"primaryImageOfPage":{"@id":"https:\/\/www.p31noticias.com.br\/?p=22012#primaryimage"},"image":{"@id":"https:\/\/www.p31noticias.com.br\/?p=22012#primaryimage"},"thumbnailUrl":"https:\/\/www.p31noticias.com.br\/wp-content\/uploads\/2020\/05\/online.jpg","datePublished":"2020-05-19T12:51:48+00:00","author":{"@id":"https:\/\/www.p31noticias.com.br\/#\/schema\/person\/77d6b186c710ac38937c6ec204fdd387"},"breadcrumb":{"@id":"https:\/\/www.p31noticias.com.br\/?p=22012#breadcrumb"},"inLanguage":"pt-BR","potentialAction":[{"@type":"ReadAction","target":["https:\/\/www.p31noticias.com.br\/?p=22012"]}]},{"@type":"ImageObject","inLanguage":"pt-BR","@id":"https:\/\/www.p31noticias.com.br\/?p=22012#primaryimage","url":"https:\/\/www.p31noticias.com.br\/wp-content\/uploads\/2020\/05\/online.jpg","contentUrl":"https:\/\/www.p31noticias.com.br\/wp-content\/uploads\/2020\/05\/online.jpg","width":800,"height":476,"caption":"Woman video conferencing with tutor on laptop at home. Distance education concept."},{"@type":"BreadcrumbList","@id":"https:\/\/www.p31noticias.com.br\/?p=22012#breadcrumb","itemListElement":[{"@type":"ListItem","position":1,"name":"In\u00edcio","item":"https:\/\/www.p31noticias.com.br\/"},{"@type":"ListItem","position":2,"name":"Em parceria com a Emater, terapia resgata autoestima de produtoras do PAD-DF"}]},{"@type":"WebSite","@id":"https:\/\/www.p31noticias.com.br\/#website","url":"https:\/\/www.p31noticias.com.br\/","name":"P31","description":"NOT\u00cdCIAS","potentialAction":[{"@type":"SearchAction","target":{"@type":"EntryPoint","urlTemplate":"https:\/\/www.p31noticias.com.br\/?s={search_term_string}"},"query-input":{"@type":"PropertyValueSpecification","valueRequired":true,"valueName":"search_term_string"}}],"inLanguage":"pt-BR"},{"@type":"Person","@id":"https:\/\/www.p31noticias.com.br\/#\/schema\/person\/77d6b186c710ac38937c6ec204fdd387","name":"Reda\u00e7\u00e3o JBN","image":{"@type":"ImageObject","inLanguage":"pt-BR","@id":"https:\/\/secure.gravatar.com\/avatar\/10fcdb93211f98cce3d64c0795b0915a9a4a21dc0f279238995a3dbfafcad090?s=96&d=mm&r=g","url":"https:\/\/secure.gravatar.com\/avatar\/10fcdb93211f98cce3d64c0795b0915a9a4a21dc0f279238995a3dbfafcad090?s=96&d=mm&r=g","contentUrl":"https:\/\/secure.gravatar.com\/avatar\/10fcdb93211f98cce3d64c0795b0915a9a4a21dc0f279238995a3dbfafcad090?s=96&d=mm&r=g","caption":"Reda\u00e7\u00e3o JBN"},"sameAs":["https:\/\/p31noticias.com.br"],"url":"https:\/\/www.p31noticias.com.br\/?author=18"}]}},"amp_enabled":true,"_links":{"self":[{"href":"https:\/\/www.p31noticias.com.br\/index.php?rest_route=\/wp\/v2\/posts\/22012","targetHints":{"allow":["GET"]}}],"collection":[{"href":"https:\/\/www.p31noticias.com.br\/index.php?rest_route=\/wp\/v2\/posts"}],"about":[{"href":"https:\/\/www.p31noticias.com.br\/index.php?rest_route=\/wp\/v2\/types\/post"}],"author":[{"embeddable":true,"href":"https:\/\/www.p31noticias.com.br\/index.php?rest_route=\/wp\/v2\/users\/18"}],"replies":[{"embeddable":true,"href":"https:\/\/www.p31noticias.com.br\/index.php?rest_route=%2Fwp%2Fv2%2Fcomments&post=22012"}],"version-history":[{"count":0,"href":"https:\/\/www.p31noticias.com.br\/index.php?rest_route=\/wp\/v2\/posts\/22012\/revisions"}],"wp:featuredmedia":[{"embeddable":true,"href":"https:\/\/www.p31noticias.com.br\/index.php?rest_route=\/wp\/v2\/media\/21994"}],"wp:attachment":[{"href":"https:\/\/www.p31noticias.com.br\/index.php?rest_route=%2Fwp%2Fv2%2Fmedia&parent=22012"}],"wp:term":[{"taxonomy":"category","embeddable":true,"href":"https:\/\/www.p31noticias.com.br\/index.php?rest_route=%2Fwp%2Fv2%2Fcategories&post=22012"},{"taxonomy":"post_tag","embeddable":true,"href":"https:\/\/www.p31noticias.com.br\/index.php?rest_route=%2Fwp%2Fv2%2Ftags&post=22012"}],"curies":[{"name":"wp","href":"https:\/\/api.w.org\/{rel}","templated":true}]}}