{"id":22010,"date":"2020-05-17T10:38:44","date_gmt":"2020-05-17T13:38:44","guid":{"rendered":"https:\/\/jornaldoplanalto.com.br\/web\/?p=21983"},"modified":"2020-05-17T10:38:44","modified_gmt":"2020-05-17T13:38:44","slug":"stf-diplomatas-venezuelanos-podem-ficar-no-brasil-ate-fim-da-pandemia","status":"publish","type":"post","link":"https:\/\/www.p31noticias.com.br\/?p=22010","title":{"rendered":"STF: diplomatas venezuelanos podem ficar no Brasil at\u00e9 fim da pandemia"},"content":{"rendered":"<p><em><strong>Decis\u00e3o foi tomada neste s\u00e1bado pelo ministro Lu\u00eds Roberto Barroso<\/strong><\/em><\/p>\n<p>O ministro Lu\u00eds Roberto Barroso, do Supremo Tribunal Federal (STF), decidiu que os 34 diplomatas venezuelanos podem permanecer no Brasil enquanto durar o estado de calamidade p\u00fablica e emerg\u00eancia sanit\u00e1ria reconhecido pelo Congresso Nacional em raz\u00e3o da pandemia de covid-19. Barroso ratificou a liminar deferida no dia 2 de maio, pedida pelo deputado Paulo Pimenta (PT-RS), suspendendo a expuls\u00e3o do corpo diplom\u00e1tico da Venezuela no Brasil.<\/p>\n<p>A Advocacia-Geral da Uni\u00e3o (AGU) e o Minist\u00e9rio das Rela\u00e7\u00f5es Exteriores se manifestaram contra a decis\u00e3o, argumentando, entre outras coisas, que compete ao presidente da Rep\u00fablica, por atribui\u00e7\u00e3o constitucional, decidir sobre as rela\u00e7\u00f5es internacionais do pa\u00eds.<\/p>\n<p>Na medida expedida neste s\u00e1bado, Barroso reconheceu o protagonismo do presidente na rela\u00e7\u00e3o com Estados estrangeiros e que n\u00e3o cabe ao Judici\u00e1rio rever a decis\u00e3o do governo de retirar o status diplom\u00e1tico dos representantes do governo venezuelano. Ainda assim, o ministro do STF ponderou que \u201cn\u00e3o se trata, naturalmente, de um poder absoluto\u201d e que, como toda e qualquer autoridade p\u00fablica em um Estado democr\u00e1tico de direito, o presidente da Rep\u00fablica est\u00e1 sujeito aos limites impostos pela Constitui\u00e7\u00e3o, pelas leis e pelas obriga\u00e7\u00f5es internacionais assumidas pelo pa\u00eds, que tamb\u00e9m passam pelo Congresso Nacional.<\/p>\n<p>\u201cCrit\u00e9rios puramente formais na interpreta\u00e7\u00e3o da separa\u00e7\u00e3o de Poderes, com indiferen\u00e7a \u00e0s consequ\u00eancias que produzir\u00e3o na realidade, j\u00e1 prevaleceram na jurisprud\u00eancia em outros tempos. E, n\u00e3o por acaso, permitiram decis\u00f5es como a que levou \u00e0 entrega de Olga Benario \u00e0 Alemanha nazista. A hip\u00f3tese aqui se afigura menos dram\u00e1tica, mas a ideia subjacente \u00e9 a mesma: onde h\u00e1 risco grave para os direitos fundamentais de quem quer que seja, aplica-se o princ\u00edpio da precau\u00e7\u00e3o&#8221;.<\/p>\n<p>&#8220;N\u00e3o h\u00e1 urg\u00eancia ou emerg\u00eancia na retirada dos pacientes [diplomatas], sendo poss\u00edvel e razo\u00e1vel aguardar at\u00e9 o Congresso revogar o estado de calamidade p\u00fablica e emerg\u00eancia sanit\u00e1ria que vivemos\u201d, escreveu o ministro em sua decis\u00e3o.<\/p>\n<p>Barroso considerou que o Brasil \u00e9 signat\u00e1rio de tratados internacionais que impedem a retirada de estrangeiros do pa\u00eds, quando essa medida coloca em risco a vida e a integridade desses indiv\u00edduos. No caso atual, o mundo vive uma pandemia reconhecida pela Organiza\u00e7\u00e3o Mundial da Sa\u00fade e com restri\u00e7\u00f5es \u00e0 movimenta\u00e7\u00e3o de pessoas. Para o ministro, caso sejam expulsos do Brasil, os diplomatas estar\u00e3o expostos \u00e0 covid-19.<\/p>\n<p>Ele lembrou ainda que a Conven\u00e7\u00e3o de Viena, que rege as rela\u00e7\u00f5es diplom\u00e1ticas e consulares entre os pa\u00edses, estabelece medidas razo\u00e1veis para a sa\u00edda de agentes diplom\u00e1ticos ap\u00f3s a sua desacredita\u00e7\u00e3o.<\/p>\n<p>Segundo Barroso, essa decis\u00e3o n\u00e3o restabelece o status diplom\u00e1tico aos venezuelanos, que est\u00e3o sujeitos \u00e0s regras da Lei de Migra\u00e7\u00e3o, como qualquer estrangeiro. Entretanto, deve ser observada a inviolabilidade dos pr\u00e9dios e bens prevista na Conven\u00e7\u00e3o de Viena.<\/p>\n<p>\u201cDiante disso, n\u00e3o se discute que os pacientes deixaram de ser representantes do governo venezuelano perante o Estado brasileiro e podem ser considerados personae non gratae [pessoas indesejadas, que n\u00e3o s\u00e3o bem-vindas]. A decis\u00e3o do presidente da Rep\u00fablica, portanto, \u00e9 v\u00e1lida e subsistente. Apenas ter\u00e1 sua execu\u00e7\u00e3o temporariamente suspensa\u201d, diz a decis\u00e3o.<\/p>\n<p><em>(Por Andreia Verd\u00e9lio &#8211; Rep\u00f3rter da Ag\u00eancia Brasil &#8211; Bras\u00edlia. Foto: Fernando Fraz\u00e3o\/Ag\u00eancia Brasil)<\/em><\/p>\n","protected":false},"excerpt":{"rendered":"<p>Decis\u00e3o foi tomada neste s\u00e1bado pelo ministro Lu\u00eds Roberto Barroso O ministro Lu\u00eds Roberto Barroso, do Supremo Tribunal Federal (STF), decidiu que os 34 diplomatas venezuelanos podem permanecer no Brasil enquanto durar o estado de calamidade p\u00fablica e emerg\u00eancia sanit\u00e1ria reconhecido pelo Congresso Nacional em raz\u00e3o da pandemia de covid-19. Barroso ratificou a liminar deferida [&hellip;]<\/p>\n","protected":false},"author":18,"featured_media":21984,"comment_status":"open","ping_status":"open","sticky":false,"template":"","format":"standard","meta":{"footnotes":""},"categories":[68],"tags":[],"class_list":{"0":"post-22010","1":"post","2":"type-post","3":"status-publish","4":"format-standard","5":"has-post-thumbnail","7":"category-brasil"},"yoast_head":"<!-- This site is optimized with the Yoast SEO Premium plugin v24.5 (Yoast SEO v27.5) - https:\/\/yoast.com\/product\/yoast-seo-premium-wordpress\/ -->\n<title>STF: diplomatas venezuelanos podem ficar no Brasil at\u00e9 fim da pandemia - P31<\/title>\n<meta name=\"robots\" content=\"index, follow, max-snippet:-1, max-image-preview:large, max-video-preview:-1\" \/>\n<link rel=\"canonical\" href=\"https:\/\/www.p31noticias.com.br\/?p=22010\" \/>\n<meta property=\"og:locale\" content=\"pt_BR\" \/>\n<meta property=\"og:type\" content=\"article\" \/>\n<meta property=\"og:title\" content=\"STF: diplomatas venezuelanos podem ficar no Brasil at\u00e9 fim da pandemia\" \/>\n<meta property=\"og:description\" content=\"Decis\u00e3o foi tomada neste s\u00e1bado pelo ministro Lu\u00eds Roberto Barroso O ministro Lu\u00eds Roberto Barroso, do Supremo Tribunal Federal (STF), decidiu que os 34 diplomatas venezuelanos podem permanecer no Brasil enquanto durar o estado de calamidade p\u00fablica e emerg\u00eancia sanit\u00e1ria reconhecido pelo Congresso Nacional em raz\u00e3o da pandemia de covid-19. Barroso ratificou a liminar deferida [&hellip;]\" \/>\n<meta property=\"og:url\" content=\"https:\/\/www.p31noticias.com.br\/?p=22010\" \/>\n<meta property=\"og:site_name\" content=\"P31\" \/>\n<meta property=\"article:published_time\" content=\"2020-05-17T13:38:44+00:00\" \/>\n<meta name=\"author\" content=\"Reda\u00e7\u00e3o JBN\" \/>\n<meta name=\"twitter:card\" content=\"summary_large_image\" \/>\n<meta name=\"twitter:label1\" content=\"Escrito por\" \/>\n\t<meta name=\"twitter:data1\" content=\"Reda\u00e7\u00e3o JBN\" \/>\n\t<meta name=\"twitter:label2\" content=\"Est. tempo de leitura\" \/>\n\t<meta name=\"twitter:data2\" content=\"3 minutos\" \/>\n<script type=\"application\/ld+json\" class=\"yoast-schema-graph\">{\"@context\":\"https:\\\/\\\/schema.org\",\"@graph\":[{\"@type\":\"Article\",\"@id\":\"https:\\\/\\\/www.p31noticias.com.br\\\/?p=22010#article\",\"isPartOf\":{\"@id\":\"https:\\\/\\\/www.p31noticias.com.br\\\/?p=22010\"},\"author\":{\"name\":\"Reda\u00e7\u00e3o JBN\",\"@id\":\"https:\\\/\\\/www.p31noticias.com.br\\\/#\\\/schema\\\/person\\\/77d6b186c710ac38937c6ec204fdd387\"},\"headline\":\"STF: diplomatas venezuelanos podem ficar no Brasil at\u00e9 fim da pandemia\",\"datePublished\":\"2020-05-17T13:38:44+00:00\",\"mainEntityOfPage\":{\"@id\":\"https:\\\/\\\/www.p31noticias.com.br\\\/?p=22010\"},\"wordCount\":610,\"commentCount\":0,\"image\":{\"@id\":\"https:\\\/\\\/www.p31noticias.com.br\\\/?p=22010#primaryimage\"},\"thumbnailUrl\":\"\",\"articleSection\":[\"Brasil\"],\"inLanguage\":\"pt-BR\",\"potentialAction\":[{\"@type\":\"CommentAction\",\"name\":\"Comment\",\"target\":[\"https:\\\/\\\/www.p31noticias.com.br\\\/?p=22010#respond\"]}],\"copyrightYear\":\"2020\",\"copyrightHolder\":{\"@id\":\"https:\\\/\\\/www.p31noticias.com.br\\\/#organization\"}},{\"@type\":\"WebPage\",\"@id\":\"https:\\\/\\\/www.p31noticias.com.br\\\/?p=22010\",\"url\":\"https:\\\/\\\/www.p31noticias.com.br\\\/?p=22010\",\"name\":\"STF: diplomatas venezuelanos podem ficar no Brasil at\u00e9 fim da pandemia - P31\",\"isPartOf\":{\"@id\":\"https:\\\/\\\/www.p31noticias.com.br\\\/#website\"},\"primaryImageOfPage\":{\"@id\":\"https:\\\/\\\/www.p31noticias.com.br\\\/?p=22010#primaryimage\"},\"image\":{\"@id\":\"https:\\\/\\\/www.p31noticias.com.br\\\/?p=22010#primaryimage\"},\"thumbnailUrl\":\"\",\"datePublished\":\"2020-05-17T13:38:44+00:00\",\"author\":{\"@id\":\"https:\\\/\\\/www.p31noticias.com.br\\\/#\\\/schema\\\/person\\\/77d6b186c710ac38937c6ec204fdd387\"},\"breadcrumb\":{\"@id\":\"https:\\\/\\\/www.p31noticias.com.br\\\/?p=22010#breadcrumb\"},\"inLanguage\":\"pt-BR\",\"potentialAction\":[{\"@type\":\"ReadAction\",\"target\":[\"https:\\\/\\\/www.p31noticias.com.br\\\/?p=22010\"]}]},{\"@type\":\"ImageObject\",\"inLanguage\":\"pt-BR\",\"@id\":\"https:\\\/\\\/www.p31noticias.com.br\\\/?p=22010#primaryimage\",\"url\":\"\",\"contentUrl\":\"\"},{\"@type\":\"BreadcrumbList\",\"@id\":\"https:\\\/\\\/www.p31noticias.com.br\\\/?p=22010#breadcrumb\",\"itemListElement\":[{\"@type\":\"ListItem\",\"position\":1,\"name\":\"In\u00edcio\",\"item\":\"https:\\\/\\\/www.p31noticias.com.br\\\/\"},{\"@type\":\"ListItem\",\"position\":2,\"name\":\"STF: diplomatas venezuelanos podem ficar no Brasil at\u00e9 fim da pandemia\"}]},{\"@type\":\"WebSite\",\"@id\":\"https:\\\/\\\/www.p31noticias.com.br\\\/#website\",\"url\":\"https:\\\/\\\/www.p31noticias.com.br\\\/\",\"name\":\"P31\",\"description\":\"NOT\u00cdCIAS\",\"potentialAction\":[{\"@type\":\"SearchAction\",\"target\":{\"@type\":\"EntryPoint\",\"urlTemplate\":\"https:\\\/\\\/www.p31noticias.com.br\\\/?s={search_term_string}\"},\"query-input\":{\"@type\":\"PropertyValueSpecification\",\"valueRequired\":true,\"valueName\":\"search_term_string\"}}],\"inLanguage\":\"pt-BR\"},{\"@type\":\"Person\",\"@id\":\"https:\\\/\\\/www.p31noticias.com.br\\\/#\\\/schema\\\/person\\\/77d6b186c710ac38937c6ec204fdd387\",\"name\":\"Reda\u00e7\u00e3o JBN\",\"image\":{\"@type\":\"ImageObject\",\"inLanguage\":\"pt-BR\",\"@id\":\"https:\\\/\\\/secure.gravatar.com\\\/avatar\\\/10fcdb93211f98cce3d64c0795b0915a9a4a21dc0f279238995a3dbfafcad090?s=96&d=mm&r=g\",\"url\":\"https:\\\/\\\/secure.gravatar.com\\\/avatar\\\/10fcdb93211f98cce3d64c0795b0915a9a4a21dc0f279238995a3dbfafcad090?s=96&d=mm&r=g\",\"contentUrl\":\"https:\\\/\\\/secure.gravatar.com\\\/avatar\\\/10fcdb93211f98cce3d64c0795b0915a9a4a21dc0f279238995a3dbfafcad090?s=96&d=mm&r=g\",\"caption\":\"Reda\u00e7\u00e3o JBN\"},\"sameAs\":[\"https:\\\/\\\/p31noticias.com.br\"],\"url\":\"https:\\\/\\\/www.p31noticias.com.br\\\/?author=18\"}]}<\/script>\n<!-- \/ Yoast SEO Premium plugin. -->","yoast_head_json":{"title":"STF: diplomatas venezuelanos podem ficar no Brasil at\u00e9 fim da pandemia - P31","robots":{"index":"index","follow":"follow","max-snippet":"max-snippet:-1","max-image-preview":"max-image-preview:large","max-video-preview":"max-video-preview:-1"},"canonical":"https:\/\/www.p31noticias.com.br\/?p=22010","og_locale":"pt_BR","og_type":"article","og_title":"STF: diplomatas venezuelanos podem ficar no Brasil at\u00e9 fim da pandemia","og_description":"Decis\u00e3o foi tomada neste s\u00e1bado pelo ministro Lu\u00eds Roberto Barroso O ministro Lu\u00eds Roberto Barroso, do Supremo Tribunal Federal (STF), decidiu que os 34 diplomatas venezuelanos podem permanecer no Brasil enquanto durar o estado de calamidade p\u00fablica e emerg\u00eancia sanit\u00e1ria reconhecido pelo Congresso Nacional em raz\u00e3o da pandemia de covid-19. Barroso ratificou a liminar deferida [&hellip;]","og_url":"https:\/\/www.p31noticias.com.br\/?p=22010","og_site_name":"P31","article_published_time":"2020-05-17T13:38:44+00:00","author":"Reda\u00e7\u00e3o JBN","twitter_card":"summary_large_image","twitter_misc":{"Escrito por":"Reda\u00e7\u00e3o JBN","Est. tempo de leitura":"3 minutos"},"schema":{"@context":"https:\/\/schema.org","@graph":[{"@type":"Article","@id":"https:\/\/www.p31noticias.com.br\/?p=22010#article","isPartOf":{"@id":"https:\/\/www.p31noticias.com.br\/?p=22010"},"author":{"name":"Reda\u00e7\u00e3o JBN","@id":"https:\/\/www.p31noticias.com.br\/#\/schema\/person\/77d6b186c710ac38937c6ec204fdd387"},"headline":"STF: diplomatas venezuelanos podem ficar no Brasil at\u00e9 fim da pandemia","datePublished":"2020-05-17T13:38:44+00:00","mainEntityOfPage":{"@id":"https:\/\/www.p31noticias.com.br\/?p=22010"},"wordCount":610,"commentCount":0,"image":{"@id":"https:\/\/www.p31noticias.com.br\/?p=22010#primaryimage"},"thumbnailUrl":"","articleSection":["Brasil"],"inLanguage":"pt-BR","potentialAction":[{"@type":"CommentAction","name":"Comment","target":["https:\/\/www.p31noticias.com.br\/?p=22010#respond"]}],"copyrightYear":"2020","copyrightHolder":{"@id":"https:\/\/www.p31noticias.com.br\/#organization"}},{"@type":"WebPage","@id":"https:\/\/www.p31noticias.com.br\/?p=22010","url":"https:\/\/www.p31noticias.com.br\/?p=22010","name":"STF: diplomatas venezuelanos podem ficar no Brasil at\u00e9 fim da pandemia - P31","isPartOf":{"@id":"https:\/\/www.p31noticias.com.br\/#website"},"primaryImageOfPage":{"@id":"https:\/\/www.p31noticias.com.br\/?p=22010#primaryimage"},"image":{"@id":"https:\/\/www.p31noticias.com.br\/?p=22010#primaryimage"},"thumbnailUrl":"","datePublished":"2020-05-17T13:38:44+00:00","author":{"@id":"https:\/\/www.p31noticias.com.br\/#\/schema\/person\/77d6b186c710ac38937c6ec204fdd387"},"breadcrumb":{"@id":"https:\/\/www.p31noticias.com.br\/?p=22010#breadcrumb"},"inLanguage":"pt-BR","potentialAction":[{"@type":"ReadAction","target":["https:\/\/www.p31noticias.com.br\/?p=22010"]}]},{"@type":"ImageObject","inLanguage":"pt-BR","@id":"https:\/\/www.p31noticias.com.br\/?p=22010#primaryimage","url":"","contentUrl":""},{"@type":"BreadcrumbList","@id":"https:\/\/www.p31noticias.com.br\/?p=22010#breadcrumb","itemListElement":[{"@type":"ListItem","position":1,"name":"In\u00edcio","item":"https:\/\/www.p31noticias.com.br\/"},{"@type":"ListItem","position":2,"name":"STF: diplomatas venezuelanos podem ficar no Brasil at\u00e9 fim da pandemia"}]},{"@type":"WebSite","@id":"https:\/\/www.p31noticias.com.br\/#website","url":"https:\/\/www.p31noticias.com.br\/","name":"P31","description":"NOT\u00cdCIAS","potentialAction":[{"@type":"SearchAction","target":{"@type":"EntryPoint","urlTemplate":"https:\/\/www.p31noticias.com.br\/?s={search_term_string}"},"query-input":{"@type":"PropertyValueSpecification","valueRequired":true,"valueName":"search_term_string"}}],"inLanguage":"pt-BR"},{"@type":"Person","@id":"https:\/\/www.p31noticias.com.br\/#\/schema\/person\/77d6b186c710ac38937c6ec204fdd387","name":"Reda\u00e7\u00e3o JBN","image":{"@type":"ImageObject","inLanguage":"pt-BR","@id":"https:\/\/secure.gravatar.com\/avatar\/10fcdb93211f98cce3d64c0795b0915a9a4a21dc0f279238995a3dbfafcad090?s=96&d=mm&r=g","url":"https:\/\/secure.gravatar.com\/avatar\/10fcdb93211f98cce3d64c0795b0915a9a4a21dc0f279238995a3dbfafcad090?s=96&d=mm&r=g","contentUrl":"https:\/\/secure.gravatar.com\/avatar\/10fcdb93211f98cce3d64c0795b0915a9a4a21dc0f279238995a3dbfafcad090?s=96&d=mm&r=g","caption":"Reda\u00e7\u00e3o JBN"},"sameAs":["https:\/\/p31noticias.com.br"],"url":"https:\/\/www.p31noticias.com.br\/?author=18"}]}},"amp_enabled":true,"_links":{"self":[{"href":"https:\/\/www.p31noticias.com.br\/index.php?rest_route=\/wp\/v2\/posts\/22010","targetHints":{"allow":["GET"]}}],"collection":[{"href":"https:\/\/www.p31noticias.com.br\/index.php?rest_route=\/wp\/v2\/posts"}],"about":[{"href":"https:\/\/www.p31noticias.com.br\/index.php?rest_route=\/wp\/v2\/types\/post"}],"author":[{"embeddable":true,"href":"https:\/\/www.p31noticias.com.br\/index.php?rest_route=\/wp\/v2\/users\/18"}],"replies":[{"embeddable":true,"href":"https:\/\/www.p31noticias.com.br\/index.php?rest_route=%2Fwp%2Fv2%2Fcomments&post=22010"}],"version-history":[{"count":0,"href":"https:\/\/www.p31noticias.com.br\/index.php?rest_route=\/wp\/v2\/posts\/22010\/revisions"}],"wp:featuredmedia":[{"embeddable":true,"href":"https:\/\/www.p31noticias.com.br\/index.php?rest_route=\/wp\/v2\/posts\/21984"}],"wp:attachment":[{"href":"https:\/\/www.p31noticias.com.br\/index.php?rest_route=%2Fwp%2Fv2%2Fmedia&parent=22010"}],"wp:term":[{"taxonomy":"category","embeddable":true,"href":"https:\/\/www.p31noticias.com.br\/index.php?rest_route=%2Fwp%2Fv2%2Fcategories&post=22010"},{"taxonomy":"post_tag","embeddable":true,"href":"https:\/\/www.p31noticias.com.br\/index.php?rest_route=%2Fwp%2Fv2%2Ftags&post=22010"}],"curies":[{"name":"wp","href":"https:\/\/api.w.org\/{rel}","templated":true}]}}