{"id":22008,"date":"2020-05-16T11:36:52","date_gmt":"2020-05-16T14:36:52","guid":{"rendered":"https:\/\/jornaldoplanalto.com.br\/web\/?p=21974"},"modified":"2020-05-16T11:36:52","modified_gmt":"2020-05-16T14:36:52","slug":"taxa-de-desemprego-de-jovens-atinge-271","status":"publish","type":"post","link":"https:\/\/www.p31noticias.com.br\/?p=22008","title":{"rendered":"Taxa de desemprego de jovens atinge 27,1%"},"content":{"rendered":"<p>A taxa de desemprego entre os jovens\u00a0brasileiros de 18 a 24 anos de idade ficou em 27,1% no primeiro trimestre de 2020, bem acima da m\u00e9dia geral de 12,2% do pa\u00eds\u00a0no per\u00edodo. Este comportamento foi verificado nas cinco grandes regi\u00f5es, com destaque para o Nordeste, onde a estimativa foi de 34,1% de desempregados nesta faixa et\u00e1ria.\u00a0Os dados s\u00e3o da Pesquisa Nacional por Amostra de Domic\u00edlios \u2013 Cont\u00ednua (Pnad Cont\u00ednua), divulgada nesta sexta-feira (15) pelo Instituto Brasileiro de Geografia e Estat\u00edstica (IBGE).<\/p>\n<p>O desemprego entre os jovens cresceu em rela\u00e7\u00e3o ao \u00faltimo trimestre de 2019, quando a taxa era de 23,8%. Segundo a pesquisadora do IBGE Adriana Beringuy, o crescimento \u00e9 esperado devido \u00e0s dispensas de trabalhadores tempor\u00e1rios contratados para o per\u00edodo de final do ano. \u201cA maior parte dos tempor\u00e1rios dispensados no in\u00edcio do ano s\u00e3o jovens, o que faz com que a queda no n\u00edvel de ocupa\u00e7\u00e3o seja maior nesta faixa\u201d, explica Adriana.<\/p>\n<p>Outro dado da pesquisa \u00e9 que a taxa entre as mulheres brasileiras ficou em 14,5% no primeiro trimestre deste ano, 4,1 pontos percentuais acima da taxa observada entre os homens no mesmo per\u00edodo (10,4%).\u00a0 Os dados tamb\u00e9m mostram disparidade entre as pessoas que autodeclararam sua cor para o IBGE. A taxa entre os brancos ficou em 9,8%, bem abaixo das pessoas pardas (14%) e pretas (15,2%).<\/p>\n<p>Para o contingente de pessoas com ensino m\u00e9dio incompleto, a taxa ficou em 20,4%, superior \u00e0 verificada para os demais n\u00edveis de instru\u00e7\u00e3o. Aqueles com n\u00edvel superior completo registraram uma taxa de 6,3%.<\/p>\n<h2>Estados<\/h2>\n<p>As maiores taxas de desemprego no primeiro trimestre deste ano foram registradas na Bahia (18,7%), Amap\u00e1 (17,2%), Alagoas e Roraima (16,5%). As menores ficaram com Santa Catarina (5,7%), Mato Grosso do Sul (7,6%) e Paran\u00e1 (7,9%).<\/p>\n<p>Na compara\u00e7\u00e3o com o \u00faltimo trimestre de 2019, a taxa de desemprego cresceu em 12 locais, permanecendo est\u00e1vel nas outras 15 unidades da federa\u00e7\u00e3o. Os estados com maiores altas foram Maranh\u00e3o (3,9 pontos percentuais, chegando a 16,1% no primeiro trimestre), Alagoas (2,9 pontos percentuais, chegando a 16,5%) e Rio Grande do Norte (2,7 pontos percentuais, chegando a 15,4%).<\/p>\n<p><em>(Ag\u00eancia Brasil)<\/em><\/p>\n<p>&nbsp;<\/p>\n","protected":false},"excerpt":{"rendered":"<p>A taxa de desemprego entre os jovens\u00a0brasileiros de 18 a 24 anos de idade ficou em 27,1% no primeiro trimestre de 2020, bem acima da m\u00e9dia geral de 12,2% do pa\u00eds\u00a0no per\u00edodo. Este comportamento foi verificado nas cinco grandes regi\u00f5es, com destaque para o Nordeste, onde a estimativa foi de 34,1% de desempregados nesta faixa [&hellip;]<\/p>\n","protected":false},"author":18,"featured_media":21975,"comment_status":"open","ping_status":"open","sticky":false,"template":"","format":"standard","meta":{"footnotes":""},"categories":[68],"tags":[],"class_list":{"0":"post-22008","1":"post","2":"type-post","3":"status-publish","4":"format-standard","5":"has-post-thumbnail","7":"category-brasil"},"yoast_head":"<!-- This site is optimized with the Yoast SEO Premium plugin v24.5 (Yoast SEO v27.5) - https:\/\/yoast.com\/product\/yoast-seo-premium-wordpress\/ -->\n<title>Taxa de desemprego de jovens atinge 27,1% - P31<\/title>\n<meta name=\"robots\" content=\"index, follow, max-snippet:-1, max-image-preview:large, max-video-preview:-1\" \/>\n<link rel=\"canonical\" href=\"https:\/\/www.p31noticias.com.br\/?p=22008\" \/>\n<meta property=\"og:locale\" content=\"pt_BR\" \/>\n<meta property=\"og:type\" content=\"article\" \/>\n<meta property=\"og:title\" content=\"Taxa de desemprego de jovens atinge 27,1%\" \/>\n<meta property=\"og:description\" content=\"A taxa de desemprego entre os jovens\u00a0brasileiros de 18 a 24 anos de idade ficou em 27,1% no primeiro trimestre de 2020, bem acima da m\u00e9dia geral de 12,2% do pa\u00eds\u00a0no per\u00edodo. Este comportamento foi verificado nas cinco grandes regi\u00f5es, com destaque para o Nordeste, onde a estimativa foi de 34,1% de desempregados nesta faixa [&hellip;]\" \/>\n<meta property=\"og:url\" content=\"https:\/\/www.p31noticias.com.br\/?p=22008\" \/>\n<meta property=\"og:site_name\" content=\"P31\" \/>\n<meta property=\"article:published_time\" content=\"2020-05-16T14:36:52+00:00\" \/>\n<meta name=\"author\" content=\"Reda\u00e7\u00e3o JBN\" \/>\n<meta name=\"twitter:card\" content=\"summary_large_image\" \/>\n<meta name=\"twitter:label1\" content=\"Escrito por\" \/>\n\t<meta name=\"twitter:data1\" content=\"Reda\u00e7\u00e3o JBN\" \/>\n\t<meta name=\"twitter:label2\" content=\"Est. tempo de leitura\" \/>\n\t<meta name=\"twitter:data2\" content=\"2 minutos\" \/>\n<script type=\"application\/ld+json\" class=\"yoast-schema-graph\">{\"@context\":\"https:\\\/\\\/schema.org\",\"@graph\":[{\"@type\":\"Article\",\"@id\":\"https:\\\/\\\/www.p31noticias.com.br\\\/?p=22008#article\",\"isPartOf\":{\"@id\":\"https:\\\/\\\/www.p31noticias.com.br\\\/?p=22008\"},\"author\":{\"name\":\"Reda\u00e7\u00e3o JBN\",\"@id\":\"https:\\\/\\\/www.p31noticias.com.br\\\/#\\\/schema\\\/person\\\/77d6b186c710ac38937c6ec204fdd387\"},\"headline\":\"Taxa de desemprego de jovens atinge 27,1%\",\"datePublished\":\"2020-05-16T14:36:52+00:00\",\"mainEntityOfPage\":{\"@id\":\"https:\\\/\\\/www.p31noticias.com.br\\\/?p=22008\"},\"wordCount\":353,\"commentCount\":0,\"image\":{\"@id\":\"https:\\\/\\\/www.p31noticias.com.br\\\/?p=22008#primaryimage\"},\"thumbnailUrl\":\"\",\"articleSection\":[\"Brasil\"],\"inLanguage\":\"pt-BR\",\"potentialAction\":[{\"@type\":\"CommentAction\",\"name\":\"Comment\",\"target\":[\"https:\\\/\\\/www.p31noticias.com.br\\\/?p=22008#respond\"]}],\"copyrightYear\":\"2020\",\"copyrightHolder\":{\"@id\":\"https:\\\/\\\/www.p31noticias.com.br\\\/#organization\"}},{\"@type\":\"WebPage\",\"@id\":\"https:\\\/\\\/www.p31noticias.com.br\\\/?p=22008\",\"url\":\"https:\\\/\\\/www.p31noticias.com.br\\\/?p=22008\",\"name\":\"Taxa de desemprego de jovens atinge 27,1% - P31\",\"isPartOf\":{\"@id\":\"https:\\\/\\\/www.p31noticias.com.br\\\/#website\"},\"primaryImageOfPage\":{\"@id\":\"https:\\\/\\\/www.p31noticias.com.br\\\/?p=22008#primaryimage\"},\"image\":{\"@id\":\"https:\\\/\\\/www.p31noticias.com.br\\\/?p=22008#primaryimage\"},\"thumbnailUrl\":\"\",\"datePublished\":\"2020-05-16T14:36:52+00:00\",\"author\":{\"@id\":\"https:\\\/\\\/www.p31noticias.com.br\\\/#\\\/schema\\\/person\\\/77d6b186c710ac38937c6ec204fdd387\"},\"breadcrumb\":{\"@id\":\"https:\\\/\\\/www.p31noticias.com.br\\\/?p=22008#breadcrumb\"},\"inLanguage\":\"pt-BR\",\"potentialAction\":[{\"@type\":\"ReadAction\",\"target\":[\"https:\\\/\\\/www.p31noticias.com.br\\\/?p=22008\"]}]},{\"@type\":\"ImageObject\",\"inLanguage\":\"pt-BR\",\"@id\":\"https:\\\/\\\/www.p31noticias.com.br\\\/?p=22008#primaryimage\",\"url\":\"\",\"contentUrl\":\"\"},{\"@type\":\"BreadcrumbList\",\"@id\":\"https:\\\/\\\/www.p31noticias.com.br\\\/?p=22008#breadcrumb\",\"itemListElement\":[{\"@type\":\"ListItem\",\"position\":1,\"name\":\"In\u00edcio\",\"item\":\"https:\\\/\\\/www.p31noticias.com.br\\\/\"},{\"@type\":\"ListItem\",\"position\":2,\"name\":\"Taxa de desemprego de jovens atinge 27,1%\"}]},{\"@type\":\"WebSite\",\"@id\":\"https:\\\/\\\/www.p31noticias.com.br\\\/#website\",\"url\":\"https:\\\/\\\/www.p31noticias.com.br\\\/\",\"name\":\"P31\",\"description\":\"NOT\u00cdCIAS\",\"potentialAction\":[{\"@type\":\"SearchAction\",\"target\":{\"@type\":\"EntryPoint\",\"urlTemplate\":\"https:\\\/\\\/www.p31noticias.com.br\\\/?s={search_term_string}\"},\"query-input\":{\"@type\":\"PropertyValueSpecification\",\"valueRequired\":true,\"valueName\":\"search_term_string\"}}],\"inLanguage\":\"pt-BR\"},{\"@type\":\"Person\",\"@id\":\"https:\\\/\\\/www.p31noticias.com.br\\\/#\\\/schema\\\/person\\\/77d6b186c710ac38937c6ec204fdd387\",\"name\":\"Reda\u00e7\u00e3o JBN\",\"image\":{\"@type\":\"ImageObject\",\"inLanguage\":\"pt-BR\",\"@id\":\"https:\\\/\\\/secure.gravatar.com\\\/avatar\\\/10fcdb93211f98cce3d64c0795b0915a9a4a21dc0f279238995a3dbfafcad090?s=96&d=mm&r=g\",\"url\":\"https:\\\/\\\/secure.gravatar.com\\\/avatar\\\/10fcdb93211f98cce3d64c0795b0915a9a4a21dc0f279238995a3dbfafcad090?s=96&d=mm&r=g\",\"contentUrl\":\"https:\\\/\\\/secure.gravatar.com\\\/avatar\\\/10fcdb93211f98cce3d64c0795b0915a9a4a21dc0f279238995a3dbfafcad090?s=96&d=mm&r=g\",\"caption\":\"Reda\u00e7\u00e3o JBN\"},\"sameAs\":[\"https:\\\/\\\/p31noticias.com.br\"],\"url\":\"https:\\\/\\\/www.p31noticias.com.br\\\/?author=18\"}]}<\/script>\n<!-- \/ Yoast SEO Premium plugin. -->","yoast_head_json":{"title":"Taxa de desemprego de jovens atinge 27,1% - P31","robots":{"index":"index","follow":"follow","max-snippet":"max-snippet:-1","max-image-preview":"max-image-preview:large","max-video-preview":"max-video-preview:-1"},"canonical":"https:\/\/www.p31noticias.com.br\/?p=22008","og_locale":"pt_BR","og_type":"article","og_title":"Taxa de desemprego de jovens atinge 27,1%","og_description":"A taxa de desemprego entre os jovens\u00a0brasileiros de 18 a 24 anos de idade ficou em 27,1% no primeiro trimestre de 2020, bem acima da m\u00e9dia geral de 12,2% do pa\u00eds\u00a0no per\u00edodo. Este comportamento foi verificado nas cinco grandes regi\u00f5es, com destaque para o Nordeste, onde a estimativa foi de 34,1% de desempregados nesta faixa [&hellip;]","og_url":"https:\/\/www.p31noticias.com.br\/?p=22008","og_site_name":"P31","article_published_time":"2020-05-16T14:36:52+00:00","author":"Reda\u00e7\u00e3o JBN","twitter_card":"summary_large_image","twitter_misc":{"Escrito por":"Reda\u00e7\u00e3o JBN","Est. tempo de leitura":"2 minutos"},"schema":{"@context":"https:\/\/schema.org","@graph":[{"@type":"Article","@id":"https:\/\/www.p31noticias.com.br\/?p=22008#article","isPartOf":{"@id":"https:\/\/www.p31noticias.com.br\/?p=22008"},"author":{"name":"Reda\u00e7\u00e3o JBN","@id":"https:\/\/www.p31noticias.com.br\/#\/schema\/person\/77d6b186c710ac38937c6ec204fdd387"},"headline":"Taxa de desemprego de jovens atinge 27,1%","datePublished":"2020-05-16T14:36:52+00:00","mainEntityOfPage":{"@id":"https:\/\/www.p31noticias.com.br\/?p=22008"},"wordCount":353,"commentCount":0,"image":{"@id":"https:\/\/www.p31noticias.com.br\/?p=22008#primaryimage"},"thumbnailUrl":"","articleSection":["Brasil"],"inLanguage":"pt-BR","potentialAction":[{"@type":"CommentAction","name":"Comment","target":["https:\/\/www.p31noticias.com.br\/?p=22008#respond"]}],"copyrightYear":"2020","copyrightHolder":{"@id":"https:\/\/www.p31noticias.com.br\/#organization"}},{"@type":"WebPage","@id":"https:\/\/www.p31noticias.com.br\/?p=22008","url":"https:\/\/www.p31noticias.com.br\/?p=22008","name":"Taxa de desemprego de jovens atinge 27,1% - P31","isPartOf":{"@id":"https:\/\/www.p31noticias.com.br\/#website"},"primaryImageOfPage":{"@id":"https:\/\/www.p31noticias.com.br\/?p=22008#primaryimage"},"image":{"@id":"https:\/\/www.p31noticias.com.br\/?p=22008#primaryimage"},"thumbnailUrl":"","datePublished":"2020-05-16T14:36:52+00:00","author":{"@id":"https:\/\/www.p31noticias.com.br\/#\/schema\/person\/77d6b186c710ac38937c6ec204fdd387"},"breadcrumb":{"@id":"https:\/\/www.p31noticias.com.br\/?p=22008#breadcrumb"},"inLanguage":"pt-BR","potentialAction":[{"@type":"ReadAction","target":["https:\/\/www.p31noticias.com.br\/?p=22008"]}]},{"@type":"ImageObject","inLanguage":"pt-BR","@id":"https:\/\/www.p31noticias.com.br\/?p=22008#primaryimage","url":"","contentUrl":""},{"@type":"BreadcrumbList","@id":"https:\/\/www.p31noticias.com.br\/?p=22008#breadcrumb","itemListElement":[{"@type":"ListItem","position":1,"name":"In\u00edcio","item":"https:\/\/www.p31noticias.com.br\/"},{"@type":"ListItem","position":2,"name":"Taxa de desemprego de jovens atinge 27,1%"}]},{"@type":"WebSite","@id":"https:\/\/www.p31noticias.com.br\/#website","url":"https:\/\/www.p31noticias.com.br\/","name":"P31","description":"NOT\u00cdCIAS","potentialAction":[{"@type":"SearchAction","target":{"@type":"EntryPoint","urlTemplate":"https:\/\/www.p31noticias.com.br\/?s={search_term_string}"},"query-input":{"@type":"PropertyValueSpecification","valueRequired":true,"valueName":"search_term_string"}}],"inLanguage":"pt-BR"},{"@type":"Person","@id":"https:\/\/www.p31noticias.com.br\/#\/schema\/person\/77d6b186c710ac38937c6ec204fdd387","name":"Reda\u00e7\u00e3o JBN","image":{"@type":"ImageObject","inLanguage":"pt-BR","@id":"https:\/\/secure.gravatar.com\/avatar\/10fcdb93211f98cce3d64c0795b0915a9a4a21dc0f279238995a3dbfafcad090?s=96&d=mm&r=g","url":"https:\/\/secure.gravatar.com\/avatar\/10fcdb93211f98cce3d64c0795b0915a9a4a21dc0f279238995a3dbfafcad090?s=96&d=mm&r=g","contentUrl":"https:\/\/secure.gravatar.com\/avatar\/10fcdb93211f98cce3d64c0795b0915a9a4a21dc0f279238995a3dbfafcad090?s=96&d=mm&r=g","caption":"Reda\u00e7\u00e3o JBN"},"sameAs":["https:\/\/p31noticias.com.br"],"url":"https:\/\/www.p31noticias.com.br\/?author=18"}]}},"amp_enabled":true,"_links":{"self":[{"href":"https:\/\/www.p31noticias.com.br\/index.php?rest_route=\/wp\/v2\/posts\/22008","targetHints":{"allow":["GET"]}}],"collection":[{"href":"https:\/\/www.p31noticias.com.br\/index.php?rest_route=\/wp\/v2\/posts"}],"about":[{"href":"https:\/\/www.p31noticias.com.br\/index.php?rest_route=\/wp\/v2\/types\/post"}],"author":[{"embeddable":true,"href":"https:\/\/www.p31noticias.com.br\/index.php?rest_route=\/wp\/v2\/users\/18"}],"replies":[{"embeddable":true,"href":"https:\/\/www.p31noticias.com.br\/index.php?rest_route=%2Fwp%2Fv2%2Fcomments&post=22008"}],"version-history":[{"count":0,"href":"https:\/\/www.p31noticias.com.br\/index.php?rest_route=\/wp\/v2\/posts\/22008\/revisions"}],"wp:featuredmedia":[{"embeddable":true,"href":"https:\/\/www.p31noticias.com.br\/index.php?rest_route=\/"}],"wp:attachment":[{"href":"https:\/\/www.p31noticias.com.br\/index.php?rest_route=%2Fwp%2Fv2%2Fmedia&parent=22008"}],"wp:term":[{"taxonomy":"category","embeddable":true,"href":"https:\/\/www.p31noticias.com.br\/index.php?rest_route=%2Fwp%2Fv2%2Fcategories&post=22008"},{"taxonomy":"post_tag","embeddable":true,"href":"https:\/\/www.p31noticias.com.br\/index.php?rest_route=%2Fwp%2Fv2%2Ftags&post=22008"}],"curies":[{"name":"wp","href":"https:\/\/api.w.org\/{rel}","templated":true}]}}