{"id":22005,"date":"2020-05-15T09:25:07","date_gmt":"2020-05-15T12:25:07","guid":{"rendered":"https:\/\/jornaldoplanalto.com.br\/web\/?p=21959"},"modified":"2020-05-15T09:25:07","modified_gmt":"2020-05-15T12:25:07","slug":"sesc-vai-construir-hospital-de-campanha-no-df-para-auxiliar-no-tratamento-do-coronavirus","status":"publish","type":"post","link":"https:\/\/www.p31noticias.com.br\/?p=22005","title":{"rendered":"Sesc vai construir hospital de campanha no DF para auxiliar no tratamento do coronav\u00edrus"},"content":{"rendered":"<p>Em reuni\u00e3o realizada nesta quinta-feira (14), na sede da Fecom\u00e9rcio-DF, com o governador Ibaneis Rocha, o presidente da Federa\u00e7\u00e3o do Com\u00e9rcio, Francisco Maia, confirmou que o Sesc construir\u00e1 em Bras\u00edlia um hospital de campanha para receber pacientes com o novo coronav\u00edrus. A responsabilidade e ger\u00eancia do hospital ser\u00e1 do Departamento Nacional do Sesc. Nesta sexta-feira (13), \u00e0s 10h, o governador Ibaneis assinar\u00e1, no Pal\u00e1cio do Buriti, com a presen\u00e7a do ministro da Sa\u00fade, Nelson Teich, um acordo para dar in\u00edcio a instala\u00e7\u00e3o do hospital tempor\u00e1rio.<\/p>\n<p>A estrutura hospitalar contar\u00e1 com 400 leitos, sendo 360 de interna\u00e7\u00e3o cl\u00ednica e 40 leitos de tratamento semi-intensivo. O local do hospital ainda n\u00e3o foi definido. O intuito, segundo o presidente da Fecom\u00e9rcio-DF, Francisco Maia, \u00e9 auxiliar na assist\u00eancia contra o COVID-19. Al\u00e9m de ser uma exig\u00eancia da ju\u00edza titular da 3\u00aa Vara Federal C\u00edvel do DF, K\u00e1tia Balbino de Carvalho Ferreira, para que o com\u00e9rcio possa voltar a funcionar na capital federal.<\/p>\n<p>Deste modo, com as exig\u00eancias cumpridas, a Fecom\u00e9rcio-DF e o GDF est\u00e3o confiantes de que o com\u00e9rcio reabra na pr\u00f3xima segunda-feira (18), como est\u00e1 previsto em Decreto Oficial do DF. \u201cSer\u00e1 um hospital voltado para o comerci\u00e1rio e para a popula\u00e7\u00e3o de baixa renda. A estrutura segue exig\u00eancia da ju\u00edza federal\u201d, informa o presidente da Federa\u00e7\u00e3o, Francisco Maia.<\/p>\n<p>A estrutura contar\u00e1 ainda com postos de enfermagem; postos de preparo de medica\u00e7\u00e3o; farm\u00e1cias sat\u00e9lites; salas de procedimentos invasivos; salas de processamento; salas de equipamentos; dep\u00f3sitos de material de limpeza (DML) e utilidades. Al\u00e9m de salas de triagem; recep\u00e7\u00f5es para ambul\u00e2ncias; \u00e1reas de assepsia do corpo cl\u00ednico, entre outros.<\/p>\n<p>Testagem no DF<\/p>\n<p>O Sesc-DF oferece, na unidade da 504 Sul, o teste r\u00e1pido para detectar o novo coronav\u00edrus e, no mesmo dia, agenda a consulta m\u00e9dica. O valor para os dois procedimentos (consulta e exame covid-19) ser\u00e1 de R$ 199 \u00e0 vista ou parcelado em tr\u00eas vezes no cart\u00e3o de cr\u00e9dito. O hor\u00e1rio de atendimento para a realiza\u00e7\u00e3o dos testes \u00e9 das 9h \u00e0s 12h.<\/p>\n","protected":false},"excerpt":{"rendered":"<p>Em reuni\u00e3o realizada nesta quinta-feira (14), na sede da Fecom\u00e9rcio-DF, com o governador Ibaneis Rocha, o presidente da Federa\u00e7\u00e3o do Com\u00e9rcio, Francisco Maia, confirmou que o Sesc construir\u00e1 em Bras\u00edlia um hospital de campanha para receber pacientes com o novo coronav\u00edrus. A responsabilidade e ger\u00eancia do hospital ser\u00e1 do Departamento Nacional do Sesc. Nesta sexta-feira [&hellip;]<\/p>\n","protected":false},"author":18,"featured_media":21960,"comment_status":"open","ping_status":"open","sticky":false,"template":"","format":"standard","meta":{"footnotes":""},"categories":[124],"tags":[],"class_list":{"0":"post-22005","1":"post","2":"type-post","3":"status-publish","4":"format-standard","5":"has-post-thumbnail","7":"category-saude"},"yoast_head":"<!-- This site is optimized with the Yoast SEO Premium plugin v24.5 (Yoast SEO v27.5) - https:\/\/yoast.com\/product\/yoast-seo-premium-wordpress\/ -->\n<title>Sesc vai construir hospital de campanha no DF para auxiliar no tratamento do coronav\u00edrus - P31<\/title>\n<meta name=\"robots\" content=\"index, follow, max-snippet:-1, max-image-preview:large, max-video-preview:-1\" \/>\n<link rel=\"canonical\" href=\"https:\/\/www.p31noticias.com.br\/?p=22005\" \/>\n<meta property=\"og:locale\" content=\"pt_BR\" \/>\n<meta property=\"og:type\" content=\"article\" \/>\n<meta property=\"og:title\" content=\"Sesc vai construir hospital de campanha no DF para auxiliar no tratamento do coronav\u00edrus\" \/>\n<meta property=\"og:description\" content=\"Em reuni\u00e3o realizada nesta quinta-feira (14), na sede da Fecom\u00e9rcio-DF, com o governador Ibaneis Rocha, o presidente da Federa\u00e7\u00e3o do Com\u00e9rcio, Francisco Maia, confirmou que o Sesc construir\u00e1 em Bras\u00edlia um hospital de campanha para receber pacientes com o novo coronav\u00edrus. A responsabilidade e ger\u00eancia do hospital ser\u00e1 do Departamento Nacional do Sesc. Nesta sexta-feira [&hellip;]\" \/>\n<meta property=\"og:url\" content=\"https:\/\/www.p31noticias.com.br\/?p=22005\" \/>\n<meta property=\"og:site_name\" content=\"P31\" \/>\n<meta property=\"article:published_time\" content=\"2020-05-15T12:25:07+00:00\" \/>\n<meta name=\"author\" content=\"Reda\u00e7\u00e3o JBN\" \/>\n<meta name=\"twitter:card\" content=\"summary_large_image\" \/>\n<meta name=\"twitter:label1\" content=\"Escrito por\" \/>\n\t<meta name=\"twitter:data1\" content=\"Reda\u00e7\u00e3o JBN\" \/>\n\t<meta name=\"twitter:label2\" content=\"Est. tempo de leitura\" \/>\n\t<meta name=\"twitter:data2\" content=\"2 minutos\" \/>\n<script type=\"application\/ld+json\" class=\"yoast-schema-graph\">{\"@context\":\"https:\\\/\\\/schema.org\",\"@graph\":[{\"@type\":\"Article\",\"@id\":\"https:\\\/\\\/www.p31noticias.com.br\\\/?p=22005#article\",\"isPartOf\":{\"@id\":\"https:\\\/\\\/www.p31noticias.com.br\\\/?p=22005\"},\"author\":{\"name\":\"Reda\u00e7\u00e3o JBN\",\"@id\":\"https:\\\/\\\/www.p31noticias.com.br\\\/#\\\/schema\\\/person\\\/77d6b186c710ac38937c6ec204fdd387\"},\"headline\":\"Sesc vai construir hospital de campanha no DF para auxiliar no tratamento do coronav\u00edrus\",\"datePublished\":\"2020-05-15T12:25:07+00:00\",\"mainEntityOfPage\":{\"@id\":\"https:\\\/\\\/www.p31noticias.com.br\\\/?p=22005\"},\"wordCount\":384,\"commentCount\":0,\"image\":{\"@id\":\"https:\\\/\\\/www.p31noticias.com.br\\\/?p=22005#primaryimage\"},\"thumbnailUrl\":\"\",\"articleSection\":[\"Sa\u00fade\"],\"inLanguage\":\"pt-BR\",\"potentialAction\":[{\"@type\":\"CommentAction\",\"name\":\"Comment\",\"target\":[\"https:\\\/\\\/www.p31noticias.com.br\\\/?p=22005#respond\"]}],\"copyrightYear\":\"2020\",\"copyrightHolder\":{\"@id\":\"https:\\\/\\\/www.p31noticias.com.br\\\/#organization\"}},{\"@type\":\"WebPage\",\"@id\":\"https:\\\/\\\/www.p31noticias.com.br\\\/?p=22005\",\"url\":\"https:\\\/\\\/www.p31noticias.com.br\\\/?p=22005\",\"name\":\"Sesc vai construir hospital de campanha no DF para auxiliar no tratamento do coronav\u00edrus - P31\",\"isPartOf\":{\"@id\":\"https:\\\/\\\/www.p31noticias.com.br\\\/#website\"},\"primaryImageOfPage\":{\"@id\":\"https:\\\/\\\/www.p31noticias.com.br\\\/?p=22005#primaryimage\"},\"image\":{\"@id\":\"https:\\\/\\\/www.p31noticias.com.br\\\/?p=22005#primaryimage\"},\"thumbnailUrl\":\"\",\"datePublished\":\"2020-05-15T12:25:07+00:00\",\"author\":{\"@id\":\"https:\\\/\\\/www.p31noticias.com.br\\\/#\\\/schema\\\/person\\\/77d6b186c710ac38937c6ec204fdd387\"},\"breadcrumb\":{\"@id\":\"https:\\\/\\\/www.p31noticias.com.br\\\/?p=22005#breadcrumb\"},\"inLanguage\":\"pt-BR\",\"potentialAction\":[{\"@type\":\"ReadAction\",\"target\":[\"https:\\\/\\\/www.p31noticias.com.br\\\/?p=22005\"]}]},{\"@type\":\"ImageObject\",\"inLanguage\":\"pt-BR\",\"@id\":\"https:\\\/\\\/www.p31noticias.com.br\\\/?p=22005#primaryimage\",\"url\":\"\",\"contentUrl\":\"\"},{\"@type\":\"BreadcrumbList\",\"@id\":\"https:\\\/\\\/www.p31noticias.com.br\\\/?p=22005#breadcrumb\",\"itemListElement\":[{\"@type\":\"ListItem\",\"position\":1,\"name\":\"In\u00edcio\",\"item\":\"https:\\\/\\\/www.p31noticias.com.br\\\/\"},{\"@type\":\"ListItem\",\"position\":2,\"name\":\"Sesc vai construir hospital de campanha no DF para auxiliar no tratamento do coronav\u00edrus\"}]},{\"@type\":\"WebSite\",\"@id\":\"https:\\\/\\\/www.p31noticias.com.br\\\/#website\",\"url\":\"https:\\\/\\\/www.p31noticias.com.br\\\/\",\"name\":\"P31\",\"description\":\"NOT\u00cdCIAS\",\"potentialAction\":[{\"@type\":\"SearchAction\",\"target\":{\"@type\":\"EntryPoint\",\"urlTemplate\":\"https:\\\/\\\/www.p31noticias.com.br\\\/?s={search_term_string}\"},\"query-input\":{\"@type\":\"PropertyValueSpecification\",\"valueRequired\":true,\"valueName\":\"search_term_string\"}}],\"inLanguage\":\"pt-BR\"},{\"@type\":\"Person\",\"@id\":\"https:\\\/\\\/www.p31noticias.com.br\\\/#\\\/schema\\\/person\\\/77d6b186c710ac38937c6ec204fdd387\",\"name\":\"Reda\u00e7\u00e3o JBN\",\"image\":{\"@type\":\"ImageObject\",\"inLanguage\":\"pt-BR\",\"@id\":\"https:\\\/\\\/secure.gravatar.com\\\/avatar\\\/10fcdb93211f98cce3d64c0795b0915a9a4a21dc0f279238995a3dbfafcad090?s=96&d=mm&r=g\",\"url\":\"https:\\\/\\\/secure.gravatar.com\\\/avatar\\\/10fcdb93211f98cce3d64c0795b0915a9a4a21dc0f279238995a3dbfafcad090?s=96&d=mm&r=g\",\"contentUrl\":\"https:\\\/\\\/secure.gravatar.com\\\/avatar\\\/10fcdb93211f98cce3d64c0795b0915a9a4a21dc0f279238995a3dbfafcad090?s=96&d=mm&r=g\",\"caption\":\"Reda\u00e7\u00e3o JBN\"},\"sameAs\":[\"https:\\\/\\\/p31noticias.com.br\"],\"url\":\"https:\\\/\\\/www.p31noticias.com.br\\\/?author=18\"}]}<\/script>\n<!-- \/ Yoast SEO Premium plugin. -->","yoast_head_json":{"title":"Sesc vai construir hospital de campanha no DF para auxiliar no tratamento do coronav\u00edrus - P31","robots":{"index":"index","follow":"follow","max-snippet":"max-snippet:-1","max-image-preview":"max-image-preview:large","max-video-preview":"max-video-preview:-1"},"canonical":"https:\/\/www.p31noticias.com.br\/?p=22005","og_locale":"pt_BR","og_type":"article","og_title":"Sesc vai construir hospital de campanha no DF para auxiliar no tratamento do coronav\u00edrus","og_description":"Em reuni\u00e3o realizada nesta quinta-feira (14), na sede da Fecom\u00e9rcio-DF, com o governador Ibaneis Rocha, o presidente da Federa\u00e7\u00e3o do Com\u00e9rcio, Francisco Maia, confirmou que o Sesc construir\u00e1 em Bras\u00edlia um hospital de campanha para receber pacientes com o novo coronav\u00edrus. A responsabilidade e ger\u00eancia do hospital ser\u00e1 do Departamento Nacional do Sesc. Nesta sexta-feira [&hellip;]","og_url":"https:\/\/www.p31noticias.com.br\/?p=22005","og_site_name":"P31","article_published_time":"2020-05-15T12:25:07+00:00","author":"Reda\u00e7\u00e3o JBN","twitter_card":"summary_large_image","twitter_misc":{"Escrito por":"Reda\u00e7\u00e3o JBN","Est. tempo de leitura":"2 minutos"},"schema":{"@context":"https:\/\/schema.org","@graph":[{"@type":"Article","@id":"https:\/\/www.p31noticias.com.br\/?p=22005#article","isPartOf":{"@id":"https:\/\/www.p31noticias.com.br\/?p=22005"},"author":{"name":"Reda\u00e7\u00e3o JBN","@id":"https:\/\/www.p31noticias.com.br\/#\/schema\/person\/77d6b186c710ac38937c6ec204fdd387"},"headline":"Sesc vai construir hospital de campanha no DF para auxiliar no tratamento do coronav\u00edrus","datePublished":"2020-05-15T12:25:07+00:00","mainEntityOfPage":{"@id":"https:\/\/www.p31noticias.com.br\/?p=22005"},"wordCount":384,"commentCount":0,"image":{"@id":"https:\/\/www.p31noticias.com.br\/?p=22005#primaryimage"},"thumbnailUrl":"","articleSection":["Sa\u00fade"],"inLanguage":"pt-BR","potentialAction":[{"@type":"CommentAction","name":"Comment","target":["https:\/\/www.p31noticias.com.br\/?p=22005#respond"]}],"copyrightYear":"2020","copyrightHolder":{"@id":"https:\/\/www.p31noticias.com.br\/#organization"}},{"@type":"WebPage","@id":"https:\/\/www.p31noticias.com.br\/?p=22005","url":"https:\/\/www.p31noticias.com.br\/?p=22005","name":"Sesc vai construir hospital de campanha no DF para auxiliar no tratamento do coronav\u00edrus - P31","isPartOf":{"@id":"https:\/\/www.p31noticias.com.br\/#website"},"primaryImageOfPage":{"@id":"https:\/\/www.p31noticias.com.br\/?p=22005#primaryimage"},"image":{"@id":"https:\/\/www.p31noticias.com.br\/?p=22005#primaryimage"},"thumbnailUrl":"","datePublished":"2020-05-15T12:25:07+00:00","author":{"@id":"https:\/\/www.p31noticias.com.br\/#\/schema\/person\/77d6b186c710ac38937c6ec204fdd387"},"breadcrumb":{"@id":"https:\/\/www.p31noticias.com.br\/?p=22005#breadcrumb"},"inLanguage":"pt-BR","potentialAction":[{"@type":"ReadAction","target":["https:\/\/www.p31noticias.com.br\/?p=22005"]}]},{"@type":"ImageObject","inLanguage":"pt-BR","@id":"https:\/\/www.p31noticias.com.br\/?p=22005#primaryimage","url":"","contentUrl":""},{"@type":"BreadcrumbList","@id":"https:\/\/www.p31noticias.com.br\/?p=22005#breadcrumb","itemListElement":[{"@type":"ListItem","position":1,"name":"In\u00edcio","item":"https:\/\/www.p31noticias.com.br\/"},{"@type":"ListItem","position":2,"name":"Sesc vai construir hospital de campanha no DF para auxiliar no tratamento do coronav\u00edrus"}]},{"@type":"WebSite","@id":"https:\/\/www.p31noticias.com.br\/#website","url":"https:\/\/www.p31noticias.com.br\/","name":"P31","description":"NOT\u00cdCIAS","potentialAction":[{"@type":"SearchAction","target":{"@type":"EntryPoint","urlTemplate":"https:\/\/www.p31noticias.com.br\/?s={search_term_string}"},"query-input":{"@type":"PropertyValueSpecification","valueRequired":true,"valueName":"search_term_string"}}],"inLanguage":"pt-BR"},{"@type":"Person","@id":"https:\/\/www.p31noticias.com.br\/#\/schema\/person\/77d6b186c710ac38937c6ec204fdd387","name":"Reda\u00e7\u00e3o JBN","image":{"@type":"ImageObject","inLanguage":"pt-BR","@id":"https:\/\/secure.gravatar.com\/avatar\/10fcdb93211f98cce3d64c0795b0915a9a4a21dc0f279238995a3dbfafcad090?s=96&d=mm&r=g","url":"https:\/\/secure.gravatar.com\/avatar\/10fcdb93211f98cce3d64c0795b0915a9a4a21dc0f279238995a3dbfafcad090?s=96&d=mm&r=g","contentUrl":"https:\/\/secure.gravatar.com\/avatar\/10fcdb93211f98cce3d64c0795b0915a9a4a21dc0f279238995a3dbfafcad090?s=96&d=mm&r=g","caption":"Reda\u00e7\u00e3o JBN"},"sameAs":["https:\/\/p31noticias.com.br"],"url":"https:\/\/www.p31noticias.com.br\/?author=18"}]}},"amp_enabled":true,"_links":{"self":[{"href":"https:\/\/www.p31noticias.com.br\/index.php?rest_route=\/wp\/v2\/posts\/22005","targetHints":{"allow":["GET"]}}],"collection":[{"href":"https:\/\/www.p31noticias.com.br\/index.php?rest_route=\/wp\/v2\/posts"}],"about":[{"href":"https:\/\/www.p31noticias.com.br\/index.php?rest_route=\/wp\/v2\/types\/post"}],"author":[{"embeddable":true,"href":"https:\/\/www.p31noticias.com.br\/index.php?rest_route=\/wp\/v2\/users\/18"}],"replies":[{"embeddable":true,"href":"https:\/\/www.p31noticias.com.br\/index.php?rest_route=%2Fwp%2Fv2%2Fcomments&post=22005"}],"version-history":[{"count":0,"href":"https:\/\/www.p31noticias.com.br\/index.php?rest_route=\/wp\/v2\/posts\/22005\/revisions"}],"wp:featuredmedia":[{"embeddable":true,"href":"https:\/\/www.p31noticias.com.br\/index.php?rest_route=\/"}],"wp:attachment":[{"href":"https:\/\/www.p31noticias.com.br\/index.php?rest_route=%2Fwp%2Fv2%2Fmedia&parent=22005"}],"wp:term":[{"taxonomy":"category","embeddable":true,"href":"https:\/\/www.p31noticias.com.br\/index.php?rest_route=%2Fwp%2Fv2%2Fcategories&post=22005"},{"taxonomy":"post_tag","embeddable":true,"href":"https:\/\/www.p31noticias.com.br\/index.php?rest_route=%2Fwp%2Fv2%2Ftags&post=22005"}],"curies":[{"name":"wp","href":"https:\/\/api.w.org\/{rel}","templated":true}]}}