{"id":21985,"date":"2020-05-14T09:47:19","date_gmt":"2020-05-14T12:47:19","guid":{"rendered":"https:\/\/jornaldoplanalto.com.br\/web\/?p=21955"},"modified":"2020-05-14T09:47:19","modified_gmt":"2020-05-14T12:47:19","slug":"congresso-nacional-aprova-reajuste-para-policiais-e-bombeiros-do-df","status":"publish","type":"post","link":"https:\/\/www.p31noticias.com.br\/?p=21985","title":{"rendered":"Congresso Nacional aprova reajuste para policiais e bombeiros do DF"},"content":{"rendered":"<p><strong><em>Texto altera Lei de Diretrizes Or\u00e7ament\u00e1rias para permitir recomposi\u00e7\u00e3o de carreiras da capital, mas para valer depende de ato do presidente da Rep\u00fablica<\/em><\/strong><\/p>\n<p>O Congresso Nacional aprovou o projeto de lei que autoriza o reajuste salarial para os agentes da seguran\u00e7a p\u00fablica do Distrito Federal. A proposta foi apreciada por deputados federais e senadores em sess\u00e3o virtual realizada nesta quarta-feira (13). O texto altera a Lei de Diretrizes Or\u00e7ament\u00e1rias (LDO) para permitir a recomposi\u00e7\u00e3o das carreiras de policiais civis, militares e bombeiros, custeadas pelo Fundo Constitucional do DF (FCDF).<\/p>\n<p>No Legislativo nacional, a maioria dos parlamentares das duas casas foi favor\u00e1vel ao Projeto de Lei do Congresso Nacional (PLN) n\u00ba 1\/2020. No caso da Pol\u00edcia Militar e do Corpo de Bombeiros, a recomposi\u00e7\u00e3o prevista \u00e9 de 25% sobre a Vantagem Pecuni\u00e1ria Especial (VPE). J\u00e1 para a Pol\u00edcia Civil, ser\u00e1 de 8%. O impacto total das medidas \u00e9 calculado em R$ 505 milh\u00f5es por ano.<\/p>\n<p>Depois de aprovada por deputados federais e senadores, a aplica\u00e7\u00e3o do reajuste ainda depende da san\u00e7\u00e3o do chefe do Executivo Federal. O projeto foi enviado ao Congresso pelo presidente Jair Bolsonaro depois que o Governo do Distrito Federal (GDF), por meio do governador Ibaneis Rocha, solicitou o reajuste, em 24 de dezembro de 2019.<\/p>\n<p><em>(J\u00e9ssica Antunes\/Ag\u00eancia Bras\u00edlia)<\/em><\/p>\n","protected":false},"excerpt":{"rendered":"<p>Texto altera Lei de Diretrizes Or\u00e7ament\u00e1rias para permitir recomposi\u00e7\u00e3o de carreiras da capital, mas para valer depende de ato do presidente da Rep\u00fablica O Congresso Nacional aprovou o projeto de lei que autoriza o reajuste salarial para os agentes da seguran\u00e7a p\u00fablica do Distrito Federal. A proposta foi apreciada por deputados federais e senadores em [&hellip;]<\/p>\n","protected":false},"author":18,"featured_media":21997,"comment_status":"open","ping_status":"open","sticky":false,"template":"","format":"standard","meta":{"footnotes":""},"categories":[1],"tags":[],"class_list":{"0":"post-21985","1":"post","2":"type-post","3":"status-publish","4":"format-standard","5":"has-post-thumbnail","7":"category-outros"},"yoast_head":"<!-- This site is optimized with the Yoast SEO Premium plugin v24.5 (Yoast SEO v27.5) - https:\/\/yoast.com\/product\/yoast-seo-premium-wordpress\/ -->\n<title>Congresso Nacional aprova reajuste para policiais e bombeiros do DF - P31<\/title>\n<meta name=\"robots\" content=\"index, follow, max-snippet:-1, max-image-preview:large, max-video-preview:-1\" \/>\n<link rel=\"canonical\" href=\"https:\/\/www.p31noticias.com.br\/?p=21985\" \/>\n<meta property=\"og:locale\" content=\"pt_BR\" \/>\n<meta property=\"og:type\" content=\"article\" \/>\n<meta property=\"og:title\" content=\"Congresso Nacional aprova reajuste para policiais e bombeiros do DF\" \/>\n<meta property=\"og:description\" content=\"Texto altera Lei de Diretrizes Or\u00e7ament\u00e1rias para permitir recomposi\u00e7\u00e3o de carreiras da capital, mas para valer depende de ato do presidente da Rep\u00fablica O Congresso Nacional aprovou o projeto de lei que autoriza o reajuste salarial para os agentes da seguran\u00e7a p\u00fablica do Distrito Federal. A proposta foi apreciada por deputados federais e senadores em [&hellip;]\" \/>\n<meta property=\"og:url\" content=\"https:\/\/www.p31noticias.com.br\/?p=21985\" \/>\n<meta property=\"og:site_name\" content=\"P31\" \/>\n<meta property=\"article:published_time\" content=\"2020-05-14T12:47:19+00:00\" \/>\n<meta property=\"og:image\" content=\"https:\/\/www.p31noticias.com.br\/wp-content\/uploads\/2020\/05\/policiais.jpg\" \/>\n\t<meta property=\"og:image:width\" content=\"592\" \/>\n\t<meta property=\"og:image:height\" content=\"335\" \/>\n\t<meta property=\"og:image:type\" content=\"image\/jpeg\" \/>\n<meta name=\"author\" content=\"Reda\u00e7\u00e3o JBN\" \/>\n<meta name=\"twitter:card\" content=\"summary_large_image\" \/>\n<meta name=\"twitter:label1\" content=\"Escrito por\" \/>\n\t<meta name=\"twitter:data1\" content=\"Reda\u00e7\u00e3o JBN\" \/>\n\t<meta name=\"twitter:label2\" content=\"Est. tempo de leitura\" \/>\n\t<meta name=\"twitter:data2\" content=\"1 minuto\" \/>\n<script type=\"application\/ld+json\" class=\"yoast-schema-graph\">{\"@context\":\"https:\\\/\\\/schema.org\",\"@graph\":[{\"@type\":\"Article\",\"@id\":\"https:\\\/\\\/www.p31noticias.com.br\\\/?p=21985#article\",\"isPartOf\":{\"@id\":\"https:\\\/\\\/www.p31noticias.com.br\\\/?p=21985\"},\"author\":{\"name\":\"Reda\u00e7\u00e3o JBN\",\"@id\":\"https:\\\/\\\/www.p31noticias.com.br\\\/#\\\/schema\\\/person\\\/77d6b186c710ac38937c6ec204fdd387\"},\"headline\":\"Congresso Nacional aprova reajuste para policiais e bombeiros do DF\",\"datePublished\":\"2020-05-14T12:47:19+00:00\",\"mainEntityOfPage\":{\"@id\":\"https:\\\/\\\/www.p31noticias.com.br\\\/?p=21985\"},\"wordCount\":234,\"commentCount\":0,\"image\":{\"@id\":\"https:\\\/\\\/www.p31noticias.com.br\\\/?p=21985#primaryimage\"},\"thumbnailUrl\":\"https:\\\/\\\/www.p31noticias.com.br\\\/wp-content\\\/uploads\\\/2020\\\/05\\\/policiais.jpg\",\"articleSection\":[\"Outros\"],\"inLanguage\":\"pt-BR\",\"potentialAction\":[{\"@type\":\"CommentAction\",\"name\":\"Comment\",\"target\":[\"https:\\\/\\\/www.p31noticias.com.br\\\/?p=21985#respond\"]}],\"copyrightYear\":\"2020\",\"copyrightHolder\":{\"@id\":\"https:\\\/\\\/www.p31noticias.com.br\\\/#organization\"}},{\"@type\":\"WebPage\",\"@id\":\"https:\\\/\\\/www.p31noticias.com.br\\\/?p=21985\",\"url\":\"https:\\\/\\\/www.p31noticias.com.br\\\/?p=21985\",\"name\":\"Congresso Nacional aprova reajuste para policiais e bombeiros do DF - P31\",\"isPartOf\":{\"@id\":\"https:\\\/\\\/www.p31noticias.com.br\\\/#website\"},\"primaryImageOfPage\":{\"@id\":\"https:\\\/\\\/www.p31noticias.com.br\\\/?p=21985#primaryimage\"},\"image\":{\"@id\":\"https:\\\/\\\/www.p31noticias.com.br\\\/?p=21985#primaryimage\"},\"thumbnailUrl\":\"https:\\\/\\\/www.p31noticias.com.br\\\/wp-content\\\/uploads\\\/2020\\\/05\\\/policiais.jpg\",\"datePublished\":\"2020-05-14T12:47:19+00:00\",\"author\":{\"@id\":\"https:\\\/\\\/www.p31noticias.com.br\\\/#\\\/schema\\\/person\\\/77d6b186c710ac38937c6ec204fdd387\"},\"breadcrumb\":{\"@id\":\"https:\\\/\\\/www.p31noticias.com.br\\\/?p=21985#breadcrumb\"},\"inLanguage\":\"pt-BR\",\"potentialAction\":[{\"@type\":\"ReadAction\",\"target\":[\"https:\\\/\\\/www.p31noticias.com.br\\\/?p=21985\"]}]},{\"@type\":\"ImageObject\",\"inLanguage\":\"pt-BR\",\"@id\":\"https:\\\/\\\/www.p31noticias.com.br\\\/?p=21985#primaryimage\",\"url\":\"https:\\\/\\\/www.p31noticias.com.br\\\/wp-content\\\/uploads\\\/2020\\\/05\\\/policiais.jpg\",\"contentUrl\":\"https:\\\/\\\/www.p31noticias.com.br\\\/wp-content\\\/uploads\\\/2020\\\/05\\\/policiais.jpg\",\"width\":592,\"height\":335},{\"@type\":\"BreadcrumbList\",\"@id\":\"https:\\\/\\\/www.p31noticias.com.br\\\/?p=21985#breadcrumb\",\"itemListElement\":[{\"@type\":\"ListItem\",\"position\":1,\"name\":\"In\u00edcio\",\"item\":\"https:\\\/\\\/www.p31noticias.com.br\\\/\"},{\"@type\":\"ListItem\",\"position\":2,\"name\":\"Congresso Nacional aprova reajuste para policiais e bombeiros do DF\"}]},{\"@type\":\"WebSite\",\"@id\":\"https:\\\/\\\/www.p31noticias.com.br\\\/#website\",\"url\":\"https:\\\/\\\/www.p31noticias.com.br\\\/\",\"name\":\"P31\",\"description\":\"NOT\u00cdCIAS\",\"potentialAction\":[{\"@type\":\"SearchAction\",\"target\":{\"@type\":\"EntryPoint\",\"urlTemplate\":\"https:\\\/\\\/www.p31noticias.com.br\\\/?s={search_term_string}\"},\"query-input\":{\"@type\":\"PropertyValueSpecification\",\"valueRequired\":true,\"valueName\":\"search_term_string\"}}],\"inLanguage\":\"pt-BR\"},{\"@type\":\"Person\",\"@id\":\"https:\\\/\\\/www.p31noticias.com.br\\\/#\\\/schema\\\/person\\\/77d6b186c710ac38937c6ec204fdd387\",\"name\":\"Reda\u00e7\u00e3o JBN\",\"image\":{\"@type\":\"ImageObject\",\"inLanguage\":\"pt-BR\",\"@id\":\"https:\\\/\\\/secure.gravatar.com\\\/avatar\\\/10fcdb93211f98cce3d64c0795b0915a9a4a21dc0f279238995a3dbfafcad090?s=96&d=mm&r=g\",\"url\":\"https:\\\/\\\/secure.gravatar.com\\\/avatar\\\/10fcdb93211f98cce3d64c0795b0915a9a4a21dc0f279238995a3dbfafcad090?s=96&d=mm&r=g\",\"contentUrl\":\"https:\\\/\\\/secure.gravatar.com\\\/avatar\\\/10fcdb93211f98cce3d64c0795b0915a9a4a21dc0f279238995a3dbfafcad090?s=96&d=mm&r=g\",\"caption\":\"Reda\u00e7\u00e3o JBN\"},\"sameAs\":[\"https:\\\/\\\/p31noticias.com.br\"],\"url\":\"https:\\\/\\\/www.p31noticias.com.br\\\/?author=18\"}]}<\/script>\n<!-- \/ Yoast SEO Premium plugin. -->","yoast_head_json":{"title":"Congresso Nacional aprova reajuste para policiais e bombeiros do DF - P31","robots":{"index":"index","follow":"follow","max-snippet":"max-snippet:-1","max-image-preview":"max-image-preview:large","max-video-preview":"max-video-preview:-1"},"canonical":"https:\/\/www.p31noticias.com.br\/?p=21985","og_locale":"pt_BR","og_type":"article","og_title":"Congresso Nacional aprova reajuste para policiais e bombeiros do DF","og_description":"Texto altera Lei de Diretrizes Or\u00e7ament\u00e1rias para permitir recomposi\u00e7\u00e3o de carreiras da capital, mas para valer depende de ato do presidente da Rep\u00fablica O Congresso Nacional aprovou o projeto de lei que autoriza o reajuste salarial para os agentes da seguran\u00e7a p\u00fablica do Distrito Federal. A proposta foi apreciada por deputados federais e senadores em [&hellip;]","og_url":"https:\/\/www.p31noticias.com.br\/?p=21985","og_site_name":"P31","article_published_time":"2020-05-14T12:47:19+00:00","og_image":[{"width":592,"height":335,"url":"https:\/\/www.p31noticias.com.br\/wp-content\/uploads\/2020\/05\/policiais.jpg","type":"image\/jpeg"}],"author":"Reda\u00e7\u00e3o JBN","twitter_card":"summary_large_image","twitter_misc":{"Escrito por":"Reda\u00e7\u00e3o JBN","Est. tempo de leitura":"1 minuto"},"schema":{"@context":"https:\/\/schema.org","@graph":[{"@type":"Article","@id":"https:\/\/www.p31noticias.com.br\/?p=21985#article","isPartOf":{"@id":"https:\/\/www.p31noticias.com.br\/?p=21985"},"author":{"name":"Reda\u00e7\u00e3o JBN","@id":"https:\/\/www.p31noticias.com.br\/#\/schema\/person\/77d6b186c710ac38937c6ec204fdd387"},"headline":"Congresso Nacional aprova reajuste para policiais e bombeiros do DF","datePublished":"2020-05-14T12:47:19+00:00","mainEntityOfPage":{"@id":"https:\/\/www.p31noticias.com.br\/?p=21985"},"wordCount":234,"commentCount":0,"image":{"@id":"https:\/\/www.p31noticias.com.br\/?p=21985#primaryimage"},"thumbnailUrl":"https:\/\/www.p31noticias.com.br\/wp-content\/uploads\/2020\/05\/policiais.jpg","articleSection":["Outros"],"inLanguage":"pt-BR","potentialAction":[{"@type":"CommentAction","name":"Comment","target":["https:\/\/www.p31noticias.com.br\/?p=21985#respond"]}],"copyrightYear":"2020","copyrightHolder":{"@id":"https:\/\/www.p31noticias.com.br\/#organization"}},{"@type":"WebPage","@id":"https:\/\/www.p31noticias.com.br\/?p=21985","url":"https:\/\/www.p31noticias.com.br\/?p=21985","name":"Congresso Nacional aprova reajuste para policiais e bombeiros do DF - P31","isPartOf":{"@id":"https:\/\/www.p31noticias.com.br\/#website"},"primaryImageOfPage":{"@id":"https:\/\/www.p31noticias.com.br\/?p=21985#primaryimage"},"image":{"@id":"https:\/\/www.p31noticias.com.br\/?p=21985#primaryimage"},"thumbnailUrl":"https:\/\/www.p31noticias.com.br\/wp-content\/uploads\/2020\/05\/policiais.jpg","datePublished":"2020-05-14T12:47:19+00:00","author":{"@id":"https:\/\/www.p31noticias.com.br\/#\/schema\/person\/77d6b186c710ac38937c6ec204fdd387"},"breadcrumb":{"@id":"https:\/\/www.p31noticias.com.br\/?p=21985#breadcrumb"},"inLanguage":"pt-BR","potentialAction":[{"@type":"ReadAction","target":["https:\/\/www.p31noticias.com.br\/?p=21985"]}]},{"@type":"ImageObject","inLanguage":"pt-BR","@id":"https:\/\/www.p31noticias.com.br\/?p=21985#primaryimage","url":"https:\/\/www.p31noticias.com.br\/wp-content\/uploads\/2020\/05\/policiais.jpg","contentUrl":"https:\/\/www.p31noticias.com.br\/wp-content\/uploads\/2020\/05\/policiais.jpg","width":592,"height":335},{"@type":"BreadcrumbList","@id":"https:\/\/www.p31noticias.com.br\/?p=21985#breadcrumb","itemListElement":[{"@type":"ListItem","position":1,"name":"In\u00edcio","item":"https:\/\/www.p31noticias.com.br\/"},{"@type":"ListItem","position":2,"name":"Congresso Nacional aprova reajuste para policiais e bombeiros do DF"}]},{"@type":"WebSite","@id":"https:\/\/www.p31noticias.com.br\/#website","url":"https:\/\/www.p31noticias.com.br\/","name":"P31","description":"NOT\u00cdCIAS","potentialAction":[{"@type":"SearchAction","target":{"@type":"EntryPoint","urlTemplate":"https:\/\/www.p31noticias.com.br\/?s={search_term_string}"},"query-input":{"@type":"PropertyValueSpecification","valueRequired":true,"valueName":"search_term_string"}}],"inLanguage":"pt-BR"},{"@type":"Person","@id":"https:\/\/www.p31noticias.com.br\/#\/schema\/person\/77d6b186c710ac38937c6ec204fdd387","name":"Reda\u00e7\u00e3o JBN","image":{"@type":"ImageObject","inLanguage":"pt-BR","@id":"https:\/\/secure.gravatar.com\/avatar\/10fcdb93211f98cce3d64c0795b0915a9a4a21dc0f279238995a3dbfafcad090?s=96&d=mm&r=g","url":"https:\/\/secure.gravatar.com\/avatar\/10fcdb93211f98cce3d64c0795b0915a9a4a21dc0f279238995a3dbfafcad090?s=96&d=mm&r=g","contentUrl":"https:\/\/secure.gravatar.com\/avatar\/10fcdb93211f98cce3d64c0795b0915a9a4a21dc0f279238995a3dbfafcad090?s=96&d=mm&r=g","caption":"Reda\u00e7\u00e3o JBN"},"sameAs":["https:\/\/p31noticias.com.br"],"url":"https:\/\/www.p31noticias.com.br\/?author=18"}]}},"amp_enabled":true,"_links":{"self":[{"href":"https:\/\/www.p31noticias.com.br\/index.php?rest_route=\/wp\/v2\/posts\/21985","targetHints":{"allow":["GET"]}}],"collection":[{"href":"https:\/\/www.p31noticias.com.br\/index.php?rest_route=\/wp\/v2\/posts"}],"about":[{"href":"https:\/\/www.p31noticias.com.br\/index.php?rest_route=\/wp\/v2\/types\/post"}],"author":[{"embeddable":true,"href":"https:\/\/www.p31noticias.com.br\/index.php?rest_route=\/wp\/v2\/users\/18"}],"replies":[{"embeddable":true,"href":"https:\/\/www.p31noticias.com.br\/index.php?rest_route=%2Fwp%2Fv2%2Fcomments&post=21985"}],"version-history":[{"count":0,"href":"https:\/\/www.p31noticias.com.br\/index.php?rest_route=\/wp\/v2\/posts\/21985\/revisions"}],"wp:featuredmedia":[{"embeddable":true,"href":"https:\/\/www.p31noticias.com.br\/index.php?rest_route=\/wp\/v2\/media\/21997"}],"wp:attachment":[{"href":"https:\/\/www.p31noticias.com.br\/index.php?rest_route=%2Fwp%2Fv2%2Fmedia&parent=21985"}],"wp:term":[{"taxonomy":"category","embeddable":true,"href":"https:\/\/www.p31noticias.com.br\/index.php?rest_route=%2Fwp%2Fv2%2Fcategories&post=21985"},{"taxonomy":"post_tag","embeddable":true,"href":"https:\/\/www.p31noticias.com.br\/index.php?rest_route=%2Fwp%2Fv2%2Ftags&post=21985"}],"curies":[{"name":"wp","href":"https:\/\/api.w.org\/{rel}","templated":true}]}}