{"id":21981,"date":"2020-05-12T12:09:18","date_gmt":"2020-05-12T15:09:18","guid":{"rendered":"https:\/\/jornaldoplanalto.com.br\/web\/?p=21942"},"modified":"2020-05-12T12:09:18","modified_gmt":"2020-05-12T15:09:18","slug":"setor-de-servicos-perde-55-mil-postos-de-trabalho","status":"publish","type":"post","link":"https:\/\/www.p31noticias.com.br\/?p=21981","title":{"rendered":"Setor de servi\u00e7os perde 55 mil postos de trabalho"},"content":{"rendered":"<p>A Febrac, com intuito de levantar os impactos econ\u00f4micos dos primeiros dias da Pandemia no setor de servi\u00e7os, buscou informa\u00e7\u00f5es em 12 estados da Federa\u00e7\u00e3o, com representa\u00e7\u00e3o nas regi\u00f5es Norte, Nordeste, Sul, Sudeste e Centro-Oeste.<\/p>\n<p>Baseando-se nos dados coletados,\u00a0 o setor de presta\u00e7\u00e3o de servi\u00e7os perdeu quase 55 mil postos de trabalho dentre afastamento por cont\u00e1gio da doen\u00e7a, afastamento preventivo, f\u00e9rias coletivas e desligamentos. Nesse sentido, destaca-se o estado da Bahia com ocorr\u00eancia de cerca de 27,5 mil ou 55% dos afastados.<\/p>\n<p>Com rela\u00e7\u00e3o ao faturamento do setor, houve uma redu\u00e7\u00e3o m\u00e9dia de 20,6% em todo o pa\u00eds, no qual a regi\u00e3o Sudeste, com elevado percentual, chega a 32,3% de perda.<\/p>\n<p>Foram tamb\u00e9m obtidas informa\u00e7\u00f5es quanto ao percentual de inadimpl\u00eancia no setor de servi\u00e7os. Em virtude da Pandemia do Covid-19, as inadimpl\u00eancias nos contratos foram em m\u00e9dia de 15,7% em todo pa\u00eds. Nesse quesito, o destaque \u00e9 a\u00a0 regi\u00e3o Norte que atingiu o percentual de 35%.<\/p>\n<p>Uma nova pesquisa ocorrer\u00e1 no final de maio, para parametrizar as varia\u00e7\u00f5es dos n\u00fameros.<\/p>\n<p><em><a href=\"https:\/\/www.delioandrade.com.br\/wp-content\/uploads\/2020\/05\/postostrabalho.jpg\"><img loading=\"lazy\" decoding=\"async\" class=\"aligncenter size-full wp-image-21943\" src=\"https:\/\/www.delioandrade.com.br\/wp-content\/uploads\/2020\/05\/postostrabalho.jpg\" alt=\"\" width=\"941\" height=\"435\" \/><\/a><\/em><\/p>\n<p><em>Fonte: Assessoria de Comunica\u00e7\u00e3o da Febrac<\/em><\/p>\n","protected":false},"excerpt":{"rendered":"<p>A Febrac, com intuito de levantar os impactos econ\u00f4micos dos primeiros dias da Pandemia no setor de servi\u00e7os, buscou informa\u00e7\u00f5es em 12 estados da Federa\u00e7\u00e3o, com representa\u00e7\u00e3o nas regi\u00f5es Norte, Nordeste, Sul, Sudeste e Centro-Oeste. Baseando-se nos dados coletados,\u00a0 o setor de presta\u00e7\u00e3o de servi\u00e7os perdeu quase 55 mil postos de trabalho dentre afastamento por [&hellip;]<\/p>\n","protected":false},"author":18,"featured_media":21944,"comment_status":"open","ping_status":"open","sticky":false,"template":"","format":"standard","meta":{"footnotes":""},"categories":[68],"tags":[],"class_list":{"0":"post-21981","1":"post","2":"type-post","3":"status-publish","4":"format-standard","5":"has-post-thumbnail","7":"category-brasil"},"yoast_head":"<!-- This site is optimized with the Yoast SEO Premium plugin v24.5 (Yoast SEO v27.5) - https:\/\/yoast.com\/product\/yoast-seo-premium-wordpress\/ -->\n<title>Setor de servi\u00e7os perde 55 mil postos de trabalho - P31<\/title>\n<meta name=\"robots\" content=\"index, follow, max-snippet:-1, max-image-preview:large, max-video-preview:-1\" \/>\n<link rel=\"canonical\" href=\"https:\/\/www.p31noticias.com.br\/?p=21981\" \/>\n<meta property=\"og:locale\" content=\"pt_BR\" \/>\n<meta property=\"og:type\" content=\"article\" \/>\n<meta property=\"og:title\" content=\"Setor de servi\u00e7os perde 55 mil postos de trabalho\" \/>\n<meta property=\"og:description\" content=\"A Febrac, com intuito de levantar os impactos econ\u00f4micos dos primeiros dias da Pandemia no setor de servi\u00e7os, buscou informa\u00e7\u00f5es em 12 estados da Federa\u00e7\u00e3o, com representa\u00e7\u00e3o nas regi\u00f5es Norte, Nordeste, Sul, Sudeste e Centro-Oeste. Baseando-se nos dados coletados,\u00a0 o setor de presta\u00e7\u00e3o de servi\u00e7os perdeu quase 55 mil postos de trabalho dentre afastamento por [&hellip;]\" \/>\n<meta property=\"og:url\" content=\"https:\/\/www.p31noticias.com.br\/?p=21981\" \/>\n<meta property=\"og:site_name\" content=\"P31\" \/>\n<meta property=\"article:published_time\" content=\"2020-05-12T15:09:18+00:00\" \/>\n<meta name=\"author\" content=\"Reda\u00e7\u00e3o JBN\" \/>\n<meta name=\"twitter:card\" content=\"summary_large_image\" \/>\n<meta name=\"twitter:label1\" content=\"Escrito por\" \/>\n\t<meta name=\"twitter:data1\" content=\"Reda\u00e7\u00e3o JBN\" \/>\n\t<meta name=\"twitter:label2\" content=\"Est. tempo de leitura\" \/>\n\t<meta name=\"twitter:data2\" content=\"1 minuto\" \/>\n<script type=\"application\/ld+json\" class=\"yoast-schema-graph\">{\"@context\":\"https:\\\/\\\/schema.org\",\"@graph\":[{\"@type\":\"Article\",\"@id\":\"https:\\\/\\\/www.p31noticias.com.br\\\/?p=21981#article\",\"isPartOf\":{\"@id\":\"https:\\\/\\\/www.p31noticias.com.br\\\/?p=21981\"},\"author\":{\"name\":\"Reda\u00e7\u00e3o JBN\",\"@id\":\"https:\\\/\\\/www.p31noticias.com.br\\\/#\\\/schema\\\/person\\\/77d6b186c710ac38937c6ec204fdd387\"},\"headline\":\"Setor de servi\u00e7os perde 55 mil postos de trabalho\",\"datePublished\":\"2020-05-12T15:09:18+00:00\",\"mainEntityOfPage\":{\"@id\":\"https:\\\/\\\/www.p31noticias.com.br\\\/?p=21981\"},\"wordCount\":204,\"commentCount\":0,\"image\":{\"@id\":\"https:\\\/\\\/www.p31noticias.com.br\\\/?p=21981#primaryimage\"},\"thumbnailUrl\":\"\",\"articleSection\":[\"Brasil\"],\"inLanguage\":\"pt-BR\",\"potentialAction\":[{\"@type\":\"CommentAction\",\"name\":\"Comment\",\"target\":[\"https:\\\/\\\/www.p31noticias.com.br\\\/?p=21981#respond\"]}],\"copyrightYear\":\"2020\",\"copyrightHolder\":{\"@id\":\"https:\\\/\\\/www.p31noticias.com.br\\\/#organization\"}},{\"@type\":\"WebPage\",\"@id\":\"https:\\\/\\\/www.p31noticias.com.br\\\/?p=21981\",\"url\":\"https:\\\/\\\/www.p31noticias.com.br\\\/?p=21981\",\"name\":\"Setor de servi\u00e7os perde 55 mil postos de trabalho - P31\",\"isPartOf\":{\"@id\":\"https:\\\/\\\/www.p31noticias.com.br\\\/#website\"},\"primaryImageOfPage\":{\"@id\":\"https:\\\/\\\/www.p31noticias.com.br\\\/?p=21981#primaryimage\"},\"image\":{\"@id\":\"https:\\\/\\\/www.p31noticias.com.br\\\/?p=21981#primaryimage\"},\"thumbnailUrl\":\"\",\"datePublished\":\"2020-05-12T15:09:18+00:00\",\"author\":{\"@id\":\"https:\\\/\\\/www.p31noticias.com.br\\\/#\\\/schema\\\/person\\\/77d6b186c710ac38937c6ec204fdd387\"},\"breadcrumb\":{\"@id\":\"https:\\\/\\\/www.p31noticias.com.br\\\/?p=21981#breadcrumb\"},\"inLanguage\":\"pt-BR\",\"potentialAction\":[{\"@type\":\"ReadAction\",\"target\":[\"https:\\\/\\\/www.p31noticias.com.br\\\/?p=21981\"]}]},{\"@type\":\"ImageObject\",\"inLanguage\":\"pt-BR\",\"@id\":\"https:\\\/\\\/www.p31noticias.com.br\\\/?p=21981#primaryimage\",\"url\":\"\",\"contentUrl\":\"\"},{\"@type\":\"BreadcrumbList\",\"@id\":\"https:\\\/\\\/www.p31noticias.com.br\\\/?p=21981#breadcrumb\",\"itemListElement\":[{\"@type\":\"ListItem\",\"position\":1,\"name\":\"In\u00edcio\",\"item\":\"https:\\\/\\\/www.p31noticias.com.br\\\/\"},{\"@type\":\"ListItem\",\"position\":2,\"name\":\"Setor de servi\u00e7os perde 55 mil postos de trabalho\"}]},{\"@type\":\"WebSite\",\"@id\":\"https:\\\/\\\/www.p31noticias.com.br\\\/#website\",\"url\":\"https:\\\/\\\/www.p31noticias.com.br\\\/\",\"name\":\"P31\",\"description\":\"NOT\u00cdCIAS\",\"potentialAction\":[{\"@type\":\"SearchAction\",\"target\":{\"@type\":\"EntryPoint\",\"urlTemplate\":\"https:\\\/\\\/www.p31noticias.com.br\\\/?s={search_term_string}\"},\"query-input\":{\"@type\":\"PropertyValueSpecification\",\"valueRequired\":true,\"valueName\":\"search_term_string\"}}],\"inLanguage\":\"pt-BR\"},{\"@type\":\"Person\",\"@id\":\"https:\\\/\\\/www.p31noticias.com.br\\\/#\\\/schema\\\/person\\\/77d6b186c710ac38937c6ec204fdd387\",\"name\":\"Reda\u00e7\u00e3o JBN\",\"image\":{\"@type\":\"ImageObject\",\"inLanguage\":\"pt-BR\",\"@id\":\"https:\\\/\\\/secure.gravatar.com\\\/avatar\\\/10fcdb93211f98cce3d64c0795b0915a9a4a21dc0f279238995a3dbfafcad090?s=96&d=mm&r=g\",\"url\":\"https:\\\/\\\/secure.gravatar.com\\\/avatar\\\/10fcdb93211f98cce3d64c0795b0915a9a4a21dc0f279238995a3dbfafcad090?s=96&d=mm&r=g\",\"contentUrl\":\"https:\\\/\\\/secure.gravatar.com\\\/avatar\\\/10fcdb93211f98cce3d64c0795b0915a9a4a21dc0f279238995a3dbfafcad090?s=96&d=mm&r=g\",\"caption\":\"Reda\u00e7\u00e3o JBN\"},\"sameAs\":[\"https:\\\/\\\/p31noticias.com.br\"],\"url\":\"https:\\\/\\\/www.p31noticias.com.br\\\/?author=18\"}]}<\/script>\n<!-- \/ Yoast SEO Premium plugin. -->","yoast_head_json":{"title":"Setor de servi\u00e7os perde 55 mil postos de trabalho - P31","robots":{"index":"index","follow":"follow","max-snippet":"max-snippet:-1","max-image-preview":"max-image-preview:large","max-video-preview":"max-video-preview:-1"},"canonical":"https:\/\/www.p31noticias.com.br\/?p=21981","og_locale":"pt_BR","og_type":"article","og_title":"Setor de servi\u00e7os perde 55 mil postos de trabalho","og_description":"A Febrac, com intuito de levantar os impactos econ\u00f4micos dos primeiros dias da Pandemia no setor de servi\u00e7os, buscou informa\u00e7\u00f5es em 12 estados da Federa\u00e7\u00e3o, com representa\u00e7\u00e3o nas regi\u00f5es Norte, Nordeste, Sul, Sudeste e Centro-Oeste. Baseando-se nos dados coletados,\u00a0 o setor de presta\u00e7\u00e3o de servi\u00e7os perdeu quase 55 mil postos de trabalho dentre afastamento por [&hellip;]","og_url":"https:\/\/www.p31noticias.com.br\/?p=21981","og_site_name":"P31","article_published_time":"2020-05-12T15:09:18+00:00","author":"Reda\u00e7\u00e3o JBN","twitter_card":"summary_large_image","twitter_misc":{"Escrito por":"Reda\u00e7\u00e3o JBN","Est. tempo de leitura":"1 minuto"},"schema":{"@context":"https:\/\/schema.org","@graph":[{"@type":"Article","@id":"https:\/\/www.p31noticias.com.br\/?p=21981#article","isPartOf":{"@id":"https:\/\/www.p31noticias.com.br\/?p=21981"},"author":{"name":"Reda\u00e7\u00e3o JBN","@id":"https:\/\/www.p31noticias.com.br\/#\/schema\/person\/77d6b186c710ac38937c6ec204fdd387"},"headline":"Setor de servi\u00e7os perde 55 mil postos de trabalho","datePublished":"2020-05-12T15:09:18+00:00","mainEntityOfPage":{"@id":"https:\/\/www.p31noticias.com.br\/?p=21981"},"wordCount":204,"commentCount":0,"image":{"@id":"https:\/\/www.p31noticias.com.br\/?p=21981#primaryimage"},"thumbnailUrl":"","articleSection":["Brasil"],"inLanguage":"pt-BR","potentialAction":[{"@type":"CommentAction","name":"Comment","target":["https:\/\/www.p31noticias.com.br\/?p=21981#respond"]}],"copyrightYear":"2020","copyrightHolder":{"@id":"https:\/\/www.p31noticias.com.br\/#organization"}},{"@type":"WebPage","@id":"https:\/\/www.p31noticias.com.br\/?p=21981","url":"https:\/\/www.p31noticias.com.br\/?p=21981","name":"Setor de servi\u00e7os perde 55 mil postos de trabalho - P31","isPartOf":{"@id":"https:\/\/www.p31noticias.com.br\/#website"},"primaryImageOfPage":{"@id":"https:\/\/www.p31noticias.com.br\/?p=21981#primaryimage"},"image":{"@id":"https:\/\/www.p31noticias.com.br\/?p=21981#primaryimage"},"thumbnailUrl":"","datePublished":"2020-05-12T15:09:18+00:00","author":{"@id":"https:\/\/www.p31noticias.com.br\/#\/schema\/person\/77d6b186c710ac38937c6ec204fdd387"},"breadcrumb":{"@id":"https:\/\/www.p31noticias.com.br\/?p=21981#breadcrumb"},"inLanguage":"pt-BR","potentialAction":[{"@type":"ReadAction","target":["https:\/\/www.p31noticias.com.br\/?p=21981"]}]},{"@type":"ImageObject","inLanguage":"pt-BR","@id":"https:\/\/www.p31noticias.com.br\/?p=21981#primaryimage","url":"","contentUrl":""},{"@type":"BreadcrumbList","@id":"https:\/\/www.p31noticias.com.br\/?p=21981#breadcrumb","itemListElement":[{"@type":"ListItem","position":1,"name":"In\u00edcio","item":"https:\/\/www.p31noticias.com.br\/"},{"@type":"ListItem","position":2,"name":"Setor de servi\u00e7os perde 55 mil postos de trabalho"}]},{"@type":"WebSite","@id":"https:\/\/www.p31noticias.com.br\/#website","url":"https:\/\/www.p31noticias.com.br\/","name":"P31","description":"NOT\u00cdCIAS","potentialAction":[{"@type":"SearchAction","target":{"@type":"EntryPoint","urlTemplate":"https:\/\/www.p31noticias.com.br\/?s={search_term_string}"},"query-input":{"@type":"PropertyValueSpecification","valueRequired":true,"valueName":"search_term_string"}}],"inLanguage":"pt-BR"},{"@type":"Person","@id":"https:\/\/www.p31noticias.com.br\/#\/schema\/person\/77d6b186c710ac38937c6ec204fdd387","name":"Reda\u00e7\u00e3o JBN","image":{"@type":"ImageObject","inLanguage":"pt-BR","@id":"https:\/\/secure.gravatar.com\/avatar\/10fcdb93211f98cce3d64c0795b0915a9a4a21dc0f279238995a3dbfafcad090?s=96&d=mm&r=g","url":"https:\/\/secure.gravatar.com\/avatar\/10fcdb93211f98cce3d64c0795b0915a9a4a21dc0f279238995a3dbfafcad090?s=96&d=mm&r=g","contentUrl":"https:\/\/secure.gravatar.com\/avatar\/10fcdb93211f98cce3d64c0795b0915a9a4a21dc0f279238995a3dbfafcad090?s=96&d=mm&r=g","caption":"Reda\u00e7\u00e3o JBN"},"sameAs":["https:\/\/p31noticias.com.br"],"url":"https:\/\/www.p31noticias.com.br\/?author=18"}]}},"amp_enabled":true,"_links":{"self":[{"href":"https:\/\/www.p31noticias.com.br\/index.php?rest_route=\/wp\/v2\/posts\/21981","targetHints":{"allow":["GET"]}}],"collection":[{"href":"https:\/\/www.p31noticias.com.br\/index.php?rest_route=\/wp\/v2\/posts"}],"about":[{"href":"https:\/\/www.p31noticias.com.br\/index.php?rest_route=\/wp\/v2\/types\/post"}],"author":[{"embeddable":true,"href":"https:\/\/www.p31noticias.com.br\/index.php?rest_route=\/wp\/v2\/users\/18"}],"replies":[{"embeddable":true,"href":"https:\/\/www.p31noticias.com.br\/index.php?rest_route=%2Fwp%2Fv2%2Fcomments&post=21981"}],"version-history":[{"count":0,"href":"https:\/\/www.p31noticias.com.br\/index.php?rest_route=\/wp\/v2\/posts\/21981\/revisions"}],"wp:featuredmedia":[{"embeddable":true,"href":"https:\/\/www.p31noticias.com.br\/index.php?rest_route=\/"}],"wp:attachment":[{"href":"https:\/\/www.p31noticias.com.br\/index.php?rest_route=%2Fwp%2Fv2%2Fmedia&parent=21981"}],"wp:term":[{"taxonomy":"category","embeddable":true,"href":"https:\/\/www.p31noticias.com.br\/index.php?rest_route=%2Fwp%2Fv2%2Fcategories&post=21981"},{"taxonomy":"post_tag","embeddable":true,"href":"https:\/\/www.p31noticias.com.br\/index.php?rest_route=%2Fwp%2Fv2%2Ftags&post=21981"}],"curies":[{"name":"wp","href":"https:\/\/api.w.org\/{rel}","templated":true}]}}