{"id":21979,"date":"2020-05-11T11:44:59","date_gmt":"2020-05-11T14:44:59","guid":{"rendered":"https:\/\/jornaldoplanalto.com.br\/web\/?p=21936"},"modified":"2020-05-11T11:44:59","modified_gmt":"2020-05-11T14:44:59","slug":"em-brasilia-quem-nao-usar-mascara-sera-multado-a-partir-de-hoje","status":"publish","type":"post","link":"https:\/\/www.p31noticias.com.br\/?p=21979","title":{"rendered":"Em Bras\u00edlia, quem n\u00e3o usar m\u00e1scara ser\u00e1 multado a partir de hoje"},"content":{"rendered":"<p><strong><em>Uso de m\u00e1scara em espa\u00e7os p\u00fablicos passa a ser obrigat\u00f3rio<\/em><\/strong><\/p>\n<p>Moradores do Distrito Federal ser\u00e3o obrigados, a partir de hoje (11), a usar m\u00e1scaras, consideradas essenciais para evitar o cont\u00e1gio por covid-19. A determina\u00e7\u00e3o, publicada em um decreto do governador Ibaneis Rocha, no dia 23 de abril, estabelece a obrigatoriedade do uso em todas as vias e espa\u00e7os p\u00fablicos, transportes p\u00fablicos coletivos, estabelecimentos comerciais, industriais e espa\u00e7os de presta\u00e7\u00e3o de servi\u00e7o.<\/p>\n<p>A exig\u00eancia \u00e9 por tempo indeterminado, enquanto vigorar o estado de emerg\u00eancia no Distrito Federal, previsto no Decreto 40.475, de 28 de fevereiro de 2020. Quem for pego sem m\u00e1scaras em espa\u00e7os p\u00fablicos poder\u00e1 ser autuado e multado em valor a partir de R$ 2 mil.<\/p>\n<p>H\u00e1 tamb\u00e9m san\u00e7\u00f5es penais previstas no Artigo 268 do C\u00f3digo Penal, destinado a impedir a introdu\u00e7\u00e3o ou a propaga\u00e7\u00e3o de doen\u00e7a contagiosa, como deten\u00e7\u00e3o de um m\u00eas a um ano, al\u00e9m de multa. A condena\u00e7\u00e3o \u00e9 aumentada em um ter\u00e7o se o infrator for funcion\u00e1rio da sa\u00fade p\u00fablica ou exercer a profiss\u00e3o de m\u00e9dico, farmac\u00eautico, dentista ou enfermeiro. Para quem n\u00e3o tem condi\u00e7\u00f5es de adquirir m\u00e1scaras, o governo do Distrito Federal previu no decreto a garantia desse material de prote\u00e7\u00e3o em locais que ser\u00e3o informados \u00e0 popula\u00e7\u00e3o.<\/p>\n<p>No mesmo decreto, Ibaneis Rocha determina que com\u00e9rcios e outros estabelecimentos de atividades econ\u00f4micas n\u00e3o dever\u00e3o aceitar a presen\u00e7a de pessoas sem o acess\u00f3rio. Al\u00e9m disso, fabricantes de m\u00e1scara para uso profissional devem priorizar na comercializa\u00e7\u00e3o de sua produ\u00e7\u00e3o os profissionais de sa\u00fade, fornecendo excedentes para outras categorias.<\/p>\n<h2>Transporte p\u00fablico<\/h2>\n<p>Em cumprimento \u00e0 determina\u00e7\u00e3o, nas esta\u00e7\u00f5es do Metr\u00f4, por exemplo, n\u00e3o ser\u00e1 autorizada a entrada nem a perman\u00eancia de usu\u00e1rios sem a prote\u00e7\u00e3o.<\/p>\n<p>O Metr\u00f4-DF j\u00e1 adquiriu e est\u00e1 distribuindo m\u00e1scaras de tecido, confeccionadas conforme orienta\u00e7\u00e3o do Minist\u00e9rio da Sa\u00fade, aos empregados que trabalham na linha de frente da opera\u00e7\u00e3o.<\/p>\n<h2>Desinfec\u00e7\u00e3o<\/h2>\n<p>Ainda como forma de garantir a seguran\u00e7a de empregados e usu\u00e1rios, o Metr\u00f4-DF permanece com a\u00e7\u00f5es constantes de desinfec\u00e7\u00e3o e higieniza\u00e7\u00e3o. A cada semana, as 25 esta\u00e7\u00f5es operacionais e os trens passam por processo de limpeza com quarten\u00e1rio de am\u00f4nio, aprovado pela Ag\u00eancia Nacional de Vigil\u00e2ncia Sanit\u00e1ria (Anvisa) e usado em outros pa\u00edses do mundo. Al\u00e9m disso, a cada 30 minutos, \u00e9 feita a limpeza nos bloqueios, bilheterias e corrim\u00e3os das esta\u00e7\u00f5es com o per\u00f3xido de hidrog\u00eanio.<\/p>\n<p>Os \u00f4nibus que circulam pelo Distrito Federal tamb\u00e9m est\u00e3o sendo higienizados com maior frequ\u00eancia. Na Rodovi\u00e1ria do Plano Piloto, empresas de coletivos passaram a limpar os ve\u00edculos a cada vez que estes retornam de um trajeto.<\/p>\n<p><em>(Por Karine Melo \u2013 Rep\u00f3rter da Ag\u00eancia Brasil &#8211; Bras\u00edlia. Foto: Marcello Casal Jr\/Ag\u00eancia Brasil)<\/em><\/p>\n","protected":false},"excerpt":{"rendered":"<p>Uso de m\u00e1scara em espa\u00e7os p\u00fablicos passa a ser obrigat\u00f3rio Moradores do Distrito Federal ser\u00e3o obrigados, a partir de hoje (11), a usar m\u00e1scaras, consideradas essenciais para evitar o cont\u00e1gio por covid-19. A determina\u00e7\u00e3o, publicada em um decreto do governador Ibaneis Rocha, no dia 23 de abril, estabelece a obrigatoriedade do uso em todas as [&hellip;]<\/p>\n","protected":false},"author":18,"featured_media":21937,"comment_status":"open","ping_status":"open","sticky":false,"template":"","format":"standard","meta":{"footnotes":""},"categories":[124],"tags":[],"class_list":{"0":"post-21979","1":"post","2":"type-post","3":"status-publish","4":"format-standard","5":"has-post-thumbnail","7":"category-saude"},"yoast_head":"<!-- This site is optimized with the Yoast SEO Premium plugin v24.5 (Yoast SEO v27.5) - https:\/\/yoast.com\/product\/yoast-seo-premium-wordpress\/ -->\n<title>Em Bras\u00edlia, quem n\u00e3o usar m\u00e1scara ser\u00e1 multado a partir de hoje - P31<\/title>\n<meta name=\"robots\" content=\"index, follow, max-snippet:-1, max-image-preview:large, max-video-preview:-1\" \/>\n<link rel=\"canonical\" href=\"https:\/\/www.p31noticias.com.br\/?p=21979\" \/>\n<meta property=\"og:locale\" content=\"pt_BR\" \/>\n<meta property=\"og:type\" content=\"article\" \/>\n<meta property=\"og:title\" content=\"Em Bras\u00edlia, quem n\u00e3o usar m\u00e1scara ser\u00e1 multado a partir de hoje\" \/>\n<meta property=\"og:description\" content=\"Uso de m\u00e1scara em espa\u00e7os p\u00fablicos passa a ser obrigat\u00f3rio Moradores do Distrito Federal ser\u00e3o obrigados, a partir de hoje (11), a usar m\u00e1scaras, consideradas essenciais para evitar o cont\u00e1gio por covid-19. A determina\u00e7\u00e3o, publicada em um decreto do governador Ibaneis Rocha, no dia 23 de abril, estabelece a obrigatoriedade do uso em todas as [&hellip;]\" \/>\n<meta property=\"og:url\" content=\"https:\/\/www.p31noticias.com.br\/?p=21979\" \/>\n<meta property=\"og:site_name\" content=\"P31\" \/>\n<meta property=\"article:published_time\" content=\"2020-05-11T14:44:59+00:00\" \/>\n<meta name=\"author\" content=\"Reda\u00e7\u00e3o JBN\" \/>\n<meta name=\"twitter:card\" content=\"summary_large_image\" \/>\n<meta name=\"twitter:label1\" content=\"Escrito por\" \/>\n\t<meta name=\"twitter:data1\" content=\"Reda\u00e7\u00e3o JBN\" \/>\n\t<meta name=\"twitter:label2\" content=\"Est. tempo de leitura\" \/>\n\t<meta name=\"twitter:data2\" content=\"3 minutos\" \/>\n<script type=\"application\/ld+json\" class=\"yoast-schema-graph\">{\"@context\":\"https:\\\/\\\/schema.org\",\"@graph\":[{\"@type\":\"Article\",\"@id\":\"https:\\\/\\\/www.p31noticias.com.br\\\/?p=21979#article\",\"isPartOf\":{\"@id\":\"https:\\\/\\\/www.p31noticias.com.br\\\/?p=21979\"},\"author\":{\"name\":\"Reda\u00e7\u00e3o JBN\",\"@id\":\"https:\\\/\\\/www.p31noticias.com.br\\\/#\\\/schema\\\/person\\\/77d6b186c710ac38937c6ec204fdd387\"},\"headline\":\"Em Bras\u00edlia, quem n\u00e3o usar m\u00e1scara ser\u00e1 multado a partir de hoje\",\"datePublished\":\"2020-05-11T14:44:59+00:00\",\"mainEntityOfPage\":{\"@id\":\"https:\\\/\\\/www.p31noticias.com.br\\\/?p=21979\"},\"wordCount\":528,\"commentCount\":0,\"image\":{\"@id\":\"https:\\\/\\\/www.p31noticias.com.br\\\/?p=21979#primaryimage\"},\"thumbnailUrl\":\"\",\"articleSection\":[\"Sa\u00fade\"],\"inLanguage\":\"pt-BR\",\"potentialAction\":[{\"@type\":\"CommentAction\",\"name\":\"Comment\",\"target\":[\"https:\\\/\\\/www.p31noticias.com.br\\\/?p=21979#respond\"]}],\"copyrightYear\":\"2020\",\"copyrightHolder\":{\"@id\":\"https:\\\/\\\/www.p31noticias.com.br\\\/#organization\"}},{\"@type\":\"WebPage\",\"@id\":\"https:\\\/\\\/www.p31noticias.com.br\\\/?p=21979\",\"url\":\"https:\\\/\\\/www.p31noticias.com.br\\\/?p=21979\",\"name\":\"Em Bras\u00edlia, quem n\u00e3o usar m\u00e1scara ser\u00e1 multado a partir de hoje - P31\",\"isPartOf\":{\"@id\":\"https:\\\/\\\/www.p31noticias.com.br\\\/#website\"},\"primaryImageOfPage\":{\"@id\":\"https:\\\/\\\/www.p31noticias.com.br\\\/?p=21979#primaryimage\"},\"image\":{\"@id\":\"https:\\\/\\\/www.p31noticias.com.br\\\/?p=21979#primaryimage\"},\"thumbnailUrl\":\"\",\"datePublished\":\"2020-05-11T14:44:59+00:00\",\"author\":{\"@id\":\"https:\\\/\\\/www.p31noticias.com.br\\\/#\\\/schema\\\/person\\\/77d6b186c710ac38937c6ec204fdd387\"},\"breadcrumb\":{\"@id\":\"https:\\\/\\\/www.p31noticias.com.br\\\/?p=21979#breadcrumb\"},\"inLanguage\":\"pt-BR\",\"potentialAction\":[{\"@type\":\"ReadAction\",\"target\":[\"https:\\\/\\\/www.p31noticias.com.br\\\/?p=21979\"]}]},{\"@type\":\"ImageObject\",\"inLanguage\":\"pt-BR\",\"@id\":\"https:\\\/\\\/www.p31noticias.com.br\\\/?p=21979#primaryimage\",\"url\":\"\",\"contentUrl\":\"\"},{\"@type\":\"BreadcrumbList\",\"@id\":\"https:\\\/\\\/www.p31noticias.com.br\\\/?p=21979#breadcrumb\",\"itemListElement\":[{\"@type\":\"ListItem\",\"position\":1,\"name\":\"In\u00edcio\",\"item\":\"https:\\\/\\\/www.p31noticias.com.br\\\/\"},{\"@type\":\"ListItem\",\"position\":2,\"name\":\"Em Bras\u00edlia, quem n\u00e3o usar m\u00e1scara ser\u00e1 multado a partir de hoje\"}]},{\"@type\":\"WebSite\",\"@id\":\"https:\\\/\\\/www.p31noticias.com.br\\\/#website\",\"url\":\"https:\\\/\\\/www.p31noticias.com.br\\\/\",\"name\":\"P31\",\"description\":\"NOT\u00cdCIAS\",\"potentialAction\":[{\"@type\":\"SearchAction\",\"target\":{\"@type\":\"EntryPoint\",\"urlTemplate\":\"https:\\\/\\\/www.p31noticias.com.br\\\/?s={search_term_string}\"},\"query-input\":{\"@type\":\"PropertyValueSpecification\",\"valueRequired\":true,\"valueName\":\"search_term_string\"}}],\"inLanguage\":\"pt-BR\"},{\"@type\":\"Person\",\"@id\":\"https:\\\/\\\/www.p31noticias.com.br\\\/#\\\/schema\\\/person\\\/77d6b186c710ac38937c6ec204fdd387\",\"name\":\"Reda\u00e7\u00e3o JBN\",\"image\":{\"@type\":\"ImageObject\",\"inLanguage\":\"pt-BR\",\"@id\":\"https:\\\/\\\/secure.gravatar.com\\\/avatar\\\/10fcdb93211f98cce3d64c0795b0915a9a4a21dc0f279238995a3dbfafcad090?s=96&d=mm&r=g\",\"url\":\"https:\\\/\\\/secure.gravatar.com\\\/avatar\\\/10fcdb93211f98cce3d64c0795b0915a9a4a21dc0f279238995a3dbfafcad090?s=96&d=mm&r=g\",\"contentUrl\":\"https:\\\/\\\/secure.gravatar.com\\\/avatar\\\/10fcdb93211f98cce3d64c0795b0915a9a4a21dc0f279238995a3dbfafcad090?s=96&d=mm&r=g\",\"caption\":\"Reda\u00e7\u00e3o JBN\"},\"sameAs\":[\"https:\\\/\\\/p31noticias.com.br\"],\"url\":\"https:\\\/\\\/www.p31noticias.com.br\\\/?author=18\"}]}<\/script>\n<!-- \/ Yoast SEO Premium plugin. -->","yoast_head_json":{"title":"Em Bras\u00edlia, quem n\u00e3o usar m\u00e1scara ser\u00e1 multado a partir de hoje - P31","robots":{"index":"index","follow":"follow","max-snippet":"max-snippet:-1","max-image-preview":"max-image-preview:large","max-video-preview":"max-video-preview:-1"},"canonical":"https:\/\/www.p31noticias.com.br\/?p=21979","og_locale":"pt_BR","og_type":"article","og_title":"Em Bras\u00edlia, quem n\u00e3o usar m\u00e1scara ser\u00e1 multado a partir de hoje","og_description":"Uso de m\u00e1scara em espa\u00e7os p\u00fablicos passa a ser obrigat\u00f3rio Moradores do Distrito Federal ser\u00e3o obrigados, a partir de hoje (11), a usar m\u00e1scaras, consideradas essenciais para evitar o cont\u00e1gio por covid-19. A determina\u00e7\u00e3o, publicada em um decreto do governador Ibaneis Rocha, no dia 23 de abril, estabelece a obrigatoriedade do uso em todas as [&hellip;]","og_url":"https:\/\/www.p31noticias.com.br\/?p=21979","og_site_name":"P31","article_published_time":"2020-05-11T14:44:59+00:00","author":"Reda\u00e7\u00e3o JBN","twitter_card":"summary_large_image","twitter_misc":{"Escrito por":"Reda\u00e7\u00e3o JBN","Est. tempo de leitura":"3 minutos"},"schema":{"@context":"https:\/\/schema.org","@graph":[{"@type":"Article","@id":"https:\/\/www.p31noticias.com.br\/?p=21979#article","isPartOf":{"@id":"https:\/\/www.p31noticias.com.br\/?p=21979"},"author":{"name":"Reda\u00e7\u00e3o JBN","@id":"https:\/\/www.p31noticias.com.br\/#\/schema\/person\/77d6b186c710ac38937c6ec204fdd387"},"headline":"Em Bras\u00edlia, quem n\u00e3o usar m\u00e1scara ser\u00e1 multado a partir de hoje","datePublished":"2020-05-11T14:44:59+00:00","mainEntityOfPage":{"@id":"https:\/\/www.p31noticias.com.br\/?p=21979"},"wordCount":528,"commentCount":0,"image":{"@id":"https:\/\/www.p31noticias.com.br\/?p=21979#primaryimage"},"thumbnailUrl":"","articleSection":["Sa\u00fade"],"inLanguage":"pt-BR","potentialAction":[{"@type":"CommentAction","name":"Comment","target":["https:\/\/www.p31noticias.com.br\/?p=21979#respond"]}],"copyrightYear":"2020","copyrightHolder":{"@id":"https:\/\/www.p31noticias.com.br\/#organization"}},{"@type":"WebPage","@id":"https:\/\/www.p31noticias.com.br\/?p=21979","url":"https:\/\/www.p31noticias.com.br\/?p=21979","name":"Em Bras\u00edlia, quem n\u00e3o usar m\u00e1scara ser\u00e1 multado a partir de hoje - P31","isPartOf":{"@id":"https:\/\/www.p31noticias.com.br\/#website"},"primaryImageOfPage":{"@id":"https:\/\/www.p31noticias.com.br\/?p=21979#primaryimage"},"image":{"@id":"https:\/\/www.p31noticias.com.br\/?p=21979#primaryimage"},"thumbnailUrl":"","datePublished":"2020-05-11T14:44:59+00:00","author":{"@id":"https:\/\/www.p31noticias.com.br\/#\/schema\/person\/77d6b186c710ac38937c6ec204fdd387"},"breadcrumb":{"@id":"https:\/\/www.p31noticias.com.br\/?p=21979#breadcrumb"},"inLanguage":"pt-BR","potentialAction":[{"@type":"ReadAction","target":["https:\/\/www.p31noticias.com.br\/?p=21979"]}]},{"@type":"ImageObject","inLanguage":"pt-BR","@id":"https:\/\/www.p31noticias.com.br\/?p=21979#primaryimage","url":"","contentUrl":""},{"@type":"BreadcrumbList","@id":"https:\/\/www.p31noticias.com.br\/?p=21979#breadcrumb","itemListElement":[{"@type":"ListItem","position":1,"name":"In\u00edcio","item":"https:\/\/www.p31noticias.com.br\/"},{"@type":"ListItem","position":2,"name":"Em Bras\u00edlia, quem n\u00e3o usar m\u00e1scara ser\u00e1 multado a partir de hoje"}]},{"@type":"WebSite","@id":"https:\/\/www.p31noticias.com.br\/#website","url":"https:\/\/www.p31noticias.com.br\/","name":"P31","description":"NOT\u00cdCIAS","potentialAction":[{"@type":"SearchAction","target":{"@type":"EntryPoint","urlTemplate":"https:\/\/www.p31noticias.com.br\/?s={search_term_string}"},"query-input":{"@type":"PropertyValueSpecification","valueRequired":true,"valueName":"search_term_string"}}],"inLanguage":"pt-BR"},{"@type":"Person","@id":"https:\/\/www.p31noticias.com.br\/#\/schema\/person\/77d6b186c710ac38937c6ec204fdd387","name":"Reda\u00e7\u00e3o JBN","image":{"@type":"ImageObject","inLanguage":"pt-BR","@id":"https:\/\/secure.gravatar.com\/avatar\/10fcdb93211f98cce3d64c0795b0915a9a4a21dc0f279238995a3dbfafcad090?s=96&d=mm&r=g","url":"https:\/\/secure.gravatar.com\/avatar\/10fcdb93211f98cce3d64c0795b0915a9a4a21dc0f279238995a3dbfafcad090?s=96&d=mm&r=g","contentUrl":"https:\/\/secure.gravatar.com\/avatar\/10fcdb93211f98cce3d64c0795b0915a9a4a21dc0f279238995a3dbfafcad090?s=96&d=mm&r=g","caption":"Reda\u00e7\u00e3o JBN"},"sameAs":["https:\/\/p31noticias.com.br"],"url":"https:\/\/www.p31noticias.com.br\/?author=18"}]}},"amp_enabled":true,"_links":{"self":[{"href":"https:\/\/www.p31noticias.com.br\/index.php?rest_route=\/wp\/v2\/posts\/21979","targetHints":{"allow":["GET"]}}],"collection":[{"href":"https:\/\/www.p31noticias.com.br\/index.php?rest_route=\/wp\/v2\/posts"}],"about":[{"href":"https:\/\/www.p31noticias.com.br\/index.php?rest_route=\/wp\/v2\/types\/post"}],"author":[{"embeddable":true,"href":"https:\/\/www.p31noticias.com.br\/index.php?rest_route=\/wp\/v2\/users\/18"}],"replies":[{"embeddable":true,"href":"https:\/\/www.p31noticias.com.br\/index.php?rest_route=%2Fwp%2Fv2%2Fcomments&post=21979"}],"version-history":[{"count":0,"href":"https:\/\/www.p31noticias.com.br\/index.php?rest_route=\/wp\/v2\/posts\/21979\/revisions"}],"wp:featuredmedia":[{"embeddable":true,"href":"https:\/\/www.p31noticias.com.br\/index.php?rest_route=\/"}],"wp:attachment":[{"href":"https:\/\/www.p31noticias.com.br\/index.php?rest_route=%2Fwp%2Fv2%2Fmedia&parent=21979"}],"wp:term":[{"taxonomy":"category","embeddable":true,"href":"https:\/\/www.p31noticias.com.br\/index.php?rest_route=%2Fwp%2Fv2%2Fcategories&post=21979"},{"taxonomy":"post_tag","embeddable":true,"href":"https:\/\/www.p31noticias.com.br\/index.php?rest_route=%2Fwp%2Fv2%2Ftags&post=21979"}],"curies":[{"name":"wp","href":"https:\/\/api.w.org\/{rel}","templated":true}]}}