{"id":21978,"date":"2020-05-11T11:38:00","date_gmt":"2020-05-11T14:38:00","guid":{"rendered":"https:\/\/jornaldoplanalto.com.br\/web\/?p=21930"},"modified":"2020-05-11T11:38:00","modified_gmt":"2020-05-11T14:38:00","slug":"educacao-vai-comprar-2-milhoes-de-mascaras-para-alunos-e-professores","status":"publish","type":"post","link":"https:\/\/www.p31noticias.com.br\/?p=21978","title":{"rendered":"Educa\u00e7\u00e3o vai comprar 2 milh\u00f5es de m\u00e1scaras para alunos e professores"},"content":{"rendered":"<p><em><strong>Investimento \u00e9 de R$ 10,4 milh\u00f5es; expectativa \u00e9 distribuir quatro m\u00e1scaras por pessoa<\/strong><\/em><\/p>\n<p>Mesmo ainda sem data certa para o retorno das aulas na rede p\u00fablica de ensino do Distrito Federal, a Secretaria de Educa\u00e7\u00e3o j\u00e1 se prepara para receber estudantes e professores com seguran\u00e7a. Por isso, a pasta vai adquirir, por meio de dispensa de licita\u00e7\u00e3o em car\u00e1ter emergencial, 2,1 milh\u00f5es de m\u00e1scaras para serem distribu\u00eddas para estudantes, professores e servidores. O investimento total \u00e9 de R$ 10,4 milh\u00f5es. Cada m\u00e1scara deve custar at\u00e9 R$ 4,95. A dispensa de licita\u00e7\u00e3o, publicada no\u00a0<a href=\"http:\/\/www.se.df.gov.br\/wp-conteudo\/uploads\/2032\/05\/DiarioDia-1-p%C3%A1ginas-61.pdf\" target=\"_blank\" rel=\"noopener noreferrer\">DODF<\/a>\u00a0desta segunda-feira (11\/5), \u00e9 pelo menor pre\u00e7o.<\/p>\n<p>A ideia da Secretaria de Educa\u00e7\u00e3o \u00e9 distribuir quatro m\u00e1scaras para cada estudante, professor e demais profissionais que lidam direto com a escola. O quantitativo dos itens est\u00e1 estimado de acordo com as orienta\u00e7\u00f5es da Ag\u00eancia Nacional de Vigil\u00e2ncia Sanit\u00e1ria (Anvisa) \u2013 como usar a m\u00e1scara por, no m\u00e1ximo, tr\u00eas horas.<\/p>\n<p>A pasta lida com mais de 500 mil pessoas. A aquisi\u00e7\u00e3o visa a prevenir a dissemina\u00e7\u00e3o do novo coronav\u00edrus e assegurar a continuidade do funcionamento das unidades escolares com melhores condi\u00e7\u00f5es de acesso e perman\u00eancia dos estudantes, resguardando a sa\u00fade no ambiente escolar.<\/p>\n<p>O item dever\u00e1 ser confeccionado em tecido de algod\u00e3o ou algod\u00e3o e poli\u00e9ster. As m\u00e1scaras dever\u00e3o ser lav\u00e1veis. Al\u00e9m disso, precisam cobrir totalmente a boca e o nariz, sem deixar espa\u00e7os nas laterais. Elas ser\u00e3o confeccionadas em tr\u00eas tamanhos: infantil (2 a 6 anos); infanto-juvenil (8 a 14 anos) e adulto. As pe\u00e7as dever\u00e3o ser embaladas em saco pl\u00e1stico opaco para prote\u00e7\u00e3o, contendo na parte externa uma etiqueta adesiva com o n\u00famero de unidades e o tamanho indicativo.<\/p>\n<p><strong>A import\u00e2ncia do uso<\/strong><\/p>\n<p>A m\u00e1scara de prote\u00e7\u00e3o \u00e9 uma barreira de uso individual para cobrir o nariz e a boca. \u00c9 indicada para proteger contra a infec\u00e7\u00e3o por inala\u00e7\u00e3o de got\u00edculas transmitidas \u00e0 curta dist\u00e2ncia e pela proje\u00e7\u00e3o de sangue ou outros fluidos corp\u00f3reos que possam atingir as vias respirat\u00f3rias. Ela minimiza a contamina\u00e7\u00e3o do ambiente escolar com secre\u00e7\u00f5es respirat\u00f3rias geradas pelo conv\u00edvio social.<\/p>\n<p>Levando-se em considera\u00e7\u00e3o que na rede p\u00fablica de ensino a gratuidade da educa\u00e7\u00e3o n\u00e3o est\u00e1 atrelada apenas \u00e0 ideia da mensalidade, a distribui\u00e7\u00e3o das m\u00e1scaras pela Secretaria de Educa\u00e7\u00e3o para todos os estudantes pretende assegurar essa gratuidade do ensino p\u00fablico e possibilitar o acesso igualit\u00e1rio de todos \u00e0 educa\u00e7\u00e3o.<\/p>\n<p><strong>Entrega das propostas<br \/>\n<\/strong>As propostas ser\u00e3o recebidas pelo e-mail\u00a0pregoeiro.gdf@gmail.com\u00a0ou entregues na sala n. \u00ba 104 no SBN Quadra 02 Bloco C \u2013 Edif\u00edcio Phen\u00edcia \u2013 Asa Norte, at\u00e9 as 15h do dia 13\/05. O prazo de validade da proposta ser\u00e1 de 60 dias. O contrato ter\u00e1 vig\u00eancia de seis meses a contar da assinatura.<\/p>\n<p>A contrata\u00e7\u00e3o ser\u00e1 dividida em seis lotes, sendo que haver\u00e1 cota de 10% reservada para microempresas e empresas de pequeno porte. Confira abaixo cada um dos lotes.<\/p>\n<p><strong>Volta \u00e0s aulas<br \/>\n<\/strong>O plano de volta \u00e0s aulas p\u00f3s Covid-19 foi entregue pela Secretaria de Educa\u00e7\u00e3o ao governador Ibaneis Rocha, no dia 30 de abril. Caber\u00e1 a ele a decis\u00e3o quanto \u00e0 retomada das aulas. A proposta apresentada leva em conta as recomenda\u00e7\u00f5es das autoridades de sa\u00fade, para evitar riscos a estudantes, professores e demais servidores que atuam nas escolas. A decis\u00e3o do governo vai considerar, entre outros aspectos, o quadro de evolu\u00e7\u00e3o da pandemia. O decreto em vigor determina a suspens\u00e3o das aulas at\u00e9 31 de maio.<\/p>\n<p><i>(Ag\u00eancia Bras\u00edlia, com informa\u00e7\u00f5es da Secretaria de Educa\u00e7\u00e3o-DF)<\/i><\/p>\n","protected":false},"excerpt":{"rendered":"<p>Investimento \u00e9 de R$ 10,4 milh\u00f5es; expectativa \u00e9 distribuir quatro m\u00e1scaras por pessoa Mesmo ainda sem data certa para o retorno das aulas na rede p\u00fablica de ensino do Distrito Federal, a Secretaria de Educa\u00e7\u00e3o j\u00e1 se prepara para receber estudantes e professores com seguran\u00e7a. Por isso, a pasta vai adquirir, por meio de dispensa [&hellip;]<\/p>\n","protected":false},"author":18,"featured_media":21931,"comment_status":"open","ping_status":"open","sticky":false,"template":"","format":"standard","meta":{"footnotes":""},"categories":[124],"tags":[],"class_list":{"0":"post-21978","1":"post","2":"type-post","3":"status-publish","4":"format-standard","5":"has-post-thumbnail","7":"category-saude"},"yoast_head":"<!-- This site is optimized with the Yoast SEO Premium plugin v24.5 (Yoast SEO v27.5) - https:\/\/yoast.com\/product\/yoast-seo-premium-wordpress\/ -->\n<title>Educa\u00e7\u00e3o vai comprar 2 milh\u00f5es de m\u00e1scaras para alunos e professores - P31<\/title>\n<meta name=\"robots\" content=\"index, follow, max-snippet:-1, max-image-preview:large, max-video-preview:-1\" \/>\n<link rel=\"canonical\" href=\"https:\/\/www.p31noticias.com.br\/?p=21978\" \/>\n<meta property=\"og:locale\" content=\"pt_BR\" \/>\n<meta property=\"og:type\" content=\"article\" \/>\n<meta property=\"og:title\" content=\"Educa\u00e7\u00e3o vai comprar 2 milh\u00f5es de m\u00e1scaras para alunos e professores\" \/>\n<meta property=\"og:description\" content=\"Investimento \u00e9 de R$ 10,4 milh\u00f5es; expectativa \u00e9 distribuir quatro m\u00e1scaras por pessoa Mesmo ainda sem data certa para o retorno das aulas na rede p\u00fablica de ensino do Distrito Federal, a Secretaria de Educa\u00e7\u00e3o j\u00e1 se prepara para receber estudantes e professores com seguran\u00e7a. Por isso, a pasta vai adquirir, por meio de dispensa [&hellip;]\" \/>\n<meta property=\"og:url\" content=\"https:\/\/www.p31noticias.com.br\/?p=21978\" \/>\n<meta property=\"og:site_name\" content=\"P31\" \/>\n<meta property=\"article:published_time\" content=\"2020-05-11T14:38:00+00:00\" \/>\n<meta name=\"author\" content=\"Reda\u00e7\u00e3o JBN\" \/>\n<meta name=\"twitter:card\" content=\"summary_large_image\" \/>\n<meta name=\"twitter:label1\" content=\"Escrito por\" \/>\n\t<meta name=\"twitter:data1\" content=\"Reda\u00e7\u00e3o JBN\" \/>\n\t<meta name=\"twitter:label2\" content=\"Est. tempo de leitura\" \/>\n\t<meta name=\"twitter:data2\" content=\"3 minutos\" \/>\n<script type=\"application\/ld+json\" class=\"yoast-schema-graph\">{\"@context\":\"https:\\\/\\\/schema.org\",\"@graph\":[{\"@type\":\"Article\",\"@id\":\"https:\\\/\\\/www.p31noticias.com.br\\\/?p=21978#article\",\"isPartOf\":{\"@id\":\"https:\\\/\\\/www.p31noticias.com.br\\\/?p=21978\"},\"author\":{\"name\":\"Reda\u00e7\u00e3o JBN\",\"@id\":\"https:\\\/\\\/www.p31noticias.com.br\\\/#\\\/schema\\\/person\\\/77d6b186c710ac38937c6ec204fdd387\"},\"headline\":\"Educa\u00e7\u00e3o vai comprar 2 milh\u00f5es de m\u00e1scaras para alunos e professores\",\"datePublished\":\"2020-05-11T14:38:00+00:00\",\"mainEntityOfPage\":{\"@id\":\"https:\\\/\\\/www.p31noticias.com.br\\\/?p=21978\"},\"wordCount\":636,\"commentCount\":0,\"image\":{\"@id\":\"https:\\\/\\\/www.p31noticias.com.br\\\/?p=21978#primaryimage\"},\"thumbnailUrl\":\"\",\"articleSection\":[\"Sa\u00fade\"],\"inLanguage\":\"pt-BR\",\"potentialAction\":[{\"@type\":\"CommentAction\",\"name\":\"Comment\",\"target\":[\"https:\\\/\\\/www.p31noticias.com.br\\\/?p=21978#respond\"]}],\"copyrightYear\":\"2020\",\"copyrightHolder\":{\"@id\":\"https:\\\/\\\/www.p31noticias.com.br\\\/#organization\"}},{\"@type\":\"WebPage\",\"@id\":\"https:\\\/\\\/www.p31noticias.com.br\\\/?p=21978\",\"url\":\"https:\\\/\\\/www.p31noticias.com.br\\\/?p=21978\",\"name\":\"Educa\u00e7\u00e3o vai comprar 2 milh\u00f5es de m\u00e1scaras para alunos e professores - P31\",\"isPartOf\":{\"@id\":\"https:\\\/\\\/www.p31noticias.com.br\\\/#website\"},\"primaryImageOfPage\":{\"@id\":\"https:\\\/\\\/www.p31noticias.com.br\\\/?p=21978#primaryimage\"},\"image\":{\"@id\":\"https:\\\/\\\/www.p31noticias.com.br\\\/?p=21978#primaryimage\"},\"thumbnailUrl\":\"\",\"datePublished\":\"2020-05-11T14:38:00+00:00\",\"author\":{\"@id\":\"https:\\\/\\\/www.p31noticias.com.br\\\/#\\\/schema\\\/person\\\/77d6b186c710ac38937c6ec204fdd387\"},\"breadcrumb\":{\"@id\":\"https:\\\/\\\/www.p31noticias.com.br\\\/?p=21978#breadcrumb\"},\"inLanguage\":\"pt-BR\",\"potentialAction\":[{\"@type\":\"ReadAction\",\"target\":[\"https:\\\/\\\/www.p31noticias.com.br\\\/?p=21978\"]}]},{\"@type\":\"ImageObject\",\"inLanguage\":\"pt-BR\",\"@id\":\"https:\\\/\\\/www.p31noticias.com.br\\\/?p=21978#primaryimage\",\"url\":\"\",\"contentUrl\":\"\"},{\"@type\":\"BreadcrumbList\",\"@id\":\"https:\\\/\\\/www.p31noticias.com.br\\\/?p=21978#breadcrumb\",\"itemListElement\":[{\"@type\":\"ListItem\",\"position\":1,\"name\":\"In\u00edcio\",\"item\":\"https:\\\/\\\/www.p31noticias.com.br\\\/\"},{\"@type\":\"ListItem\",\"position\":2,\"name\":\"Educa\u00e7\u00e3o vai comprar 2 milh\u00f5es de m\u00e1scaras para alunos e professores\"}]},{\"@type\":\"WebSite\",\"@id\":\"https:\\\/\\\/www.p31noticias.com.br\\\/#website\",\"url\":\"https:\\\/\\\/www.p31noticias.com.br\\\/\",\"name\":\"P31\",\"description\":\"NOT\u00cdCIAS\",\"potentialAction\":[{\"@type\":\"SearchAction\",\"target\":{\"@type\":\"EntryPoint\",\"urlTemplate\":\"https:\\\/\\\/www.p31noticias.com.br\\\/?s={search_term_string}\"},\"query-input\":{\"@type\":\"PropertyValueSpecification\",\"valueRequired\":true,\"valueName\":\"search_term_string\"}}],\"inLanguage\":\"pt-BR\"},{\"@type\":\"Person\",\"@id\":\"https:\\\/\\\/www.p31noticias.com.br\\\/#\\\/schema\\\/person\\\/77d6b186c710ac38937c6ec204fdd387\",\"name\":\"Reda\u00e7\u00e3o JBN\",\"image\":{\"@type\":\"ImageObject\",\"inLanguage\":\"pt-BR\",\"@id\":\"https:\\\/\\\/secure.gravatar.com\\\/avatar\\\/10fcdb93211f98cce3d64c0795b0915a9a4a21dc0f279238995a3dbfafcad090?s=96&d=mm&r=g\",\"url\":\"https:\\\/\\\/secure.gravatar.com\\\/avatar\\\/10fcdb93211f98cce3d64c0795b0915a9a4a21dc0f279238995a3dbfafcad090?s=96&d=mm&r=g\",\"contentUrl\":\"https:\\\/\\\/secure.gravatar.com\\\/avatar\\\/10fcdb93211f98cce3d64c0795b0915a9a4a21dc0f279238995a3dbfafcad090?s=96&d=mm&r=g\",\"caption\":\"Reda\u00e7\u00e3o JBN\"},\"sameAs\":[\"https:\\\/\\\/p31noticias.com.br\"],\"url\":\"https:\\\/\\\/www.p31noticias.com.br\\\/?author=18\"}]}<\/script>\n<!-- \/ Yoast SEO Premium plugin. -->","yoast_head_json":{"title":"Educa\u00e7\u00e3o vai comprar 2 milh\u00f5es de m\u00e1scaras para alunos e professores - P31","robots":{"index":"index","follow":"follow","max-snippet":"max-snippet:-1","max-image-preview":"max-image-preview:large","max-video-preview":"max-video-preview:-1"},"canonical":"https:\/\/www.p31noticias.com.br\/?p=21978","og_locale":"pt_BR","og_type":"article","og_title":"Educa\u00e7\u00e3o vai comprar 2 milh\u00f5es de m\u00e1scaras para alunos e professores","og_description":"Investimento \u00e9 de R$ 10,4 milh\u00f5es; expectativa \u00e9 distribuir quatro m\u00e1scaras por pessoa Mesmo ainda sem data certa para o retorno das aulas na rede p\u00fablica de ensino do Distrito Federal, a Secretaria de Educa\u00e7\u00e3o j\u00e1 se prepara para receber estudantes e professores com seguran\u00e7a. Por isso, a pasta vai adquirir, por meio de dispensa [&hellip;]","og_url":"https:\/\/www.p31noticias.com.br\/?p=21978","og_site_name":"P31","article_published_time":"2020-05-11T14:38:00+00:00","author":"Reda\u00e7\u00e3o JBN","twitter_card":"summary_large_image","twitter_misc":{"Escrito por":"Reda\u00e7\u00e3o JBN","Est. tempo de leitura":"3 minutos"},"schema":{"@context":"https:\/\/schema.org","@graph":[{"@type":"Article","@id":"https:\/\/www.p31noticias.com.br\/?p=21978#article","isPartOf":{"@id":"https:\/\/www.p31noticias.com.br\/?p=21978"},"author":{"name":"Reda\u00e7\u00e3o JBN","@id":"https:\/\/www.p31noticias.com.br\/#\/schema\/person\/77d6b186c710ac38937c6ec204fdd387"},"headline":"Educa\u00e7\u00e3o vai comprar 2 milh\u00f5es de m\u00e1scaras para alunos e professores","datePublished":"2020-05-11T14:38:00+00:00","mainEntityOfPage":{"@id":"https:\/\/www.p31noticias.com.br\/?p=21978"},"wordCount":636,"commentCount":0,"image":{"@id":"https:\/\/www.p31noticias.com.br\/?p=21978#primaryimage"},"thumbnailUrl":"","articleSection":["Sa\u00fade"],"inLanguage":"pt-BR","potentialAction":[{"@type":"CommentAction","name":"Comment","target":["https:\/\/www.p31noticias.com.br\/?p=21978#respond"]}],"copyrightYear":"2020","copyrightHolder":{"@id":"https:\/\/www.p31noticias.com.br\/#organization"}},{"@type":"WebPage","@id":"https:\/\/www.p31noticias.com.br\/?p=21978","url":"https:\/\/www.p31noticias.com.br\/?p=21978","name":"Educa\u00e7\u00e3o vai comprar 2 milh\u00f5es de m\u00e1scaras para alunos e professores - P31","isPartOf":{"@id":"https:\/\/www.p31noticias.com.br\/#website"},"primaryImageOfPage":{"@id":"https:\/\/www.p31noticias.com.br\/?p=21978#primaryimage"},"image":{"@id":"https:\/\/www.p31noticias.com.br\/?p=21978#primaryimage"},"thumbnailUrl":"","datePublished":"2020-05-11T14:38:00+00:00","author":{"@id":"https:\/\/www.p31noticias.com.br\/#\/schema\/person\/77d6b186c710ac38937c6ec204fdd387"},"breadcrumb":{"@id":"https:\/\/www.p31noticias.com.br\/?p=21978#breadcrumb"},"inLanguage":"pt-BR","potentialAction":[{"@type":"ReadAction","target":["https:\/\/www.p31noticias.com.br\/?p=21978"]}]},{"@type":"ImageObject","inLanguage":"pt-BR","@id":"https:\/\/www.p31noticias.com.br\/?p=21978#primaryimage","url":"","contentUrl":""},{"@type":"BreadcrumbList","@id":"https:\/\/www.p31noticias.com.br\/?p=21978#breadcrumb","itemListElement":[{"@type":"ListItem","position":1,"name":"In\u00edcio","item":"https:\/\/www.p31noticias.com.br\/"},{"@type":"ListItem","position":2,"name":"Educa\u00e7\u00e3o vai comprar 2 milh\u00f5es de m\u00e1scaras para alunos e professores"}]},{"@type":"WebSite","@id":"https:\/\/www.p31noticias.com.br\/#website","url":"https:\/\/www.p31noticias.com.br\/","name":"P31","description":"NOT\u00cdCIAS","potentialAction":[{"@type":"SearchAction","target":{"@type":"EntryPoint","urlTemplate":"https:\/\/www.p31noticias.com.br\/?s={search_term_string}"},"query-input":{"@type":"PropertyValueSpecification","valueRequired":true,"valueName":"search_term_string"}}],"inLanguage":"pt-BR"},{"@type":"Person","@id":"https:\/\/www.p31noticias.com.br\/#\/schema\/person\/77d6b186c710ac38937c6ec204fdd387","name":"Reda\u00e7\u00e3o JBN","image":{"@type":"ImageObject","inLanguage":"pt-BR","@id":"https:\/\/secure.gravatar.com\/avatar\/10fcdb93211f98cce3d64c0795b0915a9a4a21dc0f279238995a3dbfafcad090?s=96&d=mm&r=g","url":"https:\/\/secure.gravatar.com\/avatar\/10fcdb93211f98cce3d64c0795b0915a9a4a21dc0f279238995a3dbfafcad090?s=96&d=mm&r=g","contentUrl":"https:\/\/secure.gravatar.com\/avatar\/10fcdb93211f98cce3d64c0795b0915a9a4a21dc0f279238995a3dbfafcad090?s=96&d=mm&r=g","caption":"Reda\u00e7\u00e3o JBN"},"sameAs":["https:\/\/p31noticias.com.br"],"url":"https:\/\/www.p31noticias.com.br\/?author=18"}]}},"amp_enabled":true,"_links":{"self":[{"href":"https:\/\/www.p31noticias.com.br\/index.php?rest_route=\/wp\/v2\/posts\/21978","targetHints":{"allow":["GET"]}}],"collection":[{"href":"https:\/\/www.p31noticias.com.br\/index.php?rest_route=\/wp\/v2\/posts"}],"about":[{"href":"https:\/\/www.p31noticias.com.br\/index.php?rest_route=\/wp\/v2\/types\/post"}],"author":[{"embeddable":true,"href":"https:\/\/www.p31noticias.com.br\/index.php?rest_route=\/wp\/v2\/users\/18"}],"replies":[{"embeddable":true,"href":"https:\/\/www.p31noticias.com.br\/index.php?rest_route=%2Fwp%2Fv2%2Fcomments&post=21978"}],"version-history":[{"count":0,"href":"https:\/\/www.p31noticias.com.br\/index.php?rest_route=\/wp\/v2\/posts\/21978\/revisions"}],"wp:featuredmedia":[{"embeddable":true,"href":"https:\/\/www.p31noticias.com.br\/index.php?rest_route=\/"}],"wp:attachment":[{"href":"https:\/\/www.p31noticias.com.br\/index.php?rest_route=%2Fwp%2Fv2%2Fmedia&parent=21978"}],"wp:term":[{"taxonomy":"category","embeddable":true,"href":"https:\/\/www.p31noticias.com.br\/index.php?rest_route=%2Fwp%2Fv2%2Fcategories&post=21978"},{"taxonomy":"post_tag","embeddable":true,"href":"https:\/\/www.p31noticias.com.br\/index.php?rest_route=%2Fwp%2Fv2%2Ftags&post=21978"}],"curies":[{"name":"wp","href":"https:\/\/api.w.org\/{rel}","templated":true}]}}