{"id":21977,"date":"2020-05-10T10:43:30","date_gmt":"2020-05-10T13:43:30","guid":{"rendered":"https:\/\/jornaldoplanalto.com.br\/web\/?p=21927"},"modified":"2020-05-10T10:43:30","modified_gmt":"2020-05-10T13:43:30","slug":"stf-autoriza-moro-e-pgr-a-verem-video-de-reuniao-ministerial","status":"publish","type":"post","link":"https:\/\/www.p31noticias.com.br\/?p=21977","title":{"rendered":"STF autoriza Moro e PGR a verem v\u00eddeo de reuni\u00e3o ministerial"},"content":{"rendered":"<p><em><strong>Decis\u00e3o foi tomada pelo ministro Celso de Mello<\/strong><\/em><\/p>\n<p>O ministro Celso de Mello, do Supremo Tribunal Federal (STF), autorizou ao ex-ministro Sergio Moro e ao procurador-geral da Rep\u00fablica, Augusto Aras, o acesso \u00e0 c\u00f3pia da grava\u00e7\u00e3o em v\u00eddeo de uma reuni\u00e3o, realizada no dia 22 de abril, entre o presidente Jair Bolsonaro, o vice-presidente Hamilton Mour\u00e3o, ministros e presidentes de bancos p\u00fablicos.<\/p>\n<p>A reuni\u00e3o foi citada por Moro em depoimento realizado no dia 2 de maio, no \u00e2mbito do inqu\u00e9rito que apura as declara\u00e7\u00f5es do ex-ministro da Justi\u00e7a e Seguran\u00e7a P\u00fablica sobre suposta interfer\u00eancia de Bolsonaro na Pol\u00edcia Federal (PF). Segundo a vers\u00e3o de Moro, em seu depoimento, o presidente Jair Bolsonaro teria pressionado, durante a reuni\u00e3o ministerial, pela demiss\u00e3o do ent\u00e3o diretor-geral da PF, Maur\u00edcio Valeixo. A demiss\u00e3o do delegado, formalizada dia 24 de abril, acabou levando o ex-ministro a tamb\u00e9m sair do governo.<\/p>\n<p>No despacho de Celso de Mello, que \u00e9 o relator do inqu\u00e9rito no STF, o acesso ao v\u00eddeo tamb\u00e9m foi autorizado \u00e0 delegada Christiane Corr\u00eaa Machado, respons\u00e1vel pelo inqu\u00e9rito na PF, e ao advogado-geral Uni\u00e3o, Jos\u00e9 Levi, ou seu representante. O acesso ao v\u00eddeo foi concedido ainda a advogados do ex-ministro Sergio Moro e a representantes que podem ser indicados pelo procurador-geral da Rep\u00fablica. Pela decis\u00e3o, o acesso \u00e0 grava\u00e7\u00e3o se dar\u00e1 apenas na sede da Pol\u00edcia Federal, em Bras\u00edlia. Caber\u00e1 \u00e0 delegada Christiane Corr\u00eaa Machado agendar para que as partes possam ir at\u00e9 a PF assistir ao v\u00eddeo, que ser\u00e1 exibido apenas uma vez, na data marcada. O HD contendo o arquivo de v\u00eddeo ser\u00e1 entregue \u00e0 delegada, em envelope lacrado, pelo chefe de gabinete de Celso de Mello, Miguel Piazzi.<\/p>\n<p><strong>Justificativa<\/strong><br \/>\nO ministro do STF justificou o acesso aos registros audiovisuais pelas partes indicadas &#8220;para que, tendo conhecimento pleno do que se passou na reuni\u00e3o ministerial de 22\/04\/2020, no Pal\u00e1cio do Planalto, possam orientar a formula\u00e7\u00e3o de perguntas (ou reperguntas) quando da realiza\u00e7\u00e3o dos depoimentos testemunhais j\u00e1 agendados a partir da pr\u00f3xima segunda-feira [11]&#8221;.<\/p>\n<p>Est\u00e3o previstos os depoimentos dos ministros Luiz Eduardo Ramos (Secretaria de Governo), Walter Braga Netto, (Casa Civil) e Augusto Heleno (Gabinete da Seguran\u00e7a Institucional). Celso de Mello tamb\u00e9m destacou, na decis\u00e3o, que, caso se fa\u00e7a necess\u00e1rio reinquirir as testemunhas j\u00e1 ouvidas no inqu\u00e9rito, a Pol\u00edcia Federal poder\u00e1 designar nova audi\u00eancia.<\/p>\n<p>O ministro do STF ainda informou, no despacho, que vai decidir, em breve, sobre a divulga\u00e7\u00e3o p\u00fablica, &#8220;total ou parcial&#8221;, do v\u00eddeo da reuni\u00e3o ministerial.<\/p>\n<p>Desde a exonera\u00e7\u00e3o de Sergio Moro do Minist\u00e9rio da Justi\u00e7a e Seguran\u00e7a P\u00fablica, o presidente Jair Bolsonaro nega que tenha pedido para o ent\u00e3o ministro interferir em investiga\u00e7\u00f5es da PF.<\/p>\n<p><em>(Por Pedro Rafael Vilela &#8211; Rep\u00f3rter da Ag\u00eancia Brasil &#8211; Bras\u00edlia. Foto: Marcello Casal Jr\/Ag\u00eancia Brasil)<\/em><\/p>\n","protected":false},"excerpt":{"rendered":"<p>Decis\u00e3o foi tomada pelo ministro Celso de Mello O ministro Celso de Mello, do Supremo Tribunal Federal (STF), autorizou ao ex-ministro Sergio Moro e ao procurador-geral da Rep\u00fablica, Augusto Aras, o acesso \u00e0 c\u00f3pia da grava\u00e7\u00e3o em v\u00eddeo de uma reuni\u00e3o, realizada no dia 22 de abril, entre o presidente Jair Bolsonaro, o vice-presidente Hamilton [&hellip;]<\/p>\n","protected":false},"author":18,"featured_media":21928,"comment_status":"open","ping_status":"open","sticky":false,"template":"","format":"standard","meta":{"footnotes":""},"categories":[68],"tags":[],"class_list":{"0":"post-21977","1":"post","2":"type-post","3":"status-publish","4":"format-standard","5":"has-post-thumbnail","7":"category-brasil"},"yoast_head":"<!-- This site is optimized with the Yoast SEO Premium plugin v24.5 (Yoast SEO v27.5) - https:\/\/yoast.com\/product\/yoast-seo-premium-wordpress\/ -->\n<title>STF autoriza Moro e PGR a verem v\u00eddeo de reuni\u00e3o ministerial - P31<\/title>\n<meta name=\"robots\" content=\"index, follow, max-snippet:-1, max-image-preview:large, max-video-preview:-1\" \/>\n<link rel=\"canonical\" href=\"https:\/\/www.p31noticias.com.br\/?p=21977\" \/>\n<meta property=\"og:locale\" content=\"pt_BR\" \/>\n<meta property=\"og:type\" content=\"article\" \/>\n<meta property=\"og:title\" content=\"STF autoriza Moro e PGR a verem v\u00eddeo de reuni\u00e3o ministerial\" \/>\n<meta property=\"og:description\" content=\"Decis\u00e3o foi tomada pelo ministro Celso de Mello O ministro Celso de Mello, do Supremo Tribunal Federal (STF), autorizou ao ex-ministro Sergio Moro e ao procurador-geral da Rep\u00fablica, Augusto Aras, o acesso \u00e0 c\u00f3pia da grava\u00e7\u00e3o em v\u00eddeo de uma reuni\u00e3o, realizada no dia 22 de abril, entre o presidente Jair Bolsonaro, o vice-presidente Hamilton [&hellip;]\" \/>\n<meta property=\"og:url\" content=\"https:\/\/www.p31noticias.com.br\/?p=21977\" \/>\n<meta property=\"og:site_name\" content=\"P31\" \/>\n<meta property=\"article:published_time\" content=\"2020-05-10T13:43:30+00:00\" \/>\n<meta name=\"author\" content=\"Reda\u00e7\u00e3o JBN\" \/>\n<meta name=\"twitter:card\" content=\"summary_large_image\" \/>\n<meta name=\"twitter:label1\" content=\"Escrito por\" \/>\n\t<meta name=\"twitter:data1\" content=\"Reda\u00e7\u00e3o JBN\" \/>\n\t<meta name=\"twitter:label2\" content=\"Est. tempo de leitura\" \/>\n\t<meta name=\"twitter:data2\" content=\"3 minutos\" \/>\n<script type=\"application\/ld+json\" class=\"yoast-schema-graph\">{\"@context\":\"https:\\\/\\\/schema.org\",\"@graph\":[{\"@type\":\"Article\",\"@id\":\"https:\\\/\\\/www.p31noticias.com.br\\\/?p=21977#article\",\"isPartOf\":{\"@id\":\"https:\\\/\\\/www.p31noticias.com.br\\\/?p=21977\"},\"author\":{\"name\":\"Reda\u00e7\u00e3o JBN\",\"@id\":\"https:\\\/\\\/www.p31noticias.com.br\\\/#\\\/schema\\\/person\\\/77d6b186c710ac38937c6ec204fdd387\"},\"headline\":\"STF autoriza Moro e PGR a verem v\u00eddeo de reuni\u00e3o ministerial\",\"datePublished\":\"2020-05-10T13:43:30+00:00\",\"mainEntityOfPage\":{\"@id\":\"https:\\\/\\\/www.p31noticias.com.br\\\/?p=21977\"},\"wordCount\":523,\"commentCount\":0,\"image\":{\"@id\":\"https:\\\/\\\/www.p31noticias.com.br\\\/?p=21977#primaryimage\"},\"thumbnailUrl\":\"\",\"articleSection\":[\"Brasil\"],\"inLanguage\":\"pt-BR\",\"potentialAction\":[{\"@type\":\"CommentAction\",\"name\":\"Comment\",\"target\":[\"https:\\\/\\\/www.p31noticias.com.br\\\/?p=21977#respond\"]}],\"copyrightYear\":\"2020\",\"copyrightHolder\":{\"@id\":\"https:\\\/\\\/www.p31noticias.com.br\\\/#organization\"}},{\"@type\":\"WebPage\",\"@id\":\"https:\\\/\\\/www.p31noticias.com.br\\\/?p=21977\",\"url\":\"https:\\\/\\\/www.p31noticias.com.br\\\/?p=21977\",\"name\":\"STF autoriza Moro e PGR a verem v\u00eddeo de reuni\u00e3o ministerial - P31\",\"isPartOf\":{\"@id\":\"https:\\\/\\\/www.p31noticias.com.br\\\/#website\"},\"primaryImageOfPage\":{\"@id\":\"https:\\\/\\\/www.p31noticias.com.br\\\/?p=21977#primaryimage\"},\"image\":{\"@id\":\"https:\\\/\\\/www.p31noticias.com.br\\\/?p=21977#primaryimage\"},\"thumbnailUrl\":\"\",\"datePublished\":\"2020-05-10T13:43:30+00:00\",\"author\":{\"@id\":\"https:\\\/\\\/www.p31noticias.com.br\\\/#\\\/schema\\\/person\\\/77d6b186c710ac38937c6ec204fdd387\"},\"breadcrumb\":{\"@id\":\"https:\\\/\\\/www.p31noticias.com.br\\\/?p=21977#breadcrumb\"},\"inLanguage\":\"pt-BR\",\"potentialAction\":[{\"@type\":\"ReadAction\",\"target\":[\"https:\\\/\\\/www.p31noticias.com.br\\\/?p=21977\"]}]},{\"@type\":\"ImageObject\",\"inLanguage\":\"pt-BR\",\"@id\":\"https:\\\/\\\/www.p31noticias.com.br\\\/?p=21977#primaryimage\",\"url\":\"\",\"contentUrl\":\"\"},{\"@type\":\"BreadcrumbList\",\"@id\":\"https:\\\/\\\/www.p31noticias.com.br\\\/?p=21977#breadcrumb\",\"itemListElement\":[{\"@type\":\"ListItem\",\"position\":1,\"name\":\"In\u00edcio\",\"item\":\"https:\\\/\\\/www.p31noticias.com.br\\\/\"},{\"@type\":\"ListItem\",\"position\":2,\"name\":\"STF autoriza Moro e PGR a verem v\u00eddeo de reuni\u00e3o ministerial\"}]},{\"@type\":\"WebSite\",\"@id\":\"https:\\\/\\\/www.p31noticias.com.br\\\/#website\",\"url\":\"https:\\\/\\\/www.p31noticias.com.br\\\/\",\"name\":\"P31\",\"description\":\"NOT\u00cdCIAS\",\"potentialAction\":[{\"@type\":\"SearchAction\",\"target\":{\"@type\":\"EntryPoint\",\"urlTemplate\":\"https:\\\/\\\/www.p31noticias.com.br\\\/?s={search_term_string}\"},\"query-input\":{\"@type\":\"PropertyValueSpecification\",\"valueRequired\":true,\"valueName\":\"search_term_string\"}}],\"inLanguage\":\"pt-BR\"},{\"@type\":\"Person\",\"@id\":\"https:\\\/\\\/www.p31noticias.com.br\\\/#\\\/schema\\\/person\\\/77d6b186c710ac38937c6ec204fdd387\",\"name\":\"Reda\u00e7\u00e3o JBN\",\"image\":{\"@type\":\"ImageObject\",\"inLanguage\":\"pt-BR\",\"@id\":\"https:\\\/\\\/secure.gravatar.com\\\/avatar\\\/10fcdb93211f98cce3d64c0795b0915a9a4a21dc0f279238995a3dbfafcad090?s=96&d=mm&r=g\",\"url\":\"https:\\\/\\\/secure.gravatar.com\\\/avatar\\\/10fcdb93211f98cce3d64c0795b0915a9a4a21dc0f279238995a3dbfafcad090?s=96&d=mm&r=g\",\"contentUrl\":\"https:\\\/\\\/secure.gravatar.com\\\/avatar\\\/10fcdb93211f98cce3d64c0795b0915a9a4a21dc0f279238995a3dbfafcad090?s=96&d=mm&r=g\",\"caption\":\"Reda\u00e7\u00e3o JBN\"},\"sameAs\":[\"https:\\\/\\\/p31noticias.com.br\"],\"url\":\"https:\\\/\\\/www.p31noticias.com.br\\\/?author=18\"}]}<\/script>\n<!-- \/ Yoast SEO Premium plugin. -->","yoast_head_json":{"title":"STF autoriza Moro e PGR a verem v\u00eddeo de reuni\u00e3o ministerial - P31","robots":{"index":"index","follow":"follow","max-snippet":"max-snippet:-1","max-image-preview":"max-image-preview:large","max-video-preview":"max-video-preview:-1"},"canonical":"https:\/\/www.p31noticias.com.br\/?p=21977","og_locale":"pt_BR","og_type":"article","og_title":"STF autoriza Moro e PGR a verem v\u00eddeo de reuni\u00e3o ministerial","og_description":"Decis\u00e3o foi tomada pelo ministro Celso de Mello O ministro Celso de Mello, do Supremo Tribunal Federal (STF), autorizou ao ex-ministro Sergio Moro e ao procurador-geral da Rep\u00fablica, Augusto Aras, o acesso \u00e0 c\u00f3pia da grava\u00e7\u00e3o em v\u00eddeo de uma reuni\u00e3o, realizada no dia 22 de abril, entre o presidente Jair Bolsonaro, o vice-presidente Hamilton [&hellip;]","og_url":"https:\/\/www.p31noticias.com.br\/?p=21977","og_site_name":"P31","article_published_time":"2020-05-10T13:43:30+00:00","author":"Reda\u00e7\u00e3o JBN","twitter_card":"summary_large_image","twitter_misc":{"Escrito por":"Reda\u00e7\u00e3o JBN","Est. tempo de leitura":"3 minutos"},"schema":{"@context":"https:\/\/schema.org","@graph":[{"@type":"Article","@id":"https:\/\/www.p31noticias.com.br\/?p=21977#article","isPartOf":{"@id":"https:\/\/www.p31noticias.com.br\/?p=21977"},"author":{"name":"Reda\u00e7\u00e3o JBN","@id":"https:\/\/www.p31noticias.com.br\/#\/schema\/person\/77d6b186c710ac38937c6ec204fdd387"},"headline":"STF autoriza Moro e PGR a verem v\u00eddeo de reuni\u00e3o ministerial","datePublished":"2020-05-10T13:43:30+00:00","mainEntityOfPage":{"@id":"https:\/\/www.p31noticias.com.br\/?p=21977"},"wordCount":523,"commentCount":0,"image":{"@id":"https:\/\/www.p31noticias.com.br\/?p=21977#primaryimage"},"thumbnailUrl":"","articleSection":["Brasil"],"inLanguage":"pt-BR","potentialAction":[{"@type":"CommentAction","name":"Comment","target":["https:\/\/www.p31noticias.com.br\/?p=21977#respond"]}],"copyrightYear":"2020","copyrightHolder":{"@id":"https:\/\/www.p31noticias.com.br\/#organization"}},{"@type":"WebPage","@id":"https:\/\/www.p31noticias.com.br\/?p=21977","url":"https:\/\/www.p31noticias.com.br\/?p=21977","name":"STF autoriza Moro e PGR a verem v\u00eddeo de reuni\u00e3o ministerial - P31","isPartOf":{"@id":"https:\/\/www.p31noticias.com.br\/#website"},"primaryImageOfPage":{"@id":"https:\/\/www.p31noticias.com.br\/?p=21977#primaryimage"},"image":{"@id":"https:\/\/www.p31noticias.com.br\/?p=21977#primaryimage"},"thumbnailUrl":"","datePublished":"2020-05-10T13:43:30+00:00","author":{"@id":"https:\/\/www.p31noticias.com.br\/#\/schema\/person\/77d6b186c710ac38937c6ec204fdd387"},"breadcrumb":{"@id":"https:\/\/www.p31noticias.com.br\/?p=21977#breadcrumb"},"inLanguage":"pt-BR","potentialAction":[{"@type":"ReadAction","target":["https:\/\/www.p31noticias.com.br\/?p=21977"]}]},{"@type":"ImageObject","inLanguage":"pt-BR","@id":"https:\/\/www.p31noticias.com.br\/?p=21977#primaryimage","url":"","contentUrl":""},{"@type":"BreadcrumbList","@id":"https:\/\/www.p31noticias.com.br\/?p=21977#breadcrumb","itemListElement":[{"@type":"ListItem","position":1,"name":"In\u00edcio","item":"https:\/\/www.p31noticias.com.br\/"},{"@type":"ListItem","position":2,"name":"STF autoriza Moro e PGR a verem v\u00eddeo de reuni\u00e3o ministerial"}]},{"@type":"WebSite","@id":"https:\/\/www.p31noticias.com.br\/#website","url":"https:\/\/www.p31noticias.com.br\/","name":"P31","description":"NOT\u00cdCIAS","potentialAction":[{"@type":"SearchAction","target":{"@type":"EntryPoint","urlTemplate":"https:\/\/www.p31noticias.com.br\/?s={search_term_string}"},"query-input":{"@type":"PropertyValueSpecification","valueRequired":true,"valueName":"search_term_string"}}],"inLanguage":"pt-BR"},{"@type":"Person","@id":"https:\/\/www.p31noticias.com.br\/#\/schema\/person\/77d6b186c710ac38937c6ec204fdd387","name":"Reda\u00e7\u00e3o JBN","image":{"@type":"ImageObject","inLanguage":"pt-BR","@id":"https:\/\/secure.gravatar.com\/avatar\/10fcdb93211f98cce3d64c0795b0915a9a4a21dc0f279238995a3dbfafcad090?s=96&d=mm&r=g","url":"https:\/\/secure.gravatar.com\/avatar\/10fcdb93211f98cce3d64c0795b0915a9a4a21dc0f279238995a3dbfafcad090?s=96&d=mm&r=g","contentUrl":"https:\/\/secure.gravatar.com\/avatar\/10fcdb93211f98cce3d64c0795b0915a9a4a21dc0f279238995a3dbfafcad090?s=96&d=mm&r=g","caption":"Reda\u00e7\u00e3o JBN"},"sameAs":["https:\/\/p31noticias.com.br"],"url":"https:\/\/www.p31noticias.com.br\/?author=18"}]}},"amp_enabled":true,"_links":{"self":[{"href":"https:\/\/www.p31noticias.com.br\/index.php?rest_route=\/wp\/v2\/posts\/21977","targetHints":{"allow":["GET"]}}],"collection":[{"href":"https:\/\/www.p31noticias.com.br\/index.php?rest_route=\/wp\/v2\/posts"}],"about":[{"href":"https:\/\/www.p31noticias.com.br\/index.php?rest_route=\/wp\/v2\/types\/post"}],"author":[{"embeddable":true,"href":"https:\/\/www.p31noticias.com.br\/index.php?rest_route=\/wp\/v2\/users\/18"}],"replies":[{"embeddable":true,"href":"https:\/\/www.p31noticias.com.br\/index.php?rest_route=%2Fwp%2Fv2%2Fcomments&post=21977"}],"version-history":[{"count":0,"href":"https:\/\/www.p31noticias.com.br\/index.php?rest_route=\/wp\/v2\/posts\/21977\/revisions"}],"wp:featuredmedia":[{"embeddable":true,"href":"https:\/\/www.p31noticias.com.br\/index.php?rest_route=\/"}],"wp:attachment":[{"href":"https:\/\/www.p31noticias.com.br\/index.php?rest_route=%2Fwp%2Fv2%2Fmedia&parent=21977"}],"wp:term":[{"taxonomy":"category","embeddable":true,"href":"https:\/\/www.p31noticias.com.br\/index.php?rest_route=%2Fwp%2Fv2%2Fcategories&post=21977"},{"taxonomy":"post_tag","embeddable":true,"href":"https:\/\/www.p31noticias.com.br\/index.php?rest_route=%2Fwp%2Fv2%2Ftags&post=21977"}],"curies":[{"name":"wp","href":"https:\/\/api.w.org\/{rel}","templated":true}]}}