{"id":21965,"date":"2020-05-11T21:21:00","date_gmt":"2020-05-12T00:21:00","guid":{"rendered":"https:\/\/www.delioandrade.com.br\/?p=21965"},"modified":"2020-05-11T21:21:00","modified_gmt":"2020-05-12T00:21:00","slug":"revitalizacao-de-estrada-rural-beneficiara-cerca-de-10-mil-moradores-em-ceilandia","status":"publish","type":"post","link":"https:\/\/www.p31noticias.com.br\/?p=21965","title":{"rendered":"Revitaliza\u00e7\u00e3o de estrada rural beneficiar\u00e1 cerca de 10 mil moradores, em Ceil\u00e2ndia"},"content":{"rendered":"<p>A realiza\u00e7\u00e3o dos servi\u00e7os de melhorias nas \u00e1reas rurais de Ceil\u00e2ndia faz parte do programa de conserva\u00e7\u00e3o e manuten\u00e7\u00e3o permanente realizado pela Administra\u00e7\u00e3o da cidade juntamente com o programa GDF Presente.\u00a0 Nesta segunda-feira (11), equipes atuaram no setor rural Alexandre Gusm\u00e3o, no Incra 9.<\/p>\n<p>Cerca de 6 quil\u00f4metros de via receberam servi\u00e7os de nivelamento do solo, constru\u00e7\u00e3o de bols\u00f5es, canaletas e desvios de \u00e1gua pluvial. A opera\u00e7\u00e3o tem como objetivo garantir e facilitar o escoamento da produ\u00e7\u00e3o de pequenos agricultores, a circula\u00e7\u00e3o dos ve\u00edculos e o transporte escolar, viaturas e ambul\u00e2ncias al\u00e9m do deslocamento dos moradores para a \u00e1rea urbana.<\/p>\n<p>Coordenador do Polo Oeste do GDF Presente, Elton Walcacer explica que a interven\u00e7\u00e3o foi solicitada por moradores da regi\u00e3o. \u201c Estamos atuando em v\u00e1rias frentes rurais do DF. Com essa opera\u00e7\u00e3o tiramos os buracos e depress\u00f5es da via, al\u00e9m de alargar para dar mais seguran\u00e7a para os motoristas e pedestres\u201d, conta o coordenador.<\/p>\n<p>O Administrador de Ceil\u00e2ndia, Marcelo Piau\u00ed, fala que a \u00e1rea rural da cidade est\u00e1 recebendo todo cuidado necess\u00e1rio para garantir a locomo\u00e7\u00e3o da comunidade rural. \u201c Desde o come\u00e7o das opera\u00e7\u00f5es priorizamos as vias principais com servi\u00e7os de manuten\u00e7\u00e3o como nivelamento solo, limpeza das estradas, al\u00e9m do trabalho de eleva\u00e7\u00e3o de vias e retirada de pedras e entulho. Temos a obriga\u00e7\u00e3o de manter essas estradas transit\u00e1veis porque nossos agricultores precisam escoar suas produ\u00e7\u00f5es. \u00c9 um trabalho de extrema import\u00e2ncia para toda comunidade rural\u201d, esclarece Marcelo Piau\u00ed.<\/p>\n<p>A \u00e1rea rural de Ceil\u00e2ndia\u00a0 est\u00e1 entre as cinco maiores do Distrito Federal. No local, destaca-se a produ\u00e7\u00e3o de verduras e hortali\u00e7as, al\u00e9m da cria\u00e7\u00e3o de frango.<\/p>\n","protected":false},"excerpt":{"rendered":"<p>A realiza\u00e7\u00e3o dos servi\u00e7os de melhorias nas \u00e1reas rurais de Ceil\u00e2ndia faz parte do programa de conserva\u00e7\u00e3o e manuten\u00e7\u00e3o permanente realizado pela Administra\u00e7\u00e3o da cidade juntamente com o programa GDF Presente.\u00a0 Nesta segunda-feira (11), equipes atuaram no setor rural Alexandre Gusm\u00e3o, no Incra 9. Cerca de 6 quil\u00f4metros de via receberam servi\u00e7os de nivelamento do [&hellip;]<\/p>\n","protected":false},"author":18,"featured_media":21966,"comment_status":"open","ping_status":"open","sticky":false,"template":"","format":"standard","meta":{"footnotes":""},"categories":[1],"tags":[],"class_list":{"0":"post-21965","1":"post","2":"type-post","3":"status-publish","4":"format-standard","5":"has-post-thumbnail","7":"category-outros"},"yoast_head":"<!-- This site is optimized with the Yoast SEO Premium plugin v24.5 (Yoast SEO v27.5) - https:\/\/yoast.com\/product\/yoast-seo-premium-wordpress\/ -->\n<title>Revitaliza\u00e7\u00e3o de estrada rural beneficiar\u00e1 cerca de 10 mil moradores, em Ceil\u00e2ndia - P31<\/title>\n<meta name=\"robots\" content=\"index, follow, max-snippet:-1, max-image-preview:large, max-video-preview:-1\" \/>\n<link rel=\"canonical\" href=\"https:\/\/www.p31noticias.com.br\/?p=21965\" \/>\n<meta property=\"og:locale\" content=\"pt_BR\" \/>\n<meta property=\"og:type\" content=\"article\" \/>\n<meta property=\"og:title\" content=\"Revitaliza\u00e7\u00e3o de estrada rural beneficiar\u00e1 cerca de 10 mil moradores, em Ceil\u00e2ndia\" \/>\n<meta property=\"og:description\" content=\"A realiza\u00e7\u00e3o dos servi\u00e7os de melhorias nas \u00e1reas rurais de Ceil\u00e2ndia faz parte do programa de conserva\u00e7\u00e3o e manuten\u00e7\u00e3o permanente realizado pela Administra\u00e7\u00e3o da cidade juntamente com o programa GDF Presente.\u00a0 Nesta segunda-feira (11), equipes atuaram no setor rural Alexandre Gusm\u00e3o, no Incra 9. Cerca de 6 quil\u00f4metros de via receberam servi\u00e7os de nivelamento do [&hellip;]\" \/>\n<meta property=\"og:url\" content=\"https:\/\/www.p31noticias.com.br\/?p=21965\" \/>\n<meta property=\"og:site_name\" content=\"P31\" \/>\n<meta property=\"article:published_time\" content=\"2020-05-12T00:21:00+00:00\" \/>\n<meta property=\"og:image\" content=\"https:\/\/www.p31noticias.com.br\/wp-content\/uploads\/2020\/05\/aniversario_ceilandia_foto_Toninho_Tavares.jpg\" \/>\n\t<meta property=\"og:image:width\" content=\"1920\" \/>\n\t<meta property=\"og:image:height\" content=\"1280\" \/>\n\t<meta property=\"og:image:type\" content=\"image\/jpeg\" \/>\n<meta name=\"author\" content=\"Reda\u00e7\u00e3o JBN\" \/>\n<meta name=\"twitter:card\" content=\"summary_large_image\" \/>\n<meta name=\"twitter:label1\" content=\"Escrito por\" \/>\n\t<meta name=\"twitter:data1\" content=\"Reda\u00e7\u00e3o JBN\" \/>\n\t<meta name=\"twitter:label2\" content=\"Est. tempo de leitura\" \/>\n\t<meta name=\"twitter:data2\" content=\"2 minutos\" \/>\n<script type=\"application\/ld+json\" class=\"yoast-schema-graph\">{\"@context\":\"https:\\\/\\\/schema.org\",\"@graph\":[{\"@type\":\"Article\",\"@id\":\"https:\\\/\\\/www.p31noticias.com.br\\\/?p=21965#article\",\"isPartOf\":{\"@id\":\"https:\\\/\\\/www.p31noticias.com.br\\\/?p=21965\"},\"author\":{\"name\":\"Reda\u00e7\u00e3o JBN\",\"@id\":\"https:\\\/\\\/www.p31noticias.com.br\\\/#\\\/schema\\\/person\\\/77d6b186c710ac38937c6ec204fdd387\"},\"headline\":\"Revitaliza\u00e7\u00e3o de estrada rural beneficiar\u00e1 cerca de 10 mil moradores, em Ceil\u00e2ndia\",\"datePublished\":\"2020-05-12T00:21:00+00:00\",\"mainEntityOfPage\":{\"@id\":\"https:\\\/\\\/www.p31noticias.com.br\\\/?p=21965\"},\"wordCount\":315,\"commentCount\":0,\"image\":{\"@id\":\"https:\\\/\\\/www.p31noticias.com.br\\\/?p=21965#primaryimage\"},\"thumbnailUrl\":\"https:\\\/\\\/www.p31noticias.com.br\\\/wp-content\\\/uploads\\\/2020\\\/05\\\/aniversario_ceilandia_foto_Toninho_Tavares.jpg\",\"articleSection\":[\"Outros\"],\"inLanguage\":\"pt-BR\",\"potentialAction\":[{\"@type\":\"CommentAction\",\"name\":\"Comment\",\"target\":[\"https:\\\/\\\/www.p31noticias.com.br\\\/?p=21965#respond\"]}],\"copyrightYear\":\"2020\",\"copyrightHolder\":{\"@id\":\"https:\\\/\\\/www.p31noticias.com.br\\\/#organization\"}},{\"@type\":\"WebPage\",\"@id\":\"https:\\\/\\\/www.p31noticias.com.br\\\/?p=21965\",\"url\":\"https:\\\/\\\/www.p31noticias.com.br\\\/?p=21965\",\"name\":\"Revitaliza\u00e7\u00e3o de estrada rural beneficiar\u00e1 cerca de 10 mil moradores, em Ceil\u00e2ndia - P31\",\"isPartOf\":{\"@id\":\"https:\\\/\\\/www.p31noticias.com.br\\\/#website\"},\"primaryImageOfPage\":{\"@id\":\"https:\\\/\\\/www.p31noticias.com.br\\\/?p=21965#primaryimage\"},\"image\":{\"@id\":\"https:\\\/\\\/www.p31noticias.com.br\\\/?p=21965#primaryimage\"},\"thumbnailUrl\":\"https:\\\/\\\/www.p31noticias.com.br\\\/wp-content\\\/uploads\\\/2020\\\/05\\\/aniversario_ceilandia_foto_Toninho_Tavares.jpg\",\"datePublished\":\"2020-05-12T00:21:00+00:00\",\"author\":{\"@id\":\"https:\\\/\\\/www.p31noticias.com.br\\\/#\\\/schema\\\/person\\\/77d6b186c710ac38937c6ec204fdd387\"},\"breadcrumb\":{\"@id\":\"https:\\\/\\\/www.p31noticias.com.br\\\/?p=21965#breadcrumb\"},\"inLanguage\":\"pt-BR\",\"potentialAction\":[{\"@type\":\"ReadAction\",\"target\":[\"https:\\\/\\\/www.p31noticias.com.br\\\/?p=21965\"]}]},{\"@type\":\"ImageObject\",\"inLanguage\":\"pt-BR\",\"@id\":\"https:\\\/\\\/www.p31noticias.com.br\\\/?p=21965#primaryimage\",\"url\":\"https:\\\/\\\/www.p31noticias.com.br\\\/wp-content\\\/uploads\\\/2020\\\/05\\\/aniversario_ceilandia_foto_Toninho_Tavares.jpg\",\"contentUrl\":\"https:\\\/\\\/www.p31noticias.com.br\\\/wp-content\\\/uploads\\\/2020\\\/05\\\/aniversario_ceilandia_foto_Toninho_Tavares.jpg\",\"width\":1920,\"height\":1280},{\"@type\":\"BreadcrumbList\",\"@id\":\"https:\\\/\\\/www.p31noticias.com.br\\\/?p=21965#breadcrumb\",\"itemListElement\":[{\"@type\":\"ListItem\",\"position\":1,\"name\":\"In\u00edcio\",\"item\":\"https:\\\/\\\/www.p31noticias.com.br\\\/\"},{\"@type\":\"ListItem\",\"position\":2,\"name\":\"Revitaliza\u00e7\u00e3o de estrada rural beneficiar\u00e1 cerca de 10 mil moradores, em Ceil\u00e2ndia\"}]},{\"@type\":\"WebSite\",\"@id\":\"https:\\\/\\\/www.p31noticias.com.br\\\/#website\",\"url\":\"https:\\\/\\\/www.p31noticias.com.br\\\/\",\"name\":\"P31\",\"description\":\"NOT\u00cdCIAS\",\"potentialAction\":[{\"@type\":\"SearchAction\",\"target\":{\"@type\":\"EntryPoint\",\"urlTemplate\":\"https:\\\/\\\/www.p31noticias.com.br\\\/?s={search_term_string}\"},\"query-input\":{\"@type\":\"PropertyValueSpecification\",\"valueRequired\":true,\"valueName\":\"search_term_string\"}}],\"inLanguage\":\"pt-BR\"},{\"@type\":\"Person\",\"@id\":\"https:\\\/\\\/www.p31noticias.com.br\\\/#\\\/schema\\\/person\\\/77d6b186c710ac38937c6ec204fdd387\",\"name\":\"Reda\u00e7\u00e3o JBN\",\"image\":{\"@type\":\"ImageObject\",\"inLanguage\":\"pt-BR\",\"@id\":\"https:\\\/\\\/secure.gravatar.com\\\/avatar\\\/10fcdb93211f98cce3d64c0795b0915a9a4a21dc0f279238995a3dbfafcad090?s=96&d=mm&r=g\",\"url\":\"https:\\\/\\\/secure.gravatar.com\\\/avatar\\\/10fcdb93211f98cce3d64c0795b0915a9a4a21dc0f279238995a3dbfafcad090?s=96&d=mm&r=g\",\"contentUrl\":\"https:\\\/\\\/secure.gravatar.com\\\/avatar\\\/10fcdb93211f98cce3d64c0795b0915a9a4a21dc0f279238995a3dbfafcad090?s=96&d=mm&r=g\",\"caption\":\"Reda\u00e7\u00e3o JBN\"},\"sameAs\":[\"https:\\\/\\\/p31noticias.com.br\"],\"url\":\"https:\\\/\\\/www.p31noticias.com.br\\\/?author=18\"}]}<\/script>\n<!-- \/ Yoast SEO Premium plugin. -->","yoast_head_json":{"title":"Revitaliza\u00e7\u00e3o de estrada rural beneficiar\u00e1 cerca de 10 mil moradores, em Ceil\u00e2ndia - P31","robots":{"index":"index","follow":"follow","max-snippet":"max-snippet:-1","max-image-preview":"max-image-preview:large","max-video-preview":"max-video-preview:-1"},"canonical":"https:\/\/www.p31noticias.com.br\/?p=21965","og_locale":"pt_BR","og_type":"article","og_title":"Revitaliza\u00e7\u00e3o de estrada rural beneficiar\u00e1 cerca de 10 mil moradores, em Ceil\u00e2ndia","og_description":"A realiza\u00e7\u00e3o dos servi\u00e7os de melhorias nas \u00e1reas rurais de Ceil\u00e2ndia faz parte do programa de conserva\u00e7\u00e3o e manuten\u00e7\u00e3o permanente realizado pela Administra\u00e7\u00e3o da cidade juntamente com o programa GDF Presente.\u00a0 Nesta segunda-feira (11), equipes atuaram no setor rural Alexandre Gusm\u00e3o, no Incra 9. Cerca de 6 quil\u00f4metros de via receberam servi\u00e7os de nivelamento do [&hellip;]","og_url":"https:\/\/www.p31noticias.com.br\/?p=21965","og_site_name":"P31","article_published_time":"2020-05-12T00:21:00+00:00","og_image":[{"width":1920,"height":1280,"url":"https:\/\/www.p31noticias.com.br\/wp-content\/uploads\/2020\/05\/aniversario_ceilandia_foto_Toninho_Tavares.jpg","type":"image\/jpeg"}],"author":"Reda\u00e7\u00e3o JBN","twitter_card":"summary_large_image","twitter_misc":{"Escrito por":"Reda\u00e7\u00e3o JBN","Est. tempo de leitura":"2 minutos"},"schema":{"@context":"https:\/\/schema.org","@graph":[{"@type":"Article","@id":"https:\/\/www.p31noticias.com.br\/?p=21965#article","isPartOf":{"@id":"https:\/\/www.p31noticias.com.br\/?p=21965"},"author":{"name":"Reda\u00e7\u00e3o JBN","@id":"https:\/\/www.p31noticias.com.br\/#\/schema\/person\/77d6b186c710ac38937c6ec204fdd387"},"headline":"Revitaliza\u00e7\u00e3o de estrada rural beneficiar\u00e1 cerca de 10 mil moradores, em Ceil\u00e2ndia","datePublished":"2020-05-12T00:21:00+00:00","mainEntityOfPage":{"@id":"https:\/\/www.p31noticias.com.br\/?p=21965"},"wordCount":315,"commentCount":0,"image":{"@id":"https:\/\/www.p31noticias.com.br\/?p=21965#primaryimage"},"thumbnailUrl":"https:\/\/www.p31noticias.com.br\/wp-content\/uploads\/2020\/05\/aniversario_ceilandia_foto_Toninho_Tavares.jpg","articleSection":["Outros"],"inLanguage":"pt-BR","potentialAction":[{"@type":"CommentAction","name":"Comment","target":["https:\/\/www.p31noticias.com.br\/?p=21965#respond"]}],"copyrightYear":"2020","copyrightHolder":{"@id":"https:\/\/www.p31noticias.com.br\/#organization"}},{"@type":"WebPage","@id":"https:\/\/www.p31noticias.com.br\/?p=21965","url":"https:\/\/www.p31noticias.com.br\/?p=21965","name":"Revitaliza\u00e7\u00e3o de estrada rural beneficiar\u00e1 cerca de 10 mil moradores, em Ceil\u00e2ndia - P31","isPartOf":{"@id":"https:\/\/www.p31noticias.com.br\/#website"},"primaryImageOfPage":{"@id":"https:\/\/www.p31noticias.com.br\/?p=21965#primaryimage"},"image":{"@id":"https:\/\/www.p31noticias.com.br\/?p=21965#primaryimage"},"thumbnailUrl":"https:\/\/www.p31noticias.com.br\/wp-content\/uploads\/2020\/05\/aniversario_ceilandia_foto_Toninho_Tavares.jpg","datePublished":"2020-05-12T00:21:00+00:00","author":{"@id":"https:\/\/www.p31noticias.com.br\/#\/schema\/person\/77d6b186c710ac38937c6ec204fdd387"},"breadcrumb":{"@id":"https:\/\/www.p31noticias.com.br\/?p=21965#breadcrumb"},"inLanguage":"pt-BR","potentialAction":[{"@type":"ReadAction","target":["https:\/\/www.p31noticias.com.br\/?p=21965"]}]},{"@type":"ImageObject","inLanguage":"pt-BR","@id":"https:\/\/www.p31noticias.com.br\/?p=21965#primaryimage","url":"https:\/\/www.p31noticias.com.br\/wp-content\/uploads\/2020\/05\/aniversario_ceilandia_foto_Toninho_Tavares.jpg","contentUrl":"https:\/\/www.p31noticias.com.br\/wp-content\/uploads\/2020\/05\/aniversario_ceilandia_foto_Toninho_Tavares.jpg","width":1920,"height":1280},{"@type":"BreadcrumbList","@id":"https:\/\/www.p31noticias.com.br\/?p=21965#breadcrumb","itemListElement":[{"@type":"ListItem","position":1,"name":"In\u00edcio","item":"https:\/\/www.p31noticias.com.br\/"},{"@type":"ListItem","position":2,"name":"Revitaliza\u00e7\u00e3o de estrada rural beneficiar\u00e1 cerca de 10 mil moradores, em Ceil\u00e2ndia"}]},{"@type":"WebSite","@id":"https:\/\/www.p31noticias.com.br\/#website","url":"https:\/\/www.p31noticias.com.br\/","name":"P31","description":"NOT\u00cdCIAS","potentialAction":[{"@type":"SearchAction","target":{"@type":"EntryPoint","urlTemplate":"https:\/\/www.p31noticias.com.br\/?s={search_term_string}"},"query-input":{"@type":"PropertyValueSpecification","valueRequired":true,"valueName":"search_term_string"}}],"inLanguage":"pt-BR"},{"@type":"Person","@id":"https:\/\/www.p31noticias.com.br\/#\/schema\/person\/77d6b186c710ac38937c6ec204fdd387","name":"Reda\u00e7\u00e3o JBN","image":{"@type":"ImageObject","inLanguage":"pt-BR","@id":"https:\/\/secure.gravatar.com\/avatar\/10fcdb93211f98cce3d64c0795b0915a9a4a21dc0f279238995a3dbfafcad090?s=96&d=mm&r=g","url":"https:\/\/secure.gravatar.com\/avatar\/10fcdb93211f98cce3d64c0795b0915a9a4a21dc0f279238995a3dbfafcad090?s=96&d=mm&r=g","contentUrl":"https:\/\/secure.gravatar.com\/avatar\/10fcdb93211f98cce3d64c0795b0915a9a4a21dc0f279238995a3dbfafcad090?s=96&d=mm&r=g","caption":"Reda\u00e7\u00e3o JBN"},"sameAs":["https:\/\/p31noticias.com.br"],"url":"https:\/\/www.p31noticias.com.br\/?author=18"}]}},"amp_enabled":true,"_links":{"self":[{"href":"https:\/\/www.p31noticias.com.br\/index.php?rest_route=\/wp\/v2\/posts\/21965","targetHints":{"allow":["GET"]}}],"collection":[{"href":"https:\/\/www.p31noticias.com.br\/index.php?rest_route=\/wp\/v2\/posts"}],"about":[{"href":"https:\/\/www.p31noticias.com.br\/index.php?rest_route=\/wp\/v2\/types\/post"}],"author":[{"embeddable":true,"href":"https:\/\/www.p31noticias.com.br\/index.php?rest_route=\/wp\/v2\/users\/18"}],"replies":[{"embeddable":true,"href":"https:\/\/www.p31noticias.com.br\/index.php?rest_route=%2Fwp%2Fv2%2Fcomments&post=21965"}],"version-history":[{"count":0,"href":"https:\/\/www.p31noticias.com.br\/index.php?rest_route=\/wp\/v2\/posts\/21965\/revisions"}],"wp:featuredmedia":[{"embeddable":true,"href":"https:\/\/www.p31noticias.com.br\/index.php?rest_route=\/wp\/v2\/media\/21966"}],"wp:attachment":[{"href":"https:\/\/www.p31noticias.com.br\/index.php?rest_route=%2Fwp%2Fv2%2Fmedia&parent=21965"}],"wp:term":[{"taxonomy":"category","embeddable":true,"href":"https:\/\/www.p31noticias.com.br\/index.php?rest_route=%2Fwp%2Fv2%2Fcategories&post=21965"},{"taxonomy":"post_tag","embeddable":true,"href":"https:\/\/www.p31noticias.com.br\/index.php?rest_route=%2Fwp%2Fv2%2Ftags&post=21965"}],"curies":[{"name":"wp","href":"https:\/\/api.w.org\/{rel}","templated":true}]}}