{"id":21921,"date":"2020-05-09T17:14:22","date_gmt":"2020-05-09T20:14:22","guid":{"rendered":"https:\/\/jornaldoplanalto.com.br\/web\/?p=21921"},"modified":"2020-05-09T17:14:22","modified_gmt":"2020-05-09T20:14:22","slug":"gdf-distribuiu-mais-de-90-mil-mascaras-nos-terminais-rodoviarios-e-no-metro","status":"publish","type":"post","link":"https:\/\/www.p31noticias.com.br\/?p=21921","title":{"rendered":"GDF distribuiu mais de 90 mil m\u00e1scaras nos terminais rodovi\u00e1rios e no Metr\u00f4"},"content":{"rendered":"<p><em>Objetivo \u00e9 oferecer prote\u00e7\u00e3o a quem n\u00e3o tinha acesso ao equipamento. Cidad\u00e3os elogiam a inciativa do GDF. Foto: Semob\/Divulga\u00e7\u00e3o<\/em><\/p>\n<p>A\u00a0<a href=\"https:\/\/www.agenciabrasilia.df.gov.br\/topicos\/semob\/\" target=\"_blank\" rel=\"noopener noreferrer\"><strong>Secretaria de Transporte e Mobilidade<\/strong><\/a>\u00a0(Semob) j\u00e1 distribuiu mais de 90.700 m\u00e1scaras faciais de prote\u00e7\u00e3o individual a usu\u00e1rios do transporte p\u00fablico coletivo do Distrito Federal. Em levantamento feito nesta sexta-feira (8), foram entregues 70.500 pe\u00e7as em 21 terminais rodovi\u00e1rios onde ocorre a distribui\u00e7\u00e3o. Em dez esta\u00e7\u00f5es do Metr\u00f4-DF foram distribu\u00eddas 20.275 m\u00e1scaras aos passageiros.<\/p>\n<p>O acess\u00f3rio tem sido bem aceito e bastante procurado nos postos de distribui\u00e7\u00e3o. A dona de casa Marta Alves, moradora de Planaltina, disse que foi at\u00e9 o terminal rodovi\u00e1rio apenas para receber a m\u00e1scara.<\/p>\n<p>De uma fam\u00edlia com cinco pessoas, ela contou que dispunha somente de uma m\u00e1scara para cada um, e por isso pediu para levar algumas a mais para dar aos filhos. \u201cEu fico mais em casa, mas meus filhos precisam usar o transporte todo dia\u201d, explicou.<\/p>\n<p>\u201c\u00c9 um trabalho para ajudar a popula\u00e7\u00e3o mais carente, que n\u00e3o tem como comprar uma m\u00e1scara, a ter como se proteger da propaga\u00e7\u00e3o do\u00a0<a href=\"https:\/\/www.agenciabrasilia.df.gov.br\/topicos\/covid-19\/\" target=\"_blank\" rel=\"noopener noreferrer\"><strong>coronav\u00edrus<\/strong><\/a>\u201d, explicou o secret\u00e1rio de Transporte e Mobilidade, Valter Casimiro.<\/p>\n<p>\u201cO governo quer que 100% das pessoas tenham e usem a m\u00e1scara para prote\u00e7\u00e3o. Quanto mais a gente facilitar o acesso a essas m\u00e1scaras, sobretudo \u00e0quelas pessoas carentes, melhor para que diminua risco de prolifera\u00e7\u00e3o [da Covid-19], principalmente entre as pessoas que precisam utilizar o transporte p\u00fablico\u201d, completou.<\/p>\n<p>A partir desta segunda-feira (11), o GDF ir\u00e1 fiscalizar o uso obrigat\u00f3rio de m\u00e1scaras de prote\u00e7\u00e3o individual nas vias, estabelecimentos empresariais e no transporte p\u00fablico coletivo do Distrito Federal. A exig\u00eancia foi estabelecida no Decreto 40.648\/2020, com obrigatoriedade a partir de 30 de abril. Antes de come\u00e7ar a fiscaliza\u00e7\u00e3o, o GDF decidiu realizar ampla distribui\u00e7\u00e3o do equipamento.<\/p>\n<p>A distribui\u00e7\u00e3o das m\u00e1scaras continuar\u00e1 enquanto durar os estoques do GDF. As m\u00e1scaras s\u00e3o entregues \u00e0s pessoas que ainda n\u00e3o tiveram acesso ao equipamento. Cada pessoa pode receber at\u00e9 duas unidades. S\u00e3o m\u00e1scaras de tecido, lav\u00e1veis e reutiliz\u00e1veis, indispens\u00e1veis como instrumento de prote\u00e7\u00e3o ao novo coronav\u00edrus.<\/p>\n<p>\u201cA m\u00e1scara \u00e9 importante igual lavar as m\u00e3os e passar \u00e1lcool em gel\u201d, comparou a vendedora ambulante Maria Am\u00e9lia da Silva.<\/p>\n<p>Praticamente sem trabalhar por medo da pandemia, ela conta que est\u00e1 sem dinheiro para adquirir as m\u00e1scaras para a fam\u00edlia. \u201cEu vim [ao banco] tentar receber o benef\u00edcio [pens\u00e3o]. Vou levar uma m\u00e1scara para minha filha\u201d, acrescentou.<\/p>\n<p><strong>A\u00e7\u00e3o<\/strong><\/p>\n<p>Para refor\u00e7ar as a\u00e7\u00f5es de combate \u00e0 Covid-19, a Semob est\u00e1 fiscalizando o cumprimento das regras por parte das empresas que operam o transporte p\u00fablico do Distrito Federal. Os motoristas, cobradores e operadores do Metr\u00f4-DF devem trabalhar usando m\u00e1scaras e exigir que o passageiro utilize o equipamento desde o momento do embarque, durante a viagem, at\u00e9 o desembarque.<\/p>\n<p>A fim de evitar complica\u00e7\u00f5es e tamb\u00e9m para contribuir com os passageiros, muitos cobradores est\u00e3o percorrendo os terminais e indo at\u00e9 as filas de embarque para oferecer m\u00e1scaras para quem ainda n\u00e3o recebeu. Andr\u00e9 Oliveira Santos, que trabalha em uma empresa de materiais de constru\u00e7\u00e3o, foi um dos que receberam a m\u00e1scara quando passava pelo terminal de Planaltina.<\/p>\n<p>\u201cEstou indo ao banco e passei aqui para pegar uma m\u00e1scara para mim e outra para minha esposa, pois estou sem condi\u00e7\u00f5es pra comprar agora\u201d, relatou. Sabedor da obrigatoriedade, ele reconhece a import\u00e2ncia do uso do Equipamento de Prote\u00e7\u00e3o Individual (EPI). \u201cN\u00e3o \u00e9 quest\u00e3o dizer que n\u00e3o possa pegar a doen\u00e7a, mas [a m\u00e1scara] ameniza muito, n\u00e9?\u201d<\/p>\n<p>Para alertar os passageiros sobre a import\u00e2ncia do uso de m\u00e1scaras faciais no transporte coletivo, a Semob est\u00e1 veiculando, em suas redes sociais e nas televis\u00f5es dos \u00f4nibus e vag\u00f5es do metr\u00f4, uma campanha informando sobre a obrigatoriedade de uso do acess\u00f3rio.<\/p>\n<p>A Semob tamb\u00e9m est\u00e1 fiscalizando as empresas para que todas fa\u00e7am a higieniza\u00e7\u00e3o das partes internas dos \u00f4nibus, onde os passageiros colocam as m\u00e3os, tais como corrim\u00e3os, barras de apoio de sustenta\u00e7\u00e3o, roletas, apoios de porta, entre outros, antes do in\u00edcio de cada viagem.<\/p>\n","protected":false},"excerpt":{"rendered":"<p>Objetivo \u00e9 oferecer prote\u00e7\u00e3o a quem n\u00e3o tinha acesso ao equipamento. Cidad\u00e3os elogiam a inciativa do GDF. Foto: Semob\/Divulga\u00e7\u00e3o A\u00a0Secretaria de Transporte e Mobilidade\u00a0(Semob) j\u00e1 distribuiu mais de 90.700 m\u00e1scaras faciais de prote\u00e7\u00e3o individual a usu\u00e1rios do transporte p\u00fablico coletivo do Distrito Federal. Em levantamento feito nesta sexta-feira (8), foram entregues 70.500 pe\u00e7as em 21 [&hellip;]<\/p>\n","protected":false},"author":18,"featured_media":21923,"comment_status":"open","ping_status":"open","sticky":false,"template":"","format":"standard","meta":{"footnotes":""},"categories":[1],"tags":[],"class_list":{"0":"post-21921","1":"post","2":"type-post","3":"status-publish","4":"format-standard","5":"has-post-thumbnail","7":"category-outros"},"yoast_head":"<!-- This site is optimized with the Yoast SEO Premium plugin v24.5 (Yoast SEO v27.5) - https:\/\/yoast.com\/product\/yoast-seo-premium-wordpress\/ -->\n<title>GDF distribuiu mais de 90 mil m\u00e1scaras nos terminais rodovi\u00e1rios e no Metr\u00f4 - P31<\/title>\n<meta name=\"robots\" content=\"index, follow, max-snippet:-1, max-image-preview:large, max-video-preview:-1\" \/>\n<link rel=\"canonical\" href=\"https:\/\/www.p31noticias.com.br\/?p=21921\" \/>\n<meta property=\"og:locale\" content=\"pt_BR\" \/>\n<meta property=\"og:type\" content=\"article\" \/>\n<meta property=\"og:title\" content=\"GDF distribuiu mais de 90 mil m\u00e1scaras nos terminais rodovi\u00e1rios e no Metr\u00f4\" \/>\n<meta property=\"og:description\" content=\"Objetivo \u00e9 oferecer prote\u00e7\u00e3o a quem n\u00e3o tinha acesso ao equipamento. Cidad\u00e3os elogiam a inciativa do GDF. Foto: Semob\/Divulga\u00e7\u00e3o A\u00a0Secretaria de Transporte e Mobilidade\u00a0(Semob) j\u00e1 distribuiu mais de 90.700 m\u00e1scaras faciais de prote\u00e7\u00e3o individual a usu\u00e1rios do transporte p\u00fablico coletivo do Distrito Federal. Em levantamento feito nesta sexta-feira (8), foram entregues 70.500 pe\u00e7as em 21 [&hellip;]\" \/>\n<meta property=\"og:url\" content=\"https:\/\/www.p31noticias.com.br\/?p=21921\" \/>\n<meta property=\"og:site_name\" content=\"P31\" \/>\n<meta property=\"article:published_time\" content=\"2020-05-09T20:14:22+00:00\" \/>\n<meta property=\"og:image\" content=\"https:\/\/www.p31noticias.com.br\/wp-content\/uploads\/2020\/05\/mascaras.jpeg\" \/>\n\t<meta property=\"og:image:width\" content=\"640\" \/>\n\t<meta property=\"og:image:height\" content=\"424\" \/>\n\t<meta property=\"og:image:type\" content=\"image\/jpeg\" \/>\n<meta name=\"author\" content=\"Reda\u00e7\u00e3o JBN\" \/>\n<meta name=\"twitter:card\" content=\"summary_large_image\" \/>\n<meta name=\"twitter:label1\" content=\"Escrito por\" \/>\n\t<meta name=\"twitter:data1\" content=\"Reda\u00e7\u00e3o JBN\" \/>\n\t<meta name=\"twitter:label2\" content=\"Est. tempo de leitura\" \/>\n\t<meta name=\"twitter:data2\" content=\"4 minutos\" \/>\n<script type=\"application\/ld+json\" class=\"yoast-schema-graph\">{\"@context\":\"https:\\\/\\\/schema.org\",\"@graph\":[{\"@type\":\"Article\",\"@id\":\"https:\\\/\\\/www.p31noticias.com.br\\\/?p=21921#article\",\"isPartOf\":{\"@id\":\"https:\\\/\\\/www.p31noticias.com.br\\\/?p=21921\"},\"author\":{\"name\":\"Reda\u00e7\u00e3o JBN\",\"@id\":\"https:\\\/\\\/www.p31noticias.com.br\\\/#\\\/schema\\\/person\\\/77d6b186c710ac38937c6ec204fdd387\"},\"headline\":\"GDF distribuiu mais de 90 mil m\u00e1scaras nos terminais rodovi\u00e1rios e no Metr\u00f4\",\"datePublished\":\"2020-05-09T20:14:22+00:00\",\"mainEntityOfPage\":{\"@id\":\"https:\\\/\\\/www.p31noticias.com.br\\\/?p=21921\"},\"wordCount\":751,\"commentCount\":0,\"image\":{\"@id\":\"https:\\\/\\\/www.p31noticias.com.br\\\/?p=21921#primaryimage\"},\"thumbnailUrl\":\"https:\\\/\\\/www.p31noticias.com.br\\\/wp-content\\\/uploads\\\/2020\\\/05\\\/mascaras.jpeg\",\"articleSection\":[\"Outros\"],\"inLanguage\":\"pt-BR\",\"potentialAction\":[{\"@type\":\"CommentAction\",\"name\":\"Comment\",\"target\":[\"https:\\\/\\\/www.p31noticias.com.br\\\/?p=21921#respond\"]}],\"copyrightYear\":\"2020\",\"copyrightHolder\":{\"@id\":\"https:\\\/\\\/www.p31noticias.com.br\\\/#organization\"}},{\"@type\":\"WebPage\",\"@id\":\"https:\\\/\\\/www.p31noticias.com.br\\\/?p=21921\",\"url\":\"https:\\\/\\\/www.p31noticias.com.br\\\/?p=21921\",\"name\":\"GDF distribuiu mais de 90 mil m\u00e1scaras nos terminais rodovi\u00e1rios e no Metr\u00f4 - P31\",\"isPartOf\":{\"@id\":\"https:\\\/\\\/www.p31noticias.com.br\\\/#website\"},\"primaryImageOfPage\":{\"@id\":\"https:\\\/\\\/www.p31noticias.com.br\\\/?p=21921#primaryimage\"},\"image\":{\"@id\":\"https:\\\/\\\/www.p31noticias.com.br\\\/?p=21921#primaryimage\"},\"thumbnailUrl\":\"https:\\\/\\\/www.p31noticias.com.br\\\/wp-content\\\/uploads\\\/2020\\\/05\\\/mascaras.jpeg\",\"datePublished\":\"2020-05-09T20:14:22+00:00\",\"author\":{\"@id\":\"https:\\\/\\\/www.p31noticias.com.br\\\/#\\\/schema\\\/person\\\/77d6b186c710ac38937c6ec204fdd387\"},\"breadcrumb\":{\"@id\":\"https:\\\/\\\/www.p31noticias.com.br\\\/?p=21921#breadcrumb\"},\"inLanguage\":\"pt-BR\",\"potentialAction\":[{\"@type\":\"ReadAction\",\"target\":[\"https:\\\/\\\/www.p31noticias.com.br\\\/?p=21921\"]}]},{\"@type\":\"ImageObject\",\"inLanguage\":\"pt-BR\",\"@id\":\"https:\\\/\\\/www.p31noticias.com.br\\\/?p=21921#primaryimage\",\"url\":\"https:\\\/\\\/www.p31noticias.com.br\\\/wp-content\\\/uploads\\\/2020\\\/05\\\/mascaras.jpeg\",\"contentUrl\":\"https:\\\/\\\/www.p31noticias.com.br\\\/wp-content\\\/uploads\\\/2020\\\/05\\\/mascaras.jpeg\",\"width\":640,\"height\":424},{\"@type\":\"BreadcrumbList\",\"@id\":\"https:\\\/\\\/www.p31noticias.com.br\\\/?p=21921#breadcrumb\",\"itemListElement\":[{\"@type\":\"ListItem\",\"position\":1,\"name\":\"In\u00edcio\",\"item\":\"https:\\\/\\\/www.p31noticias.com.br\\\/\"},{\"@type\":\"ListItem\",\"position\":2,\"name\":\"GDF distribuiu mais de 90 mil m\u00e1scaras nos terminais rodovi\u00e1rios e no Metr\u00f4\"}]},{\"@type\":\"WebSite\",\"@id\":\"https:\\\/\\\/www.p31noticias.com.br\\\/#website\",\"url\":\"https:\\\/\\\/www.p31noticias.com.br\\\/\",\"name\":\"P31\",\"description\":\"NOT\u00cdCIAS\",\"potentialAction\":[{\"@type\":\"SearchAction\",\"target\":{\"@type\":\"EntryPoint\",\"urlTemplate\":\"https:\\\/\\\/www.p31noticias.com.br\\\/?s={search_term_string}\"},\"query-input\":{\"@type\":\"PropertyValueSpecification\",\"valueRequired\":true,\"valueName\":\"search_term_string\"}}],\"inLanguage\":\"pt-BR\"},{\"@type\":\"Person\",\"@id\":\"https:\\\/\\\/www.p31noticias.com.br\\\/#\\\/schema\\\/person\\\/77d6b186c710ac38937c6ec204fdd387\",\"name\":\"Reda\u00e7\u00e3o JBN\",\"image\":{\"@type\":\"ImageObject\",\"inLanguage\":\"pt-BR\",\"@id\":\"https:\\\/\\\/secure.gravatar.com\\\/avatar\\\/10fcdb93211f98cce3d64c0795b0915a9a4a21dc0f279238995a3dbfafcad090?s=96&d=mm&r=g\",\"url\":\"https:\\\/\\\/secure.gravatar.com\\\/avatar\\\/10fcdb93211f98cce3d64c0795b0915a9a4a21dc0f279238995a3dbfafcad090?s=96&d=mm&r=g\",\"contentUrl\":\"https:\\\/\\\/secure.gravatar.com\\\/avatar\\\/10fcdb93211f98cce3d64c0795b0915a9a4a21dc0f279238995a3dbfafcad090?s=96&d=mm&r=g\",\"caption\":\"Reda\u00e7\u00e3o JBN\"},\"sameAs\":[\"https:\\\/\\\/p31noticias.com.br\"],\"url\":\"https:\\\/\\\/www.p31noticias.com.br\\\/?author=18\"}]}<\/script>\n<!-- \/ Yoast SEO Premium plugin. -->","yoast_head_json":{"title":"GDF distribuiu mais de 90 mil m\u00e1scaras nos terminais rodovi\u00e1rios e no Metr\u00f4 - P31","robots":{"index":"index","follow":"follow","max-snippet":"max-snippet:-1","max-image-preview":"max-image-preview:large","max-video-preview":"max-video-preview:-1"},"canonical":"https:\/\/www.p31noticias.com.br\/?p=21921","og_locale":"pt_BR","og_type":"article","og_title":"GDF distribuiu mais de 90 mil m\u00e1scaras nos terminais rodovi\u00e1rios e no Metr\u00f4","og_description":"Objetivo \u00e9 oferecer prote\u00e7\u00e3o a quem n\u00e3o tinha acesso ao equipamento. Cidad\u00e3os elogiam a inciativa do GDF. Foto: Semob\/Divulga\u00e7\u00e3o A\u00a0Secretaria de Transporte e Mobilidade\u00a0(Semob) j\u00e1 distribuiu mais de 90.700 m\u00e1scaras faciais de prote\u00e7\u00e3o individual a usu\u00e1rios do transporte p\u00fablico coletivo do Distrito Federal. Em levantamento feito nesta sexta-feira (8), foram entregues 70.500 pe\u00e7as em 21 [&hellip;]","og_url":"https:\/\/www.p31noticias.com.br\/?p=21921","og_site_name":"P31","article_published_time":"2020-05-09T20:14:22+00:00","og_image":[{"width":640,"height":424,"url":"https:\/\/www.p31noticias.com.br\/wp-content\/uploads\/2020\/05\/mascaras.jpeg","type":"image\/jpeg"}],"author":"Reda\u00e7\u00e3o JBN","twitter_card":"summary_large_image","twitter_misc":{"Escrito por":"Reda\u00e7\u00e3o JBN","Est. tempo de leitura":"4 minutos"},"schema":{"@context":"https:\/\/schema.org","@graph":[{"@type":"Article","@id":"https:\/\/www.p31noticias.com.br\/?p=21921#article","isPartOf":{"@id":"https:\/\/www.p31noticias.com.br\/?p=21921"},"author":{"name":"Reda\u00e7\u00e3o JBN","@id":"https:\/\/www.p31noticias.com.br\/#\/schema\/person\/77d6b186c710ac38937c6ec204fdd387"},"headline":"GDF distribuiu mais de 90 mil m\u00e1scaras nos terminais rodovi\u00e1rios e no Metr\u00f4","datePublished":"2020-05-09T20:14:22+00:00","mainEntityOfPage":{"@id":"https:\/\/www.p31noticias.com.br\/?p=21921"},"wordCount":751,"commentCount":0,"image":{"@id":"https:\/\/www.p31noticias.com.br\/?p=21921#primaryimage"},"thumbnailUrl":"https:\/\/www.p31noticias.com.br\/wp-content\/uploads\/2020\/05\/mascaras.jpeg","articleSection":["Outros"],"inLanguage":"pt-BR","potentialAction":[{"@type":"CommentAction","name":"Comment","target":["https:\/\/www.p31noticias.com.br\/?p=21921#respond"]}],"copyrightYear":"2020","copyrightHolder":{"@id":"https:\/\/www.p31noticias.com.br\/#organization"}},{"@type":"WebPage","@id":"https:\/\/www.p31noticias.com.br\/?p=21921","url":"https:\/\/www.p31noticias.com.br\/?p=21921","name":"GDF distribuiu mais de 90 mil m\u00e1scaras nos terminais rodovi\u00e1rios e no Metr\u00f4 - P31","isPartOf":{"@id":"https:\/\/www.p31noticias.com.br\/#website"},"primaryImageOfPage":{"@id":"https:\/\/www.p31noticias.com.br\/?p=21921#primaryimage"},"image":{"@id":"https:\/\/www.p31noticias.com.br\/?p=21921#primaryimage"},"thumbnailUrl":"https:\/\/www.p31noticias.com.br\/wp-content\/uploads\/2020\/05\/mascaras.jpeg","datePublished":"2020-05-09T20:14:22+00:00","author":{"@id":"https:\/\/www.p31noticias.com.br\/#\/schema\/person\/77d6b186c710ac38937c6ec204fdd387"},"breadcrumb":{"@id":"https:\/\/www.p31noticias.com.br\/?p=21921#breadcrumb"},"inLanguage":"pt-BR","potentialAction":[{"@type":"ReadAction","target":["https:\/\/www.p31noticias.com.br\/?p=21921"]}]},{"@type":"ImageObject","inLanguage":"pt-BR","@id":"https:\/\/www.p31noticias.com.br\/?p=21921#primaryimage","url":"https:\/\/www.p31noticias.com.br\/wp-content\/uploads\/2020\/05\/mascaras.jpeg","contentUrl":"https:\/\/www.p31noticias.com.br\/wp-content\/uploads\/2020\/05\/mascaras.jpeg","width":640,"height":424},{"@type":"BreadcrumbList","@id":"https:\/\/www.p31noticias.com.br\/?p=21921#breadcrumb","itemListElement":[{"@type":"ListItem","position":1,"name":"In\u00edcio","item":"https:\/\/www.p31noticias.com.br\/"},{"@type":"ListItem","position":2,"name":"GDF distribuiu mais de 90 mil m\u00e1scaras nos terminais rodovi\u00e1rios e no Metr\u00f4"}]},{"@type":"WebSite","@id":"https:\/\/www.p31noticias.com.br\/#website","url":"https:\/\/www.p31noticias.com.br\/","name":"P31","description":"NOT\u00cdCIAS","potentialAction":[{"@type":"SearchAction","target":{"@type":"EntryPoint","urlTemplate":"https:\/\/www.p31noticias.com.br\/?s={search_term_string}"},"query-input":{"@type":"PropertyValueSpecification","valueRequired":true,"valueName":"search_term_string"}}],"inLanguage":"pt-BR"},{"@type":"Person","@id":"https:\/\/www.p31noticias.com.br\/#\/schema\/person\/77d6b186c710ac38937c6ec204fdd387","name":"Reda\u00e7\u00e3o JBN","image":{"@type":"ImageObject","inLanguage":"pt-BR","@id":"https:\/\/secure.gravatar.com\/avatar\/10fcdb93211f98cce3d64c0795b0915a9a4a21dc0f279238995a3dbfafcad090?s=96&d=mm&r=g","url":"https:\/\/secure.gravatar.com\/avatar\/10fcdb93211f98cce3d64c0795b0915a9a4a21dc0f279238995a3dbfafcad090?s=96&d=mm&r=g","contentUrl":"https:\/\/secure.gravatar.com\/avatar\/10fcdb93211f98cce3d64c0795b0915a9a4a21dc0f279238995a3dbfafcad090?s=96&d=mm&r=g","caption":"Reda\u00e7\u00e3o JBN"},"sameAs":["https:\/\/p31noticias.com.br"],"url":"https:\/\/www.p31noticias.com.br\/?author=18"}]}},"amp_enabled":true,"_links":{"self":[{"href":"https:\/\/www.p31noticias.com.br\/index.php?rest_route=\/wp\/v2\/posts\/21921","targetHints":{"allow":["GET"]}}],"collection":[{"href":"https:\/\/www.p31noticias.com.br\/index.php?rest_route=\/wp\/v2\/posts"}],"about":[{"href":"https:\/\/www.p31noticias.com.br\/index.php?rest_route=\/wp\/v2\/types\/post"}],"author":[{"embeddable":true,"href":"https:\/\/www.p31noticias.com.br\/index.php?rest_route=\/wp\/v2\/users\/18"}],"replies":[{"embeddable":true,"href":"https:\/\/www.p31noticias.com.br\/index.php?rest_route=%2Fwp%2Fv2%2Fcomments&post=21921"}],"version-history":[{"count":0,"href":"https:\/\/www.p31noticias.com.br\/index.php?rest_route=\/wp\/v2\/posts\/21921\/revisions"}],"wp:featuredmedia":[{"embeddable":true,"href":"https:\/\/www.p31noticias.com.br\/index.php?rest_route=\/wp\/v2\/media\/21923"}],"wp:attachment":[{"href":"https:\/\/www.p31noticias.com.br\/index.php?rest_route=%2Fwp%2Fv2%2Fmedia&parent=21921"}],"wp:term":[{"taxonomy":"category","embeddable":true,"href":"https:\/\/www.p31noticias.com.br\/index.php?rest_route=%2Fwp%2Fv2%2Fcategories&post=21921"},{"taxonomy":"post_tag","embeddable":true,"href":"https:\/\/www.p31noticias.com.br\/index.php?rest_route=%2Fwp%2Fv2%2Ftags&post=21921"}],"curies":[{"name":"wp","href":"https:\/\/api.w.org\/{rel}","templated":true}]}}