{"id":21912,"date":"2020-05-08T09:09:03","date_gmt":"2020-05-08T12:09:03","guid":{"rendered":"https:\/\/jornaldoplanalto.com.br\/web\/?p=21912"},"modified":"2020-05-08T09:09:03","modified_gmt":"2020-05-08T12:09:03","slug":"quase-8-quilometros-de-ciclofaixas-sao-revitalizados-em-aguas-claras","status":"publish","type":"post","link":"https:\/\/www.p31noticias.com.br\/?p=21912","title":{"rendered":"Quase 8 quil\u00f4metros de ciclofaixas s\u00e3o revitalizados em \u00c1guas Claras"},"content":{"rendered":"<p><em><strong>Vias para a circula\u00e7\u00e3o de bicicletas est\u00e3o com cara de novas, ap\u00f3s investimento em repintura<\/strong><\/em><\/p>\n<p>Quando as recomenda\u00e7\u00f5es de isolamento social acabarem, os ciclistas de \u00c1guas Claras v\u00e3o se deparar com ciclofaixas com caras de novas. O Departamento de Tr\u00e2nsito do Distrito Federal (Detran-DF) revitalizou a pintura nos 7,8 quil\u00f4metros de via para a circula\u00e7\u00e3o de bicicletas nas avenidas Arauc\u00e1rias e Castanheiras, utilizada por cerca de tr\u00eas mil pessoas.<\/p>\n<p>As pinturas das sinaliza\u00e7\u00f5es horizontais nos dois sentidos de ciclofaixas foram executadas, com demarca\u00e7\u00f5es brancas e vermelhas em toda a extens\u00e3o, com com 1,5 metro de largura que garantem espa\u00e7o exclusivo para os ciclistas nas avenidas. Segundo o Detran, a a\u00e7\u00e3o faz parte do contrato que engloba toda a sinaliza\u00e7\u00e3o feita no DF. At\u00e9 mar\u00e7o deste ano foram investidos R$ 417.725,81 na gest\u00e3o das atividades de sinaliza\u00e7\u00e3o horizontal e vertical na capital.<\/p>\n<p>Servidora do Detran, L\u00facia Bandeira \u00e9 executora de contrato. Ela conta que o trabalho foi realizado por equipes da empresa contratada, vencedora da licita\u00e7\u00e3o.<\/p>\n<p>\u201cA pr\u00f3pria popula\u00e7\u00e3o pediu pela revitaliza\u00e7\u00e3o. Seguimos crit\u00e9rios para chegar a cada regi\u00e3o com as manuten\u00e7\u00f5es. Em \u00c1guas Claras, s\u00f3 n\u00e3o foi antes por causa das chuvas. Agora, aproveitamos o bom tempo e as ruas mais vazias\u201d, explica.<\/p>\n<p>O servidor p\u00fablico Alex Santos, de 42 anos, viu a pintura ser feita direto da janela do apartamento, na Rua 19 Sul. \u201cDesde que mudei para c\u00e1, h\u00e1 oito anos, tenho o costume de fazer o m\u00e1ximo poss\u00edvel na cidade de bicicleta e as ciclofaixas permitem que isso seja feito com seguran\u00e7a\u201d, diz.<\/p>\n<p>Para ele, \u00e9 acertada a decis\u00e3o de fazer revitaliza\u00e7\u00e3o enquanto a orienta\u00e7\u00e3o \u00e9 de que a popula\u00e7\u00e3o fa\u00e7a isolamento social. \u201cAs ruas est\u00e3o vazias, tanto de ciclistas quanto de ve\u00edculos, ent\u00e3o o impacto \u00e9 bastante reduzido. Quando todos pudermos voltar \u00e0 vida normal, encontraremos tudo com pintura nova. Isso \u00e9 \u00f3timo\u201d, opina.<\/p>\n<p>Administrador de \u00c1guas Claras, Francisco de Assis da Silva destaca a import\u00e2ncia das passagens exclusivas para os ciclistas na cidade. \u201cAs faixas s\u00e3o importantes para incentivar o uso de transporte n\u00e3o motorizado e est\u00e1 entre as principais solu\u00e7\u00f5es sustent\u00e1veis para desafogar o tr\u00e2nsito e reduzir o impacto ambiental\u201d, ressalta.<\/p>\n<p>Conceitos<br \/>\nA ciclovia \u00e9 constitu\u00edda de pista pr\u00f3pria, separada fisicamente do tr\u00e1fego geral.<\/p>\n<p>J\u00e1 a ciclofaixa \u00e9 uma faixa exclusiva para circula\u00e7\u00e3o de bicicletas, delimitada por sinaliza\u00e7\u00e3o espec\u00edfica, mas que usa parte da pista ou da cal\u00e7ada.<\/p>\n<p><em>(J\u00e9ssica Antunes, da Ag\u00eancia Bras\u00edlia. Foto: Ac\u00e1cio Pinheiro\/Ag\u00eancia Bras\u00edlia)<\/em><\/p>\n","protected":false},"excerpt":{"rendered":"<p>Vias para a circula\u00e7\u00e3o de bicicletas est\u00e3o com cara de novas, ap\u00f3s investimento em repintura Quando as recomenda\u00e7\u00f5es de isolamento social acabarem, os ciclistas de \u00c1guas Claras v\u00e3o se deparar com ciclofaixas com caras de novas. O Departamento de Tr\u00e2nsito do Distrito Federal (Detran-DF) revitalizou a pintura nos 7,8 quil\u00f4metros de via para a circula\u00e7\u00e3o [&hellip;]<\/p>\n","protected":false},"author":18,"featured_media":21913,"comment_status":"open","ping_status":"open","sticky":false,"template":"","format":"standard","meta":{"footnotes":""},"categories":[1],"tags":[],"class_list":{"0":"post-21912","1":"post","2":"type-post","3":"status-publish","4":"format-standard","5":"has-post-thumbnail","7":"category-outros"},"yoast_head":"<!-- This site is optimized with the Yoast SEO Premium plugin v24.5 (Yoast SEO v27.5) - https:\/\/yoast.com\/product\/yoast-seo-premium-wordpress\/ -->\n<title>Quase 8 quil\u00f4metros de ciclofaixas s\u00e3o revitalizados em \u00c1guas Claras - P31<\/title>\n<meta name=\"robots\" content=\"index, follow, max-snippet:-1, max-image-preview:large, max-video-preview:-1\" \/>\n<link rel=\"canonical\" href=\"https:\/\/www.p31noticias.com.br\/?p=21912\" \/>\n<meta property=\"og:locale\" content=\"pt_BR\" \/>\n<meta property=\"og:type\" content=\"article\" \/>\n<meta property=\"og:title\" content=\"Quase 8 quil\u00f4metros de ciclofaixas s\u00e3o revitalizados em \u00c1guas Claras\" \/>\n<meta property=\"og:description\" content=\"Vias para a circula\u00e7\u00e3o de bicicletas est\u00e3o com cara de novas, ap\u00f3s investimento em repintura Quando as recomenda\u00e7\u00f5es de isolamento social acabarem, os ciclistas de \u00c1guas Claras v\u00e3o se deparar com ciclofaixas com caras de novas. O Departamento de Tr\u00e2nsito do Distrito Federal (Detran-DF) revitalizou a pintura nos 7,8 quil\u00f4metros de via para a circula\u00e7\u00e3o [&hellip;]\" \/>\n<meta property=\"og:url\" content=\"https:\/\/www.p31noticias.com.br\/?p=21912\" \/>\n<meta property=\"og:site_name\" content=\"P31\" \/>\n<meta property=\"article:published_time\" content=\"2020-05-08T12:09:03+00:00\" \/>\n<meta property=\"og:image\" content=\"https:\/\/www.p31noticias.com.br\/wp-content\/uploads\/2020\/05\/ciclovia.jpeg\" \/>\n\t<meta property=\"og:image:width\" content=\"800\" \/>\n\t<meta property=\"og:image:height\" content=\"512\" \/>\n\t<meta property=\"og:image:type\" content=\"image\/jpeg\" \/>\n<meta name=\"author\" content=\"Reda\u00e7\u00e3o JBN\" \/>\n<meta name=\"twitter:card\" content=\"summary_large_image\" \/>\n<meta name=\"twitter:label1\" content=\"Escrito por\" \/>\n\t<meta name=\"twitter:data1\" content=\"Reda\u00e7\u00e3o JBN\" \/>\n\t<meta name=\"twitter:label2\" content=\"Est. tempo de leitura\" \/>\n\t<meta name=\"twitter:data2\" content=\"2 minutos\" \/>\n<script type=\"application\/ld+json\" class=\"yoast-schema-graph\">{\"@context\":\"https:\\\/\\\/schema.org\",\"@graph\":[{\"@type\":\"Article\",\"@id\":\"https:\\\/\\\/www.p31noticias.com.br\\\/?p=21912#article\",\"isPartOf\":{\"@id\":\"https:\\\/\\\/www.p31noticias.com.br\\\/?p=21912\"},\"author\":{\"name\":\"Reda\u00e7\u00e3o JBN\",\"@id\":\"https:\\\/\\\/www.p31noticias.com.br\\\/#\\\/schema\\\/person\\\/77d6b186c710ac38937c6ec204fdd387\"},\"headline\":\"Quase 8 quil\u00f4metros de ciclofaixas s\u00e3o revitalizados em \u00c1guas Claras\",\"datePublished\":\"2020-05-08T12:09:03+00:00\",\"mainEntityOfPage\":{\"@id\":\"https:\\\/\\\/www.p31noticias.com.br\\\/?p=21912\"},\"wordCount\":461,\"commentCount\":0,\"image\":{\"@id\":\"https:\\\/\\\/www.p31noticias.com.br\\\/?p=21912#primaryimage\"},\"thumbnailUrl\":\"https:\\\/\\\/www.p31noticias.com.br\\\/wp-content\\\/uploads\\\/2020\\\/05\\\/ciclovia.jpeg\",\"articleSection\":[\"Outros\"],\"inLanguage\":\"pt-BR\",\"potentialAction\":[{\"@type\":\"CommentAction\",\"name\":\"Comment\",\"target\":[\"https:\\\/\\\/www.p31noticias.com.br\\\/?p=21912#respond\"]}],\"copyrightYear\":\"2020\",\"copyrightHolder\":{\"@id\":\"https:\\\/\\\/www.p31noticias.com.br\\\/#organization\"}},{\"@type\":\"WebPage\",\"@id\":\"https:\\\/\\\/www.p31noticias.com.br\\\/?p=21912\",\"url\":\"https:\\\/\\\/www.p31noticias.com.br\\\/?p=21912\",\"name\":\"Quase 8 quil\u00f4metros de ciclofaixas s\u00e3o revitalizados em \u00c1guas Claras - P31\",\"isPartOf\":{\"@id\":\"https:\\\/\\\/www.p31noticias.com.br\\\/#website\"},\"primaryImageOfPage\":{\"@id\":\"https:\\\/\\\/www.p31noticias.com.br\\\/?p=21912#primaryimage\"},\"image\":{\"@id\":\"https:\\\/\\\/www.p31noticias.com.br\\\/?p=21912#primaryimage\"},\"thumbnailUrl\":\"https:\\\/\\\/www.p31noticias.com.br\\\/wp-content\\\/uploads\\\/2020\\\/05\\\/ciclovia.jpeg\",\"datePublished\":\"2020-05-08T12:09:03+00:00\",\"author\":{\"@id\":\"https:\\\/\\\/www.p31noticias.com.br\\\/#\\\/schema\\\/person\\\/77d6b186c710ac38937c6ec204fdd387\"},\"breadcrumb\":{\"@id\":\"https:\\\/\\\/www.p31noticias.com.br\\\/?p=21912#breadcrumb\"},\"inLanguage\":\"pt-BR\",\"potentialAction\":[{\"@type\":\"ReadAction\",\"target\":[\"https:\\\/\\\/www.p31noticias.com.br\\\/?p=21912\"]}]},{\"@type\":\"ImageObject\",\"inLanguage\":\"pt-BR\",\"@id\":\"https:\\\/\\\/www.p31noticias.com.br\\\/?p=21912#primaryimage\",\"url\":\"https:\\\/\\\/www.p31noticias.com.br\\\/wp-content\\\/uploads\\\/2020\\\/05\\\/ciclovia.jpeg\",\"contentUrl\":\"https:\\\/\\\/www.p31noticias.com.br\\\/wp-content\\\/uploads\\\/2020\\\/05\\\/ciclovia.jpeg\",\"width\":800,\"height\":512},{\"@type\":\"BreadcrumbList\",\"@id\":\"https:\\\/\\\/www.p31noticias.com.br\\\/?p=21912#breadcrumb\",\"itemListElement\":[{\"@type\":\"ListItem\",\"position\":1,\"name\":\"In\u00edcio\",\"item\":\"https:\\\/\\\/www.p31noticias.com.br\\\/\"},{\"@type\":\"ListItem\",\"position\":2,\"name\":\"Quase 8 quil\u00f4metros de ciclofaixas s\u00e3o revitalizados em \u00c1guas Claras\"}]},{\"@type\":\"WebSite\",\"@id\":\"https:\\\/\\\/www.p31noticias.com.br\\\/#website\",\"url\":\"https:\\\/\\\/www.p31noticias.com.br\\\/\",\"name\":\"P31\",\"description\":\"NOT\u00cdCIAS\",\"potentialAction\":[{\"@type\":\"SearchAction\",\"target\":{\"@type\":\"EntryPoint\",\"urlTemplate\":\"https:\\\/\\\/www.p31noticias.com.br\\\/?s={search_term_string}\"},\"query-input\":{\"@type\":\"PropertyValueSpecification\",\"valueRequired\":true,\"valueName\":\"search_term_string\"}}],\"inLanguage\":\"pt-BR\"},{\"@type\":\"Person\",\"@id\":\"https:\\\/\\\/www.p31noticias.com.br\\\/#\\\/schema\\\/person\\\/77d6b186c710ac38937c6ec204fdd387\",\"name\":\"Reda\u00e7\u00e3o JBN\",\"image\":{\"@type\":\"ImageObject\",\"inLanguage\":\"pt-BR\",\"@id\":\"https:\\\/\\\/secure.gravatar.com\\\/avatar\\\/10fcdb93211f98cce3d64c0795b0915a9a4a21dc0f279238995a3dbfafcad090?s=96&d=mm&r=g\",\"url\":\"https:\\\/\\\/secure.gravatar.com\\\/avatar\\\/10fcdb93211f98cce3d64c0795b0915a9a4a21dc0f279238995a3dbfafcad090?s=96&d=mm&r=g\",\"contentUrl\":\"https:\\\/\\\/secure.gravatar.com\\\/avatar\\\/10fcdb93211f98cce3d64c0795b0915a9a4a21dc0f279238995a3dbfafcad090?s=96&d=mm&r=g\",\"caption\":\"Reda\u00e7\u00e3o JBN\"},\"sameAs\":[\"https:\\\/\\\/p31noticias.com.br\"],\"url\":\"https:\\\/\\\/www.p31noticias.com.br\\\/?author=18\"}]}<\/script>\n<!-- \/ Yoast SEO Premium plugin. -->","yoast_head_json":{"title":"Quase 8 quil\u00f4metros de ciclofaixas s\u00e3o revitalizados em \u00c1guas Claras - P31","robots":{"index":"index","follow":"follow","max-snippet":"max-snippet:-1","max-image-preview":"max-image-preview:large","max-video-preview":"max-video-preview:-1"},"canonical":"https:\/\/www.p31noticias.com.br\/?p=21912","og_locale":"pt_BR","og_type":"article","og_title":"Quase 8 quil\u00f4metros de ciclofaixas s\u00e3o revitalizados em \u00c1guas Claras","og_description":"Vias para a circula\u00e7\u00e3o de bicicletas est\u00e3o com cara de novas, ap\u00f3s investimento em repintura Quando as recomenda\u00e7\u00f5es de isolamento social acabarem, os ciclistas de \u00c1guas Claras v\u00e3o se deparar com ciclofaixas com caras de novas. O Departamento de Tr\u00e2nsito do Distrito Federal (Detran-DF) revitalizou a pintura nos 7,8 quil\u00f4metros de via para a circula\u00e7\u00e3o [&hellip;]","og_url":"https:\/\/www.p31noticias.com.br\/?p=21912","og_site_name":"P31","article_published_time":"2020-05-08T12:09:03+00:00","og_image":[{"width":800,"height":512,"url":"https:\/\/www.p31noticias.com.br\/wp-content\/uploads\/2020\/05\/ciclovia.jpeg","type":"image\/jpeg"}],"author":"Reda\u00e7\u00e3o JBN","twitter_card":"summary_large_image","twitter_misc":{"Escrito por":"Reda\u00e7\u00e3o JBN","Est. tempo de leitura":"2 minutos"},"schema":{"@context":"https:\/\/schema.org","@graph":[{"@type":"Article","@id":"https:\/\/www.p31noticias.com.br\/?p=21912#article","isPartOf":{"@id":"https:\/\/www.p31noticias.com.br\/?p=21912"},"author":{"name":"Reda\u00e7\u00e3o JBN","@id":"https:\/\/www.p31noticias.com.br\/#\/schema\/person\/77d6b186c710ac38937c6ec204fdd387"},"headline":"Quase 8 quil\u00f4metros de ciclofaixas s\u00e3o revitalizados em \u00c1guas Claras","datePublished":"2020-05-08T12:09:03+00:00","mainEntityOfPage":{"@id":"https:\/\/www.p31noticias.com.br\/?p=21912"},"wordCount":461,"commentCount":0,"image":{"@id":"https:\/\/www.p31noticias.com.br\/?p=21912#primaryimage"},"thumbnailUrl":"https:\/\/www.p31noticias.com.br\/wp-content\/uploads\/2020\/05\/ciclovia.jpeg","articleSection":["Outros"],"inLanguage":"pt-BR","potentialAction":[{"@type":"CommentAction","name":"Comment","target":["https:\/\/www.p31noticias.com.br\/?p=21912#respond"]}],"copyrightYear":"2020","copyrightHolder":{"@id":"https:\/\/www.p31noticias.com.br\/#organization"}},{"@type":"WebPage","@id":"https:\/\/www.p31noticias.com.br\/?p=21912","url":"https:\/\/www.p31noticias.com.br\/?p=21912","name":"Quase 8 quil\u00f4metros de ciclofaixas s\u00e3o revitalizados em \u00c1guas Claras - P31","isPartOf":{"@id":"https:\/\/www.p31noticias.com.br\/#website"},"primaryImageOfPage":{"@id":"https:\/\/www.p31noticias.com.br\/?p=21912#primaryimage"},"image":{"@id":"https:\/\/www.p31noticias.com.br\/?p=21912#primaryimage"},"thumbnailUrl":"https:\/\/www.p31noticias.com.br\/wp-content\/uploads\/2020\/05\/ciclovia.jpeg","datePublished":"2020-05-08T12:09:03+00:00","author":{"@id":"https:\/\/www.p31noticias.com.br\/#\/schema\/person\/77d6b186c710ac38937c6ec204fdd387"},"breadcrumb":{"@id":"https:\/\/www.p31noticias.com.br\/?p=21912#breadcrumb"},"inLanguage":"pt-BR","potentialAction":[{"@type":"ReadAction","target":["https:\/\/www.p31noticias.com.br\/?p=21912"]}]},{"@type":"ImageObject","inLanguage":"pt-BR","@id":"https:\/\/www.p31noticias.com.br\/?p=21912#primaryimage","url":"https:\/\/www.p31noticias.com.br\/wp-content\/uploads\/2020\/05\/ciclovia.jpeg","contentUrl":"https:\/\/www.p31noticias.com.br\/wp-content\/uploads\/2020\/05\/ciclovia.jpeg","width":800,"height":512},{"@type":"BreadcrumbList","@id":"https:\/\/www.p31noticias.com.br\/?p=21912#breadcrumb","itemListElement":[{"@type":"ListItem","position":1,"name":"In\u00edcio","item":"https:\/\/www.p31noticias.com.br\/"},{"@type":"ListItem","position":2,"name":"Quase 8 quil\u00f4metros de ciclofaixas s\u00e3o revitalizados em \u00c1guas Claras"}]},{"@type":"WebSite","@id":"https:\/\/www.p31noticias.com.br\/#website","url":"https:\/\/www.p31noticias.com.br\/","name":"P31","description":"NOT\u00cdCIAS","potentialAction":[{"@type":"SearchAction","target":{"@type":"EntryPoint","urlTemplate":"https:\/\/www.p31noticias.com.br\/?s={search_term_string}"},"query-input":{"@type":"PropertyValueSpecification","valueRequired":true,"valueName":"search_term_string"}}],"inLanguage":"pt-BR"},{"@type":"Person","@id":"https:\/\/www.p31noticias.com.br\/#\/schema\/person\/77d6b186c710ac38937c6ec204fdd387","name":"Reda\u00e7\u00e3o JBN","image":{"@type":"ImageObject","inLanguage":"pt-BR","@id":"https:\/\/secure.gravatar.com\/avatar\/10fcdb93211f98cce3d64c0795b0915a9a4a21dc0f279238995a3dbfafcad090?s=96&d=mm&r=g","url":"https:\/\/secure.gravatar.com\/avatar\/10fcdb93211f98cce3d64c0795b0915a9a4a21dc0f279238995a3dbfafcad090?s=96&d=mm&r=g","contentUrl":"https:\/\/secure.gravatar.com\/avatar\/10fcdb93211f98cce3d64c0795b0915a9a4a21dc0f279238995a3dbfafcad090?s=96&d=mm&r=g","caption":"Reda\u00e7\u00e3o JBN"},"sameAs":["https:\/\/p31noticias.com.br"],"url":"https:\/\/www.p31noticias.com.br\/?author=18"}]}},"amp_enabled":true,"_links":{"self":[{"href":"https:\/\/www.p31noticias.com.br\/index.php?rest_route=\/wp\/v2\/posts\/21912","targetHints":{"allow":["GET"]}}],"collection":[{"href":"https:\/\/www.p31noticias.com.br\/index.php?rest_route=\/wp\/v2\/posts"}],"about":[{"href":"https:\/\/www.p31noticias.com.br\/index.php?rest_route=\/wp\/v2\/types\/post"}],"author":[{"embeddable":true,"href":"https:\/\/www.p31noticias.com.br\/index.php?rest_route=\/wp\/v2\/users\/18"}],"replies":[{"embeddable":true,"href":"https:\/\/www.p31noticias.com.br\/index.php?rest_route=%2Fwp%2Fv2%2Fcomments&post=21912"}],"version-history":[{"count":0,"href":"https:\/\/www.p31noticias.com.br\/index.php?rest_route=\/wp\/v2\/posts\/21912\/revisions"}],"wp:featuredmedia":[{"embeddable":true,"href":"https:\/\/www.p31noticias.com.br\/index.php?rest_route=\/wp\/v2\/media\/21913"}],"wp:attachment":[{"href":"https:\/\/www.p31noticias.com.br\/index.php?rest_route=%2Fwp%2Fv2%2Fmedia&parent=21912"}],"wp:term":[{"taxonomy":"category","embeddable":true,"href":"https:\/\/www.p31noticias.com.br\/index.php?rest_route=%2Fwp%2Fv2%2Fcategories&post=21912"},{"taxonomy":"post_tag","embeddable":true,"href":"https:\/\/www.p31noticias.com.br\/index.php?rest_route=%2Fwp%2Fv2%2Ftags&post=21912"}],"curies":[{"name":"wp","href":"https:\/\/api.w.org\/{rel}","templated":true}]}}