{"id":21909,"date":"2020-05-07T09:51:06","date_gmt":"2020-05-07T12:51:06","guid":{"rendered":"https:\/\/jornaldoplanalto.com.br\/web\/?p=21909"},"modified":"2020-05-07T09:51:06","modified_gmt":"2020-05-07T12:51:06","slug":"perda-total-ou-em-parte-da-renda-mensal-ja-atingiu-40-dos-brasileiros","status":"publish","type":"post","link":"https:\/\/www.p31noticias.com.br\/?p=21909","title":{"rendered":"Perda total ou em parte da renda mensal j\u00e1 atingiu 40% dos brasileiros"},"content":{"rendered":"<p><em><strong>Queda do poder de compra afeta quatro em cada dez pessoas, diz CNI<\/strong><\/em><\/p>\n<p>Pesquisa da Confedera\u00e7\u00e3o Nacional da Ind\u00fastria (CNI) mostra que a perda do poder de compra j\u00e1 atingiu quatro em cada dez brasileiros desde o in\u00edcio da pandemia. Do total de entrevistados, 23% perderam totalmente a renda e 17% tiveram redu\u00e7\u00e3o no ganho mensal, atingindo o percentual de 40%.<\/p>\n<p>Quase metade dos trabalhadores (48%) tem medo grande de perder o emprego. Somado ao percentual daqueles que t\u00eam medo m\u00e9dio (19%) ou pequeno (10%), o \u00edndice chega a 77% de pessoas que est\u00e3o no mercado de trabalho e t\u00eam medo de perder o emprego. De modo geral, nove em cada dez entrevistados consideram grandes os impactos da pandemia de coronav\u00edrus na economia brasileira.<\/p>\n<p>A pesquisa mostra tamb\u00e9m que o impacto na renda e o medo do desemprego levaram 77% dos consumidores a reduzir, durante o per\u00edodo de isolamento social, o consumo de pelo menos um de 15 produtos testados. Ou seja, de cada quatro brasileiros, tr\u00eas reduziram seus gastos. Apenas 23% dos entrevistados n\u00e3o reduziram em nada suas compras, na compara\u00e7\u00e3o com o h\u00e1bito anterior ao per\u00edodo da pandemia.<\/p>\n<p>Questionada sobre como pretende se comportar no futuro, a maioria dos brasileiros planeja manter no per\u00edodo p\u00f3s-pandemia o n\u00edvel de consumo adotado durante o isolamento, sendo que os percentuais variam de 50% a 72% dos entrevistados, dependendo do produto. Essa tend\u00eancia, segundo a CNI, pode indicar que as pessoas n\u00e3o est\u00e3o dispostas a retomar o mesmo patamar de compras que tinham antes.<\/p>\n<p>Apenas 1% dos entrevistados respondeu que vai aumentar o consumo de todos os 15 itens testados pela pesquisa ap\u00f3s o fim do isolamento social. Para 46%, a pretens\u00e3o \u00e9 aumentar o consumo de at\u00e9 cinco produtos; 8% v\u00e3o aumentar o consumo de seis a dez produtos; e 2% de 11 a 14 produtos. Para 44% dos entrevistados, n\u00e3o haver\u00e1 aumento no consumo de nenhum dos itens.<\/p>\n<p><strong>Isolamento social<\/strong><br \/>\nOs dados revelam que a popula\u00e7\u00e3o brasileira continua favor\u00e1vel ao isolamento social (86%), apesar das poss\u00edveis perdas econ\u00f4micas, e quase todo mundo (93%) mudou sua rotina durante o per\u00edodo de isolamento, em diferentes graus.<\/p>\n<p>No cen\u00e1rio p\u00f3s-pandemia, tr\u00eas em cada dez brasileiros falam em voltar a uma rotina igual \u00e0 que tinham antes. Em rela\u00e7\u00e3o ao retorno para o trabalho depois de terminado o isolamento social, 43% dos trabalhadores formais e informais afirmaram que se sentem seguros, enquanto 39% se dizem mais ou menos seguros e 18%, inseguros.<\/p>\n<p>\u201cAs aten\u00e7\u00f5es dos governos, das empresas e da sociedade devem estar voltadas, prioritariamente, para preservar vidas. Entretanto, \u00e9 crucial que nos preocupemos tamb\u00e9m com a sobreviv\u00eancia das empresas e com a manuten\u00e7\u00e3o dos empregos. \u00c9 preciso estabelecer uma estrat\u00e9gia consistente para que, no momento oportuno, seja poss\u00edvel promover uma retomada segura e gradativa das atividades empresariais\u201d, disse o presidente da CNI, Robson Braga de Andrade.<\/p>\n<p>A maior parte dos entrevistados (96%) considera importante que as empresas adotem medidas de seguran\u00e7a, como a distribui\u00e7\u00e3o de m\u00e1scaras e a ado\u00e7\u00e3o de uma dist\u00e2ncia m\u00ednima entre os colaboradores. Para 82% dos trabalhadores, essas medidas ser\u00e3o eficientes para proteger os empregados.<\/p>\n<p><strong>D\u00edvidas<\/strong><br \/>\nUm dado apontado pela pesquisa e considerado preocupante pela CNI \u00e9 o endividamento, que atinge mais da metade da popula\u00e7\u00e3o (53%). O percentual \u00e9 a soma dos 38% que j\u00e1 estavam endividados antes da pandemia e os 15% que contra\u00edram d\u00edvidas nos \u00faltimos 40 dias, per\u00edodo que coincide com o come\u00e7o do isolamento social.<\/p>\n<p>Entre aqueles que t\u00eam d\u00edvida, 40% afirmam que j\u00e1 est\u00e3o com algum pagamento em atraso em alguma dessas d\u00edvidas. A maioria dos endividados em atraso (57%) passou a atrasar suas parcelas nos \u00faltimos 40 dias, ou seja, per\u00edodo que coincide com o isolamento social.<\/p>\n<p>O levantamento, realizado pelo Instituto FSB Pesquisa, contou com 2.005 entrevistados, a partir de 16 anos, de todas as unidades da Federa\u00e7\u00e3o, entre os dias 2 e 4 de maio e tem margem de erro de dois pontos percentuais.<\/p>\n<p><em>(Por Camila Boehm \u2013 Rep\u00f3rter da Ag\u00eancia Brasil &#8211; S\u00e3o Paulo. Foto: Wilson Dias\/ABR)<\/em><\/p>\n","protected":false},"excerpt":{"rendered":"<p>Queda do poder de compra afeta quatro em cada dez pessoas, diz CNI Pesquisa da Confedera\u00e7\u00e3o Nacional da Ind\u00fastria (CNI) mostra que a perda do poder de compra j\u00e1 atingiu quatro em cada dez brasileiros desde o in\u00edcio da pandemia. Do total de entrevistados, 23% perderam totalmente a renda e 17% tiveram redu\u00e7\u00e3o no ganho [&hellip;]<\/p>\n","protected":false},"author":18,"featured_media":21910,"comment_status":"open","ping_status":"open","sticky":false,"template":"","format":"standard","meta":{"footnotes":""},"categories":[68],"tags":[],"class_list":{"0":"post-21909","1":"post","2":"type-post","3":"status-publish","4":"format-standard","5":"has-post-thumbnail","7":"category-brasil"},"yoast_head":"<!-- This site is optimized with the Yoast SEO Premium plugin v24.5 (Yoast SEO v27.5) - https:\/\/yoast.com\/product\/yoast-seo-premium-wordpress\/ -->\n<title>Perda total ou em parte da renda mensal j\u00e1 atingiu 40% dos brasileiros - P31<\/title>\n<meta name=\"robots\" content=\"index, follow, max-snippet:-1, max-image-preview:large, max-video-preview:-1\" \/>\n<link rel=\"canonical\" href=\"https:\/\/www.p31noticias.com.br\/?p=21909\" \/>\n<meta property=\"og:locale\" content=\"pt_BR\" \/>\n<meta property=\"og:type\" content=\"article\" \/>\n<meta property=\"og:title\" content=\"Perda total ou em parte da renda mensal j\u00e1 atingiu 40% dos brasileiros\" \/>\n<meta property=\"og:description\" content=\"Queda do poder de compra afeta quatro em cada dez pessoas, diz CNI Pesquisa da Confedera\u00e7\u00e3o Nacional da Ind\u00fastria (CNI) mostra que a perda do poder de compra j\u00e1 atingiu quatro em cada dez brasileiros desde o in\u00edcio da pandemia. Do total de entrevistados, 23% perderam totalmente a renda e 17% tiveram redu\u00e7\u00e3o no ganho [&hellip;]\" \/>\n<meta property=\"og:url\" content=\"https:\/\/www.p31noticias.com.br\/?p=21909\" \/>\n<meta property=\"og:site_name\" content=\"P31\" \/>\n<meta property=\"article:published_time\" content=\"2020-05-07T12:51:06+00:00\" \/>\n<meta property=\"og:image\" content=\"https:\/\/www.p31noticias.com.br\/wp-content\/uploads\/2020\/05\/renda_brasileiros.jpg\" \/>\n\t<meta property=\"og:image:width\" content=\"800\" \/>\n\t<meta property=\"og:image:height\" content=\"443\" \/>\n\t<meta property=\"og:image:type\" content=\"image\/jpeg\" \/>\n<meta name=\"author\" content=\"Reda\u00e7\u00e3o JBN\" \/>\n<meta name=\"twitter:card\" content=\"summary_large_image\" \/>\n<meta name=\"twitter:label1\" content=\"Escrito por\" \/>\n\t<meta name=\"twitter:data1\" content=\"Reda\u00e7\u00e3o JBN\" \/>\n\t<meta name=\"twitter:label2\" content=\"Est. tempo de leitura\" \/>\n\t<meta name=\"twitter:data2\" content=\"3 minutos\" \/>\n<script type=\"application\/ld+json\" class=\"yoast-schema-graph\">{\"@context\":\"https:\\\/\\\/schema.org\",\"@graph\":[{\"@type\":\"Article\",\"@id\":\"https:\\\/\\\/www.p31noticias.com.br\\\/?p=21909#article\",\"isPartOf\":{\"@id\":\"https:\\\/\\\/www.p31noticias.com.br\\\/?p=21909\"},\"author\":{\"name\":\"Reda\u00e7\u00e3o JBN\",\"@id\":\"https:\\\/\\\/www.p31noticias.com.br\\\/#\\\/schema\\\/person\\\/77d6b186c710ac38937c6ec204fdd387\"},\"headline\":\"Perda total ou em parte da renda mensal j\u00e1 atingiu 40% dos brasileiros\",\"datePublished\":\"2020-05-07T12:51:06+00:00\",\"mainEntityOfPage\":{\"@id\":\"https:\\\/\\\/www.p31noticias.com.br\\\/?p=21909\"},\"wordCount\":698,\"commentCount\":0,\"image\":{\"@id\":\"https:\\\/\\\/www.p31noticias.com.br\\\/?p=21909#primaryimage\"},\"thumbnailUrl\":\"https:\\\/\\\/www.p31noticias.com.br\\\/wp-content\\\/uploads\\\/2020\\\/05\\\/renda_brasileiros.jpg\",\"articleSection\":[\"Brasil\"],\"inLanguage\":\"pt-BR\",\"potentialAction\":[{\"@type\":\"CommentAction\",\"name\":\"Comment\",\"target\":[\"https:\\\/\\\/www.p31noticias.com.br\\\/?p=21909#respond\"]}],\"copyrightYear\":\"2020\",\"copyrightHolder\":{\"@id\":\"https:\\\/\\\/www.p31noticias.com.br\\\/#organization\"}},{\"@type\":\"WebPage\",\"@id\":\"https:\\\/\\\/www.p31noticias.com.br\\\/?p=21909\",\"url\":\"https:\\\/\\\/www.p31noticias.com.br\\\/?p=21909\",\"name\":\"Perda total ou em parte da renda mensal j\u00e1 atingiu 40% dos brasileiros - P31\",\"isPartOf\":{\"@id\":\"https:\\\/\\\/www.p31noticias.com.br\\\/#website\"},\"primaryImageOfPage\":{\"@id\":\"https:\\\/\\\/www.p31noticias.com.br\\\/?p=21909#primaryimage\"},\"image\":{\"@id\":\"https:\\\/\\\/www.p31noticias.com.br\\\/?p=21909#primaryimage\"},\"thumbnailUrl\":\"https:\\\/\\\/www.p31noticias.com.br\\\/wp-content\\\/uploads\\\/2020\\\/05\\\/renda_brasileiros.jpg\",\"datePublished\":\"2020-05-07T12:51:06+00:00\",\"author\":{\"@id\":\"https:\\\/\\\/www.p31noticias.com.br\\\/#\\\/schema\\\/person\\\/77d6b186c710ac38937c6ec204fdd387\"},\"breadcrumb\":{\"@id\":\"https:\\\/\\\/www.p31noticias.com.br\\\/?p=21909#breadcrumb\"},\"inLanguage\":\"pt-BR\",\"potentialAction\":[{\"@type\":\"ReadAction\",\"target\":[\"https:\\\/\\\/www.p31noticias.com.br\\\/?p=21909\"]}]},{\"@type\":\"ImageObject\",\"inLanguage\":\"pt-BR\",\"@id\":\"https:\\\/\\\/www.p31noticias.com.br\\\/?p=21909#primaryimage\",\"url\":\"https:\\\/\\\/www.p31noticias.com.br\\\/wp-content\\\/uploads\\\/2020\\\/05\\\/renda_brasileiros.jpg\",\"contentUrl\":\"https:\\\/\\\/www.p31noticias.com.br\\\/wp-content\\\/uploads\\\/2020\\\/05\\\/renda_brasileiros.jpg\",\"width\":800,\"height\":443},{\"@type\":\"BreadcrumbList\",\"@id\":\"https:\\\/\\\/www.p31noticias.com.br\\\/?p=21909#breadcrumb\",\"itemListElement\":[{\"@type\":\"ListItem\",\"position\":1,\"name\":\"In\u00edcio\",\"item\":\"https:\\\/\\\/www.p31noticias.com.br\\\/\"},{\"@type\":\"ListItem\",\"position\":2,\"name\":\"Perda total ou em parte da renda mensal j\u00e1 atingiu 40% dos brasileiros\"}]},{\"@type\":\"WebSite\",\"@id\":\"https:\\\/\\\/www.p31noticias.com.br\\\/#website\",\"url\":\"https:\\\/\\\/www.p31noticias.com.br\\\/\",\"name\":\"P31\",\"description\":\"NOT\u00cdCIAS\",\"potentialAction\":[{\"@type\":\"SearchAction\",\"target\":{\"@type\":\"EntryPoint\",\"urlTemplate\":\"https:\\\/\\\/www.p31noticias.com.br\\\/?s={search_term_string}\"},\"query-input\":{\"@type\":\"PropertyValueSpecification\",\"valueRequired\":true,\"valueName\":\"search_term_string\"}}],\"inLanguage\":\"pt-BR\"},{\"@type\":\"Person\",\"@id\":\"https:\\\/\\\/www.p31noticias.com.br\\\/#\\\/schema\\\/person\\\/77d6b186c710ac38937c6ec204fdd387\",\"name\":\"Reda\u00e7\u00e3o JBN\",\"image\":{\"@type\":\"ImageObject\",\"inLanguage\":\"pt-BR\",\"@id\":\"https:\\\/\\\/secure.gravatar.com\\\/avatar\\\/10fcdb93211f98cce3d64c0795b0915a9a4a21dc0f279238995a3dbfafcad090?s=96&d=mm&r=g\",\"url\":\"https:\\\/\\\/secure.gravatar.com\\\/avatar\\\/10fcdb93211f98cce3d64c0795b0915a9a4a21dc0f279238995a3dbfafcad090?s=96&d=mm&r=g\",\"contentUrl\":\"https:\\\/\\\/secure.gravatar.com\\\/avatar\\\/10fcdb93211f98cce3d64c0795b0915a9a4a21dc0f279238995a3dbfafcad090?s=96&d=mm&r=g\",\"caption\":\"Reda\u00e7\u00e3o JBN\"},\"sameAs\":[\"https:\\\/\\\/p31noticias.com.br\"],\"url\":\"https:\\\/\\\/www.p31noticias.com.br\\\/?author=18\"}]}<\/script>\n<!-- \/ Yoast SEO Premium plugin. -->","yoast_head_json":{"title":"Perda total ou em parte da renda mensal j\u00e1 atingiu 40% dos brasileiros - P31","robots":{"index":"index","follow":"follow","max-snippet":"max-snippet:-1","max-image-preview":"max-image-preview:large","max-video-preview":"max-video-preview:-1"},"canonical":"https:\/\/www.p31noticias.com.br\/?p=21909","og_locale":"pt_BR","og_type":"article","og_title":"Perda total ou em parte da renda mensal j\u00e1 atingiu 40% dos brasileiros","og_description":"Queda do poder de compra afeta quatro em cada dez pessoas, diz CNI Pesquisa da Confedera\u00e7\u00e3o Nacional da Ind\u00fastria (CNI) mostra que a perda do poder de compra j\u00e1 atingiu quatro em cada dez brasileiros desde o in\u00edcio da pandemia. Do total de entrevistados, 23% perderam totalmente a renda e 17% tiveram redu\u00e7\u00e3o no ganho [&hellip;]","og_url":"https:\/\/www.p31noticias.com.br\/?p=21909","og_site_name":"P31","article_published_time":"2020-05-07T12:51:06+00:00","og_image":[{"width":800,"height":443,"url":"https:\/\/www.p31noticias.com.br\/wp-content\/uploads\/2020\/05\/renda_brasileiros.jpg","type":"image\/jpeg"}],"author":"Reda\u00e7\u00e3o JBN","twitter_card":"summary_large_image","twitter_misc":{"Escrito por":"Reda\u00e7\u00e3o JBN","Est. tempo de leitura":"3 minutos"},"schema":{"@context":"https:\/\/schema.org","@graph":[{"@type":"Article","@id":"https:\/\/www.p31noticias.com.br\/?p=21909#article","isPartOf":{"@id":"https:\/\/www.p31noticias.com.br\/?p=21909"},"author":{"name":"Reda\u00e7\u00e3o JBN","@id":"https:\/\/www.p31noticias.com.br\/#\/schema\/person\/77d6b186c710ac38937c6ec204fdd387"},"headline":"Perda total ou em parte da renda mensal j\u00e1 atingiu 40% dos brasileiros","datePublished":"2020-05-07T12:51:06+00:00","mainEntityOfPage":{"@id":"https:\/\/www.p31noticias.com.br\/?p=21909"},"wordCount":698,"commentCount":0,"image":{"@id":"https:\/\/www.p31noticias.com.br\/?p=21909#primaryimage"},"thumbnailUrl":"https:\/\/www.p31noticias.com.br\/wp-content\/uploads\/2020\/05\/renda_brasileiros.jpg","articleSection":["Brasil"],"inLanguage":"pt-BR","potentialAction":[{"@type":"CommentAction","name":"Comment","target":["https:\/\/www.p31noticias.com.br\/?p=21909#respond"]}],"copyrightYear":"2020","copyrightHolder":{"@id":"https:\/\/www.p31noticias.com.br\/#organization"}},{"@type":"WebPage","@id":"https:\/\/www.p31noticias.com.br\/?p=21909","url":"https:\/\/www.p31noticias.com.br\/?p=21909","name":"Perda total ou em parte da renda mensal j\u00e1 atingiu 40% dos brasileiros - P31","isPartOf":{"@id":"https:\/\/www.p31noticias.com.br\/#website"},"primaryImageOfPage":{"@id":"https:\/\/www.p31noticias.com.br\/?p=21909#primaryimage"},"image":{"@id":"https:\/\/www.p31noticias.com.br\/?p=21909#primaryimage"},"thumbnailUrl":"https:\/\/www.p31noticias.com.br\/wp-content\/uploads\/2020\/05\/renda_brasileiros.jpg","datePublished":"2020-05-07T12:51:06+00:00","author":{"@id":"https:\/\/www.p31noticias.com.br\/#\/schema\/person\/77d6b186c710ac38937c6ec204fdd387"},"breadcrumb":{"@id":"https:\/\/www.p31noticias.com.br\/?p=21909#breadcrumb"},"inLanguage":"pt-BR","potentialAction":[{"@type":"ReadAction","target":["https:\/\/www.p31noticias.com.br\/?p=21909"]}]},{"@type":"ImageObject","inLanguage":"pt-BR","@id":"https:\/\/www.p31noticias.com.br\/?p=21909#primaryimage","url":"https:\/\/www.p31noticias.com.br\/wp-content\/uploads\/2020\/05\/renda_brasileiros.jpg","contentUrl":"https:\/\/www.p31noticias.com.br\/wp-content\/uploads\/2020\/05\/renda_brasileiros.jpg","width":800,"height":443},{"@type":"BreadcrumbList","@id":"https:\/\/www.p31noticias.com.br\/?p=21909#breadcrumb","itemListElement":[{"@type":"ListItem","position":1,"name":"In\u00edcio","item":"https:\/\/www.p31noticias.com.br\/"},{"@type":"ListItem","position":2,"name":"Perda total ou em parte da renda mensal j\u00e1 atingiu 40% dos brasileiros"}]},{"@type":"WebSite","@id":"https:\/\/www.p31noticias.com.br\/#website","url":"https:\/\/www.p31noticias.com.br\/","name":"P31","description":"NOT\u00cdCIAS","potentialAction":[{"@type":"SearchAction","target":{"@type":"EntryPoint","urlTemplate":"https:\/\/www.p31noticias.com.br\/?s={search_term_string}"},"query-input":{"@type":"PropertyValueSpecification","valueRequired":true,"valueName":"search_term_string"}}],"inLanguage":"pt-BR"},{"@type":"Person","@id":"https:\/\/www.p31noticias.com.br\/#\/schema\/person\/77d6b186c710ac38937c6ec204fdd387","name":"Reda\u00e7\u00e3o JBN","image":{"@type":"ImageObject","inLanguage":"pt-BR","@id":"https:\/\/secure.gravatar.com\/avatar\/10fcdb93211f98cce3d64c0795b0915a9a4a21dc0f279238995a3dbfafcad090?s=96&d=mm&r=g","url":"https:\/\/secure.gravatar.com\/avatar\/10fcdb93211f98cce3d64c0795b0915a9a4a21dc0f279238995a3dbfafcad090?s=96&d=mm&r=g","contentUrl":"https:\/\/secure.gravatar.com\/avatar\/10fcdb93211f98cce3d64c0795b0915a9a4a21dc0f279238995a3dbfafcad090?s=96&d=mm&r=g","caption":"Reda\u00e7\u00e3o JBN"},"sameAs":["https:\/\/p31noticias.com.br"],"url":"https:\/\/www.p31noticias.com.br\/?author=18"}]}},"amp_enabled":true,"_links":{"self":[{"href":"https:\/\/www.p31noticias.com.br\/index.php?rest_route=\/wp\/v2\/posts\/21909","targetHints":{"allow":["GET"]}}],"collection":[{"href":"https:\/\/www.p31noticias.com.br\/index.php?rest_route=\/wp\/v2\/posts"}],"about":[{"href":"https:\/\/www.p31noticias.com.br\/index.php?rest_route=\/wp\/v2\/types\/post"}],"author":[{"embeddable":true,"href":"https:\/\/www.p31noticias.com.br\/index.php?rest_route=\/wp\/v2\/users\/18"}],"replies":[{"embeddable":true,"href":"https:\/\/www.p31noticias.com.br\/index.php?rest_route=%2Fwp%2Fv2%2Fcomments&post=21909"}],"version-history":[{"count":0,"href":"https:\/\/www.p31noticias.com.br\/index.php?rest_route=\/wp\/v2\/posts\/21909\/revisions"}],"wp:featuredmedia":[{"embeddable":true,"href":"https:\/\/www.p31noticias.com.br\/index.php?rest_route=\/wp\/v2\/media\/21910"}],"wp:attachment":[{"href":"https:\/\/www.p31noticias.com.br\/index.php?rest_route=%2Fwp%2Fv2%2Fmedia&parent=21909"}],"wp:term":[{"taxonomy":"category","embeddable":true,"href":"https:\/\/www.p31noticias.com.br\/index.php?rest_route=%2Fwp%2Fv2%2Fcategories&post=21909"},{"taxonomy":"post_tag","embeddable":true,"href":"https:\/\/www.p31noticias.com.br\/index.php?rest_route=%2Fwp%2Fv2%2Ftags&post=21909"}],"curies":[{"name":"wp","href":"https:\/\/api.w.org\/{rel}","templated":true}]}}