{"id":21894,"date":"2020-05-06T09:31:46","date_gmt":"2020-05-06T12:31:46","guid":{"rendered":"https:\/\/jornaldoplanalto.com.br\/web\/?p=21894"},"modified":"2020-05-06T09:31:46","modified_gmt":"2020-05-06T12:31:46","slug":"impulsionado-pelo-consumo-cresce-producao-de-organicos-na-capital","status":"publish","type":"post","link":"https:\/\/www.p31noticias.com.br\/?p=21894","title":{"rendered":"Impulsionado pelo consumo, cresce produ\u00e7\u00e3o de org\u00e2nicos na capital"},"content":{"rendered":"<p>Diante do crescimento no n\u00famero de pessoas em busca de alimenta\u00e7\u00e3o saud\u00e1vel, a produ\u00e7\u00e3o de alimentos org\u00e2nicos no Distrito Federal vem conquistando cada vez mais consumidores e, consequentemente, aumentando a \u00e1rea de produ\u00e7\u00e3o. S\u00f3 em 2019, o espa\u00e7o destinado a este cultivo chegou a 466 hectares, conforme dados do relat\u00f3rio do Valor Bruto da Emater-DF. Em 2018, a \u00e1rea destinada ao cultivo foi de 314 hectares.<\/p>\n<p>Dessa \u00e1rea, o alface foi a cultura que ocupou maior espa\u00e7o, com 60 hectares. Mandioca veio logo atr\u00e1s com \u00e1rea de produ\u00e7\u00e3o de 35 hectares, banana, 34 hectares e br\u00f3colis ocupando 27 hectares. Batata-doce e cenoura fecharam a produ\u00e7\u00e3o com um espa\u00e7o de 20 e 23 hectares, respectivamente.<\/p>\n<p>Coordenadora de Agroecologia da Emater-DF, Isabella Belo disse que esse resultado representa um importante crescimento na \u00e1rea de cultivo. \u201cExiste um crescimento de produ\u00e7\u00e3o em decorr\u00eancia da conscientiza\u00e7\u00e3o dos produtores. Os produtores t\u00eam buscado ter uma produ\u00e7\u00e3o agr\u00edcola mais sustent\u00e1vel, pensando na sa\u00fade deles, da fam\u00edlia, do consumidor e do meio ambiente\u201d, explica.<\/p>\n<p>Um dos princ\u00edpios na produ\u00e7\u00e3o org\u00e2nica e agroecol\u00f3gica \u00e9 o cultivo de diferentes produtos juntos. Isabella explicou que a integra\u00e7\u00e3o entre produ\u00e7\u00e3o animal e vegetal, de forma que se aproveite o esterco dos animais para adubar a terra, tamb\u00e9m \u00e9 uma das recomenda\u00e7\u00f5es.<\/p>\n<p>Segundo a coordenadora de agroecologia da Emater-DF, um dos desafios iniciais \u00e9 o custo de produ\u00e7\u00e3o, j\u00e1 que exige um pouco mais do produtor at\u00e9 que haja a adapta\u00e7\u00e3o. \u201cApesar que, ao longo do tempo, quando o produtor consegue ter reequil\u00edbrio da \u00e1rea de produ\u00e7\u00e3o, diminuindo a incid\u00eancia de pragas, de doen\u00e7as, melhorando a qualidade do solo, o custo de produ\u00e7\u00e3o vai se tornar menor\u201d, disse.<\/p>\n<p>Ao todo, s\u00e3o 263 produtores com certifica\u00e7\u00e3o no Distrito Federal, fora os produtores que est\u00e3o em fase de convers\u00e3o e do convencional para o org\u00e2nico e os que est\u00e3o em transi\u00e7\u00e3o agroecol\u00f3gica. Nesse \u00faltimo caso, Isabella explica que n\u00e3o significa que eles querem se transformar\u00a0 em org\u00e2nico, mas s\u00e3o produtores que aplicam algumas pr\u00e1ticas agroecol\u00f3gicas dentro da propriedade.<\/p>\n<p><strong>Exemplos do crescimento<\/strong><br \/>\nCertificado em org\u00e2nicos desde 2018, Leonardo Cardinali, 32 anos, sentiu o crescimento na procura por org\u00e2nicos no \u00faltimo ano. Em sua propriedade, que fica no N\u00facleo Rural Quebrada dos Guimar\u00e3es, regi\u00e3o do Parano\u00e1, ele cultiva 30 variedades de folhagens. Entre elas, diversas cultivares de alface, couve, cheiro-verde, repolho e agri\u00e3o.<\/p>\n<p>Apesar da pandemia, que acabou afetando as vendas, ele afirma que continua havendo uma procura consider\u00e1vel. Suas vendas s\u00e3o em grande parte por meio delivery, outra parte comercializada no espa\u00e7o da agricultura familiar na Ceasa-DF.<\/p>\n<p>Al\u00e9m da motiva\u00e7\u00e3o pela forma de produ\u00e7\u00e3o, sem uso de agrot\u00f3xicos, fertilizantes e adubos com elementos qu\u00edmicos que possam danificar o solo, o meio ambiente e a sa\u00fade das pessoas, tem ainda a parte financeira. \u201cA comercializa\u00e7\u00e3o \u00e9 mais valorizada. Em Bras\u00edlia vem aumentando a conscientiza\u00e7\u00e3o das pessoas sobre esse tipo de alimento e consequentemente o consumo\u201d, conta.<\/p>\n<p>De acordo com a Pesquisa Consumidor Org\u00e2nico 2019, organizado pelo Conselho Brasileiro da Produ\u00e7\u00e3o Org\u00e2nica e Sustent\u00e1vel (Organis), 19% da popula\u00e7\u00e3o consomem esses produtos regularmente, com uma m\u00e9dia de tr\u00eas vezes por semana. Dois anos antes, o n\u00famero ficou na casa dos 15%.<\/p>\n<p>Segundo Cardinali, a divulga\u00e7\u00e3o de seus produtos \u00e9 realizada nas redes sociais e em um site que ele criou para mostrar um pouco da sua produ\u00e7\u00e3o. Com os pedidos em m\u00e3os, ele monta as cestas e vai para a rua entregar. Hoje, de acordo com ele, os pedidos chegam de regi\u00f5es como Asa Sul, Asa Norte, Lago Sul e Lago Norte, Sudoeste, Noroeste, \u00c1guas Claras e regi\u00f5es pr\u00f3ximas ao Plano Piloto. A expectativa \u00e9 aumentar a produ\u00e7\u00e3o, que atualmente ocupa meio hectare de sua propriedade, que tem 4 hectares.<\/p>\n<p>J\u00e1 no N\u00facleo Rural C\u00f3rrego do Urubu, tamb\u00e9m na regi\u00e3o do Parano\u00e1, conhecida como Aben\u00e7oada, dona Lindalva Neves, 63 anos, comemora os resultados de 2019 e tamb\u00e9m os que vem conquistando j\u00e1 neste ano.\u00a0 \u201cEstou produzindo mais e tendo menos preju\u00edzo do que eu tinha antes. Eu vendia minhas verduras muito barato. Lucro eu vim ter agora, porque antes eu n\u00e3o tinha\u201d, afirma.<\/p>\n<p>Esse resultado positivo ela tamb\u00e9m credita, al\u00e9m da mudan\u00e7a de h\u00e1bitos alimentares da sociedade, \u00e0 valoriza\u00e7\u00e3o de seus produtos por meio da certifica\u00e7\u00e3o de Org\u00e2nico e ao Selo de Boas Pr\u00e1ticas conquistados recentemente. \u201cEu acredito que as pessoas t\u00eam valorizado mais os produtos org\u00e2nicos. Antes as pessoas reclamavam do pre\u00e7o e eu pagava para produzir. Hoje eu j\u00e1 vejo o dinheiro\u201d, conta ela, que afirma abrir sua propriedade para as pessoas conhecerem sua produ\u00e7\u00e3o.<\/p>\n<p><strong>Assist\u00eancia t\u00e9cnica<\/strong><\/p>\n<p>Na propriedade, Lindalva conta ter aux\u00edlio da Emater-DF h\u00e1 tr\u00eas anos. De l\u00e1 para c\u00e1, segundo ela, tudo tem mudado, inclusive os custos com energia. Antes, ela gastava mais porque a propriedade n\u00e3o estava cadastrada como rural.<\/p>\n<p>\u201cSe eu tivesse pedido ajuda da Emater antes, eu j\u00e1 teria lucro h\u00e1 muito mais tempo. A Emater foi um presente de Deus. Eles me auxiliaram para eu reduzir minha energia, me orientam em toda quest\u00e3o t\u00e9cnica, me inclu\u00edram na CSA e est\u00e3o sempre dizendo como devo fazer para ter mais lucro e produzir mais\u201d, diz. Sobre os seu produtos ela diz: \u201cNa minha ch\u00e1cara n\u00e3o tem nada de qu\u00edmica e nada de veneno. Tudo aqui voc\u00ea pode comer sem medo\u201d.<\/p>\n<p>Na propriedade, ela tem oito estufas onde produz hortali\u00e7as como alface, cheiro-verde, r\u00facula, hortel\u00e3, manjeric\u00e3o, agri\u00e3o e tomate cereja. Apesar de ter tido problemas com as \u00faltimas chuvas, Lindalva diz que seu crescimento do \u00faltimo ano ficou em 50%. Sua comercializa\u00e7\u00e3o \u00e9 realizada em feiras e por drive-thru em sua ch\u00e1cara, onde as pessoas v\u00e3o buscar os pedidos.<\/p>\n<p><strong>De consumidor a coagricultor<\/strong><\/p>\n<p>Por meio da Emater-DF, ela conta que tamb\u00e9m passou a entregar nove cestas por semana pela CSA (Comunidades que Sustentam a Agricultura). Na CSA, o objetivo da a\u00e7\u00e3o \u00e9 o escoamento de alimentos agroecol\u00f3gicos de forma direta ao consumidor. Quem escolhe fazer parte de uma CSA deixa de ser um consumidor e se torna um coagricultor.<\/p>\n<p>Neste caso, o consumidor que faz parte de uma CSA passa a colaborar para o desenvolvimento sustent\u00e1vel da regi\u00e3o, valorizando a produ\u00e7\u00e3o local, conhecendo de perto de onde vem o seu pr\u00f3prio alimento e podendo tamb\u00e9m participar da produ\u00e7\u00e3o. Os coagricultores, que s\u00e3o consumidores que apostam na agricultura familiar produtora de org\u00e2nicos, recebem semanalmente, no Ponto de Conviv\u00eancia da CSA, os alimentos colhidos.<\/p>\n<p><strong>A Emater-DF<\/strong><br \/>\nEmpresa p\u00fablica que atua na promo\u00e7\u00e3o do desenvolvimento rural sustent\u00e1vel e da seguran\u00e7a alimentar, prestando assist\u00eancia t\u00e9cnica e extens\u00e3o rural a mais de 18 mil produtores do DF e Entorno. Por ano, realiza cerca de 150 mil atendimentos, por meio de a\u00e7\u00f5es como oficinas, cursos, visitas t\u00e9cnicas, dias de campo e reuni\u00f5es t\u00e9cnicas.<\/p>\n","protected":false},"excerpt":{"rendered":"<p>Diante do crescimento no n\u00famero de pessoas em busca de alimenta\u00e7\u00e3o saud\u00e1vel, a produ\u00e7\u00e3o de alimentos org\u00e2nicos no Distrito Federal vem conquistando cada vez mais consumidores e, consequentemente, aumentando a \u00e1rea de produ\u00e7\u00e3o. S\u00f3 em 2019, o espa\u00e7o destinado a este cultivo chegou a 466 hectares, conforme dados do relat\u00f3rio do Valor Bruto da Emater-DF. [&hellip;]<\/p>\n","protected":false},"author":18,"featured_media":21895,"comment_status":"open","ping_status":"open","sticky":false,"template":"","format":"standard","meta":{"footnotes":""},"categories":[1],"tags":[],"class_list":{"0":"post-21894","1":"post","2":"type-post","3":"status-publish","4":"format-standard","5":"has-post-thumbnail","7":"category-outros"},"yoast_head":"<!-- This site is optimized with the Yoast SEO Premium plugin v24.5 (Yoast SEO v27.5) - https:\/\/yoast.com\/product\/yoast-seo-premium-wordpress\/ -->\n<title>Impulsionado pelo consumo, cresce produ\u00e7\u00e3o de org\u00e2nicos na capital - P31<\/title>\n<meta name=\"robots\" content=\"index, follow, max-snippet:-1, max-image-preview:large, max-video-preview:-1\" \/>\n<link rel=\"canonical\" href=\"https:\/\/www.p31noticias.com.br\/?p=21894\" \/>\n<meta property=\"og:locale\" content=\"pt_BR\" \/>\n<meta property=\"og:type\" content=\"article\" \/>\n<meta property=\"og:title\" content=\"Impulsionado pelo consumo, cresce produ\u00e7\u00e3o de org\u00e2nicos na capital\" \/>\n<meta property=\"og:description\" content=\"Diante do crescimento no n\u00famero de pessoas em busca de alimenta\u00e7\u00e3o saud\u00e1vel, a produ\u00e7\u00e3o de alimentos org\u00e2nicos no Distrito Federal vem conquistando cada vez mais consumidores e, consequentemente, aumentando a \u00e1rea de produ\u00e7\u00e3o. S\u00f3 em 2019, o espa\u00e7o destinado a este cultivo chegou a 466 hectares, conforme dados do relat\u00f3rio do Valor Bruto da Emater-DF. [&hellip;]\" \/>\n<meta property=\"og:url\" content=\"https:\/\/www.p31noticias.com.br\/?p=21894\" \/>\n<meta property=\"og:site_name\" content=\"P31\" \/>\n<meta property=\"article:published_time\" content=\"2020-05-06T12:31:46+00:00\" \/>\n<meta property=\"og:image\" content=\"https:\/\/www.p31noticias.com.br\/wp-content\/uploads\/2020\/05\/organicos.jpg\" \/>\n\t<meta property=\"og:image:width\" content=\"750\" \/>\n\t<meta property=\"og:image:height\" content=\"371\" \/>\n\t<meta property=\"og:image:type\" content=\"image\/jpeg\" \/>\n<meta name=\"author\" content=\"Reda\u00e7\u00e3o JBN\" \/>\n<meta name=\"twitter:card\" content=\"summary_large_image\" \/>\n<meta name=\"twitter:label1\" content=\"Escrito por\" \/>\n\t<meta name=\"twitter:data1\" content=\"Reda\u00e7\u00e3o JBN\" \/>\n\t<meta name=\"twitter:label2\" content=\"Est. tempo de leitura\" \/>\n\t<meta name=\"twitter:data2\" content=\"6 minutos\" \/>\n<script type=\"application\/ld+json\" class=\"yoast-schema-graph\">{\"@context\":\"https:\\\/\\\/schema.org\",\"@graph\":[{\"@type\":\"Article\",\"@id\":\"https:\\\/\\\/www.p31noticias.com.br\\\/?p=21894#article\",\"isPartOf\":{\"@id\":\"https:\\\/\\\/www.p31noticias.com.br\\\/?p=21894\"},\"author\":{\"name\":\"Reda\u00e7\u00e3o JBN\",\"@id\":\"https:\\\/\\\/www.p31noticias.com.br\\\/#\\\/schema\\\/person\\\/77d6b186c710ac38937c6ec204fdd387\"},\"headline\":\"Impulsionado pelo consumo, cresce produ\u00e7\u00e3o de org\u00e2nicos na capital\",\"datePublished\":\"2020-05-06T12:31:46+00:00\",\"mainEntityOfPage\":{\"@id\":\"https:\\\/\\\/www.p31noticias.com.br\\\/?p=21894\"},\"wordCount\":1230,\"commentCount\":0,\"image\":{\"@id\":\"https:\\\/\\\/www.p31noticias.com.br\\\/?p=21894#primaryimage\"},\"thumbnailUrl\":\"https:\\\/\\\/www.p31noticias.com.br\\\/wp-content\\\/uploads\\\/2020\\\/05\\\/organicos.jpg\",\"articleSection\":[\"Outros\"],\"inLanguage\":\"pt-BR\",\"potentialAction\":[{\"@type\":\"CommentAction\",\"name\":\"Comment\",\"target\":[\"https:\\\/\\\/www.p31noticias.com.br\\\/?p=21894#respond\"]}],\"copyrightYear\":\"2020\",\"copyrightHolder\":{\"@id\":\"https:\\\/\\\/www.p31noticias.com.br\\\/#organization\"}},{\"@type\":\"WebPage\",\"@id\":\"https:\\\/\\\/www.p31noticias.com.br\\\/?p=21894\",\"url\":\"https:\\\/\\\/www.p31noticias.com.br\\\/?p=21894\",\"name\":\"Impulsionado pelo consumo, cresce produ\u00e7\u00e3o de org\u00e2nicos na capital - P31\",\"isPartOf\":{\"@id\":\"https:\\\/\\\/www.p31noticias.com.br\\\/#website\"},\"primaryImageOfPage\":{\"@id\":\"https:\\\/\\\/www.p31noticias.com.br\\\/?p=21894#primaryimage\"},\"image\":{\"@id\":\"https:\\\/\\\/www.p31noticias.com.br\\\/?p=21894#primaryimage\"},\"thumbnailUrl\":\"https:\\\/\\\/www.p31noticias.com.br\\\/wp-content\\\/uploads\\\/2020\\\/05\\\/organicos.jpg\",\"datePublished\":\"2020-05-06T12:31:46+00:00\",\"author\":{\"@id\":\"https:\\\/\\\/www.p31noticias.com.br\\\/#\\\/schema\\\/person\\\/77d6b186c710ac38937c6ec204fdd387\"},\"breadcrumb\":{\"@id\":\"https:\\\/\\\/www.p31noticias.com.br\\\/?p=21894#breadcrumb\"},\"inLanguage\":\"pt-BR\",\"potentialAction\":[{\"@type\":\"ReadAction\",\"target\":[\"https:\\\/\\\/www.p31noticias.com.br\\\/?p=21894\"]}]},{\"@type\":\"ImageObject\",\"inLanguage\":\"pt-BR\",\"@id\":\"https:\\\/\\\/www.p31noticias.com.br\\\/?p=21894#primaryimage\",\"url\":\"https:\\\/\\\/www.p31noticias.com.br\\\/wp-content\\\/uploads\\\/2020\\\/05\\\/organicos.jpg\",\"contentUrl\":\"https:\\\/\\\/www.p31noticias.com.br\\\/wp-content\\\/uploads\\\/2020\\\/05\\\/organicos.jpg\",\"width\":750,\"height\":371},{\"@type\":\"BreadcrumbList\",\"@id\":\"https:\\\/\\\/www.p31noticias.com.br\\\/?p=21894#breadcrumb\",\"itemListElement\":[{\"@type\":\"ListItem\",\"position\":1,\"name\":\"In\u00edcio\",\"item\":\"https:\\\/\\\/www.p31noticias.com.br\\\/\"},{\"@type\":\"ListItem\",\"position\":2,\"name\":\"Impulsionado pelo consumo, cresce produ\u00e7\u00e3o de org\u00e2nicos na capital\"}]},{\"@type\":\"WebSite\",\"@id\":\"https:\\\/\\\/www.p31noticias.com.br\\\/#website\",\"url\":\"https:\\\/\\\/www.p31noticias.com.br\\\/\",\"name\":\"P31\",\"description\":\"NOT\u00cdCIAS\",\"potentialAction\":[{\"@type\":\"SearchAction\",\"target\":{\"@type\":\"EntryPoint\",\"urlTemplate\":\"https:\\\/\\\/www.p31noticias.com.br\\\/?s={search_term_string}\"},\"query-input\":{\"@type\":\"PropertyValueSpecification\",\"valueRequired\":true,\"valueName\":\"search_term_string\"}}],\"inLanguage\":\"pt-BR\"},{\"@type\":\"Person\",\"@id\":\"https:\\\/\\\/www.p31noticias.com.br\\\/#\\\/schema\\\/person\\\/77d6b186c710ac38937c6ec204fdd387\",\"name\":\"Reda\u00e7\u00e3o JBN\",\"image\":{\"@type\":\"ImageObject\",\"inLanguage\":\"pt-BR\",\"@id\":\"https:\\\/\\\/secure.gravatar.com\\\/avatar\\\/10fcdb93211f98cce3d64c0795b0915a9a4a21dc0f279238995a3dbfafcad090?s=96&d=mm&r=g\",\"url\":\"https:\\\/\\\/secure.gravatar.com\\\/avatar\\\/10fcdb93211f98cce3d64c0795b0915a9a4a21dc0f279238995a3dbfafcad090?s=96&d=mm&r=g\",\"contentUrl\":\"https:\\\/\\\/secure.gravatar.com\\\/avatar\\\/10fcdb93211f98cce3d64c0795b0915a9a4a21dc0f279238995a3dbfafcad090?s=96&d=mm&r=g\",\"caption\":\"Reda\u00e7\u00e3o JBN\"},\"sameAs\":[\"https:\\\/\\\/p31noticias.com.br\"],\"url\":\"https:\\\/\\\/www.p31noticias.com.br\\\/?author=18\"}]}<\/script>\n<!-- \/ Yoast SEO Premium plugin. -->","yoast_head_json":{"title":"Impulsionado pelo consumo, cresce produ\u00e7\u00e3o de org\u00e2nicos na capital - P31","robots":{"index":"index","follow":"follow","max-snippet":"max-snippet:-1","max-image-preview":"max-image-preview:large","max-video-preview":"max-video-preview:-1"},"canonical":"https:\/\/www.p31noticias.com.br\/?p=21894","og_locale":"pt_BR","og_type":"article","og_title":"Impulsionado pelo consumo, cresce produ\u00e7\u00e3o de org\u00e2nicos na capital","og_description":"Diante do crescimento no n\u00famero de pessoas em busca de alimenta\u00e7\u00e3o saud\u00e1vel, a produ\u00e7\u00e3o de alimentos org\u00e2nicos no Distrito Federal vem conquistando cada vez mais consumidores e, consequentemente, aumentando a \u00e1rea de produ\u00e7\u00e3o. S\u00f3 em 2019, o espa\u00e7o destinado a este cultivo chegou a 466 hectares, conforme dados do relat\u00f3rio do Valor Bruto da Emater-DF. [&hellip;]","og_url":"https:\/\/www.p31noticias.com.br\/?p=21894","og_site_name":"P31","article_published_time":"2020-05-06T12:31:46+00:00","og_image":[{"width":750,"height":371,"url":"https:\/\/www.p31noticias.com.br\/wp-content\/uploads\/2020\/05\/organicos.jpg","type":"image\/jpeg"}],"author":"Reda\u00e7\u00e3o JBN","twitter_card":"summary_large_image","twitter_misc":{"Escrito por":"Reda\u00e7\u00e3o JBN","Est. tempo de leitura":"6 minutos"},"schema":{"@context":"https:\/\/schema.org","@graph":[{"@type":"Article","@id":"https:\/\/www.p31noticias.com.br\/?p=21894#article","isPartOf":{"@id":"https:\/\/www.p31noticias.com.br\/?p=21894"},"author":{"name":"Reda\u00e7\u00e3o JBN","@id":"https:\/\/www.p31noticias.com.br\/#\/schema\/person\/77d6b186c710ac38937c6ec204fdd387"},"headline":"Impulsionado pelo consumo, cresce produ\u00e7\u00e3o de org\u00e2nicos na capital","datePublished":"2020-05-06T12:31:46+00:00","mainEntityOfPage":{"@id":"https:\/\/www.p31noticias.com.br\/?p=21894"},"wordCount":1230,"commentCount":0,"image":{"@id":"https:\/\/www.p31noticias.com.br\/?p=21894#primaryimage"},"thumbnailUrl":"https:\/\/www.p31noticias.com.br\/wp-content\/uploads\/2020\/05\/organicos.jpg","articleSection":["Outros"],"inLanguage":"pt-BR","potentialAction":[{"@type":"CommentAction","name":"Comment","target":["https:\/\/www.p31noticias.com.br\/?p=21894#respond"]}],"copyrightYear":"2020","copyrightHolder":{"@id":"https:\/\/www.p31noticias.com.br\/#organization"}},{"@type":"WebPage","@id":"https:\/\/www.p31noticias.com.br\/?p=21894","url":"https:\/\/www.p31noticias.com.br\/?p=21894","name":"Impulsionado pelo consumo, cresce produ\u00e7\u00e3o de org\u00e2nicos na capital - P31","isPartOf":{"@id":"https:\/\/www.p31noticias.com.br\/#website"},"primaryImageOfPage":{"@id":"https:\/\/www.p31noticias.com.br\/?p=21894#primaryimage"},"image":{"@id":"https:\/\/www.p31noticias.com.br\/?p=21894#primaryimage"},"thumbnailUrl":"https:\/\/www.p31noticias.com.br\/wp-content\/uploads\/2020\/05\/organicos.jpg","datePublished":"2020-05-06T12:31:46+00:00","author":{"@id":"https:\/\/www.p31noticias.com.br\/#\/schema\/person\/77d6b186c710ac38937c6ec204fdd387"},"breadcrumb":{"@id":"https:\/\/www.p31noticias.com.br\/?p=21894#breadcrumb"},"inLanguage":"pt-BR","potentialAction":[{"@type":"ReadAction","target":["https:\/\/www.p31noticias.com.br\/?p=21894"]}]},{"@type":"ImageObject","inLanguage":"pt-BR","@id":"https:\/\/www.p31noticias.com.br\/?p=21894#primaryimage","url":"https:\/\/www.p31noticias.com.br\/wp-content\/uploads\/2020\/05\/organicos.jpg","contentUrl":"https:\/\/www.p31noticias.com.br\/wp-content\/uploads\/2020\/05\/organicos.jpg","width":750,"height":371},{"@type":"BreadcrumbList","@id":"https:\/\/www.p31noticias.com.br\/?p=21894#breadcrumb","itemListElement":[{"@type":"ListItem","position":1,"name":"In\u00edcio","item":"https:\/\/www.p31noticias.com.br\/"},{"@type":"ListItem","position":2,"name":"Impulsionado pelo consumo, cresce produ\u00e7\u00e3o de org\u00e2nicos na capital"}]},{"@type":"WebSite","@id":"https:\/\/www.p31noticias.com.br\/#website","url":"https:\/\/www.p31noticias.com.br\/","name":"P31","description":"NOT\u00cdCIAS","potentialAction":[{"@type":"SearchAction","target":{"@type":"EntryPoint","urlTemplate":"https:\/\/www.p31noticias.com.br\/?s={search_term_string}"},"query-input":{"@type":"PropertyValueSpecification","valueRequired":true,"valueName":"search_term_string"}}],"inLanguage":"pt-BR"},{"@type":"Person","@id":"https:\/\/www.p31noticias.com.br\/#\/schema\/person\/77d6b186c710ac38937c6ec204fdd387","name":"Reda\u00e7\u00e3o JBN","image":{"@type":"ImageObject","inLanguage":"pt-BR","@id":"https:\/\/secure.gravatar.com\/avatar\/10fcdb93211f98cce3d64c0795b0915a9a4a21dc0f279238995a3dbfafcad090?s=96&d=mm&r=g","url":"https:\/\/secure.gravatar.com\/avatar\/10fcdb93211f98cce3d64c0795b0915a9a4a21dc0f279238995a3dbfafcad090?s=96&d=mm&r=g","contentUrl":"https:\/\/secure.gravatar.com\/avatar\/10fcdb93211f98cce3d64c0795b0915a9a4a21dc0f279238995a3dbfafcad090?s=96&d=mm&r=g","caption":"Reda\u00e7\u00e3o JBN"},"sameAs":["https:\/\/p31noticias.com.br"],"url":"https:\/\/www.p31noticias.com.br\/?author=18"}]}},"amp_enabled":true,"_links":{"self":[{"href":"https:\/\/www.p31noticias.com.br\/index.php?rest_route=\/wp\/v2\/posts\/21894","targetHints":{"allow":["GET"]}}],"collection":[{"href":"https:\/\/www.p31noticias.com.br\/index.php?rest_route=\/wp\/v2\/posts"}],"about":[{"href":"https:\/\/www.p31noticias.com.br\/index.php?rest_route=\/wp\/v2\/types\/post"}],"author":[{"embeddable":true,"href":"https:\/\/www.p31noticias.com.br\/index.php?rest_route=\/wp\/v2\/users\/18"}],"replies":[{"embeddable":true,"href":"https:\/\/www.p31noticias.com.br\/index.php?rest_route=%2Fwp%2Fv2%2Fcomments&post=21894"}],"version-history":[{"count":0,"href":"https:\/\/www.p31noticias.com.br\/index.php?rest_route=\/wp\/v2\/posts\/21894\/revisions"}],"wp:featuredmedia":[{"embeddable":true,"href":"https:\/\/www.p31noticias.com.br\/index.php?rest_route=\/wp\/v2\/media\/21895"}],"wp:attachment":[{"href":"https:\/\/www.p31noticias.com.br\/index.php?rest_route=%2Fwp%2Fv2%2Fmedia&parent=21894"}],"wp:term":[{"taxonomy":"category","embeddable":true,"href":"https:\/\/www.p31noticias.com.br\/index.php?rest_route=%2Fwp%2Fv2%2Fcategories&post=21894"},{"taxonomy":"post_tag","embeddable":true,"href":"https:\/\/www.p31noticias.com.br\/index.php?rest_route=%2Fwp%2Fv2%2Ftags&post=21894"}],"curies":[{"name":"wp","href":"https:\/\/api.w.org\/{rel}","templated":true}]}}