{"id":21887,"date":"2020-05-05T09:30:53","date_gmt":"2020-05-05T12:30:53","guid":{"rendered":"https:\/\/jornaldoplanalto.com.br\/web\/?p=21887"},"modified":"2020-05-05T09:30:53","modified_gmt":"2020-05-05T12:30:53","slug":"df-inicia-terceira-etapa-da-campanha-de-vacinacao-contra-a-influenza","status":"publish","type":"post","link":"https:\/\/www.p31noticias.com.br\/?p=21887","title":{"rendered":"DF inicia terceira etapa da campanha de vacina\u00e7\u00e3o contra a Influenza"},"content":{"rendered":"<p><em><strong>P\u00fablico-alvo s\u00e3o crian\u00e7as, gestantes e pu\u00e9rperas<\/strong><\/em><\/p>\n<p>O Distrito Federal iniciou, nesta segunda-feira (4), a primeira fase da terceira etapa da Campanha Nacional de Vacina\u00e7\u00e3o contra a Influenza (veja tabela abaixo), voltada \u00e0s crian\u00e7as de 6 meses a 5 anos, 12 meses e 29 dias, gestantes e pu\u00e9rperas (at\u00e9 45 dias ap\u00f3s o parto). Esse p\u00fablico-alvo \u00e9 o mais vulner\u00e1vel \u00e0 gripe, por isso se tornou prioridade. Eles t\u00eam at\u00e9 5 de junho para buscarem as salas de vacina nas unidades b\u00e1sicas de sa\u00fade (UBSs).<\/p>\n<p>\u201cA partir de hoje ser\u00e3o distribu\u00eddas pela Rede de Frio do DF, \u00e0s Regi\u00f5es de Sa\u00fade, 52 mil doses da vacina contra Influenza, para dar in\u00edcio a primeira fase da terceira etapa da campanha. Lembrando que todos os grupos priorit\u00e1rios tamb\u00e9m ter\u00e3o at\u00e9 5 de junho para se vacinarem\u201d, informou a gerente de Imuniza\u00e7\u00e3o da Secretaria de Sa\u00fade, Renata Brand\u00e3o.<\/p>\n<p>A gestora explica que o per\u00edodo para vacina\u00e7\u00e3o foi estendido pelo Minist\u00e9rio da Sa\u00fade at\u00e9 junho devido \u00e0 pandemia do novo coronav\u00edrus. O governo federal optou ainda pelo cancelamento do Dia D, de mobiliza\u00e7\u00e3o nacional, para evitar aglomera\u00e7\u00f5es nas salas de vacina. \u201cCom isso, foi prorrogado o encerramento da campanha, que seria em 22 de maio\u201d, ressaltou.<\/p>\n<p><strong>Prioridade<\/strong><\/p>\n<p>Em nota circular, a Secretaria de Sa\u00fade ressalta a import\u00e2ncia de come\u00e7ar imediatamente a vacina\u00e7\u00e3o das crian\u00e7as, gestantes e pu\u00e9rperas, por estarem mais suscet\u00edveis \u00e0 Influenza. A pasta faz o apelo para que esse p\u00fablico procure, o quanto antes, as salas de vacina nas UBSs.<\/p>\n<p>\u201cA Rede de Frio do DF j\u00e1 recebeu o quantitativo equivalente de doses para parte da popula\u00e7\u00e3o da terceira etapa da campanha. Foi decidido, ent\u00e3o, que seria importante dar in\u00edcio a essa parcela da popula\u00e7\u00e3o o mais r\u00e1pido poss\u00edvel\u201d, afirmou a enfermeira da \u00e1rea t\u00e9cnica de imuniza\u00e7\u00e3o da Secretaria de Sa\u00fade, Fernanda Ledes.<\/p>\n<p><strong>Programa\u00e7\u00e3o<\/strong><\/p>\n<p>Conforme a programa\u00e7\u00e3o reorganizada ap\u00f3s a determina\u00e7\u00e3o do Minist\u00e9rio da Sa\u00fade, a segunda fase da terceira etapa da campanha ser\u00e1 de 11 de maio a 5 de junho, destinada \u00e0s pessoas com defici\u00eancia. De 18 de maio em diante, ser\u00e1 a vez dos adultos de 55 a 59 anos de idade e professores das escolas p\u00fablicas e privadas.<\/p>\n<p>Enquanto isso, os demais grupos priorit\u00e1rios das primeiras etapas tamb\u00e9m ter\u00e3o at\u00e9 junho para se vacinar.<\/p>\n<p>Fazem parte das etapas iniciais idosos de 60 anos ou mais; profissionais da sa\u00fade; profissionais das for\u00e7as de seguran\u00e7a e salvamento; adolescentes e jovens de 12 a 21 anos sob medidas socioeducativas; popula\u00e7\u00e3o privada de liberdade; funcion\u00e1rios do sistema prisional; portadores de doen\u00e7as cr\u00f4nicas n\u00e3o transmiss\u00edveis e outras condi\u00e7\u00f5es cl\u00ednicas especiais; povos ind\u00edgenas; caminhoneiros, portu\u00e1rios e trabalhadores do transporte coletivo (motoristas e cobradores).<\/p>\n<p><strong>Veja a tabela:<\/strong><\/p>\n<p><em><a href=\"https:\/\/www.delioandrade.com.br\/wp-content\/uploads\/2020\/05\/tabela_vacina\u00e7\u00e3o.png\"><img loading=\"lazy\" decoding=\"async\" class=\"aligncenter size-full wp-image-21888\" src=\"https:\/\/www.delioandrade.com.br\/wp-content\/uploads\/2020\/05\/tabela_vacina\u00e7\u00e3o.png\" alt=\"\" width=\"1200\" height=\"905\" srcset=\"https:\/\/www.p31noticias.com.br\/wp-content\/uploads\/2020\/05\/tabela_vacina\u00e7\u00e3o.png 1200w, https:\/\/www.p31noticias.com.br\/wp-content\/uploads\/2020\/05\/tabela_vacina\u00e7\u00e3o-300x226.png 300w, https:\/\/www.p31noticias.com.br\/wp-content\/uploads\/2020\/05\/tabela_vacina\u00e7\u00e3o-1024x772.png 1024w, https:\/\/www.p31noticias.com.br\/wp-content\/uploads\/2020\/05\/tabela_vacina\u00e7\u00e3o-768x579.png 768w, https:\/\/www.p31noticias.com.br\/wp-content\/uploads\/2020\/05\/tabela_vacina\u00e7\u00e3o-696x525.png 696w, https:\/\/www.p31noticias.com.br\/wp-content\/uploads\/2020\/05\/tabela_vacina\u00e7\u00e3o-1068x805.png 1068w, https:\/\/www.p31noticias.com.br\/wp-content\/uploads\/2020\/05\/tabela_vacina\u00e7\u00e3o-557x420.png 557w, https:\/\/www.p31noticias.com.br\/wp-content\/uploads\/2020\/05\/tabela_vacina\u00e7\u00e3o-80x60.png 80w\" sizes=\"auto, (max-width: 1200px) 100vw, 1200px\" \/><\/a><\/em><\/p>\n<p><em>(Por Ag\u00eancia Bras\u00edlia, com informa\u00e7\u00f5es da Secretaria de Sa\u00fade. Foto: Marcelo Camargo\/Ag\u00eancia Brasil)<\/em><\/p>\n","protected":false},"excerpt":{"rendered":"<p>P\u00fablico-alvo s\u00e3o crian\u00e7as, gestantes e pu\u00e9rperas O Distrito Federal iniciou, nesta segunda-feira (4), a primeira fase da terceira etapa da Campanha Nacional de Vacina\u00e7\u00e3o contra a Influenza (veja tabela abaixo), voltada \u00e0s crian\u00e7as de 6 meses a 5 anos, 12 meses e 29 dias, gestantes e pu\u00e9rperas (at\u00e9 45 dias ap\u00f3s o parto). Esse p\u00fablico-alvo [&hellip;]<\/p>\n","protected":false},"author":18,"featured_media":21889,"comment_status":"open","ping_status":"open","sticky":false,"template":"","format":"standard","meta":{"footnotes":""},"categories":[124],"tags":[],"class_list":{"0":"post-21887","1":"post","2":"type-post","3":"status-publish","4":"format-standard","5":"has-post-thumbnail","7":"category-saude"},"yoast_head":"<!-- This site is optimized with the Yoast SEO Premium plugin v24.5 (Yoast SEO v27.5) - https:\/\/yoast.com\/product\/yoast-seo-premium-wordpress\/ -->\n<title>DF inicia terceira etapa da campanha de vacina\u00e7\u00e3o contra a Influenza - P31<\/title>\n<meta name=\"robots\" content=\"index, follow, max-snippet:-1, max-image-preview:large, max-video-preview:-1\" \/>\n<link rel=\"canonical\" href=\"https:\/\/www.p31noticias.com.br\/?p=21887\" \/>\n<meta property=\"og:locale\" content=\"pt_BR\" \/>\n<meta property=\"og:type\" content=\"article\" \/>\n<meta property=\"og:title\" content=\"DF inicia terceira etapa da campanha de vacina\u00e7\u00e3o contra a Influenza\" \/>\n<meta property=\"og:description\" content=\"P\u00fablico-alvo s\u00e3o crian\u00e7as, gestantes e pu\u00e9rperas O Distrito Federal iniciou, nesta segunda-feira (4), a primeira fase da terceira etapa da Campanha Nacional de Vacina\u00e7\u00e3o contra a Influenza (veja tabela abaixo), voltada \u00e0s crian\u00e7as de 6 meses a 5 anos, 12 meses e 29 dias, gestantes e pu\u00e9rperas (at\u00e9 45 dias ap\u00f3s o parto). Esse p\u00fablico-alvo [&hellip;]\" \/>\n<meta property=\"og:url\" content=\"https:\/\/www.p31noticias.com.br\/?p=21887\" \/>\n<meta property=\"og:site_name\" content=\"P31\" \/>\n<meta property=\"article:published_time\" content=\"2020-05-05T12:30:53+00:00\" \/>\n<meta property=\"og:image\" content=\"https:\/\/www.p31noticias.com.br\/wp-content\/uploads\/2020\/05\/Vacinacao.jpg\" \/>\n\t<meta property=\"og:image:width\" content=\"800\" \/>\n\t<meta property=\"og:image:height\" content=\"479\" \/>\n\t<meta property=\"og:image:type\" content=\"image\/jpeg\" \/>\n<meta name=\"author\" content=\"Reda\u00e7\u00e3o JBN\" \/>\n<meta name=\"twitter:card\" content=\"summary_large_image\" \/>\n<meta name=\"twitter:label1\" content=\"Escrito por\" \/>\n\t<meta name=\"twitter:data1\" content=\"Reda\u00e7\u00e3o JBN\" \/>\n\t<meta name=\"twitter:label2\" content=\"Est. tempo de leitura\" \/>\n\t<meta name=\"twitter:data2\" content=\"3 minutos\" \/>\n<script type=\"application\/ld+json\" class=\"yoast-schema-graph\">{\"@context\":\"https:\\\/\\\/schema.org\",\"@graph\":[{\"@type\":\"Article\",\"@id\":\"https:\\\/\\\/www.p31noticias.com.br\\\/?p=21887#article\",\"isPartOf\":{\"@id\":\"https:\\\/\\\/www.p31noticias.com.br\\\/?p=21887\"},\"author\":{\"name\":\"Reda\u00e7\u00e3o JBN\",\"@id\":\"https:\\\/\\\/www.p31noticias.com.br\\\/#\\\/schema\\\/person\\\/77d6b186c710ac38937c6ec204fdd387\"},\"headline\":\"DF inicia terceira etapa da campanha de vacina\u00e7\u00e3o contra a Influenza\",\"datePublished\":\"2020-05-05T12:30:53+00:00\",\"mainEntityOfPage\":{\"@id\":\"https:\\\/\\\/www.p31noticias.com.br\\\/?p=21887\"},\"wordCount\":522,\"commentCount\":0,\"image\":{\"@id\":\"https:\\\/\\\/www.p31noticias.com.br\\\/?p=21887#primaryimage\"},\"thumbnailUrl\":\"https:\\\/\\\/www.p31noticias.com.br\\\/wp-content\\\/uploads\\\/2020\\\/05\\\/Vacinacao.jpg\",\"articleSection\":[\"Sa\u00fade\"],\"inLanguage\":\"pt-BR\",\"potentialAction\":[{\"@type\":\"CommentAction\",\"name\":\"Comment\",\"target\":[\"https:\\\/\\\/www.p31noticias.com.br\\\/?p=21887#respond\"]}],\"copyrightYear\":\"2020\",\"copyrightHolder\":{\"@id\":\"https:\\\/\\\/www.p31noticias.com.br\\\/#organization\"}},{\"@type\":\"WebPage\",\"@id\":\"https:\\\/\\\/www.p31noticias.com.br\\\/?p=21887\",\"url\":\"https:\\\/\\\/www.p31noticias.com.br\\\/?p=21887\",\"name\":\"DF inicia terceira etapa da campanha de vacina\u00e7\u00e3o contra a Influenza - P31\",\"isPartOf\":{\"@id\":\"https:\\\/\\\/www.p31noticias.com.br\\\/#website\"},\"primaryImageOfPage\":{\"@id\":\"https:\\\/\\\/www.p31noticias.com.br\\\/?p=21887#primaryimage\"},\"image\":{\"@id\":\"https:\\\/\\\/www.p31noticias.com.br\\\/?p=21887#primaryimage\"},\"thumbnailUrl\":\"https:\\\/\\\/www.p31noticias.com.br\\\/wp-content\\\/uploads\\\/2020\\\/05\\\/Vacinacao.jpg\",\"datePublished\":\"2020-05-05T12:30:53+00:00\",\"author\":{\"@id\":\"https:\\\/\\\/www.p31noticias.com.br\\\/#\\\/schema\\\/person\\\/77d6b186c710ac38937c6ec204fdd387\"},\"breadcrumb\":{\"@id\":\"https:\\\/\\\/www.p31noticias.com.br\\\/?p=21887#breadcrumb\"},\"inLanguage\":\"pt-BR\",\"potentialAction\":[{\"@type\":\"ReadAction\",\"target\":[\"https:\\\/\\\/www.p31noticias.com.br\\\/?p=21887\"]}]},{\"@type\":\"ImageObject\",\"inLanguage\":\"pt-BR\",\"@id\":\"https:\\\/\\\/www.p31noticias.com.br\\\/?p=21887#primaryimage\",\"url\":\"https:\\\/\\\/www.p31noticias.com.br\\\/wp-content\\\/uploads\\\/2020\\\/05\\\/Vacinacao.jpg\",\"contentUrl\":\"https:\\\/\\\/www.p31noticias.com.br\\\/wp-content\\\/uploads\\\/2020\\\/05\\\/Vacinacao.jpg\",\"width\":800,\"height\":479,\"caption\":\"Minist\u00e9rio da Sa\u00fade realiza Dia D da segunda fase da Campanha de Vacina\u00e7\u00e3o contra o Sarampo ser\u00e1 neste s\u00e1bado (30).\"},{\"@type\":\"BreadcrumbList\",\"@id\":\"https:\\\/\\\/www.p31noticias.com.br\\\/?p=21887#breadcrumb\",\"itemListElement\":[{\"@type\":\"ListItem\",\"position\":1,\"name\":\"In\u00edcio\",\"item\":\"https:\\\/\\\/www.p31noticias.com.br\\\/\"},{\"@type\":\"ListItem\",\"position\":2,\"name\":\"DF inicia terceira etapa da campanha de vacina\u00e7\u00e3o contra a Influenza\"}]},{\"@type\":\"WebSite\",\"@id\":\"https:\\\/\\\/www.p31noticias.com.br\\\/#website\",\"url\":\"https:\\\/\\\/www.p31noticias.com.br\\\/\",\"name\":\"P31\",\"description\":\"NOT\u00cdCIAS\",\"potentialAction\":[{\"@type\":\"SearchAction\",\"target\":{\"@type\":\"EntryPoint\",\"urlTemplate\":\"https:\\\/\\\/www.p31noticias.com.br\\\/?s={search_term_string}\"},\"query-input\":{\"@type\":\"PropertyValueSpecification\",\"valueRequired\":true,\"valueName\":\"search_term_string\"}}],\"inLanguage\":\"pt-BR\"},{\"@type\":\"Person\",\"@id\":\"https:\\\/\\\/www.p31noticias.com.br\\\/#\\\/schema\\\/person\\\/77d6b186c710ac38937c6ec204fdd387\",\"name\":\"Reda\u00e7\u00e3o JBN\",\"image\":{\"@type\":\"ImageObject\",\"inLanguage\":\"pt-BR\",\"@id\":\"https:\\\/\\\/secure.gravatar.com\\\/avatar\\\/10fcdb93211f98cce3d64c0795b0915a9a4a21dc0f279238995a3dbfafcad090?s=96&d=mm&r=g\",\"url\":\"https:\\\/\\\/secure.gravatar.com\\\/avatar\\\/10fcdb93211f98cce3d64c0795b0915a9a4a21dc0f279238995a3dbfafcad090?s=96&d=mm&r=g\",\"contentUrl\":\"https:\\\/\\\/secure.gravatar.com\\\/avatar\\\/10fcdb93211f98cce3d64c0795b0915a9a4a21dc0f279238995a3dbfafcad090?s=96&d=mm&r=g\",\"caption\":\"Reda\u00e7\u00e3o JBN\"},\"sameAs\":[\"https:\\\/\\\/p31noticias.com.br\"],\"url\":\"https:\\\/\\\/www.p31noticias.com.br\\\/?author=18\"}]}<\/script>\n<!-- \/ Yoast SEO Premium plugin. -->","yoast_head_json":{"title":"DF inicia terceira etapa da campanha de vacina\u00e7\u00e3o contra a Influenza - P31","robots":{"index":"index","follow":"follow","max-snippet":"max-snippet:-1","max-image-preview":"max-image-preview:large","max-video-preview":"max-video-preview:-1"},"canonical":"https:\/\/www.p31noticias.com.br\/?p=21887","og_locale":"pt_BR","og_type":"article","og_title":"DF inicia terceira etapa da campanha de vacina\u00e7\u00e3o contra a Influenza","og_description":"P\u00fablico-alvo s\u00e3o crian\u00e7as, gestantes e pu\u00e9rperas O Distrito Federal iniciou, nesta segunda-feira (4), a primeira fase da terceira etapa da Campanha Nacional de Vacina\u00e7\u00e3o contra a Influenza (veja tabela abaixo), voltada \u00e0s crian\u00e7as de 6 meses a 5 anos, 12 meses e 29 dias, gestantes e pu\u00e9rperas (at\u00e9 45 dias ap\u00f3s o parto). Esse p\u00fablico-alvo [&hellip;]","og_url":"https:\/\/www.p31noticias.com.br\/?p=21887","og_site_name":"P31","article_published_time":"2020-05-05T12:30:53+00:00","og_image":[{"width":800,"height":479,"url":"https:\/\/www.p31noticias.com.br\/wp-content\/uploads\/2020\/05\/Vacinacao.jpg","type":"image\/jpeg"}],"author":"Reda\u00e7\u00e3o JBN","twitter_card":"summary_large_image","twitter_misc":{"Escrito por":"Reda\u00e7\u00e3o JBN","Est. tempo de leitura":"3 minutos"},"schema":{"@context":"https:\/\/schema.org","@graph":[{"@type":"Article","@id":"https:\/\/www.p31noticias.com.br\/?p=21887#article","isPartOf":{"@id":"https:\/\/www.p31noticias.com.br\/?p=21887"},"author":{"name":"Reda\u00e7\u00e3o JBN","@id":"https:\/\/www.p31noticias.com.br\/#\/schema\/person\/77d6b186c710ac38937c6ec204fdd387"},"headline":"DF inicia terceira etapa da campanha de vacina\u00e7\u00e3o contra a Influenza","datePublished":"2020-05-05T12:30:53+00:00","mainEntityOfPage":{"@id":"https:\/\/www.p31noticias.com.br\/?p=21887"},"wordCount":522,"commentCount":0,"image":{"@id":"https:\/\/www.p31noticias.com.br\/?p=21887#primaryimage"},"thumbnailUrl":"https:\/\/www.p31noticias.com.br\/wp-content\/uploads\/2020\/05\/Vacinacao.jpg","articleSection":["Sa\u00fade"],"inLanguage":"pt-BR","potentialAction":[{"@type":"CommentAction","name":"Comment","target":["https:\/\/www.p31noticias.com.br\/?p=21887#respond"]}],"copyrightYear":"2020","copyrightHolder":{"@id":"https:\/\/www.p31noticias.com.br\/#organization"}},{"@type":"WebPage","@id":"https:\/\/www.p31noticias.com.br\/?p=21887","url":"https:\/\/www.p31noticias.com.br\/?p=21887","name":"DF inicia terceira etapa da campanha de vacina\u00e7\u00e3o contra a Influenza - P31","isPartOf":{"@id":"https:\/\/www.p31noticias.com.br\/#website"},"primaryImageOfPage":{"@id":"https:\/\/www.p31noticias.com.br\/?p=21887#primaryimage"},"image":{"@id":"https:\/\/www.p31noticias.com.br\/?p=21887#primaryimage"},"thumbnailUrl":"https:\/\/www.p31noticias.com.br\/wp-content\/uploads\/2020\/05\/Vacinacao.jpg","datePublished":"2020-05-05T12:30:53+00:00","author":{"@id":"https:\/\/www.p31noticias.com.br\/#\/schema\/person\/77d6b186c710ac38937c6ec204fdd387"},"breadcrumb":{"@id":"https:\/\/www.p31noticias.com.br\/?p=21887#breadcrumb"},"inLanguage":"pt-BR","potentialAction":[{"@type":"ReadAction","target":["https:\/\/www.p31noticias.com.br\/?p=21887"]}]},{"@type":"ImageObject","inLanguage":"pt-BR","@id":"https:\/\/www.p31noticias.com.br\/?p=21887#primaryimage","url":"https:\/\/www.p31noticias.com.br\/wp-content\/uploads\/2020\/05\/Vacinacao.jpg","contentUrl":"https:\/\/www.p31noticias.com.br\/wp-content\/uploads\/2020\/05\/Vacinacao.jpg","width":800,"height":479,"caption":"Minist\u00e9rio da Sa\u00fade realiza Dia D da segunda fase da Campanha de Vacina\u00e7\u00e3o contra o Sarampo ser\u00e1 neste s\u00e1bado (30)."},{"@type":"BreadcrumbList","@id":"https:\/\/www.p31noticias.com.br\/?p=21887#breadcrumb","itemListElement":[{"@type":"ListItem","position":1,"name":"In\u00edcio","item":"https:\/\/www.p31noticias.com.br\/"},{"@type":"ListItem","position":2,"name":"DF inicia terceira etapa da campanha de vacina\u00e7\u00e3o contra a Influenza"}]},{"@type":"WebSite","@id":"https:\/\/www.p31noticias.com.br\/#website","url":"https:\/\/www.p31noticias.com.br\/","name":"P31","description":"NOT\u00cdCIAS","potentialAction":[{"@type":"SearchAction","target":{"@type":"EntryPoint","urlTemplate":"https:\/\/www.p31noticias.com.br\/?s={search_term_string}"},"query-input":{"@type":"PropertyValueSpecification","valueRequired":true,"valueName":"search_term_string"}}],"inLanguage":"pt-BR"},{"@type":"Person","@id":"https:\/\/www.p31noticias.com.br\/#\/schema\/person\/77d6b186c710ac38937c6ec204fdd387","name":"Reda\u00e7\u00e3o JBN","image":{"@type":"ImageObject","inLanguage":"pt-BR","@id":"https:\/\/secure.gravatar.com\/avatar\/10fcdb93211f98cce3d64c0795b0915a9a4a21dc0f279238995a3dbfafcad090?s=96&d=mm&r=g","url":"https:\/\/secure.gravatar.com\/avatar\/10fcdb93211f98cce3d64c0795b0915a9a4a21dc0f279238995a3dbfafcad090?s=96&d=mm&r=g","contentUrl":"https:\/\/secure.gravatar.com\/avatar\/10fcdb93211f98cce3d64c0795b0915a9a4a21dc0f279238995a3dbfafcad090?s=96&d=mm&r=g","caption":"Reda\u00e7\u00e3o JBN"},"sameAs":["https:\/\/p31noticias.com.br"],"url":"https:\/\/www.p31noticias.com.br\/?author=18"}]}},"amp_enabled":true,"_links":{"self":[{"href":"https:\/\/www.p31noticias.com.br\/index.php?rest_route=\/wp\/v2\/posts\/21887","targetHints":{"allow":["GET"]}}],"collection":[{"href":"https:\/\/www.p31noticias.com.br\/index.php?rest_route=\/wp\/v2\/posts"}],"about":[{"href":"https:\/\/www.p31noticias.com.br\/index.php?rest_route=\/wp\/v2\/types\/post"}],"author":[{"embeddable":true,"href":"https:\/\/www.p31noticias.com.br\/index.php?rest_route=\/wp\/v2\/users\/18"}],"replies":[{"embeddable":true,"href":"https:\/\/www.p31noticias.com.br\/index.php?rest_route=%2Fwp%2Fv2%2Fcomments&post=21887"}],"version-history":[{"count":0,"href":"https:\/\/www.p31noticias.com.br\/index.php?rest_route=\/wp\/v2\/posts\/21887\/revisions"}],"wp:featuredmedia":[{"embeddable":true,"href":"https:\/\/www.p31noticias.com.br\/index.php?rest_route=\/wp\/v2\/media\/21889"}],"wp:attachment":[{"href":"https:\/\/www.p31noticias.com.br\/index.php?rest_route=%2Fwp%2Fv2%2Fmedia&parent=21887"}],"wp:term":[{"taxonomy":"category","embeddable":true,"href":"https:\/\/www.p31noticias.com.br\/index.php?rest_route=%2Fwp%2Fv2%2Fcategories&post=21887"},{"taxonomy":"post_tag","embeddable":true,"href":"https:\/\/www.p31noticias.com.br\/index.php?rest_route=%2Fwp%2Fv2%2Ftags&post=21887"}],"curies":[{"name":"wp","href":"https:\/\/api.w.org\/{rel}","templated":true}]}}