{"id":21881,"date":"2020-05-04T10:05:33","date_gmt":"2020-05-04T13:05:33","guid":{"rendered":"https:\/\/jornaldoplanalto.com.br\/web\/?p=21881"},"modified":"2020-05-04T10:05:33","modified_gmt":"2020-05-04T13:05:33","slug":"df-e-o-lugar-mais-rapido-para-se-abrir-uma-empresa-no-brasil","status":"publish","type":"post","link":"https:\/\/www.p31noticias.com.br\/?p=21881","title":{"rendered":"DF \u00e9 o lugar mais r\u00e1pido para se abrir uma empresa no Brasil"},"content":{"rendered":"<p><em><strong>Entre as unidades federativas participantes do sistema p\u00fablico de registro empresarial e formaliza\u00e7\u00e3o de empresas, a capital do pa\u00eds est\u00e1 em primeiro em tempo de an\u00e1lise de processos<\/strong><\/em><\/p>\n<p>Em mar\u00e7o deste ano, empreendedores e contadores levaram, em m\u00e9dia, menos de seis horas entre a entrada do pedido de abertura de neg\u00f3cios nas administra\u00e7\u00f5es regionais e a sa\u00edda na Junta Comercial, Industrial e Servi\u00e7os do DF (Jucis.DF) com a cria\u00e7\u00e3o do Cadastro Nacional da Pessoa Jur\u00eddica (CNPJ). Em outros estados, esse tempo ficou em at\u00e9 21 dias. Os prazos foram os mesmos para processos de altera\u00e7\u00e3o e fechamento de empresas.<\/p>\n<p>Entre as unidades federativas participantes do sistema p\u00fablico de registro empresarial e formaliza\u00e7\u00e3o de empresas, o DF ficou em primeiro lugar. Em segundo ficaram a Junta Comercial do Cear\u00e1 e a do Acre, com o tempo m\u00e9dio total de mais de 3 dias.<\/p>\n<p>\u201cA atual gest\u00e3o da Jucis.DF tem empreendido uma s\u00e9rie de mudan\u00e7as, principalmente com o apoio do governador Ibaneis Rocha, como a ado\u00e7\u00e3o do registro digital no fim do ano passado. E, consequentemente, os prazos diminu\u00edram muito. Prazos que eram de cerca de 15 dias em agosto, passaram para horas\u201d, explica Alex Francisco de Oliveira Barbosa, consultor de apoio \u00e0 coordena\u00e7\u00e3o do projeto Empreendedor Digital.<\/p>\n<p><strong>Projeto Empreendedor Digital<\/strong><\/p>\n<p>A nova parceria entre o Servi\u00e7o Brasileiro de Apoio \u00e0s Micro e Pequenas Empresas (Sebrae) Nacional e as Juntas Comerciais \u00e9 o projeto Empreendedor Digital, que promover\u00e1 melhorias no sistema p\u00fablico de integra\u00e7\u00e3o e registro mercantil, para automatizar a formaliza\u00e7\u00e3o de empresas.<\/p>\n<p>Com essas melhorias, n\u00e3o s\u00f3 a abertura como tamb\u00e9m as altera\u00e7\u00f5es e extin\u00e7\u00f5es de empresas ser\u00e3o feitas em segundos.\u00a0Inicialmente, nove Juntas Comerciais far\u00e3o parte do projeto, que posteriormente ser\u00e1 expandido para todo o Brasil.<\/p>\n<p><strong>Foco agora s\u00e3o as administra\u00e7\u00f5es<\/strong><\/p>\n<p>Apesar do tempo reduzido ap\u00f3s o Sistema Integrar passar para a coordena\u00e7\u00e3o da autarquia, o presidente da Jucis.DF, Walid Sariedine, sabe que o \u00f3rg\u00e3o pode fazer mais pelos setores produtivo e comercial locais. \u201cEm parceria com outros \u00f3rg\u00e3os, em especial a secretaria executiva das Cidades e a de Desenvolvimento Urbano e Habita\u00e7\u00e3o, vamos aprimorar a entrega nas administra\u00e7\u00f5es regionais. Assim, o DF n\u00e3o ser\u00e1 o mais r\u00e1pido s\u00f3 do Brasil, mas um dos mais r\u00e1pidos e seguros do mundo\u201d, ressalta. Al\u00e9m disso, Sariedine deixa claro que nada seria poss\u00edvel sem o apoio integral do governador. \u201cEle nos orienta e nos cobra sempre o melhor diariamente.\u201d<\/p>\n<p>Entre fevereiro e mar\u00e7o deste ano, uma equipe da Jucis.DF catalogou as dificuldades de todas as regi\u00f5es administrativas em rela\u00e7\u00e3o \u00e0 viabilidade de endere\u00e7o das empresas, feito por meio do Sistema Integrar.<\/p>\n<p>Incompatibilidades na legisla\u00e7\u00e3o territorial, indica\u00e7\u00e3o incorreta de endere\u00e7os, preenchimento err\u00f4neo de dados no sistema e problemas de internet foram alguns dos gargalos apontados em relat\u00f3rio entregue \u00e0 secretaria executiva das Cidades para alcan\u00e7ar um melhor desempenho dos setores de registro.<\/p>\n<p><strong>Sistema Integrar<\/strong><\/p>\n<p>O Sistema de Registro e Licenciamento de Empresas (Sistema Integrar) re\u00fane no ambiente digital os respons\u00e1veis pelo processo de abertura, altera\u00e7\u00e3o e baixa de empreendimentos, no caso a Jucis.DF; pelas inscri\u00e7\u00f5es tribut\u00e1rias, representados pelas Secretaria de Economia do DF e Receita Federal do Brasil; e pela viabilidade e licenciamento de empresas, que s\u00e3o as 33 administra\u00e7\u00f5es regionais e os \u00f3rg\u00e3os licenciadores.<\/p>\n<p>O Sistema Integrar faz parte da Rede Nacional para a Simplifica\u00e7\u00e3o do Registro e da Legaliza\u00e7\u00e3o de Empresas e Neg\u00f3cios (Redesim), que tem a coordena\u00e7\u00e3o e presid\u00eancia no DF sob a responsabilidade da Junta Comercial. \u201cSomos gratos ao apoio do nosso governador e vamos continuar a dar o nosso melhor, pois Bras\u00edlia merece\u201d, afirma o presidente da Jucis.DF.<\/p>\n<p><em>(Por Ag\u00eancia Bras\u00edlia, com informa\u00e7\u00f5es da Junta Comercial)<\/em><\/p>\n","protected":false},"excerpt":{"rendered":"<p>Entre as unidades federativas participantes do sistema p\u00fablico de registro empresarial e formaliza\u00e7\u00e3o de empresas, a capital do pa\u00eds est\u00e1 em primeiro em tempo de an\u00e1lise de processos Em mar\u00e7o deste ano, empreendedores e contadores levaram, em m\u00e9dia, menos de seis horas entre a entrada do pedido de abertura de neg\u00f3cios nas administra\u00e7\u00f5es regionais e [&hellip;]<\/p>\n","protected":false},"author":18,"featured_media":21882,"comment_status":"open","ping_status":"open","sticky":false,"template":"","format":"standard","meta":{"footnotes":""},"categories":[1],"tags":[],"class_list":{"0":"post-21881","1":"post","2":"type-post","3":"status-publish","4":"format-standard","5":"has-post-thumbnail","7":"category-outros"},"yoast_head":"<!-- This site is optimized with the Yoast SEO Premium plugin v24.5 (Yoast SEO v27.5) - https:\/\/yoast.com\/product\/yoast-seo-premium-wordpress\/ -->\n<title>DF \u00e9 o lugar mais r\u00e1pido para se abrir uma empresa no Brasil - P31<\/title>\n<meta name=\"robots\" content=\"index, follow, max-snippet:-1, max-image-preview:large, max-video-preview:-1\" \/>\n<link rel=\"canonical\" href=\"https:\/\/www.p31noticias.com.br\/?p=21881\" \/>\n<meta property=\"og:locale\" content=\"pt_BR\" \/>\n<meta property=\"og:type\" content=\"article\" \/>\n<meta property=\"og:title\" content=\"DF \u00e9 o lugar mais r\u00e1pido para se abrir uma empresa no Brasil\" \/>\n<meta property=\"og:description\" content=\"Entre as unidades federativas participantes do sistema p\u00fablico de registro empresarial e formaliza\u00e7\u00e3o de empresas, a capital do pa\u00eds est\u00e1 em primeiro em tempo de an\u00e1lise de processos Em mar\u00e7o deste ano, empreendedores e contadores levaram, em m\u00e9dia, menos de seis horas entre a entrada do pedido de abertura de neg\u00f3cios nas administra\u00e7\u00f5es regionais e [&hellip;]\" \/>\n<meta property=\"og:url\" content=\"https:\/\/www.p31noticias.com.br\/?p=21881\" \/>\n<meta property=\"og:site_name\" content=\"P31\" \/>\n<meta property=\"article:published_time\" content=\"2020-05-04T13:05:33+00:00\" \/>\n<meta property=\"og:image\" content=\"https:\/\/www.p31noticias.com.br\/wp-content\/uploads\/2020\/05\/empresa.jpg\" \/>\n\t<meta property=\"og:image:width\" content=\"800\" \/>\n\t<meta property=\"og:image:height\" content=\"449\" \/>\n\t<meta property=\"og:image:type\" content=\"image\/jpeg\" \/>\n<meta name=\"author\" content=\"Reda\u00e7\u00e3o JBN\" \/>\n<meta name=\"twitter:card\" content=\"summary_large_image\" \/>\n<meta name=\"twitter:label1\" content=\"Escrito por\" \/>\n\t<meta name=\"twitter:data1\" content=\"Reda\u00e7\u00e3o JBN\" \/>\n\t<meta name=\"twitter:label2\" content=\"Est. tempo de leitura\" \/>\n\t<meta name=\"twitter:data2\" content=\"3 minutos\" \/>\n<script type=\"application\/ld+json\" class=\"yoast-schema-graph\">{\"@context\":\"https:\\\/\\\/schema.org\",\"@graph\":[{\"@type\":\"Article\",\"@id\":\"https:\\\/\\\/www.p31noticias.com.br\\\/?p=21881#article\",\"isPartOf\":{\"@id\":\"https:\\\/\\\/www.p31noticias.com.br\\\/?p=21881\"},\"author\":{\"name\":\"Reda\u00e7\u00e3o JBN\",\"@id\":\"https:\\\/\\\/www.p31noticias.com.br\\\/#\\\/schema\\\/person\\\/77d6b186c710ac38937c6ec204fdd387\"},\"headline\":\"DF \u00e9 o lugar mais r\u00e1pido para se abrir uma empresa no Brasil\",\"datePublished\":\"2020-05-04T13:05:33+00:00\",\"mainEntityOfPage\":{\"@id\":\"https:\\\/\\\/www.p31noticias.com.br\\\/?p=21881\"},\"wordCount\":680,\"commentCount\":0,\"image\":{\"@id\":\"https:\\\/\\\/www.p31noticias.com.br\\\/?p=21881#primaryimage\"},\"thumbnailUrl\":\"https:\\\/\\\/www.p31noticias.com.br\\\/wp-content\\\/uploads\\\/2020\\\/05\\\/empresa.jpg\",\"articleSection\":[\"Outros\"],\"inLanguage\":\"pt-BR\",\"potentialAction\":[{\"@type\":\"CommentAction\",\"name\":\"Comment\",\"target\":[\"https:\\\/\\\/www.p31noticias.com.br\\\/?p=21881#respond\"]}],\"copyrightYear\":\"2020\",\"copyrightHolder\":{\"@id\":\"https:\\\/\\\/www.p31noticias.com.br\\\/#organization\"}},{\"@type\":\"WebPage\",\"@id\":\"https:\\\/\\\/www.p31noticias.com.br\\\/?p=21881\",\"url\":\"https:\\\/\\\/www.p31noticias.com.br\\\/?p=21881\",\"name\":\"DF \u00e9 o lugar mais r\u00e1pido para se abrir uma empresa no Brasil - P31\",\"isPartOf\":{\"@id\":\"https:\\\/\\\/www.p31noticias.com.br\\\/#website\"},\"primaryImageOfPage\":{\"@id\":\"https:\\\/\\\/www.p31noticias.com.br\\\/?p=21881#primaryimage\"},\"image\":{\"@id\":\"https:\\\/\\\/www.p31noticias.com.br\\\/?p=21881#primaryimage\"},\"thumbnailUrl\":\"https:\\\/\\\/www.p31noticias.com.br\\\/wp-content\\\/uploads\\\/2020\\\/05\\\/empresa.jpg\",\"datePublished\":\"2020-05-04T13:05:33+00:00\",\"author\":{\"@id\":\"https:\\\/\\\/www.p31noticias.com.br\\\/#\\\/schema\\\/person\\\/77d6b186c710ac38937c6ec204fdd387\"},\"breadcrumb\":{\"@id\":\"https:\\\/\\\/www.p31noticias.com.br\\\/?p=21881#breadcrumb\"},\"inLanguage\":\"pt-BR\",\"potentialAction\":[{\"@type\":\"ReadAction\",\"target\":[\"https:\\\/\\\/www.p31noticias.com.br\\\/?p=21881\"]}]},{\"@type\":\"ImageObject\",\"inLanguage\":\"pt-BR\",\"@id\":\"https:\\\/\\\/www.p31noticias.com.br\\\/?p=21881#primaryimage\",\"url\":\"https:\\\/\\\/www.p31noticias.com.br\\\/wp-content\\\/uploads\\\/2020\\\/05\\\/empresa.jpg\",\"contentUrl\":\"https:\\\/\\\/www.p31noticias.com.br\\\/wp-content\\\/uploads\\\/2020\\\/05\\\/empresa.jpg\",\"width\":800,\"height\":449},{\"@type\":\"BreadcrumbList\",\"@id\":\"https:\\\/\\\/www.p31noticias.com.br\\\/?p=21881#breadcrumb\",\"itemListElement\":[{\"@type\":\"ListItem\",\"position\":1,\"name\":\"In\u00edcio\",\"item\":\"https:\\\/\\\/www.p31noticias.com.br\\\/\"},{\"@type\":\"ListItem\",\"position\":2,\"name\":\"DF \u00e9 o lugar mais r\u00e1pido para se abrir uma empresa no Brasil\"}]},{\"@type\":\"WebSite\",\"@id\":\"https:\\\/\\\/www.p31noticias.com.br\\\/#website\",\"url\":\"https:\\\/\\\/www.p31noticias.com.br\\\/\",\"name\":\"P31\",\"description\":\"NOT\u00cdCIAS\",\"potentialAction\":[{\"@type\":\"SearchAction\",\"target\":{\"@type\":\"EntryPoint\",\"urlTemplate\":\"https:\\\/\\\/www.p31noticias.com.br\\\/?s={search_term_string}\"},\"query-input\":{\"@type\":\"PropertyValueSpecification\",\"valueRequired\":true,\"valueName\":\"search_term_string\"}}],\"inLanguage\":\"pt-BR\"},{\"@type\":\"Person\",\"@id\":\"https:\\\/\\\/www.p31noticias.com.br\\\/#\\\/schema\\\/person\\\/77d6b186c710ac38937c6ec204fdd387\",\"name\":\"Reda\u00e7\u00e3o JBN\",\"image\":{\"@type\":\"ImageObject\",\"inLanguage\":\"pt-BR\",\"@id\":\"https:\\\/\\\/secure.gravatar.com\\\/avatar\\\/10fcdb93211f98cce3d64c0795b0915a9a4a21dc0f279238995a3dbfafcad090?s=96&d=mm&r=g\",\"url\":\"https:\\\/\\\/secure.gravatar.com\\\/avatar\\\/10fcdb93211f98cce3d64c0795b0915a9a4a21dc0f279238995a3dbfafcad090?s=96&d=mm&r=g\",\"contentUrl\":\"https:\\\/\\\/secure.gravatar.com\\\/avatar\\\/10fcdb93211f98cce3d64c0795b0915a9a4a21dc0f279238995a3dbfafcad090?s=96&d=mm&r=g\",\"caption\":\"Reda\u00e7\u00e3o JBN\"},\"sameAs\":[\"https:\\\/\\\/p31noticias.com.br\"],\"url\":\"https:\\\/\\\/www.p31noticias.com.br\\\/?author=18\"}]}<\/script>\n<!-- \/ Yoast SEO Premium plugin. -->","yoast_head_json":{"title":"DF \u00e9 o lugar mais r\u00e1pido para se abrir uma empresa no Brasil - P31","robots":{"index":"index","follow":"follow","max-snippet":"max-snippet:-1","max-image-preview":"max-image-preview:large","max-video-preview":"max-video-preview:-1"},"canonical":"https:\/\/www.p31noticias.com.br\/?p=21881","og_locale":"pt_BR","og_type":"article","og_title":"DF \u00e9 o lugar mais r\u00e1pido para se abrir uma empresa no Brasil","og_description":"Entre as unidades federativas participantes do sistema p\u00fablico de registro empresarial e formaliza\u00e7\u00e3o de empresas, a capital do pa\u00eds est\u00e1 em primeiro em tempo de an\u00e1lise de processos Em mar\u00e7o deste ano, empreendedores e contadores levaram, em m\u00e9dia, menos de seis horas entre a entrada do pedido de abertura de neg\u00f3cios nas administra\u00e7\u00f5es regionais e [&hellip;]","og_url":"https:\/\/www.p31noticias.com.br\/?p=21881","og_site_name":"P31","article_published_time":"2020-05-04T13:05:33+00:00","og_image":[{"width":800,"height":449,"url":"https:\/\/www.p31noticias.com.br\/wp-content\/uploads\/2020\/05\/empresa.jpg","type":"image\/jpeg"}],"author":"Reda\u00e7\u00e3o JBN","twitter_card":"summary_large_image","twitter_misc":{"Escrito por":"Reda\u00e7\u00e3o JBN","Est. tempo de leitura":"3 minutos"},"schema":{"@context":"https:\/\/schema.org","@graph":[{"@type":"Article","@id":"https:\/\/www.p31noticias.com.br\/?p=21881#article","isPartOf":{"@id":"https:\/\/www.p31noticias.com.br\/?p=21881"},"author":{"name":"Reda\u00e7\u00e3o JBN","@id":"https:\/\/www.p31noticias.com.br\/#\/schema\/person\/77d6b186c710ac38937c6ec204fdd387"},"headline":"DF \u00e9 o lugar mais r\u00e1pido para se abrir uma empresa no Brasil","datePublished":"2020-05-04T13:05:33+00:00","mainEntityOfPage":{"@id":"https:\/\/www.p31noticias.com.br\/?p=21881"},"wordCount":680,"commentCount":0,"image":{"@id":"https:\/\/www.p31noticias.com.br\/?p=21881#primaryimage"},"thumbnailUrl":"https:\/\/www.p31noticias.com.br\/wp-content\/uploads\/2020\/05\/empresa.jpg","articleSection":["Outros"],"inLanguage":"pt-BR","potentialAction":[{"@type":"CommentAction","name":"Comment","target":["https:\/\/www.p31noticias.com.br\/?p=21881#respond"]}],"copyrightYear":"2020","copyrightHolder":{"@id":"https:\/\/www.p31noticias.com.br\/#organization"}},{"@type":"WebPage","@id":"https:\/\/www.p31noticias.com.br\/?p=21881","url":"https:\/\/www.p31noticias.com.br\/?p=21881","name":"DF \u00e9 o lugar mais r\u00e1pido para se abrir uma empresa no Brasil - P31","isPartOf":{"@id":"https:\/\/www.p31noticias.com.br\/#website"},"primaryImageOfPage":{"@id":"https:\/\/www.p31noticias.com.br\/?p=21881#primaryimage"},"image":{"@id":"https:\/\/www.p31noticias.com.br\/?p=21881#primaryimage"},"thumbnailUrl":"https:\/\/www.p31noticias.com.br\/wp-content\/uploads\/2020\/05\/empresa.jpg","datePublished":"2020-05-04T13:05:33+00:00","author":{"@id":"https:\/\/www.p31noticias.com.br\/#\/schema\/person\/77d6b186c710ac38937c6ec204fdd387"},"breadcrumb":{"@id":"https:\/\/www.p31noticias.com.br\/?p=21881#breadcrumb"},"inLanguage":"pt-BR","potentialAction":[{"@type":"ReadAction","target":["https:\/\/www.p31noticias.com.br\/?p=21881"]}]},{"@type":"ImageObject","inLanguage":"pt-BR","@id":"https:\/\/www.p31noticias.com.br\/?p=21881#primaryimage","url":"https:\/\/www.p31noticias.com.br\/wp-content\/uploads\/2020\/05\/empresa.jpg","contentUrl":"https:\/\/www.p31noticias.com.br\/wp-content\/uploads\/2020\/05\/empresa.jpg","width":800,"height":449},{"@type":"BreadcrumbList","@id":"https:\/\/www.p31noticias.com.br\/?p=21881#breadcrumb","itemListElement":[{"@type":"ListItem","position":1,"name":"In\u00edcio","item":"https:\/\/www.p31noticias.com.br\/"},{"@type":"ListItem","position":2,"name":"DF \u00e9 o lugar mais r\u00e1pido para se abrir uma empresa no Brasil"}]},{"@type":"WebSite","@id":"https:\/\/www.p31noticias.com.br\/#website","url":"https:\/\/www.p31noticias.com.br\/","name":"P31","description":"NOT\u00cdCIAS","potentialAction":[{"@type":"SearchAction","target":{"@type":"EntryPoint","urlTemplate":"https:\/\/www.p31noticias.com.br\/?s={search_term_string}"},"query-input":{"@type":"PropertyValueSpecification","valueRequired":true,"valueName":"search_term_string"}}],"inLanguage":"pt-BR"},{"@type":"Person","@id":"https:\/\/www.p31noticias.com.br\/#\/schema\/person\/77d6b186c710ac38937c6ec204fdd387","name":"Reda\u00e7\u00e3o JBN","image":{"@type":"ImageObject","inLanguage":"pt-BR","@id":"https:\/\/secure.gravatar.com\/avatar\/10fcdb93211f98cce3d64c0795b0915a9a4a21dc0f279238995a3dbfafcad090?s=96&d=mm&r=g","url":"https:\/\/secure.gravatar.com\/avatar\/10fcdb93211f98cce3d64c0795b0915a9a4a21dc0f279238995a3dbfafcad090?s=96&d=mm&r=g","contentUrl":"https:\/\/secure.gravatar.com\/avatar\/10fcdb93211f98cce3d64c0795b0915a9a4a21dc0f279238995a3dbfafcad090?s=96&d=mm&r=g","caption":"Reda\u00e7\u00e3o JBN"},"sameAs":["https:\/\/p31noticias.com.br"],"url":"https:\/\/www.p31noticias.com.br\/?author=18"}]}},"amp_enabled":true,"_links":{"self":[{"href":"https:\/\/www.p31noticias.com.br\/index.php?rest_route=\/wp\/v2\/posts\/21881","targetHints":{"allow":["GET"]}}],"collection":[{"href":"https:\/\/www.p31noticias.com.br\/index.php?rest_route=\/wp\/v2\/posts"}],"about":[{"href":"https:\/\/www.p31noticias.com.br\/index.php?rest_route=\/wp\/v2\/types\/post"}],"author":[{"embeddable":true,"href":"https:\/\/www.p31noticias.com.br\/index.php?rest_route=\/wp\/v2\/users\/18"}],"replies":[{"embeddable":true,"href":"https:\/\/www.p31noticias.com.br\/index.php?rest_route=%2Fwp%2Fv2%2Fcomments&post=21881"}],"version-history":[{"count":0,"href":"https:\/\/www.p31noticias.com.br\/index.php?rest_route=\/wp\/v2\/posts\/21881\/revisions"}],"wp:featuredmedia":[{"embeddable":true,"href":"https:\/\/www.p31noticias.com.br\/index.php?rest_route=\/wp\/v2\/media\/21882"}],"wp:attachment":[{"href":"https:\/\/www.p31noticias.com.br\/index.php?rest_route=%2Fwp%2Fv2%2Fmedia&parent=21881"}],"wp:term":[{"taxonomy":"category","embeddable":true,"href":"https:\/\/www.p31noticias.com.br\/index.php?rest_route=%2Fwp%2Fv2%2Fcategories&post=21881"},{"taxonomy":"post_tag","embeddable":true,"href":"https:\/\/www.p31noticias.com.br\/index.php?rest_route=%2Fwp%2Fv2%2Ftags&post=21881"}],"curies":[{"name":"wp","href":"https:\/\/api.w.org\/{rel}","templated":true}]}}