{"id":21875,"date":"2020-05-03T10:10:19","date_gmt":"2020-05-03T13:10:19","guid":{"rendered":"https:\/\/jornaldoplanalto.com.br\/web\/?p=21875"},"modified":"2020-05-03T10:10:19","modified_gmt":"2020-05-03T13:10:19","slug":"comercio-segue-fechado-ate-o-dia-10-no-df","status":"publish","type":"post","link":"https:\/\/www.p31noticias.com.br\/?p=21875","title":{"rendered":"Com\u00e9rcio segue fechado at\u00e9 o dia 10 no DF"},"content":{"rendered":"<div><em><strong>A ideia de amplia\u00e7\u00e3o da restri\u00e7\u00e3o \u00e9 dar mais tempo aos empres\u00e1rios para executar a testagem de todos os empregados antes de coloc\u00e1-los de volta \u00e0 ativa<\/strong><\/em><\/div>\n<p>Com o registro de mais de 1,5 mil casos do novo coronav\u00edrus, o Governo do Distrito Federal segue com cautela antes de liberar a circula\u00e7\u00e3o em massa pelas ruas das 34 regi\u00f5es administrativas. Neste s\u00e1bado (2), em edi\u00e7\u00e3o extra do\u00a0<em>Di\u00e1rio Oficial<\/em>, foi publicado o Decreto n\u00ba 40.674, que determina a manuten\u00e7\u00e3o do fechamento de boa parte do com\u00e9rcio por mais uma semana.<\/p>\n<p>O texto altera a reda\u00e7\u00e3o do Decreto n\u00ba 40.583, publicado em 1\u00ba de abril, e amplia a suspens\u00e3o da atividades dos estabelecimentos at\u00e9 o dia 10 de maio. A ideia \u00e9 dar mais tempo aos empres\u00e1rios para executar a testagem de todos os empregados antes de coloc\u00e1-los de volta \u00e0 ativa.<\/p>\n<p><strong>Testagem em massa<\/strong><\/p>\n<p>O executivo local tamb\u00e9m se empenha ampliando o n\u00famero de exames de detec\u00e7\u00e3o da doen\u00e7a. At\u00e9 o momento, segundo dados da Secretaria de Sa\u00fade, mais de 43,7 mil pessoas com sintomas do Covid-19 j\u00e1 foram testadas.<\/p>\n<p>A partir de segunda-feira (4), novos pontos de testagem em massa ser\u00e3o abertos no Gama e Planaltina. Com isso, dez locais estar\u00e3o dispon\u00edveis \u00e0 popula\u00e7\u00e3o do DF para verificar poss\u00edvel infec\u00e7\u00e3o do v\u00edrus. (Confira a lista completa abaixo).<\/p>\n<p><strong>Distribui\u00e7\u00e3o de m\u00e1scaras<\/strong><\/p>\n<p>Na quinta-feira passada (30\/4), data em que o uso de m\u00e1scaras passou a ser obrigat\u00f3rio em todo o DF, o governo iniciou a distribui\u00e7\u00e3o gratuita de mais de um milh\u00e3o de equipamentos de prote\u00e7\u00e3o respirat\u00f3ria. Os modelos faciais come\u00e7aram a ser entregues em terminais rodovi\u00e1rios e esta\u00e7\u00f5es do metr\u00f4.<\/p>\n<p>\u201cFocamos agora no transporte p\u00fablico porque \u00e9 um ponto de maior fluxo de pessoas. Mas h\u00e1 a possibilidade de, num segundo momento, levarmos a distribui\u00e7\u00e3o para outros locais\u201d, afirmou o secret\u00e1rio de Governo, Jos\u00e9 Humberto Pires. \u201cN\u00e3o \u00e9, por\u00e9m, para as pessoas irem buscar m\u00e1scaras nesses locais. Nossa proposta \u00e9 entregar para quem est\u00e1 desprotegido, transitando nesses pontos\u201d, alerta.<\/p>\n<p>As m\u00e1scaras s\u00e3o \u201clav\u00e1veis e reutiliz\u00e1veis\u201d e est\u00e3o sendo entregues somente \u00e0s pessoas que n\u00e3o tenham condi\u00e7\u00f5es de acesso ao produto, limitado ao estoque dispon\u00edvel diariamente.<\/p>\n<p><strong>Lista dos dez pontos de testagem:<\/strong><\/p>\n<p><strong>1. Para moradores de \u00c1guas Claras, Taguatinga, Vicente Pires e Arniqueiras:<\/strong><\/p>\n<p>\u2013 Unieuro<\/p>\n<p><strong>2. Moradores das asas Sul e Norte, Sudoeste, Cruzeiro\/Octogonal e Noroeste:<\/strong><\/p>\n<p>\u2013 Estacionamento 13 do Parque da Cidade<\/p>\n<p><strong>3. Moradores do Lago Sul, S\u00e3o Sebasti\u00e3o, Itapo\u00e3, Parano\u00e1, Jardim Bot\u00e2nico e Jardins Mangueiral:<\/strong><\/p>\n<p>\u2013 Par\u00f3quia S\u00e3o Pedro de Alc\u00e2ntara \u2013 St. de Habita\u00e7\u00f5es Individuais Sul EQI 7\/9, Lago Sul<\/p>\n<p><strong>4. Moradores do Lago Norte, Varj\u00e3o e Granja do Torto:<\/strong><\/p>\n<p>\u2013 Iguatemi Shopping<\/p>\n<p><strong>5. Moradores do Guar\u00e1, N\u00facleo Bandeirante, Candangol\u00e2ndia e Park Sul:<\/strong><\/p>\n<p>\u2013 Park Shopping<\/p>\n<p><strong>6. Moradores de Ceil\u00e2ndia, Por do Sol e Sol Nascente:<\/strong><\/p>\n<p>\u2013 IESB Unidade Ceil\u00e2ndia<\/p>\n<p><strong>7. Moradores de Ceil\u00e2ndia e Taguatinga:<\/strong><\/p>\n<p>\u2013 JK Shopping<\/p>\n<p><strong>8. Moradores de Sobradinho I, II e Fercal:<\/strong><\/p>\n<p>\u2013 SESI \u2013 AE 03 \u2013 Lotes A\/F \u2013 Q 13 \u2013 Parque dos Jequitib\u00e1s, Sobradinho<\/p>\n<p><strong>9. Moradores de Planaltina:<\/strong><\/p>\n<p>\u2013 Loja Ma\u00e7\u00f4nica 7 de Setembro, pr\u00f3xima ao Hospital Regional de Planaltina<\/p>\n<p><strong>10. Moradores do Gama e Santa Maria:<\/strong><\/p>\n<p>\u2013 Est\u00e1dio Bezerr\u00e3o<\/p>\n<p><strong>Atividades suspensas at\u00e9 o dia 10 de maio:<\/strong><\/p>\n<p>\u2013 Eventos de qualquer natureza, que exijam licen\u00e7a do poder p\u00fablico;<br \/>\n\u2013 Eventos esportivos;<br \/>\n\u2013 Cinema e teatro;<br \/>\n\u2013 Academias;<br \/>\n\u2013 Museus;<br \/>\n\u2013 Zool\u00f3gico;<br \/>\n\u2013 Parques recreativos, urbanos e vivenciais;<br \/>\n\u2013 Boates e casas noturnas;<br \/>\n\u2013 Shopping centeres;<br \/>\n\u2013 Igrejas;<br \/>\n\u2013 Bares e restaurantes (permitido apenas delivery);<br \/>\n\u2013 Sal\u00f5es de beleza;<br \/>\n\u2013 Foodtrucks;<br \/>\n\u2013 Com\u00e9rcio ambulante em geral.<\/p>\n<p><strong>Funcionamento permitido, atendendo \u00e0s orienta\u00e7\u00f5es sanit\u00e1rias:<\/strong><\/p>\n<p>\u2013 Feiras permanentes e populares apenas para venda de produtos aliment\u00edcios;<br \/>\n\u2013 Cl\u00ednicas m\u00e9dicas, laborat\u00f3rios, consult\u00f3rios e fam\u00e1rcias;<br \/>\n\u2013 Cl\u00ednicas veterin\u00e1rias, petshops e lojas de medicamentos veterin\u00e1rios;<br \/>\n\u2013 Supermercados, mercearias, hortifrutigranjeiros, a\u00e7ougues, peixarias, com\u00e9rcio de produtos naturais, com\u00e9rcio de venda de suplementos e formulas alimentares;<br \/>\n\u2013 Lojas de material de constru\u00e7\u00e3o e lojas de eletrodom\u00e9sticos;<br \/>\n\u2013 Postos de combust\u00edvel;<br \/>\n\u2013 Com\u00e9rcio do segmento de ve\u00edculos automotores;<br \/>\n\u2013 Empresas de tecnologia, exceto lojas de equipamentos e suprimentos de inform\u00e1tica;<\/p>\n<p>\u2013 Empresas envolvidas no combate \u00e0 pandemia do novo coronav\u00edrus e\/ou \u00e0 dengue;<br \/>\n\u2013 Funer\u00e1rias e servi\u00e7os relacionados;<br \/>\n\u2013 lot\u00e9ricas, ag\u00eancias banc\u00e1rias e correspondente banc\u00e1rios.<\/p>\n<p><em>(Renata Moura, da Ag\u00eancia Bras\u00edlia. Foto: Marcelo Casal Jr.\/Ag\u00eancia Brasil)<\/em><\/p>\n","protected":false},"excerpt":{"rendered":"<p>A ideia de amplia\u00e7\u00e3o da restri\u00e7\u00e3o \u00e9 dar mais tempo aos empres\u00e1rios para executar a testagem de todos os empregados antes de coloc\u00e1-los de volta \u00e0 ativa Com o registro de mais de 1,5 mil casos do novo coronav\u00edrus, o Governo do Distrito Federal segue com cautela antes de liberar a circula\u00e7\u00e3o em massa pelas [&hellip;]<\/p>\n","protected":false},"author":18,"featured_media":21876,"comment_status":"open","ping_status":"open","sticky":false,"template":"","format":"standard","meta":{"footnotes":""},"categories":[1],"tags":[],"class_list":{"0":"post-21875","1":"post","2":"type-post","3":"status-publish","4":"format-standard","5":"has-post-thumbnail","7":"category-outros"},"yoast_head":"<!-- This site is optimized with the Yoast SEO Premium plugin v24.5 (Yoast SEO v27.5) - https:\/\/yoast.com\/product\/yoast-seo-premium-wordpress\/ -->\n<title>Com\u00e9rcio segue fechado at\u00e9 o dia 10 no DF - P31<\/title>\n<meta name=\"robots\" content=\"index, follow, max-snippet:-1, max-image-preview:large, max-video-preview:-1\" \/>\n<link rel=\"canonical\" href=\"https:\/\/www.p31noticias.com.br\/?p=21875\" \/>\n<meta property=\"og:locale\" content=\"pt_BR\" \/>\n<meta property=\"og:type\" content=\"article\" \/>\n<meta property=\"og:title\" content=\"Com\u00e9rcio segue fechado at\u00e9 o dia 10 no DF\" \/>\n<meta property=\"og:description\" content=\"A ideia de amplia\u00e7\u00e3o da restri\u00e7\u00e3o \u00e9 dar mais tempo aos empres\u00e1rios para executar a testagem de todos os empregados antes de coloc\u00e1-los de volta \u00e0 ativa Com o registro de mais de 1,5 mil casos do novo coronav\u00edrus, o Governo do Distrito Federal segue com cautela antes de liberar a circula\u00e7\u00e3o em massa pelas [&hellip;]\" \/>\n<meta property=\"og:url\" content=\"https:\/\/www.p31noticias.com.br\/?p=21875\" \/>\n<meta property=\"og:site_name\" content=\"P31\" \/>\n<meta property=\"article:published_time\" content=\"2020-05-03T13:10:19+00:00\" \/>\n<meta property=\"og:image\" content=\"https:\/\/www.p31noticias.com.br\/wp-content\/uploads\/2020\/05\/comercio.jpeg\" \/>\n\t<meta property=\"og:image:width\" content=\"1050\" \/>\n\t<meta property=\"og:image:height\" content=\"700\" \/>\n\t<meta property=\"og:image:type\" content=\"image\/jpeg\" \/>\n<meta name=\"author\" content=\"Reda\u00e7\u00e3o JBN\" \/>\n<meta name=\"twitter:card\" content=\"summary_large_image\" \/>\n<meta name=\"twitter:label1\" content=\"Escrito por\" \/>\n\t<meta name=\"twitter:data1\" content=\"Reda\u00e7\u00e3o JBN\" \/>\n\t<meta name=\"twitter:label2\" content=\"Est. tempo de leitura\" \/>\n\t<meta name=\"twitter:data2\" content=\"4 minutos\" \/>\n<script type=\"application\/ld+json\" class=\"yoast-schema-graph\">{\"@context\":\"https:\\\/\\\/schema.org\",\"@graph\":[{\"@type\":\"Article\",\"@id\":\"https:\\\/\\\/www.p31noticias.com.br\\\/?p=21875#article\",\"isPartOf\":{\"@id\":\"https:\\\/\\\/www.p31noticias.com.br\\\/?p=21875\"},\"author\":{\"name\":\"Reda\u00e7\u00e3o JBN\",\"@id\":\"https:\\\/\\\/www.p31noticias.com.br\\\/#\\\/schema\\\/person\\\/77d6b186c710ac38937c6ec204fdd387\"},\"headline\":\"Com\u00e9rcio segue fechado at\u00e9 o dia 10 no DF\",\"datePublished\":\"2020-05-03T13:10:19+00:00\",\"mainEntityOfPage\":{\"@id\":\"https:\\\/\\\/www.p31noticias.com.br\\\/?p=21875\"},\"wordCount\":749,\"commentCount\":0,\"image\":{\"@id\":\"https:\\\/\\\/www.p31noticias.com.br\\\/?p=21875#primaryimage\"},\"thumbnailUrl\":\"https:\\\/\\\/www.p31noticias.com.br\\\/wp-content\\\/uploads\\\/2020\\\/05\\\/comercio.jpeg\",\"articleSection\":[\"Outros\"],\"inLanguage\":\"pt-BR\",\"potentialAction\":[{\"@type\":\"CommentAction\",\"name\":\"Comment\",\"target\":[\"https:\\\/\\\/www.p31noticias.com.br\\\/?p=21875#respond\"]}],\"copyrightYear\":\"2020\",\"copyrightHolder\":{\"@id\":\"https:\\\/\\\/www.p31noticias.com.br\\\/#organization\"}},{\"@type\":\"WebPage\",\"@id\":\"https:\\\/\\\/www.p31noticias.com.br\\\/?p=21875\",\"url\":\"https:\\\/\\\/www.p31noticias.com.br\\\/?p=21875\",\"name\":\"Com\u00e9rcio segue fechado at\u00e9 o dia 10 no DF - P31\",\"isPartOf\":{\"@id\":\"https:\\\/\\\/www.p31noticias.com.br\\\/#website\"},\"primaryImageOfPage\":{\"@id\":\"https:\\\/\\\/www.p31noticias.com.br\\\/?p=21875#primaryimage\"},\"image\":{\"@id\":\"https:\\\/\\\/www.p31noticias.com.br\\\/?p=21875#primaryimage\"},\"thumbnailUrl\":\"https:\\\/\\\/www.p31noticias.com.br\\\/wp-content\\\/uploads\\\/2020\\\/05\\\/comercio.jpeg\",\"datePublished\":\"2020-05-03T13:10:19+00:00\",\"author\":{\"@id\":\"https:\\\/\\\/www.p31noticias.com.br\\\/#\\\/schema\\\/person\\\/77d6b186c710ac38937c6ec204fdd387\"},\"breadcrumb\":{\"@id\":\"https:\\\/\\\/www.p31noticias.com.br\\\/?p=21875#breadcrumb\"},\"inLanguage\":\"pt-BR\",\"potentialAction\":[{\"@type\":\"ReadAction\",\"target\":[\"https:\\\/\\\/www.p31noticias.com.br\\\/?p=21875\"]}]},{\"@type\":\"ImageObject\",\"inLanguage\":\"pt-BR\",\"@id\":\"https:\\\/\\\/www.p31noticias.com.br\\\/?p=21875#primaryimage\",\"url\":\"https:\\\/\\\/www.p31noticias.com.br\\\/wp-content\\\/uploads\\\/2020\\\/05\\\/comercio.jpeg\",\"contentUrl\":\"https:\\\/\\\/www.p31noticias.com.br\\\/wp-content\\\/uploads\\\/2020\\\/05\\\/comercio.jpeg\",\"width\":1050,\"height\":700},{\"@type\":\"BreadcrumbList\",\"@id\":\"https:\\\/\\\/www.p31noticias.com.br\\\/?p=21875#breadcrumb\",\"itemListElement\":[{\"@type\":\"ListItem\",\"position\":1,\"name\":\"In\u00edcio\",\"item\":\"https:\\\/\\\/www.p31noticias.com.br\\\/\"},{\"@type\":\"ListItem\",\"position\":2,\"name\":\"Com\u00e9rcio segue fechado at\u00e9 o dia 10 no DF\"}]},{\"@type\":\"WebSite\",\"@id\":\"https:\\\/\\\/www.p31noticias.com.br\\\/#website\",\"url\":\"https:\\\/\\\/www.p31noticias.com.br\\\/\",\"name\":\"P31\",\"description\":\"NOT\u00cdCIAS\",\"potentialAction\":[{\"@type\":\"SearchAction\",\"target\":{\"@type\":\"EntryPoint\",\"urlTemplate\":\"https:\\\/\\\/www.p31noticias.com.br\\\/?s={search_term_string}\"},\"query-input\":{\"@type\":\"PropertyValueSpecification\",\"valueRequired\":true,\"valueName\":\"search_term_string\"}}],\"inLanguage\":\"pt-BR\"},{\"@type\":\"Person\",\"@id\":\"https:\\\/\\\/www.p31noticias.com.br\\\/#\\\/schema\\\/person\\\/77d6b186c710ac38937c6ec204fdd387\",\"name\":\"Reda\u00e7\u00e3o JBN\",\"image\":{\"@type\":\"ImageObject\",\"inLanguage\":\"pt-BR\",\"@id\":\"https:\\\/\\\/secure.gravatar.com\\\/avatar\\\/10fcdb93211f98cce3d64c0795b0915a9a4a21dc0f279238995a3dbfafcad090?s=96&d=mm&r=g\",\"url\":\"https:\\\/\\\/secure.gravatar.com\\\/avatar\\\/10fcdb93211f98cce3d64c0795b0915a9a4a21dc0f279238995a3dbfafcad090?s=96&d=mm&r=g\",\"contentUrl\":\"https:\\\/\\\/secure.gravatar.com\\\/avatar\\\/10fcdb93211f98cce3d64c0795b0915a9a4a21dc0f279238995a3dbfafcad090?s=96&d=mm&r=g\",\"caption\":\"Reda\u00e7\u00e3o JBN\"},\"sameAs\":[\"https:\\\/\\\/p31noticias.com.br\"],\"url\":\"https:\\\/\\\/www.p31noticias.com.br\\\/?author=18\"}]}<\/script>\n<!-- \/ Yoast SEO Premium plugin. -->","yoast_head_json":{"title":"Com\u00e9rcio segue fechado at\u00e9 o dia 10 no DF - P31","robots":{"index":"index","follow":"follow","max-snippet":"max-snippet:-1","max-image-preview":"max-image-preview:large","max-video-preview":"max-video-preview:-1"},"canonical":"https:\/\/www.p31noticias.com.br\/?p=21875","og_locale":"pt_BR","og_type":"article","og_title":"Com\u00e9rcio segue fechado at\u00e9 o dia 10 no DF","og_description":"A ideia de amplia\u00e7\u00e3o da restri\u00e7\u00e3o \u00e9 dar mais tempo aos empres\u00e1rios para executar a testagem de todos os empregados antes de coloc\u00e1-los de volta \u00e0 ativa Com o registro de mais de 1,5 mil casos do novo coronav\u00edrus, o Governo do Distrito Federal segue com cautela antes de liberar a circula\u00e7\u00e3o em massa pelas [&hellip;]","og_url":"https:\/\/www.p31noticias.com.br\/?p=21875","og_site_name":"P31","article_published_time":"2020-05-03T13:10:19+00:00","og_image":[{"width":1050,"height":700,"url":"https:\/\/www.p31noticias.com.br\/wp-content\/uploads\/2020\/05\/comercio.jpeg","type":"image\/jpeg"}],"author":"Reda\u00e7\u00e3o JBN","twitter_card":"summary_large_image","twitter_misc":{"Escrito por":"Reda\u00e7\u00e3o JBN","Est. tempo de leitura":"4 minutos"},"schema":{"@context":"https:\/\/schema.org","@graph":[{"@type":"Article","@id":"https:\/\/www.p31noticias.com.br\/?p=21875#article","isPartOf":{"@id":"https:\/\/www.p31noticias.com.br\/?p=21875"},"author":{"name":"Reda\u00e7\u00e3o JBN","@id":"https:\/\/www.p31noticias.com.br\/#\/schema\/person\/77d6b186c710ac38937c6ec204fdd387"},"headline":"Com\u00e9rcio segue fechado at\u00e9 o dia 10 no DF","datePublished":"2020-05-03T13:10:19+00:00","mainEntityOfPage":{"@id":"https:\/\/www.p31noticias.com.br\/?p=21875"},"wordCount":749,"commentCount":0,"image":{"@id":"https:\/\/www.p31noticias.com.br\/?p=21875#primaryimage"},"thumbnailUrl":"https:\/\/www.p31noticias.com.br\/wp-content\/uploads\/2020\/05\/comercio.jpeg","articleSection":["Outros"],"inLanguage":"pt-BR","potentialAction":[{"@type":"CommentAction","name":"Comment","target":["https:\/\/www.p31noticias.com.br\/?p=21875#respond"]}],"copyrightYear":"2020","copyrightHolder":{"@id":"https:\/\/www.p31noticias.com.br\/#organization"}},{"@type":"WebPage","@id":"https:\/\/www.p31noticias.com.br\/?p=21875","url":"https:\/\/www.p31noticias.com.br\/?p=21875","name":"Com\u00e9rcio segue fechado at\u00e9 o dia 10 no DF - P31","isPartOf":{"@id":"https:\/\/www.p31noticias.com.br\/#website"},"primaryImageOfPage":{"@id":"https:\/\/www.p31noticias.com.br\/?p=21875#primaryimage"},"image":{"@id":"https:\/\/www.p31noticias.com.br\/?p=21875#primaryimage"},"thumbnailUrl":"https:\/\/www.p31noticias.com.br\/wp-content\/uploads\/2020\/05\/comercio.jpeg","datePublished":"2020-05-03T13:10:19+00:00","author":{"@id":"https:\/\/www.p31noticias.com.br\/#\/schema\/person\/77d6b186c710ac38937c6ec204fdd387"},"breadcrumb":{"@id":"https:\/\/www.p31noticias.com.br\/?p=21875#breadcrumb"},"inLanguage":"pt-BR","potentialAction":[{"@type":"ReadAction","target":["https:\/\/www.p31noticias.com.br\/?p=21875"]}]},{"@type":"ImageObject","inLanguage":"pt-BR","@id":"https:\/\/www.p31noticias.com.br\/?p=21875#primaryimage","url":"https:\/\/www.p31noticias.com.br\/wp-content\/uploads\/2020\/05\/comercio.jpeg","contentUrl":"https:\/\/www.p31noticias.com.br\/wp-content\/uploads\/2020\/05\/comercio.jpeg","width":1050,"height":700},{"@type":"BreadcrumbList","@id":"https:\/\/www.p31noticias.com.br\/?p=21875#breadcrumb","itemListElement":[{"@type":"ListItem","position":1,"name":"In\u00edcio","item":"https:\/\/www.p31noticias.com.br\/"},{"@type":"ListItem","position":2,"name":"Com\u00e9rcio segue fechado at\u00e9 o dia 10 no DF"}]},{"@type":"WebSite","@id":"https:\/\/www.p31noticias.com.br\/#website","url":"https:\/\/www.p31noticias.com.br\/","name":"P31","description":"NOT\u00cdCIAS","potentialAction":[{"@type":"SearchAction","target":{"@type":"EntryPoint","urlTemplate":"https:\/\/www.p31noticias.com.br\/?s={search_term_string}"},"query-input":{"@type":"PropertyValueSpecification","valueRequired":true,"valueName":"search_term_string"}}],"inLanguage":"pt-BR"},{"@type":"Person","@id":"https:\/\/www.p31noticias.com.br\/#\/schema\/person\/77d6b186c710ac38937c6ec204fdd387","name":"Reda\u00e7\u00e3o JBN","image":{"@type":"ImageObject","inLanguage":"pt-BR","@id":"https:\/\/secure.gravatar.com\/avatar\/10fcdb93211f98cce3d64c0795b0915a9a4a21dc0f279238995a3dbfafcad090?s=96&d=mm&r=g","url":"https:\/\/secure.gravatar.com\/avatar\/10fcdb93211f98cce3d64c0795b0915a9a4a21dc0f279238995a3dbfafcad090?s=96&d=mm&r=g","contentUrl":"https:\/\/secure.gravatar.com\/avatar\/10fcdb93211f98cce3d64c0795b0915a9a4a21dc0f279238995a3dbfafcad090?s=96&d=mm&r=g","caption":"Reda\u00e7\u00e3o JBN"},"sameAs":["https:\/\/p31noticias.com.br"],"url":"https:\/\/www.p31noticias.com.br\/?author=18"}]}},"amp_enabled":true,"_links":{"self":[{"href":"https:\/\/www.p31noticias.com.br\/index.php?rest_route=\/wp\/v2\/posts\/21875","targetHints":{"allow":["GET"]}}],"collection":[{"href":"https:\/\/www.p31noticias.com.br\/index.php?rest_route=\/wp\/v2\/posts"}],"about":[{"href":"https:\/\/www.p31noticias.com.br\/index.php?rest_route=\/wp\/v2\/types\/post"}],"author":[{"embeddable":true,"href":"https:\/\/www.p31noticias.com.br\/index.php?rest_route=\/wp\/v2\/users\/18"}],"replies":[{"embeddable":true,"href":"https:\/\/www.p31noticias.com.br\/index.php?rest_route=%2Fwp%2Fv2%2Fcomments&post=21875"}],"version-history":[{"count":0,"href":"https:\/\/www.p31noticias.com.br\/index.php?rest_route=\/wp\/v2\/posts\/21875\/revisions"}],"wp:featuredmedia":[{"embeddable":true,"href":"https:\/\/www.p31noticias.com.br\/index.php?rest_route=\/wp\/v2\/media\/21876"}],"wp:attachment":[{"href":"https:\/\/www.p31noticias.com.br\/index.php?rest_route=%2Fwp%2Fv2%2Fmedia&parent=21875"}],"wp:term":[{"taxonomy":"category","embeddable":true,"href":"https:\/\/www.p31noticias.com.br\/index.php?rest_route=%2Fwp%2Fv2%2Fcategories&post=21875"},{"taxonomy":"post_tag","embeddable":true,"href":"https:\/\/www.p31noticias.com.br\/index.php?rest_route=%2Fwp%2Fv2%2Ftags&post=21875"}],"curies":[{"name":"wp","href":"https:\/\/api.w.org\/{rel}","templated":true}]}}