{"id":21869,"date":"2020-05-02T10:19:26","date_gmt":"2020-05-02T13:19:26","guid":{"rendered":"https:\/\/jornaldoplanalto.com.br\/web\/?p=21869"},"modified":"2020-05-02T10:19:26","modified_gmt":"2020-05-02T13:19:26","slug":"quarentena-podera-aumentar-consumo-residencial-de-agua-e-energia","status":"publish","type":"post","link":"https:\/\/www.p31noticias.com.br\/?p=21869","title":{"rendered":"Quarentena poder\u00e1 aumentar consumo residencial de \u00e1gua e energia"},"content":{"rendered":"<p><em><strong>Alerta \u00e9 de especialistas, que recomendam mudan\u00e7a de h\u00e1bitos<\/strong><\/em><\/p>\n<p>O isolamento social, adotado como medida para conter a dissemina\u00e7\u00e3o do novo coronav\u00edrus (covid-19), tende a aumentar o consumo residencial de \u00e1gua e de energia el\u00e9trica. Apesar de, at\u00e9 o momento, n\u00e3o haver n\u00fameros oficiais em \u00e2mbito nacional sobre o impacto da doen\u00e7a nas contas pagas por esses servi\u00e7os, especialistas consultados pela Ag\u00eancia Brasil estimam que, dependendo do comportamento dos consumidores, o valor a ser pago poder\u00e1 aumentar, em m\u00e9dia, entre 10% e 20%.<\/p>\n<p>A expectativa \u00e9 de que, diante da nova situa\u00e7\u00e3o, haja tamb\u00e9m uma mudan\u00e7a nos h\u00e1bitos dos consumidores residenciais, na dire\u00e7\u00e3o de um consumo mais racional, consciente e econ\u00f4mico dos recursos naturais, o que possibilita, inclusive, a redu\u00e7\u00e3o dos valores a serem pagos por esses servi\u00e7os.<\/p>\n<p>\u201cAcreditamos que esse momento ser\u00e1 de grande aprendizado para quando tudo passar e que uma nova consci\u00eancia de consumo e de comportamento permanecer\u00e1. Estaremos sempre muito mais atentos a novas possibilidades de h\u00e1bitos e mais conscientes quanto ao uso racional e econ\u00f4mico dos recursos naturais\u201d, disse Oct\u00e1vio Brasil, da CAS Tecnologia, empresa que atua no desenvolvimento de solu\u00e7\u00f5es para redes de \u00e1gua e energia.<\/p>\n<h2>Mudan\u00e7a no padr\u00e3o de consumo<\/h2>\n<p>Segundo Oct\u00e1vio Brasil, diante das mudan\u00e7as de rotina causadas pela covid-19, houve uma mudan\u00e7a no padr\u00e3o de consumo, com forte redu\u00e7\u00e3o de demanda no com\u00e9rcio e na ind\u00fastria e crescimento do setor residencial.<\/p>\n<p>\u201cNormalmente nem todas as pessoas t\u00eam uma boa percep\u00e7\u00e3o de seu consumo de energia, \u00e1gua e g\u00e1s. Elas sabem quanto pagam, mas raramente conhecem o motivo e como fazer para economizar. Nesse momento, com muita gente trabalhando em casa, surpresas podem ocorrer, pois \u00e9 natural que o consumo seja alterado por causa do maior tempo de perman\u00eancia nas resid\u00eancias\u201d, disse.<\/p>\n<p>O especialista no entanto pondera que tudo depende do comportamento de cada consumidor. \u201cAlguns, com preocupa\u00e7\u00f5es financeiras devido a uma poss\u00edvel redu\u00e7\u00e3o de renda, podem estar mais atentos a todos os tipos de gastos. Outros, trabalhando em regime de home office, al\u00e9m da perman\u00eancia de toda a fam\u00edlia em casa, podem ter altera\u00e7\u00f5es entre 10% e 20% nessas contas. Mas, isso tamb\u00e9m depende do tamanho da fam\u00edlia e da quantidade de pessoas que residem no mesmo local\u201d.<\/p>\n<h2>Tarifa Branca<\/h2>\n<p>Oct\u00e1vio Brasil sugere, no caso da conta de energia, medidas que v\u00e3o al\u00e9m do uso consciente, para evitar o desperd\u00edcio. \u201c\u00c9 poss\u00edvel, ao consumidor, avaliar se \u00e9 vantagem aderir \u00e0 Tarifa Branca, pois o custo da energia \u00e9 mais barato nos hor\u00e1rios fora de ponta\u201d, referindo-se a essa modalidade vantajosa para aqueles que possam deslocar parte consider\u00e1vel do seu consumo de energia nesses per\u00edodos.<\/p>\n<p>\u201cCom a ado\u00e7\u00e3o [da Tarifa Branca], \u00e9 poss\u00edvel ter uma economia na conta de energia de at\u00e9 17%\u201d, acrescenta.<\/p>\n<p>Criada pela Ag\u00eancia Nacional de Energia El\u00e9trica (Aneel), a Tarifa Branca come\u00e7ou a vigorar em janeiro de 2020 para todos consumidores de baixa tens\u00e3o (em geral, resid\u00eancias e pequenos com\u00e9rcios).<\/p>\n<p>Nela, o valor da tarifa de energia varia de acordo com o hor\u00e1rio do seu consumo. Nos dias \u00fateis, o pre\u00e7o pago pela energia \u00e9 dividido em tr\u00eas faixas hor\u00e1rias de consumo. No hor\u00e1rio de ponta (17h30 \u00e0s 20h30), a tarifa fica mais cara que a tarifa convencional. Na faixa intermedi\u00e1ria (16h30 \u00e0s 17h30, retornando das 20h30 \u00e0s 21h30), o custo tamb\u00e9m \u00e9 maior.<\/p>\n<p>J\u00e1 no hor\u00e1rio fora de ponta (das 21h30 \u00e0s 16h30 do dia seguinte), a tarifa para o consumidor \u00e9 mais barata se comparada \u00e0 cobrada no modelo tradicional. S\u00e1bados, domingos e feriados contam como tarifa fora de ponta nas 24 horas do dia.<\/p>\n<p>Consumidores interessados em aderir a essa modalidade de tarifa precisam entrar em contato com a concession\u00e1ria de energia de sua regi\u00e3o. De acordo com a CAS Tecnologia, em um prazo de 30 dias ser\u00e1 instalado um novo medidor na unidade consumidora. A empresa, no entanto alerta que \u00e9 preciso aten\u00e7\u00e3o. &#8220;Se a energia for utilizada durante o hor\u00e1rio de ponta, a tarifa pode ficar at\u00e9 83% mais cara\u201d.<\/p>\n<h2>Conta de \u00e1gua<\/h2>\n<p>No caso da conta de \u00e1gua, especialmente nos condom\u00ednios, Oct\u00e1vio Brasil sugere a ado\u00e7\u00e3o de um sistema de medi\u00e7\u00e3o individualizada, por ser mais justo porque o valor pago \u00e9 correspondente ao consumo de cada resid\u00eancia, de forma a evitar que o custo do consumo excessivo de uma unidade acabe sendo arcado pelos demais cond\u00f4minos.<\/p>\n<p>Um levantamento apresentado pela CAS, feito pelo Grupo Hupert, que administra condom\u00ednios, aponta que o gasto com \u00e1gua \u00e9 a segunda maior despesa dos condom\u00ednios, abaixo apenas de m\u00e3o-de-obra e encargos. Ele responde por cerca de 15% do total dos gastos do condom\u00ednio. Tendo por base esse estudo, a CAS estima que, com a individualiza\u00e7\u00e3o do consumo de \u00e1gua, a economia gerada na conta do condom\u00ednio pode chegar a 35%.<\/p>\n<p>\u201cComo a conta de \u00e1gua \u00e9 dividida entre todos os apartamentos, \u00e9 muito mais dif\u00edcil combater o desperd\u00edcio, j\u00e1 que o morador n\u00e3o sente no bolso a diferen\u00e7a entre gastar e poupar\u201d, acrescenta o especialista em medi\u00e7\u00e3o individualizada da CAS, Marco Aur\u00e9lio Teixeira.<\/p>\n<h2>Dicas<\/h2>\n<p><a href=\"https:\/\/ecoconsciente.com.br\/dicas-de-economia-de-agua\/\" target=\"_blank\" rel=\"noopener noreferrer\">Aqui voc\u00ea encontra dicas relativas ao consumo de \u00e1gua<\/a>.<\/p>\n<p><a href=\"https:\/\/ecoconsciente.com.br\/dicas-de-economia-de-energia\/\" target=\"_blank\" rel=\"noopener noreferrer\">Aqui voc\u00ea encontra dicas relativas ao consumo de energia<\/a>.<\/p>\n<p><em>(Por Pedro Peduzzi &#8211; Rep\u00f3rter da Ag\u00eancia Brasil &#8211; Bras\u00edlia. Foto: Marcello Casal Jr\/Ag\u00eancia Brasil)<\/em><\/p>\n","protected":false},"excerpt":{"rendered":"<p>Alerta \u00e9 de especialistas, que recomendam mudan\u00e7a de h\u00e1bitos O isolamento social, adotado como medida para conter a dissemina\u00e7\u00e3o do novo coronav\u00edrus (covid-19), tende a aumentar o consumo residencial de \u00e1gua e de energia el\u00e9trica. Apesar de, at\u00e9 o momento, n\u00e3o haver n\u00fameros oficiais em \u00e2mbito nacional sobre o impacto da doen\u00e7a nas contas pagas [&hellip;]<\/p>\n","protected":false},"author":18,"featured_media":21870,"comment_status":"open","ping_status":"open","sticky":false,"template":"","format":"standard","meta":{"footnotes":""},"categories":[68],"tags":[],"class_list":{"0":"post-21869","1":"post","2":"type-post","3":"status-publish","4":"format-standard","5":"has-post-thumbnail","7":"category-brasil"},"yoast_head":"<!-- This site is optimized with the Yoast SEO Premium plugin v24.5 (Yoast SEO v27.5) - https:\/\/yoast.com\/product\/yoast-seo-premium-wordpress\/ -->\n<title>Quarentena poder\u00e1 aumentar consumo residencial de \u00e1gua e energia - P31<\/title>\n<meta name=\"robots\" content=\"index, follow, max-snippet:-1, max-image-preview:large, max-video-preview:-1\" \/>\n<link rel=\"canonical\" href=\"https:\/\/www.p31noticias.com.br\/?p=21869\" \/>\n<meta property=\"og:locale\" content=\"pt_BR\" \/>\n<meta property=\"og:type\" content=\"article\" \/>\n<meta property=\"og:title\" content=\"Quarentena poder\u00e1 aumentar consumo residencial de \u00e1gua e energia\" \/>\n<meta property=\"og:description\" content=\"Alerta \u00e9 de especialistas, que recomendam mudan\u00e7a de h\u00e1bitos O isolamento social, adotado como medida para conter a dissemina\u00e7\u00e3o do novo coronav\u00edrus (covid-19), tende a aumentar o consumo residencial de \u00e1gua e de energia el\u00e9trica. Apesar de, at\u00e9 o momento, n\u00e3o haver n\u00fameros oficiais em \u00e2mbito nacional sobre o impacto da doen\u00e7a nas contas pagas [&hellip;]\" \/>\n<meta property=\"og:url\" content=\"https:\/\/www.p31noticias.com.br\/?p=21869\" \/>\n<meta property=\"og:site_name\" content=\"P31\" \/>\n<meta property=\"article:published_time\" content=\"2020-05-02T13:19:26+00:00\" \/>\n<meta property=\"og:image\" content=\"https:\/\/www.p31noticias.com.br\/wp-content\/uploads\/2020\/05\/agua_torneira.jpg\" \/>\n\t<meta property=\"og:image:width\" content=\"640\" \/>\n\t<meta property=\"og:image:height\" content=\"383\" \/>\n\t<meta property=\"og:image:type\" content=\"image\/jpeg\" \/>\n<meta name=\"author\" content=\"Reda\u00e7\u00e3o JBN\" \/>\n<meta name=\"twitter:card\" content=\"summary_large_image\" \/>\n<meta name=\"twitter:label1\" content=\"Escrito por\" \/>\n\t<meta name=\"twitter:data1\" content=\"Reda\u00e7\u00e3o JBN\" \/>\n\t<meta name=\"twitter:label2\" content=\"Est. tempo de leitura\" \/>\n\t<meta name=\"twitter:data2\" content=\"5 minutos\" \/>\n<script type=\"application\/ld+json\" class=\"yoast-schema-graph\">{\"@context\":\"https:\\\/\\\/schema.org\",\"@graph\":[{\"@type\":\"Article\",\"@id\":\"https:\\\/\\\/www.p31noticias.com.br\\\/?p=21869#article\",\"isPartOf\":{\"@id\":\"https:\\\/\\\/www.p31noticias.com.br\\\/?p=21869\"},\"author\":{\"name\":\"Reda\u00e7\u00e3o JBN\",\"@id\":\"https:\\\/\\\/www.p31noticias.com.br\\\/#\\\/schema\\\/person\\\/77d6b186c710ac38937c6ec204fdd387\"},\"headline\":\"Quarentena poder\u00e1 aumentar consumo residencial de \u00e1gua e energia\",\"datePublished\":\"2020-05-02T13:19:26+00:00\",\"mainEntityOfPage\":{\"@id\":\"https:\\\/\\\/www.p31noticias.com.br\\\/?p=21869\"},\"wordCount\":941,\"commentCount\":0,\"image\":{\"@id\":\"https:\\\/\\\/www.p31noticias.com.br\\\/?p=21869#primaryimage\"},\"thumbnailUrl\":\"https:\\\/\\\/www.p31noticias.com.br\\\/wp-content\\\/uploads\\\/2020\\\/05\\\/agua_torneira.jpg\",\"articleSection\":[\"Brasil\"],\"inLanguage\":\"pt-BR\",\"potentialAction\":[{\"@type\":\"CommentAction\",\"name\":\"Comment\",\"target\":[\"https:\\\/\\\/www.p31noticias.com.br\\\/?p=21869#respond\"]}],\"copyrightYear\":\"2020\",\"copyrightHolder\":{\"@id\":\"https:\\\/\\\/www.p31noticias.com.br\\\/#organization\"}},{\"@type\":\"WebPage\",\"@id\":\"https:\\\/\\\/www.p31noticias.com.br\\\/?p=21869\",\"url\":\"https:\\\/\\\/www.p31noticias.com.br\\\/?p=21869\",\"name\":\"Quarentena poder\u00e1 aumentar consumo residencial de \u00e1gua e energia - P31\",\"isPartOf\":{\"@id\":\"https:\\\/\\\/www.p31noticias.com.br\\\/#website\"},\"primaryImageOfPage\":{\"@id\":\"https:\\\/\\\/www.p31noticias.com.br\\\/?p=21869#primaryimage\"},\"image\":{\"@id\":\"https:\\\/\\\/www.p31noticias.com.br\\\/?p=21869#primaryimage\"},\"thumbnailUrl\":\"https:\\\/\\\/www.p31noticias.com.br\\\/wp-content\\\/uploads\\\/2020\\\/05\\\/agua_torneira.jpg\",\"datePublished\":\"2020-05-02T13:19:26+00:00\",\"author\":{\"@id\":\"https:\\\/\\\/www.p31noticias.com.br\\\/#\\\/schema\\\/person\\\/77d6b186c710ac38937c6ec204fdd387\"},\"breadcrumb\":{\"@id\":\"https:\\\/\\\/www.p31noticias.com.br\\\/?p=21869#breadcrumb\"},\"inLanguage\":\"pt-BR\",\"potentialAction\":[{\"@type\":\"ReadAction\",\"target\":[\"https:\\\/\\\/www.p31noticias.com.br\\\/?p=21869\"]}]},{\"@type\":\"ImageObject\",\"inLanguage\":\"pt-BR\",\"@id\":\"https:\\\/\\\/www.p31noticias.com.br\\\/?p=21869#primaryimage\",\"url\":\"https:\\\/\\\/www.p31noticias.com.br\\\/wp-content\\\/uploads\\\/2020\\\/05\\\/agua_torneira.jpg\",\"contentUrl\":\"https:\\\/\\\/www.p31noticias.com.br\\\/wp-content\\\/uploads\\\/2020\\\/05\\\/agua_torneira.jpg\",\"width\":640,\"height\":383},{\"@type\":\"BreadcrumbList\",\"@id\":\"https:\\\/\\\/www.p31noticias.com.br\\\/?p=21869#breadcrumb\",\"itemListElement\":[{\"@type\":\"ListItem\",\"position\":1,\"name\":\"In\u00edcio\",\"item\":\"https:\\\/\\\/www.p31noticias.com.br\\\/\"},{\"@type\":\"ListItem\",\"position\":2,\"name\":\"Quarentena poder\u00e1 aumentar consumo residencial de \u00e1gua e energia\"}]},{\"@type\":\"WebSite\",\"@id\":\"https:\\\/\\\/www.p31noticias.com.br\\\/#website\",\"url\":\"https:\\\/\\\/www.p31noticias.com.br\\\/\",\"name\":\"P31\",\"description\":\"NOT\u00cdCIAS\",\"potentialAction\":[{\"@type\":\"SearchAction\",\"target\":{\"@type\":\"EntryPoint\",\"urlTemplate\":\"https:\\\/\\\/www.p31noticias.com.br\\\/?s={search_term_string}\"},\"query-input\":{\"@type\":\"PropertyValueSpecification\",\"valueRequired\":true,\"valueName\":\"search_term_string\"}}],\"inLanguage\":\"pt-BR\"},{\"@type\":\"Person\",\"@id\":\"https:\\\/\\\/www.p31noticias.com.br\\\/#\\\/schema\\\/person\\\/77d6b186c710ac38937c6ec204fdd387\",\"name\":\"Reda\u00e7\u00e3o JBN\",\"image\":{\"@type\":\"ImageObject\",\"inLanguage\":\"pt-BR\",\"@id\":\"https:\\\/\\\/secure.gravatar.com\\\/avatar\\\/10fcdb93211f98cce3d64c0795b0915a9a4a21dc0f279238995a3dbfafcad090?s=96&d=mm&r=g\",\"url\":\"https:\\\/\\\/secure.gravatar.com\\\/avatar\\\/10fcdb93211f98cce3d64c0795b0915a9a4a21dc0f279238995a3dbfafcad090?s=96&d=mm&r=g\",\"contentUrl\":\"https:\\\/\\\/secure.gravatar.com\\\/avatar\\\/10fcdb93211f98cce3d64c0795b0915a9a4a21dc0f279238995a3dbfafcad090?s=96&d=mm&r=g\",\"caption\":\"Reda\u00e7\u00e3o JBN\"},\"sameAs\":[\"https:\\\/\\\/p31noticias.com.br\"],\"url\":\"https:\\\/\\\/www.p31noticias.com.br\\\/?author=18\"}]}<\/script>\n<!-- \/ Yoast SEO Premium plugin. -->","yoast_head_json":{"title":"Quarentena poder\u00e1 aumentar consumo residencial de \u00e1gua e energia - P31","robots":{"index":"index","follow":"follow","max-snippet":"max-snippet:-1","max-image-preview":"max-image-preview:large","max-video-preview":"max-video-preview:-1"},"canonical":"https:\/\/www.p31noticias.com.br\/?p=21869","og_locale":"pt_BR","og_type":"article","og_title":"Quarentena poder\u00e1 aumentar consumo residencial de \u00e1gua e energia","og_description":"Alerta \u00e9 de especialistas, que recomendam mudan\u00e7a de h\u00e1bitos O isolamento social, adotado como medida para conter a dissemina\u00e7\u00e3o do novo coronav\u00edrus (covid-19), tende a aumentar o consumo residencial de \u00e1gua e de energia el\u00e9trica. Apesar de, at\u00e9 o momento, n\u00e3o haver n\u00fameros oficiais em \u00e2mbito nacional sobre o impacto da doen\u00e7a nas contas pagas [&hellip;]","og_url":"https:\/\/www.p31noticias.com.br\/?p=21869","og_site_name":"P31","article_published_time":"2020-05-02T13:19:26+00:00","og_image":[{"width":640,"height":383,"url":"https:\/\/www.p31noticias.com.br\/wp-content\/uploads\/2020\/05\/agua_torneira.jpg","type":"image\/jpeg"}],"author":"Reda\u00e7\u00e3o JBN","twitter_card":"summary_large_image","twitter_misc":{"Escrito por":"Reda\u00e7\u00e3o JBN","Est. tempo de leitura":"5 minutos"},"schema":{"@context":"https:\/\/schema.org","@graph":[{"@type":"Article","@id":"https:\/\/www.p31noticias.com.br\/?p=21869#article","isPartOf":{"@id":"https:\/\/www.p31noticias.com.br\/?p=21869"},"author":{"name":"Reda\u00e7\u00e3o JBN","@id":"https:\/\/www.p31noticias.com.br\/#\/schema\/person\/77d6b186c710ac38937c6ec204fdd387"},"headline":"Quarentena poder\u00e1 aumentar consumo residencial de \u00e1gua e energia","datePublished":"2020-05-02T13:19:26+00:00","mainEntityOfPage":{"@id":"https:\/\/www.p31noticias.com.br\/?p=21869"},"wordCount":941,"commentCount":0,"image":{"@id":"https:\/\/www.p31noticias.com.br\/?p=21869#primaryimage"},"thumbnailUrl":"https:\/\/www.p31noticias.com.br\/wp-content\/uploads\/2020\/05\/agua_torneira.jpg","articleSection":["Brasil"],"inLanguage":"pt-BR","potentialAction":[{"@type":"CommentAction","name":"Comment","target":["https:\/\/www.p31noticias.com.br\/?p=21869#respond"]}],"copyrightYear":"2020","copyrightHolder":{"@id":"https:\/\/www.p31noticias.com.br\/#organization"}},{"@type":"WebPage","@id":"https:\/\/www.p31noticias.com.br\/?p=21869","url":"https:\/\/www.p31noticias.com.br\/?p=21869","name":"Quarentena poder\u00e1 aumentar consumo residencial de \u00e1gua e energia - P31","isPartOf":{"@id":"https:\/\/www.p31noticias.com.br\/#website"},"primaryImageOfPage":{"@id":"https:\/\/www.p31noticias.com.br\/?p=21869#primaryimage"},"image":{"@id":"https:\/\/www.p31noticias.com.br\/?p=21869#primaryimage"},"thumbnailUrl":"https:\/\/www.p31noticias.com.br\/wp-content\/uploads\/2020\/05\/agua_torneira.jpg","datePublished":"2020-05-02T13:19:26+00:00","author":{"@id":"https:\/\/www.p31noticias.com.br\/#\/schema\/person\/77d6b186c710ac38937c6ec204fdd387"},"breadcrumb":{"@id":"https:\/\/www.p31noticias.com.br\/?p=21869#breadcrumb"},"inLanguage":"pt-BR","potentialAction":[{"@type":"ReadAction","target":["https:\/\/www.p31noticias.com.br\/?p=21869"]}]},{"@type":"ImageObject","inLanguage":"pt-BR","@id":"https:\/\/www.p31noticias.com.br\/?p=21869#primaryimage","url":"https:\/\/www.p31noticias.com.br\/wp-content\/uploads\/2020\/05\/agua_torneira.jpg","contentUrl":"https:\/\/www.p31noticias.com.br\/wp-content\/uploads\/2020\/05\/agua_torneira.jpg","width":640,"height":383},{"@type":"BreadcrumbList","@id":"https:\/\/www.p31noticias.com.br\/?p=21869#breadcrumb","itemListElement":[{"@type":"ListItem","position":1,"name":"In\u00edcio","item":"https:\/\/www.p31noticias.com.br\/"},{"@type":"ListItem","position":2,"name":"Quarentena poder\u00e1 aumentar consumo residencial de \u00e1gua e energia"}]},{"@type":"WebSite","@id":"https:\/\/www.p31noticias.com.br\/#website","url":"https:\/\/www.p31noticias.com.br\/","name":"P31","description":"NOT\u00cdCIAS","potentialAction":[{"@type":"SearchAction","target":{"@type":"EntryPoint","urlTemplate":"https:\/\/www.p31noticias.com.br\/?s={search_term_string}"},"query-input":{"@type":"PropertyValueSpecification","valueRequired":true,"valueName":"search_term_string"}}],"inLanguage":"pt-BR"},{"@type":"Person","@id":"https:\/\/www.p31noticias.com.br\/#\/schema\/person\/77d6b186c710ac38937c6ec204fdd387","name":"Reda\u00e7\u00e3o JBN","image":{"@type":"ImageObject","inLanguage":"pt-BR","@id":"https:\/\/secure.gravatar.com\/avatar\/10fcdb93211f98cce3d64c0795b0915a9a4a21dc0f279238995a3dbfafcad090?s=96&d=mm&r=g","url":"https:\/\/secure.gravatar.com\/avatar\/10fcdb93211f98cce3d64c0795b0915a9a4a21dc0f279238995a3dbfafcad090?s=96&d=mm&r=g","contentUrl":"https:\/\/secure.gravatar.com\/avatar\/10fcdb93211f98cce3d64c0795b0915a9a4a21dc0f279238995a3dbfafcad090?s=96&d=mm&r=g","caption":"Reda\u00e7\u00e3o JBN"},"sameAs":["https:\/\/p31noticias.com.br"],"url":"https:\/\/www.p31noticias.com.br\/?author=18"}]}},"amp_enabled":true,"_links":{"self":[{"href":"https:\/\/www.p31noticias.com.br\/index.php?rest_route=\/wp\/v2\/posts\/21869","targetHints":{"allow":["GET"]}}],"collection":[{"href":"https:\/\/www.p31noticias.com.br\/index.php?rest_route=\/wp\/v2\/posts"}],"about":[{"href":"https:\/\/www.p31noticias.com.br\/index.php?rest_route=\/wp\/v2\/types\/post"}],"author":[{"embeddable":true,"href":"https:\/\/www.p31noticias.com.br\/index.php?rest_route=\/wp\/v2\/users\/18"}],"replies":[{"embeddable":true,"href":"https:\/\/www.p31noticias.com.br\/index.php?rest_route=%2Fwp%2Fv2%2Fcomments&post=21869"}],"version-history":[{"count":0,"href":"https:\/\/www.p31noticias.com.br\/index.php?rest_route=\/wp\/v2\/posts\/21869\/revisions"}],"wp:featuredmedia":[{"embeddable":true,"href":"https:\/\/www.p31noticias.com.br\/index.php?rest_route=\/wp\/v2\/media\/21870"}],"wp:attachment":[{"href":"https:\/\/www.p31noticias.com.br\/index.php?rest_route=%2Fwp%2Fv2%2Fmedia&parent=21869"}],"wp:term":[{"taxonomy":"category","embeddable":true,"href":"https:\/\/www.p31noticias.com.br\/index.php?rest_route=%2Fwp%2Fv2%2Fcategories&post=21869"},{"taxonomy":"post_tag","embeddable":true,"href":"https:\/\/www.p31noticias.com.br\/index.php?rest_route=%2Fwp%2Fv2%2Ftags&post=21869"}],"curies":[{"name":"wp","href":"https:\/\/api.w.org\/{rel}","templated":true}]}}