{"id":21866,"date":"2020-05-02T10:14:20","date_gmt":"2020-05-02T13:14:20","guid":{"rendered":"https:\/\/jornaldoplanalto.com.br\/web\/?p=21866"},"modified":"2020-05-02T10:14:20","modified_gmt":"2020-05-02T13:14:20","slug":"df-tera-dez-pontos-de-testagem-em-massa-a-partir-desta-segunda-4","status":"publish","type":"post","link":"https:\/\/www.p31noticias.com.br\/?p=21866","title":{"rendered":"DF ter\u00e1 dez pontos de testagem em massa a partir desta segunda (4)"},"content":{"rendered":"<p><strong><em>Confira as altera\u00e7\u00f5es planejadas para melhorar o fluxo de atendimentos em dez regi\u00f5es administrativas<\/em><\/strong><\/p>\n<p>A partir desta segunda-feira (4), mudan\u00e7as v\u00e3o ocorrer em alguns pontos de testagem em massa para\u00a0Covid-19\u00a0no Distrito Federal. O objetivo \u00e9 melhorar o fluxo de atendimentos \u00e0 popula\u00e7\u00e3o e acompanhar as altera\u00e7\u00f5es epidemiol\u00f3gicas dos casos de coronav\u00edrus. Ao todo, dez regi\u00f5es administrativas ter\u00e3o postos em funcionamento (veja detalhes abaixo).<\/p>\n<p>Em \u00c1guas Claras, os postos na Uniplan e na Resid\u00eancia Oficial do Governador ser\u00e3o desativados. Somente o estacionamento da Unieuro continuar\u00e1 dispon\u00edvel para testagens em massa dos moradores de \u00c1guas Claras, Taguatinga, Vicente Pires e Arniqueiras.<\/p>\n<p>Em contrapartida, um dos postos desativados ser\u00e1 deslocado para Taguatinga, no estacionamento do JK Shopping. Dessa forma, continuar\u00e3o sendo atendidos os moradores dessa regi\u00e3o administrativa e tamb\u00e9m os de Ceil\u00e2ndia.<\/p>\n<p>De acordo com o secret\u00e1rio adjunto de Assist\u00eancia \u00e0 Sa\u00fade, Ricardo Tavares, mudan\u00e7as como essa ser\u00e3o necess\u00e1rias a cada semana, para melhor atender \u00e0s regi\u00f5es com novos casos de Covid-19.<\/p>\n<p>\u201cFizemos uma varredura em \u00c1guas Claras e, agora, vamos expandir o atendimento para Taguatinga e Ceil\u00e2ndia\u201d, explicou o gestor.<\/p>\n<p>No Plano Piloto, os pontos dispon\u00edveis no Est\u00e1dio Man\u00e9 Garrincha e no Estacionamento 4 do Parque da Cidade ser\u00e3o transferidos para o Estacionamento 13 do parque, atendendo os moradores da Asa Sul e da Asa Norte, do Sudoeste, do Noroeste e do Cruzeiro\/Octogonal.<\/p>\n<p>\u201cDessa forma garantiremos uma melhor infraestrutura de atendimento, tanto para os usu\u00e1rios como para os servidores\u201d, destacou Ricardo Tavares.<\/p>\n<p><strong>Novos pontos<\/strong><\/p>\n<p>Al\u00e9m disso, novos pontos de testagem em massa ser\u00e3o abertos no Gama e Planaltina a partir de segunda-feira (4). Com isso, dez locais, em dez regi\u00f5es administrativas, estar\u00e3o dispon\u00edveis \u00e0 popula\u00e7\u00e3o.<\/p>\n<p><strong>Confira a lista completa:<\/strong><\/p>\n<p>1. Para moradores de \u00c1guas Claras, Taguatinga, Vicente Pires e Arniqueiras:<\/p>\n<p>\u2013 Unieuro<\/p>\n<p>2. Moradores das asas Sul e Norte, Sudoeste, Cruzeiro\/Octogonal e Noroeste:<\/p>\n<p>\u2013 Estacionamento 13 do Parque da Cidade<\/p>\n<p>3. Moradores do Lago Sul, S\u00e3o Sebasti\u00e3o, Itapo\u00e3, Parano\u00e1, Jardim Bot\u00e2nico e Jardins Mangueiral:<\/p>\n<p>\u2013 Par\u00f3quia S\u00e3o Pedro de Alc\u00e2ntara \u2013 St. de Habita\u00e7\u00f5es Individuais Sul EQI 7\/9, Lago Sul<\/p>\n<p>4. Moradores do Lago Norte, Varj\u00e3o e Granja do Torto:<\/p>\n<p>\u2013 Iguatemi Shopping<\/p>\n<p>5. Moradores do Guar\u00e1, N\u00facleo Bandeirante, Cand\u00e2ngolandia e Park Sul:<\/p>\n<p>\u2013 Parque Shopping<\/p>\n<p>6. Moradores de Ceil\u00e2ndia, Por do Sol e Sol Nascente:<\/p>\n<p>\u2013 IESB Unidade Ceil\u00e2ndia<\/p>\n<p>7. Moradores de Ceil\u00e2ndia e Taguatinga:<\/p>\n<p>\u2013 JK Shopping<\/p>\n<p>8. Moradores de Sobradinho I, II e Fercal:<\/p>\n<p>\u2013 SESI \u2013 AE 03 \u2013 Lotes A\/F \u2013 Q 13 \u2013 Parque dos Jequitib\u00e1s, Sobradinho<\/p>\n<p>9. Moradores de Planaltina:<\/p>\n<p>\u2013 Loja Ma\u00e7\u00f4nica 7 de Setembro, pr\u00f3xima ao Hospital Regional de Planaltina<\/p>\n<p>10. Moradores do Gama e Santa Maria:<\/p>\n<p>\u2013 Est\u00e1dio Bezerr\u00e3o<\/p>\n<p><em>(Por Ag\u00eancia Bras\u00edlia, com informa\u00e7\u00f5es da Secretaria de Sa\u00fade. Foto: Breno Esaki \/ Ag\u00eancia Bras\u00edlia)<\/em><\/p>\n","protected":false},"excerpt":{"rendered":"<p>Confira as altera\u00e7\u00f5es planejadas para melhorar o fluxo de atendimentos em dez regi\u00f5es administrativas A partir desta segunda-feira (4), mudan\u00e7as v\u00e3o ocorrer em alguns pontos de testagem em massa para\u00a0Covid-19\u00a0no Distrito Federal. O objetivo \u00e9 melhorar o fluxo de atendimentos \u00e0 popula\u00e7\u00e3o e acompanhar as altera\u00e7\u00f5es epidemiol\u00f3gicas dos casos de coronav\u00edrus. Ao todo, dez regi\u00f5es [&hellip;]<\/p>\n","protected":false},"author":18,"featured_media":21867,"comment_status":"open","ping_status":"open","sticky":false,"template":"","format":"standard","meta":{"footnotes":""},"categories":[124],"tags":[],"class_list":{"0":"post-21866","1":"post","2":"type-post","3":"status-publish","4":"format-standard","5":"has-post-thumbnail","7":"category-saude"},"yoast_head":"<!-- This site is optimized with the Yoast SEO Premium plugin v24.5 (Yoast SEO v27.5) - https:\/\/yoast.com\/product\/yoast-seo-premium-wordpress\/ -->\n<title>DF ter\u00e1 dez pontos de testagem em massa a partir desta segunda (4) - P31<\/title>\n<meta name=\"robots\" content=\"index, follow, max-snippet:-1, max-image-preview:large, max-video-preview:-1\" \/>\n<link rel=\"canonical\" href=\"https:\/\/www.p31noticias.com.br\/?p=21866\" \/>\n<meta property=\"og:locale\" content=\"pt_BR\" \/>\n<meta property=\"og:type\" content=\"article\" \/>\n<meta property=\"og:title\" content=\"DF ter\u00e1 dez pontos de testagem em massa a partir desta segunda (4)\" \/>\n<meta property=\"og:description\" content=\"Confira as altera\u00e7\u00f5es planejadas para melhorar o fluxo de atendimentos em dez regi\u00f5es administrativas A partir desta segunda-feira (4), mudan\u00e7as v\u00e3o ocorrer em alguns pontos de testagem em massa para\u00a0Covid-19\u00a0no Distrito Federal. O objetivo \u00e9 melhorar o fluxo de atendimentos \u00e0 popula\u00e7\u00e3o e acompanhar as altera\u00e7\u00f5es epidemiol\u00f3gicas dos casos de coronav\u00edrus. Ao todo, dez regi\u00f5es [&hellip;]\" \/>\n<meta property=\"og:url\" content=\"https:\/\/www.p31noticias.com.br\/?p=21866\" \/>\n<meta property=\"og:site_name\" content=\"P31\" \/>\n<meta property=\"article:published_time\" content=\"2020-05-02T13:14:20+00:00\" \/>\n<meta property=\"og:image\" content=\"https:\/\/www.p31noticias.com.br\/wp-content\/uploads\/2020\/05\/TESTAGEM.jpeg\" \/>\n\t<meta property=\"og:image:width\" content=\"800\" \/>\n\t<meta property=\"og:image:height\" content=\"442\" \/>\n\t<meta property=\"og:image:type\" content=\"image\/jpeg\" \/>\n<meta name=\"author\" content=\"Reda\u00e7\u00e3o JBN\" \/>\n<meta name=\"twitter:card\" content=\"summary_large_image\" \/>\n<meta name=\"twitter:label1\" content=\"Escrito por\" \/>\n\t<meta name=\"twitter:data1\" content=\"Reda\u00e7\u00e3o JBN\" \/>\n\t<meta name=\"twitter:label2\" content=\"Est. tempo de leitura\" \/>\n\t<meta name=\"twitter:data2\" content=\"2 minutos\" \/>\n<script type=\"application\/ld+json\" class=\"yoast-schema-graph\">{\"@context\":\"https:\\\/\\\/schema.org\",\"@graph\":[{\"@type\":\"Article\",\"@id\":\"https:\\\/\\\/www.p31noticias.com.br\\\/?p=21866#article\",\"isPartOf\":{\"@id\":\"https:\\\/\\\/www.p31noticias.com.br\\\/?p=21866\"},\"author\":{\"name\":\"Reda\u00e7\u00e3o JBN\",\"@id\":\"https:\\\/\\\/www.p31noticias.com.br\\\/#\\\/schema\\\/person\\\/77d6b186c710ac38937c6ec204fdd387\"},\"headline\":\"DF ter\u00e1 dez pontos de testagem em massa a partir desta segunda (4)\",\"datePublished\":\"2020-05-02T13:14:20+00:00\",\"mainEntityOfPage\":{\"@id\":\"https:\\\/\\\/www.p31noticias.com.br\\\/?p=21866\"},\"wordCount\":489,\"commentCount\":0,\"image\":{\"@id\":\"https:\\\/\\\/www.p31noticias.com.br\\\/?p=21866#primaryimage\"},\"thumbnailUrl\":\"https:\\\/\\\/www.p31noticias.com.br\\\/wp-content\\\/uploads\\\/2020\\\/05\\\/TESTAGEM.jpeg\",\"articleSection\":[\"Sa\u00fade\"],\"inLanguage\":\"pt-BR\",\"potentialAction\":[{\"@type\":\"CommentAction\",\"name\":\"Comment\",\"target\":[\"https:\\\/\\\/www.p31noticias.com.br\\\/?p=21866#respond\"]}],\"copyrightYear\":\"2020\",\"copyrightHolder\":{\"@id\":\"https:\\\/\\\/www.p31noticias.com.br\\\/#organization\"}},{\"@type\":\"WebPage\",\"@id\":\"https:\\\/\\\/www.p31noticias.com.br\\\/?p=21866\",\"url\":\"https:\\\/\\\/www.p31noticias.com.br\\\/?p=21866\",\"name\":\"DF ter\u00e1 dez pontos de testagem em massa a partir desta segunda (4) - P31\",\"isPartOf\":{\"@id\":\"https:\\\/\\\/www.p31noticias.com.br\\\/#website\"},\"primaryImageOfPage\":{\"@id\":\"https:\\\/\\\/www.p31noticias.com.br\\\/?p=21866#primaryimage\"},\"image\":{\"@id\":\"https:\\\/\\\/www.p31noticias.com.br\\\/?p=21866#primaryimage\"},\"thumbnailUrl\":\"https:\\\/\\\/www.p31noticias.com.br\\\/wp-content\\\/uploads\\\/2020\\\/05\\\/TESTAGEM.jpeg\",\"datePublished\":\"2020-05-02T13:14:20+00:00\",\"author\":{\"@id\":\"https:\\\/\\\/www.p31noticias.com.br\\\/#\\\/schema\\\/person\\\/77d6b186c710ac38937c6ec204fdd387\"},\"breadcrumb\":{\"@id\":\"https:\\\/\\\/www.p31noticias.com.br\\\/?p=21866#breadcrumb\"},\"inLanguage\":\"pt-BR\",\"potentialAction\":[{\"@type\":\"ReadAction\",\"target\":[\"https:\\\/\\\/www.p31noticias.com.br\\\/?p=21866\"]}]},{\"@type\":\"ImageObject\",\"inLanguage\":\"pt-BR\",\"@id\":\"https:\\\/\\\/www.p31noticias.com.br\\\/?p=21866#primaryimage\",\"url\":\"https:\\\/\\\/www.p31noticias.com.br\\\/wp-content\\\/uploads\\\/2020\\\/05\\\/TESTAGEM.jpeg\",\"contentUrl\":\"https:\\\/\\\/www.p31noticias.com.br\\\/wp-content\\\/uploads\\\/2020\\\/05\\\/TESTAGEM.jpeg\",\"width\":800,\"height\":442},{\"@type\":\"BreadcrumbList\",\"@id\":\"https:\\\/\\\/www.p31noticias.com.br\\\/?p=21866#breadcrumb\",\"itemListElement\":[{\"@type\":\"ListItem\",\"position\":1,\"name\":\"In\u00edcio\",\"item\":\"https:\\\/\\\/www.p31noticias.com.br\\\/\"},{\"@type\":\"ListItem\",\"position\":2,\"name\":\"DF ter\u00e1 dez pontos de testagem em massa a partir desta segunda (4)\"}]},{\"@type\":\"WebSite\",\"@id\":\"https:\\\/\\\/www.p31noticias.com.br\\\/#website\",\"url\":\"https:\\\/\\\/www.p31noticias.com.br\\\/\",\"name\":\"P31\",\"description\":\"NOT\u00cdCIAS\",\"potentialAction\":[{\"@type\":\"SearchAction\",\"target\":{\"@type\":\"EntryPoint\",\"urlTemplate\":\"https:\\\/\\\/www.p31noticias.com.br\\\/?s={search_term_string}\"},\"query-input\":{\"@type\":\"PropertyValueSpecification\",\"valueRequired\":true,\"valueName\":\"search_term_string\"}}],\"inLanguage\":\"pt-BR\"},{\"@type\":\"Person\",\"@id\":\"https:\\\/\\\/www.p31noticias.com.br\\\/#\\\/schema\\\/person\\\/77d6b186c710ac38937c6ec204fdd387\",\"name\":\"Reda\u00e7\u00e3o JBN\",\"image\":{\"@type\":\"ImageObject\",\"inLanguage\":\"pt-BR\",\"@id\":\"https:\\\/\\\/secure.gravatar.com\\\/avatar\\\/10fcdb93211f98cce3d64c0795b0915a9a4a21dc0f279238995a3dbfafcad090?s=96&d=mm&r=g\",\"url\":\"https:\\\/\\\/secure.gravatar.com\\\/avatar\\\/10fcdb93211f98cce3d64c0795b0915a9a4a21dc0f279238995a3dbfafcad090?s=96&d=mm&r=g\",\"contentUrl\":\"https:\\\/\\\/secure.gravatar.com\\\/avatar\\\/10fcdb93211f98cce3d64c0795b0915a9a4a21dc0f279238995a3dbfafcad090?s=96&d=mm&r=g\",\"caption\":\"Reda\u00e7\u00e3o JBN\"},\"sameAs\":[\"https:\\\/\\\/p31noticias.com.br\"],\"url\":\"https:\\\/\\\/www.p31noticias.com.br\\\/?author=18\"}]}<\/script>\n<!-- \/ Yoast SEO Premium plugin. -->","yoast_head_json":{"title":"DF ter\u00e1 dez pontos de testagem em massa a partir desta segunda (4) - P31","robots":{"index":"index","follow":"follow","max-snippet":"max-snippet:-1","max-image-preview":"max-image-preview:large","max-video-preview":"max-video-preview:-1"},"canonical":"https:\/\/www.p31noticias.com.br\/?p=21866","og_locale":"pt_BR","og_type":"article","og_title":"DF ter\u00e1 dez pontos de testagem em massa a partir desta segunda (4)","og_description":"Confira as altera\u00e7\u00f5es planejadas para melhorar o fluxo de atendimentos em dez regi\u00f5es administrativas A partir desta segunda-feira (4), mudan\u00e7as v\u00e3o ocorrer em alguns pontos de testagem em massa para\u00a0Covid-19\u00a0no Distrito Federal. O objetivo \u00e9 melhorar o fluxo de atendimentos \u00e0 popula\u00e7\u00e3o e acompanhar as altera\u00e7\u00f5es epidemiol\u00f3gicas dos casos de coronav\u00edrus. Ao todo, dez regi\u00f5es [&hellip;]","og_url":"https:\/\/www.p31noticias.com.br\/?p=21866","og_site_name":"P31","article_published_time":"2020-05-02T13:14:20+00:00","og_image":[{"width":800,"height":442,"url":"https:\/\/www.p31noticias.com.br\/wp-content\/uploads\/2020\/05\/TESTAGEM.jpeg","type":"image\/jpeg"}],"author":"Reda\u00e7\u00e3o JBN","twitter_card":"summary_large_image","twitter_misc":{"Escrito por":"Reda\u00e7\u00e3o JBN","Est. tempo de leitura":"2 minutos"},"schema":{"@context":"https:\/\/schema.org","@graph":[{"@type":"Article","@id":"https:\/\/www.p31noticias.com.br\/?p=21866#article","isPartOf":{"@id":"https:\/\/www.p31noticias.com.br\/?p=21866"},"author":{"name":"Reda\u00e7\u00e3o JBN","@id":"https:\/\/www.p31noticias.com.br\/#\/schema\/person\/77d6b186c710ac38937c6ec204fdd387"},"headline":"DF ter\u00e1 dez pontos de testagem em massa a partir desta segunda (4)","datePublished":"2020-05-02T13:14:20+00:00","mainEntityOfPage":{"@id":"https:\/\/www.p31noticias.com.br\/?p=21866"},"wordCount":489,"commentCount":0,"image":{"@id":"https:\/\/www.p31noticias.com.br\/?p=21866#primaryimage"},"thumbnailUrl":"https:\/\/www.p31noticias.com.br\/wp-content\/uploads\/2020\/05\/TESTAGEM.jpeg","articleSection":["Sa\u00fade"],"inLanguage":"pt-BR","potentialAction":[{"@type":"CommentAction","name":"Comment","target":["https:\/\/www.p31noticias.com.br\/?p=21866#respond"]}],"copyrightYear":"2020","copyrightHolder":{"@id":"https:\/\/www.p31noticias.com.br\/#organization"}},{"@type":"WebPage","@id":"https:\/\/www.p31noticias.com.br\/?p=21866","url":"https:\/\/www.p31noticias.com.br\/?p=21866","name":"DF ter\u00e1 dez pontos de testagem em massa a partir desta segunda (4) - P31","isPartOf":{"@id":"https:\/\/www.p31noticias.com.br\/#website"},"primaryImageOfPage":{"@id":"https:\/\/www.p31noticias.com.br\/?p=21866#primaryimage"},"image":{"@id":"https:\/\/www.p31noticias.com.br\/?p=21866#primaryimage"},"thumbnailUrl":"https:\/\/www.p31noticias.com.br\/wp-content\/uploads\/2020\/05\/TESTAGEM.jpeg","datePublished":"2020-05-02T13:14:20+00:00","author":{"@id":"https:\/\/www.p31noticias.com.br\/#\/schema\/person\/77d6b186c710ac38937c6ec204fdd387"},"breadcrumb":{"@id":"https:\/\/www.p31noticias.com.br\/?p=21866#breadcrumb"},"inLanguage":"pt-BR","potentialAction":[{"@type":"ReadAction","target":["https:\/\/www.p31noticias.com.br\/?p=21866"]}]},{"@type":"ImageObject","inLanguage":"pt-BR","@id":"https:\/\/www.p31noticias.com.br\/?p=21866#primaryimage","url":"https:\/\/www.p31noticias.com.br\/wp-content\/uploads\/2020\/05\/TESTAGEM.jpeg","contentUrl":"https:\/\/www.p31noticias.com.br\/wp-content\/uploads\/2020\/05\/TESTAGEM.jpeg","width":800,"height":442},{"@type":"BreadcrumbList","@id":"https:\/\/www.p31noticias.com.br\/?p=21866#breadcrumb","itemListElement":[{"@type":"ListItem","position":1,"name":"In\u00edcio","item":"https:\/\/www.p31noticias.com.br\/"},{"@type":"ListItem","position":2,"name":"DF ter\u00e1 dez pontos de testagem em massa a partir desta segunda (4)"}]},{"@type":"WebSite","@id":"https:\/\/www.p31noticias.com.br\/#website","url":"https:\/\/www.p31noticias.com.br\/","name":"P31","description":"NOT\u00cdCIAS","potentialAction":[{"@type":"SearchAction","target":{"@type":"EntryPoint","urlTemplate":"https:\/\/www.p31noticias.com.br\/?s={search_term_string}"},"query-input":{"@type":"PropertyValueSpecification","valueRequired":true,"valueName":"search_term_string"}}],"inLanguage":"pt-BR"},{"@type":"Person","@id":"https:\/\/www.p31noticias.com.br\/#\/schema\/person\/77d6b186c710ac38937c6ec204fdd387","name":"Reda\u00e7\u00e3o JBN","image":{"@type":"ImageObject","inLanguage":"pt-BR","@id":"https:\/\/secure.gravatar.com\/avatar\/10fcdb93211f98cce3d64c0795b0915a9a4a21dc0f279238995a3dbfafcad090?s=96&d=mm&r=g","url":"https:\/\/secure.gravatar.com\/avatar\/10fcdb93211f98cce3d64c0795b0915a9a4a21dc0f279238995a3dbfafcad090?s=96&d=mm&r=g","contentUrl":"https:\/\/secure.gravatar.com\/avatar\/10fcdb93211f98cce3d64c0795b0915a9a4a21dc0f279238995a3dbfafcad090?s=96&d=mm&r=g","caption":"Reda\u00e7\u00e3o JBN"},"sameAs":["https:\/\/p31noticias.com.br"],"url":"https:\/\/www.p31noticias.com.br\/?author=18"}]}},"amp_enabled":true,"_links":{"self":[{"href":"https:\/\/www.p31noticias.com.br\/index.php?rest_route=\/wp\/v2\/posts\/21866","targetHints":{"allow":["GET"]}}],"collection":[{"href":"https:\/\/www.p31noticias.com.br\/index.php?rest_route=\/wp\/v2\/posts"}],"about":[{"href":"https:\/\/www.p31noticias.com.br\/index.php?rest_route=\/wp\/v2\/types\/post"}],"author":[{"embeddable":true,"href":"https:\/\/www.p31noticias.com.br\/index.php?rest_route=\/wp\/v2\/users\/18"}],"replies":[{"embeddable":true,"href":"https:\/\/www.p31noticias.com.br\/index.php?rest_route=%2Fwp%2Fv2%2Fcomments&post=21866"}],"version-history":[{"count":0,"href":"https:\/\/www.p31noticias.com.br\/index.php?rest_route=\/wp\/v2\/posts\/21866\/revisions"}],"wp:featuredmedia":[{"embeddable":true,"href":"https:\/\/www.p31noticias.com.br\/index.php?rest_route=\/wp\/v2\/media\/21867"}],"wp:attachment":[{"href":"https:\/\/www.p31noticias.com.br\/index.php?rest_route=%2Fwp%2Fv2%2Fmedia&parent=21866"}],"wp:term":[{"taxonomy":"category","embeddable":true,"href":"https:\/\/www.p31noticias.com.br\/index.php?rest_route=%2Fwp%2Fv2%2Fcategories&post=21866"},{"taxonomy":"post_tag","embeddable":true,"href":"https:\/\/www.p31noticias.com.br\/index.php?rest_route=%2Fwp%2Fv2%2Ftags&post=21866"}],"curies":[{"name":"wp","href":"https:\/\/api.w.org\/{rel}","templated":true}]}}