{"id":21864,"date":"2020-05-01T09:19:59","date_gmt":"2020-05-01T12:19:59","guid":{"rendered":"https:\/\/jornaldoplanalto.com.br\/web\/?p=21864"},"modified":"2020-05-01T09:19:59","modified_gmt":"2020-05-01T12:19:59","slug":"governo-do-df-vai-exigir-uso-de-mascaras-a-partir-do-dia-11","status":"publish","type":"post","link":"https:\/\/www.p31noticias.com.br\/?p=21864","title":{"rendered":"Governo do DF vai exigir uso de m\u00e1scaras a partir do dia 11"},"content":{"rendered":"<p><strong><em>Novo decreto publicado na noite desta quinta (30) amplia por mais 10 dias o prazo para aplica\u00e7\u00e3o de penalidades. Quem desobedecer pode pagar at\u00e9 R$ 2 mil em multas<\/em><\/strong><\/p>\n<p>O uso obrigat\u00f3rio de m\u00e1scaras como medida preventiva contra o novo\u00a0<a href=\"https:\/\/www.agenciabrasilia.df.gov.br\/topicos\/coronavirus\/\" target=\"_blank\" rel=\"noopener noreferrer\"><strong>coronav\u00edrus<\/strong><\/a>\u00a0ser\u00e1 fiscalizado a partir do dia 11 de maio. A data foi definida em novo decreto publicado em edi\u00e7\u00e3o extra do\u00a0<em>Di\u00e1rio Oficial do DF<\/em>\u00a0na noite desta quinta-feira (30). A medida visa dar mais tempo para que a popula\u00e7\u00e3o e empres\u00e1rios possam adquirir os equipamentos para a circula\u00e7\u00e3o em seguran\u00e7a.<\/p>\n<p><strong><a href=\"http:\/\/agenciabrasilia.df.gov.br\/wp-conteudo\/uploads\/2020\/04\/DODF-062-30-04-2020-EDICAO-EXTRA.pdf\" target=\"_blank\" rel=\"noopener noreferrer\">Leia a \u00edntegra do decreto<\/a><\/strong><\/p>\n<p>A obrigatoriedade da utiliza\u00e7\u00e3o da prote\u00e7\u00e3o facial j\u00e1 est\u00e1 valendo em todas as vias e espa\u00e7os p\u00fablicos, transportes p\u00fablicos coletivos, estabelecimentos comerciais, industriais e espa\u00e7os de presta\u00e7\u00e3o de servi\u00e7o. No entanto, apenas daqui a dez dias a desobedi\u00eancia ao decreto acarretar\u00e1 penalidades ao infrator.<\/p>\n<p>Com base no Artigo 10 da Lei Federal n\u00b0 6.437, de 20 de agosto de 1977, que trata das infra\u00e7\u00f5es \u00e0 legisla\u00e7\u00e3o sanit\u00e1ria, quem for pego sem m\u00e1scaras em espa\u00e7os p\u00fablicos poder\u00e1 ser autuado e multado a partir de R$ 2 mil.<\/p>\n<p>O decreto, que imp\u00f5e a obriga\u00e7\u00e3o do uso de m\u00e1scara faciais, tamb\u00e9m prev\u00ea san\u00e7\u00f5es conforme estipula o Artigo 268 do C\u00f3digo Penal \u2013 destinado a impedir a introdu\u00e7\u00e3o ou a propaga\u00e7\u00e3o de doen\u00e7a contagiosa.<\/p>\n<p>Ainda segundo o texto, o infrator pode ter pena a deten\u00e7\u00e3o de um m\u00eas a um ano, al\u00e9m de multa se comprovada a inten\u00e7\u00e3o de contaminar outras pessoas. A penalidade pode ser ainda maior se o condenado for funcion\u00e1rio da sa\u00fade p\u00fablica ou exercer a profiss\u00e3o de m\u00e9dico, farmac\u00eautico, dentista ou enfermeiro.<\/p>\n","protected":false},"excerpt":{"rendered":"<p>Novo decreto publicado na noite desta quinta (30) amplia por mais 10 dias o prazo para aplica\u00e7\u00e3o de penalidades. Quem desobedecer pode pagar at\u00e9 R$ 2 mil em multas O uso obrigat\u00f3rio de m\u00e1scaras como medida preventiva contra o novo\u00a0coronav\u00edrus\u00a0ser\u00e1 fiscalizado a partir do dia 11 de maio. A data foi definida em novo decreto [&hellip;]<\/p>\n","protected":false},"author":18,"featured_media":21846,"comment_status":"open","ping_status":"open","sticky":false,"template":"","format":"standard","meta":{"footnotes":""},"categories":[124],"tags":[],"class_list":{"0":"post-21864","1":"post","2":"type-post","3":"status-publish","4":"format-standard","5":"has-post-thumbnail","7":"category-saude"},"yoast_head":"<!-- This site is optimized with the Yoast SEO Premium plugin v24.5 (Yoast SEO v27.5) - https:\/\/yoast.com\/product\/yoast-seo-premium-wordpress\/ -->\n<title>Governo do DF vai exigir uso de m\u00e1scaras a partir do dia 11 - P31<\/title>\n<meta name=\"robots\" content=\"index, follow, max-snippet:-1, max-image-preview:large, max-video-preview:-1\" \/>\n<link rel=\"canonical\" href=\"https:\/\/www.p31noticias.com.br\/?p=21864\" \/>\n<meta property=\"og:locale\" content=\"pt_BR\" \/>\n<meta property=\"og:type\" content=\"article\" \/>\n<meta property=\"og:title\" content=\"Governo do DF vai exigir uso de m\u00e1scaras a partir do dia 11\" \/>\n<meta property=\"og:description\" content=\"Novo decreto publicado na noite desta quinta (30) amplia por mais 10 dias o prazo para aplica\u00e7\u00e3o de penalidades. Quem desobedecer pode pagar at\u00e9 R$ 2 mil em multas O uso obrigat\u00f3rio de m\u00e1scaras como medida preventiva contra o novo\u00a0coronav\u00edrus\u00a0ser\u00e1 fiscalizado a partir do dia 11 de maio. A data foi definida em novo decreto [&hellip;]\" \/>\n<meta property=\"og:url\" content=\"https:\/\/www.p31noticias.com.br\/?p=21864\" \/>\n<meta property=\"og:site_name\" content=\"P31\" \/>\n<meta property=\"article:published_time\" content=\"2020-05-01T12:19:59+00:00\" \/>\n<meta property=\"og:image\" content=\"https:\/\/www.p31noticias.com.br\/wp-content\/uploads\/2020\/04\/mascaras_rj_uso_obrigatorio.jpg\" \/>\n\t<meta property=\"og:image:width\" content=\"1170\" \/>\n\t<meta property=\"og:image:height\" content=\"700\" \/>\n\t<meta property=\"og:image:type\" content=\"image\/jpeg\" \/>\n<meta name=\"author\" content=\"Reda\u00e7\u00e3o JBN\" \/>\n<meta name=\"twitter:card\" content=\"summary_large_image\" \/>\n<meta name=\"twitter:label1\" content=\"Escrito por\" \/>\n\t<meta name=\"twitter:data1\" content=\"Reda\u00e7\u00e3o JBN\" \/>\n\t<meta name=\"twitter:label2\" content=\"Est. tempo de leitura\" \/>\n\t<meta name=\"twitter:data2\" content=\"2 minutos\" \/>\n<script type=\"application\/ld+json\" class=\"yoast-schema-graph\">{\"@context\":\"https:\\\/\\\/schema.org\",\"@graph\":[{\"@type\":\"Article\",\"@id\":\"https:\\\/\\\/www.p31noticias.com.br\\\/?p=21864#article\",\"isPartOf\":{\"@id\":\"https:\\\/\\\/www.p31noticias.com.br\\\/?p=21864\"},\"author\":{\"name\":\"Reda\u00e7\u00e3o JBN\",\"@id\":\"https:\\\/\\\/www.p31noticias.com.br\\\/#\\\/schema\\\/person\\\/77d6b186c710ac38937c6ec204fdd387\"},\"headline\":\"Governo do DF vai exigir uso de m\u00e1scaras a partir do dia 11\",\"datePublished\":\"2020-05-01T12:19:59+00:00\",\"mainEntityOfPage\":{\"@id\":\"https:\\\/\\\/www.p31noticias.com.br\\\/?p=21864\"},\"wordCount\":313,\"commentCount\":0,\"image\":{\"@id\":\"https:\\\/\\\/www.p31noticias.com.br\\\/?p=21864#primaryimage\"},\"thumbnailUrl\":\"https:\\\/\\\/www.p31noticias.com.br\\\/wp-content\\\/uploads\\\/2020\\\/04\\\/mascaras_rj_uso_obrigatorio.jpg\",\"articleSection\":[\"Sa\u00fade\"],\"inLanguage\":\"pt-BR\",\"potentialAction\":[{\"@type\":\"CommentAction\",\"name\":\"Comment\",\"target\":[\"https:\\\/\\\/www.p31noticias.com.br\\\/?p=21864#respond\"]}],\"copyrightYear\":\"2020\",\"copyrightHolder\":{\"@id\":\"https:\\\/\\\/www.p31noticias.com.br\\\/#organization\"}},{\"@type\":\"WebPage\",\"@id\":\"https:\\\/\\\/www.p31noticias.com.br\\\/?p=21864\",\"url\":\"https:\\\/\\\/www.p31noticias.com.br\\\/?p=21864\",\"name\":\"Governo do DF vai exigir uso de m\u00e1scaras a partir do dia 11 - P31\",\"isPartOf\":{\"@id\":\"https:\\\/\\\/www.p31noticias.com.br\\\/#website\"},\"primaryImageOfPage\":{\"@id\":\"https:\\\/\\\/www.p31noticias.com.br\\\/?p=21864#primaryimage\"},\"image\":{\"@id\":\"https:\\\/\\\/www.p31noticias.com.br\\\/?p=21864#primaryimage\"},\"thumbnailUrl\":\"https:\\\/\\\/www.p31noticias.com.br\\\/wp-content\\\/uploads\\\/2020\\\/04\\\/mascaras_rj_uso_obrigatorio.jpg\",\"datePublished\":\"2020-05-01T12:19:59+00:00\",\"author\":{\"@id\":\"https:\\\/\\\/www.p31noticias.com.br\\\/#\\\/schema\\\/person\\\/77d6b186c710ac38937c6ec204fdd387\"},\"breadcrumb\":{\"@id\":\"https:\\\/\\\/www.p31noticias.com.br\\\/?p=21864#breadcrumb\"},\"inLanguage\":\"pt-BR\",\"potentialAction\":[{\"@type\":\"ReadAction\",\"target\":[\"https:\\\/\\\/www.p31noticias.com.br\\\/?p=21864\"]}]},{\"@type\":\"ImageObject\",\"inLanguage\":\"pt-BR\",\"@id\":\"https:\\\/\\\/www.p31noticias.com.br\\\/?p=21864#primaryimage\",\"url\":\"https:\\\/\\\/www.p31noticias.com.br\\\/wp-content\\\/uploads\\\/2020\\\/04\\\/mascaras_rj_uso_obrigatorio.jpg\",\"contentUrl\":\"https:\\\/\\\/www.p31noticias.com.br\\\/wp-content\\\/uploads\\\/2020\\\/04\\\/mascaras_rj_uso_obrigatorio.jpg\",\"width\":1170,\"height\":700,\"caption\":\"Popula\u00e7\u00e3o usa m\u00e1scaras nas ruas do Rio de Janeiro, desde ontem (23) a prefeitura tornou o uso obrigat\u00f3rio atrav\u00e9s de decreto.\"},{\"@type\":\"BreadcrumbList\",\"@id\":\"https:\\\/\\\/www.p31noticias.com.br\\\/?p=21864#breadcrumb\",\"itemListElement\":[{\"@type\":\"ListItem\",\"position\":1,\"name\":\"In\u00edcio\",\"item\":\"https:\\\/\\\/www.p31noticias.com.br\\\/\"},{\"@type\":\"ListItem\",\"position\":2,\"name\":\"Governo do DF vai exigir uso de m\u00e1scaras a partir do dia 11\"}]},{\"@type\":\"WebSite\",\"@id\":\"https:\\\/\\\/www.p31noticias.com.br\\\/#website\",\"url\":\"https:\\\/\\\/www.p31noticias.com.br\\\/\",\"name\":\"P31\",\"description\":\"NOT\u00cdCIAS\",\"potentialAction\":[{\"@type\":\"SearchAction\",\"target\":{\"@type\":\"EntryPoint\",\"urlTemplate\":\"https:\\\/\\\/www.p31noticias.com.br\\\/?s={search_term_string}\"},\"query-input\":{\"@type\":\"PropertyValueSpecification\",\"valueRequired\":true,\"valueName\":\"search_term_string\"}}],\"inLanguage\":\"pt-BR\"},{\"@type\":\"Person\",\"@id\":\"https:\\\/\\\/www.p31noticias.com.br\\\/#\\\/schema\\\/person\\\/77d6b186c710ac38937c6ec204fdd387\",\"name\":\"Reda\u00e7\u00e3o JBN\",\"image\":{\"@type\":\"ImageObject\",\"inLanguage\":\"pt-BR\",\"@id\":\"https:\\\/\\\/secure.gravatar.com\\\/avatar\\\/10fcdb93211f98cce3d64c0795b0915a9a4a21dc0f279238995a3dbfafcad090?s=96&d=mm&r=g\",\"url\":\"https:\\\/\\\/secure.gravatar.com\\\/avatar\\\/10fcdb93211f98cce3d64c0795b0915a9a4a21dc0f279238995a3dbfafcad090?s=96&d=mm&r=g\",\"contentUrl\":\"https:\\\/\\\/secure.gravatar.com\\\/avatar\\\/10fcdb93211f98cce3d64c0795b0915a9a4a21dc0f279238995a3dbfafcad090?s=96&d=mm&r=g\",\"caption\":\"Reda\u00e7\u00e3o JBN\"},\"sameAs\":[\"https:\\\/\\\/p31noticias.com.br\"],\"url\":\"https:\\\/\\\/www.p31noticias.com.br\\\/?author=18\"}]}<\/script>\n<!-- \/ Yoast SEO Premium plugin. -->","yoast_head_json":{"title":"Governo do DF vai exigir uso de m\u00e1scaras a partir do dia 11 - P31","robots":{"index":"index","follow":"follow","max-snippet":"max-snippet:-1","max-image-preview":"max-image-preview:large","max-video-preview":"max-video-preview:-1"},"canonical":"https:\/\/www.p31noticias.com.br\/?p=21864","og_locale":"pt_BR","og_type":"article","og_title":"Governo do DF vai exigir uso de m\u00e1scaras a partir do dia 11","og_description":"Novo decreto publicado na noite desta quinta (30) amplia por mais 10 dias o prazo para aplica\u00e7\u00e3o de penalidades. Quem desobedecer pode pagar at\u00e9 R$ 2 mil em multas O uso obrigat\u00f3rio de m\u00e1scaras como medida preventiva contra o novo\u00a0coronav\u00edrus\u00a0ser\u00e1 fiscalizado a partir do dia 11 de maio. A data foi definida em novo decreto [&hellip;]","og_url":"https:\/\/www.p31noticias.com.br\/?p=21864","og_site_name":"P31","article_published_time":"2020-05-01T12:19:59+00:00","og_image":[{"width":1170,"height":700,"url":"https:\/\/www.p31noticias.com.br\/wp-content\/uploads\/2020\/04\/mascaras_rj_uso_obrigatorio.jpg","type":"image\/jpeg"}],"author":"Reda\u00e7\u00e3o JBN","twitter_card":"summary_large_image","twitter_misc":{"Escrito por":"Reda\u00e7\u00e3o JBN","Est. tempo de leitura":"2 minutos"},"schema":{"@context":"https:\/\/schema.org","@graph":[{"@type":"Article","@id":"https:\/\/www.p31noticias.com.br\/?p=21864#article","isPartOf":{"@id":"https:\/\/www.p31noticias.com.br\/?p=21864"},"author":{"name":"Reda\u00e7\u00e3o JBN","@id":"https:\/\/www.p31noticias.com.br\/#\/schema\/person\/77d6b186c710ac38937c6ec204fdd387"},"headline":"Governo do DF vai exigir uso de m\u00e1scaras a partir do dia 11","datePublished":"2020-05-01T12:19:59+00:00","mainEntityOfPage":{"@id":"https:\/\/www.p31noticias.com.br\/?p=21864"},"wordCount":313,"commentCount":0,"image":{"@id":"https:\/\/www.p31noticias.com.br\/?p=21864#primaryimage"},"thumbnailUrl":"https:\/\/www.p31noticias.com.br\/wp-content\/uploads\/2020\/04\/mascaras_rj_uso_obrigatorio.jpg","articleSection":["Sa\u00fade"],"inLanguage":"pt-BR","potentialAction":[{"@type":"CommentAction","name":"Comment","target":["https:\/\/www.p31noticias.com.br\/?p=21864#respond"]}],"copyrightYear":"2020","copyrightHolder":{"@id":"https:\/\/www.p31noticias.com.br\/#organization"}},{"@type":"WebPage","@id":"https:\/\/www.p31noticias.com.br\/?p=21864","url":"https:\/\/www.p31noticias.com.br\/?p=21864","name":"Governo do DF vai exigir uso de m\u00e1scaras a partir do dia 11 - P31","isPartOf":{"@id":"https:\/\/www.p31noticias.com.br\/#website"},"primaryImageOfPage":{"@id":"https:\/\/www.p31noticias.com.br\/?p=21864#primaryimage"},"image":{"@id":"https:\/\/www.p31noticias.com.br\/?p=21864#primaryimage"},"thumbnailUrl":"https:\/\/www.p31noticias.com.br\/wp-content\/uploads\/2020\/04\/mascaras_rj_uso_obrigatorio.jpg","datePublished":"2020-05-01T12:19:59+00:00","author":{"@id":"https:\/\/www.p31noticias.com.br\/#\/schema\/person\/77d6b186c710ac38937c6ec204fdd387"},"breadcrumb":{"@id":"https:\/\/www.p31noticias.com.br\/?p=21864#breadcrumb"},"inLanguage":"pt-BR","potentialAction":[{"@type":"ReadAction","target":["https:\/\/www.p31noticias.com.br\/?p=21864"]}]},{"@type":"ImageObject","inLanguage":"pt-BR","@id":"https:\/\/www.p31noticias.com.br\/?p=21864#primaryimage","url":"https:\/\/www.p31noticias.com.br\/wp-content\/uploads\/2020\/04\/mascaras_rj_uso_obrigatorio.jpg","contentUrl":"https:\/\/www.p31noticias.com.br\/wp-content\/uploads\/2020\/04\/mascaras_rj_uso_obrigatorio.jpg","width":1170,"height":700,"caption":"Popula\u00e7\u00e3o usa m\u00e1scaras nas ruas do Rio de Janeiro, desde ontem (23) a prefeitura tornou o uso obrigat\u00f3rio atrav\u00e9s de decreto."},{"@type":"BreadcrumbList","@id":"https:\/\/www.p31noticias.com.br\/?p=21864#breadcrumb","itemListElement":[{"@type":"ListItem","position":1,"name":"In\u00edcio","item":"https:\/\/www.p31noticias.com.br\/"},{"@type":"ListItem","position":2,"name":"Governo do DF vai exigir uso de m\u00e1scaras a partir do dia 11"}]},{"@type":"WebSite","@id":"https:\/\/www.p31noticias.com.br\/#website","url":"https:\/\/www.p31noticias.com.br\/","name":"P31","description":"NOT\u00cdCIAS","potentialAction":[{"@type":"SearchAction","target":{"@type":"EntryPoint","urlTemplate":"https:\/\/www.p31noticias.com.br\/?s={search_term_string}"},"query-input":{"@type":"PropertyValueSpecification","valueRequired":true,"valueName":"search_term_string"}}],"inLanguage":"pt-BR"},{"@type":"Person","@id":"https:\/\/www.p31noticias.com.br\/#\/schema\/person\/77d6b186c710ac38937c6ec204fdd387","name":"Reda\u00e7\u00e3o JBN","image":{"@type":"ImageObject","inLanguage":"pt-BR","@id":"https:\/\/secure.gravatar.com\/avatar\/10fcdb93211f98cce3d64c0795b0915a9a4a21dc0f279238995a3dbfafcad090?s=96&d=mm&r=g","url":"https:\/\/secure.gravatar.com\/avatar\/10fcdb93211f98cce3d64c0795b0915a9a4a21dc0f279238995a3dbfafcad090?s=96&d=mm&r=g","contentUrl":"https:\/\/secure.gravatar.com\/avatar\/10fcdb93211f98cce3d64c0795b0915a9a4a21dc0f279238995a3dbfafcad090?s=96&d=mm&r=g","caption":"Reda\u00e7\u00e3o JBN"},"sameAs":["https:\/\/p31noticias.com.br"],"url":"https:\/\/www.p31noticias.com.br\/?author=18"}]}},"amp_enabled":true,"_links":{"self":[{"href":"https:\/\/www.p31noticias.com.br\/index.php?rest_route=\/wp\/v2\/posts\/21864","targetHints":{"allow":["GET"]}}],"collection":[{"href":"https:\/\/www.p31noticias.com.br\/index.php?rest_route=\/wp\/v2\/posts"}],"about":[{"href":"https:\/\/www.p31noticias.com.br\/index.php?rest_route=\/wp\/v2\/types\/post"}],"author":[{"embeddable":true,"href":"https:\/\/www.p31noticias.com.br\/index.php?rest_route=\/wp\/v2\/users\/18"}],"replies":[{"embeddable":true,"href":"https:\/\/www.p31noticias.com.br\/index.php?rest_route=%2Fwp%2Fv2%2Fcomments&post=21864"}],"version-history":[{"count":0,"href":"https:\/\/www.p31noticias.com.br\/index.php?rest_route=\/wp\/v2\/posts\/21864\/revisions"}],"wp:featuredmedia":[{"embeddable":true,"href":"https:\/\/www.p31noticias.com.br\/index.php?rest_route=\/wp\/v2\/media\/21846"}],"wp:attachment":[{"href":"https:\/\/www.p31noticias.com.br\/index.php?rest_route=%2Fwp%2Fv2%2Fmedia&parent=21864"}],"wp:term":[{"taxonomy":"category","embeddable":true,"href":"https:\/\/www.p31noticias.com.br\/index.php?rest_route=%2Fwp%2Fv2%2Fcategories&post=21864"},{"taxonomy":"post_tag","embeddable":true,"href":"https:\/\/www.p31noticias.com.br\/index.php?rest_route=%2Fwp%2Fv2%2Ftags&post=21864"}],"curies":[{"name":"wp","href":"https:\/\/api.w.org\/{rel}","templated":true}]}}