{"id":21860,"date":"2020-05-01T09:14:29","date_gmt":"2020-05-01T12:14:29","guid":{"rendered":"https:\/\/jornaldoplanalto.com.br\/web\/?p=21860"},"modified":"2020-05-01T09:14:29","modified_gmt":"2020-05-01T12:14:29","slug":"sem-lockdown-suecia-e-modelo-para-o-mundo","status":"publish","type":"post","link":"https:\/\/www.p31noticias.com.br\/?p=21860","title":{"rendered":"Sem lockdown, Su\u00e9cia \u00e9 modelo para o mundo"},"content":{"rendered":"<p>Ap\u00f3s adotar uma estrat\u00e9gia pol\u00eamica de combate ao novo coronav\u00edrus, a Su\u00e9cia foi citada por Michael Ryan, diretor executivo da Organiza\u00e7\u00e3o Mundial da Sa\u00fade (OMS) e especialista em sa\u00fade emergencial, como \u201cmodelo de combate [\u00e0 covid-19].\u201d<\/p>\n<p>A Su\u00e9cia se recusou, no per\u00edodo entre mar\u00e7o e abril, a estabelecer leis espec\u00edficas para quarentena e isolamento social. Ao inv\u00e9s da regulamenta\u00e7\u00e3o pesada de outros pa\u00edses da Escandin\u00e1via (regi\u00e3o do norte europeu que agrupa Dinamarca, Noruega e Su\u00e9cia), o governo sueco prop\u00f4s uma pol\u00edtica p\u00fablica baseada em compreens\u00e3o, cuidado e seguran\u00e7a com o pr\u00f3ximo \u2013 uma forma baseada em cidadania, n\u00e3o em multas, ou regulamenta\u00e7\u00f5es severas.<\/p>\n<p>\u201cH\u00e1 uma percep\u00e7\u00e3o de que a Su\u00e9cia n\u00e3o criou medidas de controle e deixou a doen\u00e7a se disseminar, mas isso n\u00e3o poderia estar mais longe da verdade\u201d, afirmou Ryan.\u201c[O pa\u00eds] criou uma pol\u00edtica p\u00fablica muito dura de distanciamento social baseada em cuidar e proteger pessoas internadas. O que houve de diferente foi a confian\u00e7a na cidadania e a habilidade individual dos cidad\u00e3os de se imporem o distanciamento social e os devidos cuidados [contra a infec\u00e7\u00e3o]\u201d, afirmou o m\u00e9dico em coletiva.<\/p>\n<p>A forma diferente de lidar com a pandemia foi criticada por acad\u00eamicos e intelectuais do pa\u00eds, que escreveram uma carta aberta ao governo para solicitar um endurecimento das medidas contra o novo coronav\u00edrus. O documento registrou mais de 2.300 assinaturas. A Su\u00e9cia apresentou um n\u00famero maior de casos em compara\u00e7\u00e3o com os vizinhos, que adotaram medidas regulat\u00f3rias por meio de decretos. Foram 20.300 casos e 2.462 mortes.<\/p>\n<p>\u201cSe n\u00e3o queremos uma sociedade que necessite de\u00a0<em>lockdowns<\/em>, devemos olhar para a Su\u00e9cia como representante de um modelo [de a\u00e7\u00e3o]\u201d, complementou Ryan.<\/p>\n<p><iframe loading=\"lazy\" title=\"Coronavirus Outbreak (COVID - 19): WHO Update (29 April 2020)\" width=\"696\" height=\"392\" src=\"https:\/\/www.youtube.com\/embed\/pHgdpSSQMKk?feature=oembed\" frameborder=\"0\" allow=\"accelerometer; autoplay; encrypted-media; gyroscope; picture-in-picture\" allowfullscreen><\/iframe><\/p>\n<h2>Diferen\u00e7as<\/h2>\n<p>O pa\u00eds, por\u00e9m, apresenta uma realidade bem diferente do resto do mundo. A Su\u00e9cia conta com cerca de 10,3 milh\u00f5es de habitantes, e possui um produto interno bruto (PIB) de cerca de US$ 528 bilh\u00f5es. O pa\u00eds tem uma renda m\u00e9dia anual de US$ 54.600 por pessoa \u2013 cerca de R$ 300 mil. A Su\u00e9cia figura entre os dez pa\u00edses com a popula\u00e7\u00e3o mais feliz do mundo, e tamb\u00e9m com maior liberdade econ\u00f4mica. A m\u00e9dia de impostos que o cidad\u00e3o sueco paga gira em torno de 32% dos ganhos individuais.<\/p>\n<p>(Da Ag\u00eancia Brasil)<\/p>\n","protected":false},"excerpt":{"rendered":"<p>Ap\u00f3s adotar uma estrat\u00e9gia pol\u00eamica de combate ao novo coronav\u00edrus, a Su\u00e9cia foi citada por Michael Ryan, diretor executivo da Organiza\u00e7\u00e3o Mundial da Sa\u00fade (OMS) e especialista em sa\u00fade emergencial, como \u201cmodelo de combate [\u00e0 covid-19].\u201d A Su\u00e9cia se recusou, no per\u00edodo entre mar\u00e7o e abril, a estabelecer leis espec\u00edficas para quarentena e isolamento social. [&hellip;]<\/p>\n","protected":false},"author":18,"featured_media":21862,"comment_status":"open","ping_status":"open","sticky":false,"template":"","format":"standard","meta":{"footnotes":""},"categories":[68,124],"tags":[],"class_list":{"0":"post-21860","1":"post","2":"type-post","3":"status-publish","4":"format-standard","5":"has-post-thumbnail","7":"category-brasil","8":"category-saude"},"yoast_head":"<!-- This site is optimized with the Yoast SEO Premium plugin v24.5 (Yoast SEO v27.5) - https:\/\/yoast.com\/product\/yoast-seo-premium-wordpress\/ -->\n<title>Sem lockdown, Su\u00e9cia \u00e9 modelo para o mundo - P31<\/title>\n<meta name=\"robots\" content=\"index, follow, max-snippet:-1, max-image-preview:large, max-video-preview:-1\" \/>\n<link rel=\"canonical\" href=\"https:\/\/www.p31noticias.com.br\/?p=21860\" \/>\n<meta property=\"og:locale\" content=\"pt_BR\" \/>\n<meta property=\"og:type\" content=\"article\" \/>\n<meta property=\"og:title\" content=\"Sem lockdown, Su\u00e9cia \u00e9 modelo para o mundo\" \/>\n<meta property=\"og:description\" content=\"Ap\u00f3s adotar uma estrat\u00e9gia pol\u00eamica de combate ao novo coronav\u00edrus, a Su\u00e9cia foi citada por Michael Ryan, diretor executivo da Organiza\u00e7\u00e3o Mundial da Sa\u00fade (OMS) e especialista em sa\u00fade emergencial, como \u201cmodelo de combate [\u00e0 covid-19].\u201d A Su\u00e9cia se recusou, no per\u00edodo entre mar\u00e7o e abril, a estabelecer leis espec\u00edficas para quarentena e isolamento social. [&hellip;]\" \/>\n<meta property=\"og:url\" content=\"https:\/\/www.p31noticias.com.br\/?p=21860\" \/>\n<meta property=\"og:site_name\" content=\"P31\" \/>\n<meta property=\"article:published_time\" content=\"2020-05-01T12:14:29+00:00\" \/>\n<meta property=\"og:image\" content=\"https:\/\/www.p31noticias.com.br\/wp-content\/uploads\/2020\/05\/OMS.jpg\" \/>\n\t<meta property=\"og:image:width\" content=\"644\" \/>\n\t<meta property=\"og:image:height\" content=\"372\" \/>\n\t<meta property=\"og:image:type\" content=\"image\/jpeg\" \/>\n<meta name=\"author\" content=\"Reda\u00e7\u00e3o JBN\" \/>\n<meta name=\"twitter:card\" content=\"summary_large_image\" \/>\n<meta name=\"twitter:label1\" content=\"Escrito por\" \/>\n\t<meta name=\"twitter:data1\" content=\"Reda\u00e7\u00e3o JBN\" \/>\n\t<meta name=\"twitter:label2\" content=\"Est. tempo de leitura\" \/>\n\t<meta name=\"twitter:data2\" content=\"2 minutos\" \/>\n<script type=\"application\/ld+json\" class=\"yoast-schema-graph\">{\"@context\":\"https:\\\/\\\/schema.org\",\"@graph\":[{\"@type\":\"Article\",\"@id\":\"https:\\\/\\\/www.p31noticias.com.br\\\/?p=21860#article\",\"isPartOf\":{\"@id\":\"https:\\\/\\\/www.p31noticias.com.br\\\/?p=21860\"},\"author\":{\"name\":\"Reda\u00e7\u00e3o JBN\",\"@id\":\"https:\\\/\\\/www.p31noticias.com.br\\\/#\\\/schema\\\/person\\\/77d6b186c710ac38937c6ec204fdd387\"},\"headline\":\"Sem lockdown, Su\u00e9cia \u00e9 modelo para o mundo\",\"datePublished\":\"2020-05-01T12:14:29+00:00\",\"mainEntityOfPage\":{\"@id\":\"https:\\\/\\\/www.p31noticias.com.br\\\/?p=21860\"},\"wordCount\":433,\"commentCount\":0,\"image\":{\"@id\":\"https:\\\/\\\/www.p31noticias.com.br\\\/?p=21860#primaryimage\"},\"thumbnailUrl\":\"https:\\\/\\\/www.p31noticias.com.br\\\/wp-content\\\/uploads\\\/2020\\\/05\\\/OMS.jpg\",\"articleSection\":[\"Brasil\",\"Sa\u00fade\"],\"inLanguage\":\"pt-BR\",\"potentialAction\":[{\"@type\":\"CommentAction\",\"name\":\"Comment\",\"target\":[\"https:\\\/\\\/www.p31noticias.com.br\\\/?p=21860#respond\"]}],\"copyrightYear\":\"2020\",\"copyrightHolder\":{\"@id\":\"https:\\\/\\\/www.p31noticias.com.br\\\/#organization\"}},{\"@type\":\"WebPage\",\"@id\":\"https:\\\/\\\/www.p31noticias.com.br\\\/?p=21860\",\"url\":\"https:\\\/\\\/www.p31noticias.com.br\\\/?p=21860\",\"name\":\"Sem lockdown, Su\u00e9cia \u00e9 modelo para o mundo - P31\",\"isPartOf\":{\"@id\":\"https:\\\/\\\/www.p31noticias.com.br\\\/#website\"},\"primaryImageOfPage\":{\"@id\":\"https:\\\/\\\/www.p31noticias.com.br\\\/?p=21860#primaryimage\"},\"image\":{\"@id\":\"https:\\\/\\\/www.p31noticias.com.br\\\/?p=21860#primaryimage\"},\"thumbnailUrl\":\"https:\\\/\\\/www.p31noticias.com.br\\\/wp-content\\\/uploads\\\/2020\\\/05\\\/OMS.jpg\",\"datePublished\":\"2020-05-01T12:14:29+00:00\",\"author\":{\"@id\":\"https:\\\/\\\/www.p31noticias.com.br\\\/#\\\/schema\\\/person\\\/77d6b186c710ac38937c6ec204fdd387\"},\"breadcrumb\":{\"@id\":\"https:\\\/\\\/www.p31noticias.com.br\\\/?p=21860#breadcrumb\"},\"inLanguage\":\"pt-BR\",\"potentialAction\":[{\"@type\":\"ReadAction\",\"target\":[\"https:\\\/\\\/www.p31noticias.com.br\\\/?p=21860\"]}]},{\"@type\":\"ImageObject\",\"inLanguage\":\"pt-BR\",\"@id\":\"https:\\\/\\\/www.p31noticias.com.br\\\/?p=21860#primaryimage\",\"url\":\"https:\\\/\\\/www.p31noticias.com.br\\\/wp-content\\\/uploads\\\/2020\\\/05\\\/OMS.jpg\",\"contentUrl\":\"https:\\\/\\\/www.p31noticias.com.br\\\/wp-content\\\/uploads\\\/2020\\\/05\\\/OMS.jpg\",\"width\":644,\"height\":372},{\"@type\":\"BreadcrumbList\",\"@id\":\"https:\\\/\\\/www.p31noticias.com.br\\\/?p=21860#breadcrumb\",\"itemListElement\":[{\"@type\":\"ListItem\",\"position\":1,\"name\":\"In\u00edcio\",\"item\":\"https:\\\/\\\/www.p31noticias.com.br\\\/\"},{\"@type\":\"ListItem\",\"position\":2,\"name\":\"Sem lockdown, Su\u00e9cia \u00e9 modelo para o mundo\"}]},{\"@type\":\"WebSite\",\"@id\":\"https:\\\/\\\/www.p31noticias.com.br\\\/#website\",\"url\":\"https:\\\/\\\/www.p31noticias.com.br\\\/\",\"name\":\"P31\",\"description\":\"NOT\u00cdCIAS\",\"potentialAction\":[{\"@type\":\"SearchAction\",\"target\":{\"@type\":\"EntryPoint\",\"urlTemplate\":\"https:\\\/\\\/www.p31noticias.com.br\\\/?s={search_term_string}\"},\"query-input\":{\"@type\":\"PropertyValueSpecification\",\"valueRequired\":true,\"valueName\":\"search_term_string\"}}],\"inLanguage\":\"pt-BR\"},{\"@type\":\"Person\",\"@id\":\"https:\\\/\\\/www.p31noticias.com.br\\\/#\\\/schema\\\/person\\\/77d6b186c710ac38937c6ec204fdd387\",\"name\":\"Reda\u00e7\u00e3o JBN\",\"image\":{\"@type\":\"ImageObject\",\"inLanguage\":\"pt-BR\",\"@id\":\"https:\\\/\\\/secure.gravatar.com\\\/avatar\\\/10fcdb93211f98cce3d64c0795b0915a9a4a21dc0f279238995a3dbfafcad090?s=96&d=mm&r=g\",\"url\":\"https:\\\/\\\/secure.gravatar.com\\\/avatar\\\/10fcdb93211f98cce3d64c0795b0915a9a4a21dc0f279238995a3dbfafcad090?s=96&d=mm&r=g\",\"contentUrl\":\"https:\\\/\\\/secure.gravatar.com\\\/avatar\\\/10fcdb93211f98cce3d64c0795b0915a9a4a21dc0f279238995a3dbfafcad090?s=96&d=mm&r=g\",\"caption\":\"Reda\u00e7\u00e3o JBN\"},\"sameAs\":[\"https:\\\/\\\/p31noticias.com.br\"],\"url\":\"https:\\\/\\\/www.p31noticias.com.br\\\/?author=18\"}]}<\/script>\n<!-- \/ Yoast SEO Premium plugin. -->","yoast_head_json":{"title":"Sem lockdown, Su\u00e9cia \u00e9 modelo para o mundo - P31","robots":{"index":"index","follow":"follow","max-snippet":"max-snippet:-1","max-image-preview":"max-image-preview:large","max-video-preview":"max-video-preview:-1"},"canonical":"https:\/\/www.p31noticias.com.br\/?p=21860","og_locale":"pt_BR","og_type":"article","og_title":"Sem lockdown, Su\u00e9cia \u00e9 modelo para o mundo","og_description":"Ap\u00f3s adotar uma estrat\u00e9gia pol\u00eamica de combate ao novo coronav\u00edrus, a Su\u00e9cia foi citada por Michael Ryan, diretor executivo da Organiza\u00e7\u00e3o Mundial da Sa\u00fade (OMS) e especialista em sa\u00fade emergencial, como \u201cmodelo de combate [\u00e0 covid-19].\u201d A Su\u00e9cia se recusou, no per\u00edodo entre mar\u00e7o e abril, a estabelecer leis espec\u00edficas para quarentena e isolamento social. [&hellip;]","og_url":"https:\/\/www.p31noticias.com.br\/?p=21860","og_site_name":"P31","article_published_time":"2020-05-01T12:14:29+00:00","og_image":[{"width":644,"height":372,"url":"https:\/\/www.p31noticias.com.br\/wp-content\/uploads\/2020\/05\/OMS.jpg","type":"image\/jpeg"}],"author":"Reda\u00e7\u00e3o JBN","twitter_card":"summary_large_image","twitter_misc":{"Escrito por":"Reda\u00e7\u00e3o JBN","Est. tempo de leitura":"2 minutos"},"schema":{"@context":"https:\/\/schema.org","@graph":[{"@type":"Article","@id":"https:\/\/www.p31noticias.com.br\/?p=21860#article","isPartOf":{"@id":"https:\/\/www.p31noticias.com.br\/?p=21860"},"author":{"name":"Reda\u00e7\u00e3o JBN","@id":"https:\/\/www.p31noticias.com.br\/#\/schema\/person\/77d6b186c710ac38937c6ec204fdd387"},"headline":"Sem lockdown, Su\u00e9cia \u00e9 modelo para o mundo","datePublished":"2020-05-01T12:14:29+00:00","mainEntityOfPage":{"@id":"https:\/\/www.p31noticias.com.br\/?p=21860"},"wordCount":433,"commentCount":0,"image":{"@id":"https:\/\/www.p31noticias.com.br\/?p=21860#primaryimage"},"thumbnailUrl":"https:\/\/www.p31noticias.com.br\/wp-content\/uploads\/2020\/05\/OMS.jpg","articleSection":["Brasil","Sa\u00fade"],"inLanguage":"pt-BR","potentialAction":[{"@type":"CommentAction","name":"Comment","target":["https:\/\/www.p31noticias.com.br\/?p=21860#respond"]}],"copyrightYear":"2020","copyrightHolder":{"@id":"https:\/\/www.p31noticias.com.br\/#organization"}},{"@type":"WebPage","@id":"https:\/\/www.p31noticias.com.br\/?p=21860","url":"https:\/\/www.p31noticias.com.br\/?p=21860","name":"Sem lockdown, Su\u00e9cia \u00e9 modelo para o mundo - P31","isPartOf":{"@id":"https:\/\/www.p31noticias.com.br\/#website"},"primaryImageOfPage":{"@id":"https:\/\/www.p31noticias.com.br\/?p=21860#primaryimage"},"image":{"@id":"https:\/\/www.p31noticias.com.br\/?p=21860#primaryimage"},"thumbnailUrl":"https:\/\/www.p31noticias.com.br\/wp-content\/uploads\/2020\/05\/OMS.jpg","datePublished":"2020-05-01T12:14:29+00:00","author":{"@id":"https:\/\/www.p31noticias.com.br\/#\/schema\/person\/77d6b186c710ac38937c6ec204fdd387"},"breadcrumb":{"@id":"https:\/\/www.p31noticias.com.br\/?p=21860#breadcrumb"},"inLanguage":"pt-BR","potentialAction":[{"@type":"ReadAction","target":["https:\/\/www.p31noticias.com.br\/?p=21860"]}]},{"@type":"ImageObject","inLanguage":"pt-BR","@id":"https:\/\/www.p31noticias.com.br\/?p=21860#primaryimage","url":"https:\/\/www.p31noticias.com.br\/wp-content\/uploads\/2020\/05\/OMS.jpg","contentUrl":"https:\/\/www.p31noticias.com.br\/wp-content\/uploads\/2020\/05\/OMS.jpg","width":644,"height":372},{"@type":"BreadcrumbList","@id":"https:\/\/www.p31noticias.com.br\/?p=21860#breadcrumb","itemListElement":[{"@type":"ListItem","position":1,"name":"In\u00edcio","item":"https:\/\/www.p31noticias.com.br\/"},{"@type":"ListItem","position":2,"name":"Sem lockdown, Su\u00e9cia \u00e9 modelo para o mundo"}]},{"@type":"WebSite","@id":"https:\/\/www.p31noticias.com.br\/#website","url":"https:\/\/www.p31noticias.com.br\/","name":"P31","description":"NOT\u00cdCIAS","potentialAction":[{"@type":"SearchAction","target":{"@type":"EntryPoint","urlTemplate":"https:\/\/www.p31noticias.com.br\/?s={search_term_string}"},"query-input":{"@type":"PropertyValueSpecification","valueRequired":true,"valueName":"search_term_string"}}],"inLanguage":"pt-BR"},{"@type":"Person","@id":"https:\/\/www.p31noticias.com.br\/#\/schema\/person\/77d6b186c710ac38937c6ec204fdd387","name":"Reda\u00e7\u00e3o JBN","image":{"@type":"ImageObject","inLanguage":"pt-BR","@id":"https:\/\/secure.gravatar.com\/avatar\/10fcdb93211f98cce3d64c0795b0915a9a4a21dc0f279238995a3dbfafcad090?s=96&d=mm&r=g","url":"https:\/\/secure.gravatar.com\/avatar\/10fcdb93211f98cce3d64c0795b0915a9a4a21dc0f279238995a3dbfafcad090?s=96&d=mm&r=g","contentUrl":"https:\/\/secure.gravatar.com\/avatar\/10fcdb93211f98cce3d64c0795b0915a9a4a21dc0f279238995a3dbfafcad090?s=96&d=mm&r=g","caption":"Reda\u00e7\u00e3o JBN"},"sameAs":["https:\/\/p31noticias.com.br"],"url":"https:\/\/www.p31noticias.com.br\/?author=18"}]}},"amp_enabled":true,"_links":{"self":[{"href":"https:\/\/www.p31noticias.com.br\/index.php?rest_route=\/wp\/v2\/posts\/21860","targetHints":{"allow":["GET"]}}],"collection":[{"href":"https:\/\/www.p31noticias.com.br\/index.php?rest_route=\/wp\/v2\/posts"}],"about":[{"href":"https:\/\/www.p31noticias.com.br\/index.php?rest_route=\/wp\/v2\/types\/post"}],"author":[{"embeddable":true,"href":"https:\/\/www.p31noticias.com.br\/index.php?rest_route=\/wp\/v2\/users\/18"}],"replies":[{"embeddable":true,"href":"https:\/\/www.p31noticias.com.br\/index.php?rest_route=%2Fwp%2Fv2%2Fcomments&post=21860"}],"version-history":[{"count":0,"href":"https:\/\/www.p31noticias.com.br\/index.php?rest_route=\/wp\/v2\/posts\/21860\/revisions"}],"wp:featuredmedia":[{"embeddable":true,"href":"https:\/\/www.p31noticias.com.br\/index.php?rest_route=\/wp\/v2\/media\/21862"}],"wp:attachment":[{"href":"https:\/\/www.p31noticias.com.br\/index.php?rest_route=%2Fwp%2Fv2%2Fmedia&parent=21860"}],"wp:term":[{"taxonomy":"category","embeddable":true,"href":"https:\/\/www.p31noticias.com.br\/index.php?rest_route=%2Fwp%2Fv2%2Fcategories&post=21860"},{"taxonomy":"post_tag","embeddable":true,"href":"https:\/\/www.p31noticias.com.br\/index.php?rest_route=%2Fwp%2Fv2%2Ftags&post=21860"}],"curies":[{"name":"wp","href":"https:\/\/api.w.org\/{rel}","templated":true}]}}