{"id":21857,"date":"2020-04-30T09:14:37","date_gmt":"2020-04-30T12:14:37","guid":{"rendered":"https:\/\/jornaldoplanalto.com.br\/web\/?p=21857"},"modified":"2020-04-30T09:14:37","modified_gmt":"2020-04-30T12:14:37","slug":"saude-recebe-doacao-de-mascaras-produzidas-pelo-senac","status":"publish","type":"post","link":"https:\/\/www.p31noticias.com.br\/?p=21857","title":{"rendered":"Sa\u00fade recebe doa\u00e7\u00e3o de m\u00e1scaras produzidas pelo Senac"},"content":{"rendered":"<p><strong><em>Foram entregues 5,7 mil unidades e outras 3 mil devem chegar nesta quinta-feira (30). Pasta j\u00e1 conta com cerca de 12 mil m\u00e1scaras produzidas pelo Senac<\/em><\/strong><\/p>\n<p>A Secretaria de Sa\u00fade recebeu, nesta quarta-feira (29), a doa\u00e7\u00e3o de mais 5,7 mil m\u00e1scaras cir\u00fargicas produzidas pelo Servi\u00e7o Nacional de Aprendizagem Comercial (Senac-DF). Outras 3 mil devem chegar \u00e0 pasta nesta quinta-feira (30). Somadas \u00e0s 3 mil recebidas na \u00faltima semana, a pasta completa um total de quase 12 mil m\u00e1scaras doadas pela institui\u00e7\u00e3o como forma de combater a dissemina\u00e7\u00e3o do coronav\u00edrus.<\/p>\n<p>As doa\u00e7\u00f5es s\u00e3o centralizadas na Secretaria de Sa\u00fade e a distribui\u00e7\u00e3o \u00e9 feita pela Subsecretaria de Log\u00edstica, de acordo com a necessidade de cada local. De acordo com a subsecret\u00e1ria Mariana Rodrigues, uma remessa de tr\u00eas mil m\u00e1scaras doadas pelo Senac foram entregues semana passada e j\u00e1 distribu\u00eddas.<\/p>\n<p>\u201cTodas as m\u00e1scaras seguem a recomenda\u00e7\u00e3o do Minist\u00e9rio da Sa\u00fade e foram produzidas por alunos e instrutores das unidades do Senac de Sobradinho, Santa Maria e unidades m\u00f3veis\u201d, ressaltou a chefe de gabinete da Fecom\u00e9rcio-DF, Karine C\u00e2mara, que fez a entrega simb\u00f3lica dos insumos aos secret\u00e1rios de Sa\u00fade, Francisco Ara\u00fajo, e de Economia, Andr\u00e9 Clemente.<\/p>\n<p>Segundo Francisco Ara\u00fajo, as m\u00e1scaras ser\u00e3o entregues aos profissionais da Secretaria de Sa\u00fade. \u201cEssa doa\u00e7\u00e3o \u00e9 muito importante porque todos sabem que temos que est\u00e1 bem preparados para o enfrentamento \u00e0 pandemia e os nossos profissionais de sa\u00fade est\u00e3o na linha de frente desse desafio. Esse EPI \u00e9 dos mais consumidos e o estoque tem que est\u00e1 senhores bem abastecido. Al\u00e9m disso, \u00e9 importante que as pessoas, de um modo geral, estejam habituadas ao uso da m\u00e1scara, para evitar a propaga\u00e7\u00e3o do coronav\u00edrus\u201d, destacou.<\/p>\n<p><strong>Parceria<\/strong><\/p>\n<p>Conforme destaca o secret\u00e1rio de Economia, a crise por qual estamos passando tem ensinado como o governo e as entidades trabalhando juntos podem fazer uma Bras\u00edlia melhor.<\/p>\n<p>\u201cEssa m\u00e1scara tem um simbolismo que \u00e9 a uni\u00e3o do setor produtivo, pois enquanto elas est\u00e3o sendo fabricadas, empregos s\u00e3o gerados e a economia est\u00e1 girando. Mais uma vez, a Economia e a Sa\u00fade integradas\u201d, disse.<\/p>\n<p>O material doado foi confeccionado seguindo \u00e0s recomenda\u00e7\u00f5es do Minist\u00e9rio da Sa\u00fade e da Ag\u00eancia Nacional de Vigil\u00e2ncia Sanit\u00e1ria (Anvisa). As m\u00e1scaras foram produzidas em TNT 100% poliptopileno e TNT 100% SMS at\u00f3xico, barreira bacteriana BFE, com capacidade hidro-repelente, gramatura 50 g\/m2 e na cor azul para a parte interna.<\/p>\n<p><em>(Por Ag\u00eancia Bras\u00edlia. Foto: Geovana Albuquerque \/ Secretaria de Sa\u00fade)<\/em><\/p>\n","protected":false},"excerpt":{"rendered":"<p>Foram entregues 5,7 mil unidades e outras 3 mil devem chegar nesta quinta-feira (30). Pasta j\u00e1 conta com cerca de 12 mil m\u00e1scaras produzidas pelo Senac A Secretaria de Sa\u00fade recebeu, nesta quarta-feira (29), a doa\u00e7\u00e3o de mais 5,7 mil m\u00e1scaras cir\u00fargicas produzidas pelo Servi\u00e7o Nacional de Aprendizagem Comercial (Senac-DF). Outras 3 mil devem chegar [&hellip;]<\/p>\n","protected":false},"author":18,"featured_media":21858,"comment_status":"open","ping_status":"open","sticky":false,"template":"","format":"standard","meta":{"footnotes":""},"categories":[124],"tags":[],"class_list":{"0":"post-21857","1":"post","2":"type-post","3":"status-publish","4":"format-standard","5":"has-post-thumbnail","7":"category-saude"},"yoast_head":"<!-- This site is optimized with the Yoast SEO Premium plugin v24.5 (Yoast SEO v27.5) - https:\/\/yoast.com\/product\/yoast-seo-premium-wordpress\/ -->\n<title>Sa\u00fade recebe doa\u00e7\u00e3o de m\u00e1scaras produzidas pelo Senac - P31<\/title>\n<meta name=\"robots\" content=\"index, follow, max-snippet:-1, max-image-preview:large, max-video-preview:-1\" \/>\n<link rel=\"canonical\" href=\"https:\/\/www.p31noticias.com.br\/?p=21857\" \/>\n<meta property=\"og:locale\" content=\"pt_BR\" \/>\n<meta property=\"og:type\" content=\"article\" \/>\n<meta property=\"og:title\" content=\"Sa\u00fade recebe doa\u00e7\u00e3o de m\u00e1scaras produzidas pelo Senac\" \/>\n<meta property=\"og:description\" content=\"Foram entregues 5,7 mil unidades e outras 3 mil devem chegar nesta quinta-feira (30). Pasta j\u00e1 conta com cerca de 12 mil m\u00e1scaras produzidas pelo Senac A Secretaria de Sa\u00fade recebeu, nesta quarta-feira (29), a doa\u00e7\u00e3o de mais 5,7 mil m\u00e1scaras cir\u00fargicas produzidas pelo Servi\u00e7o Nacional de Aprendizagem Comercial (Senac-DF). Outras 3 mil devem chegar [&hellip;]\" \/>\n<meta property=\"og:url\" content=\"https:\/\/www.p31noticias.com.br\/?p=21857\" \/>\n<meta property=\"og:site_name\" content=\"P31\" \/>\n<meta property=\"article:published_time\" content=\"2020-04-30T12:14:37+00:00\" \/>\n<meta property=\"og:image\" content=\"https:\/\/www.p31noticias.com.br\/wp-content\/uploads\/2020\/04\/Senac.jpeg\" \/>\n\t<meta property=\"og:image:width\" content=\"640\" \/>\n\t<meta property=\"og:image:height\" content=\"382\" \/>\n\t<meta property=\"og:image:type\" content=\"image\/jpeg\" \/>\n<meta name=\"author\" content=\"Reda\u00e7\u00e3o JBN\" \/>\n<meta name=\"twitter:card\" content=\"summary_large_image\" \/>\n<meta name=\"twitter:label1\" content=\"Escrito por\" \/>\n\t<meta name=\"twitter:data1\" content=\"Reda\u00e7\u00e3o JBN\" \/>\n\t<meta name=\"twitter:label2\" content=\"Est. tempo de leitura\" \/>\n\t<meta name=\"twitter:data2\" content=\"2 minutos\" \/>\n<script type=\"application\/ld+json\" class=\"yoast-schema-graph\">{\"@context\":\"https:\\\/\\\/schema.org\",\"@graph\":[{\"@type\":\"Article\",\"@id\":\"https:\\\/\\\/www.p31noticias.com.br\\\/?p=21857#article\",\"isPartOf\":{\"@id\":\"https:\\\/\\\/www.p31noticias.com.br\\\/?p=21857\"},\"author\":{\"name\":\"Reda\u00e7\u00e3o JBN\",\"@id\":\"https:\\\/\\\/www.p31noticias.com.br\\\/#\\\/schema\\\/person\\\/77d6b186c710ac38937c6ec204fdd387\"},\"headline\":\"Sa\u00fade recebe doa\u00e7\u00e3o de m\u00e1scaras produzidas pelo Senac\",\"datePublished\":\"2020-04-30T12:14:37+00:00\",\"mainEntityOfPage\":{\"@id\":\"https:\\\/\\\/www.p31noticias.com.br\\\/?p=21857\"},\"wordCount\":450,\"commentCount\":0,\"image\":{\"@id\":\"https:\\\/\\\/www.p31noticias.com.br\\\/?p=21857#primaryimage\"},\"thumbnailUrl\":\"https:\\\/\\\/www.p31noticias.com.br\\\/wp-content\\\/uploads\\\/2020\\\/04\\\/Senac.jpeg\",\"articleSection\":[\"Sa\u00fade\"],\"inLanguage\":\"pt-BR\",\"potentialAction\":[{\"@type\":\"CommentAction\",\"name\":\"Comment\",\"target\":[\"https:\\\/\\\/www.p31noticias.com.br\\\/?p=21857#respond\"]}],\"copyrightYear\":\"2020\",\"copyrightHolder\":{\"@id\":\"https:\\\/\\\/www.p31noticias.com.br\\\/#organization\"}},{\"@type\":\"WebPage\",\"@id\":\"https:\\\/\\\/www.p31noticias.com.br\\\/?p=21857\",\"url\":\"https:\\\/\\\/www.p31noticias.com.br\\\/?p=21857\",\"name\":\"Sa\u00fade recebe doa\u00e7\u00e3o de m\u00e1scaras produzidas pelo Senac - P31\",\"isPartOf\":{\"@id\":\"https:\\\/\\\/www.p31noticias.com.br\\\/#website\"},\"primaryImageOfPage\":{\"@id\":\"https:\\\/\\\/www.p31noticias.com.br\\\/?p=21857#primaryimage\"},\"image\":{\"@id\":\"https:\\\/\\\/www.p31noticias.com.br\\\/?p=21857#primaryimage\"},\"thumbnailUrl\":\"https:\\\/\\\/www.p31noticias.com.br\\\/wp-content\\\/uploads\\\/2020\\\/04\\\/Senac.jpeg\",\"datePublished\":\"2020-04-30T12:14:37+00:00\",\"author\":{\"@id\":\"https:\\\/\\\/www.p31noticias.com.br\\\/#\\\/schema\\\/person\\\/77d6b186c710ac38937c6ec204fdd387\"},\"breadcrumb\":{\"@id\":\"https:\\\/\\\/www.p31noticias.com.br\\\/?p=21857#breadcrumb\"},\"inLanguage\":\"pt-BR\",\"potentialAction\":[{\"@type\":\"ReadAction\",\"target\":[\"https:\\\/\\\/www.p31noticias.com.br\\\/?p=21857\"]}]},{\"@type\":\"ImageObject\",\"inLanguage\":\"pt-BR\",\"@id\":\"https:\\\/\\\/www.p31noticias.com.br\\\/?p=21857#primaryimage\",\"url\":\"https:\\\/\\\/www.p31noticias.com.br\\\/wp-content\\\/uploads\\\/2020\\\/04\\\/Senac.jpeg\",\"contentUrl\":\"https:\\\/\\\/www.p31noticias.com.br\\\/wp-content\\\/uploads\\\/2020\\\/04\\\/Senac.jpeg\",\"width\":640,\"height\":382},{\"@type\":\"BreadcrumbList\",\"@id\":\"https:\\\/\\\/www.p31noticias.com.br\\\/?p=21857#breadcrumb\",\"itemListElement\":[{\"@type\":\"ListItem\",\"position\":1,\"name\":\"In\u00edcio\",\"item\":\"https:\\\/\\\/www.p31noticias.com.br\\\/\"},{\"@type\":\"ListItem\",\"position\":2,\"name\":\"Sa\u00fade recebe doa\u00e7\u00e3o de m\u00e1scaras produzidas pelo Senac\"}]},{\"@type\":\"WebSite\",\"@id\":\"https:\\\/\\\/www.p31noticias.com.br\\\/#website\",\"url\":\"https:\\\/\\\/www.p31noticias.com.br\\\/\",\"name\":\"P31\",\"description\":\"NOT\u00cdCIAS\",\"potentialAction\":[{\"@type\":\"SearchAction\",\"target\":{\"@type\":\"EntryPoint\",\"urlTemplate\":\"https:\\\/\\\/www.p31noticias.com.br\\\/?s={search_term_string}\"},\"query-input\":{\"@type\":\"PropertyValueSpecification\",\"valueRequired\":true,\"valueName\":\"search_term_string\"}}],\"inLanguage\":\"pt-BR\"},{\"@type\":\"Person\",\"@id\":\"https:\\\/\\\/www.p31noticias.com.br\\\/#\\\/schema\\\/person\\\/77d6b186c710ac38937c6ec204fdd387\",\"name\":\"Reda\u00e7\u00e3o JBN\",\"image\":{\"@type\":\"ImageObject\",\"inLanguage\":\"pt-BR\",\"@id\":\"https:\\\/\\\/secure.gravatar.com\\\/avatar\\\/10fcdb93211f98cce3d64c0795b0915a9a4a21dc0f279238995a3dbfafcad090?s=96&d=mm&r=g\",\"url\":\"https:\\\/\\\/secure.gravatar.com\\\/avatar\\\/10fcdb93211f98cce3d64c0795b0915a9a4a21dc0f279238995a3dbfafcad090?s=96&d=mm&r=g\",\"contentUrl\":\"https:\\\/\\\/secure.gravatar.com\\\/avatar\\\/10fcdb93211f98cce3d64c0795b0915a9a4a21dc0f279238995a3dbfafcad090?s=96&d=mm&r=g\",\"caption\":\"Reda\u00e7\u00e3o JBN\"},\"sameAs\":[\"https:\\\/\\\/p31noticias.com.br\"],\"url\":\"https:\\\/\\\/www.p31noticias.com.br\\\/?author=18\"}]}<\/script>\n<!-- \/ Yoast SEO Premium plugin. -->","yoast_head_json":{"title":"Sa\u00fade recebe doa\u00e7\u00e3o de m\u00e1scaras produzidas pelo Senac - P31","robots":{"index":"index","follow":"follow","max-snippet":"max-snippet:-1","max-image-preview":"max-image-preview:large","max-video-preview":"max-video-preview:-1"},"canonical":"https:\/\/www.p31noticias.com.br\/?p=21857","og_locale":"pt_BR","og_type":"article","og_title":"Sa\u00fade recebe doa\u00e7\u00e3o de m\u00e1scaras produzidas pelo Senac","og_description":"Foram entregues 5,7 mil unidades e outras 3 mil devem chegar nesta quinta-feira (30). Pasta j\u00e1 conta com cerca de 12 mil m\u00e1scaras produzidas pelo Senac A Secretaria de Sa\u00fade recebeu, nesta quarta-feira (29), a doa\u00e7\u00e3o de mais 5,7 mil m\u00e1scaras cir\u00fargicas produzidas pelo Servi\u00e7o Nacional de Aprendizagem Comercial (Senac-DF). Outras 3 mil devem chegar [&hellip;]","og_url":"https:\/\/www.p31noticias.com.br\/?p=21857","og_site_name":"P31","article_published_time":"2020-04-30T12:14:37+00:00","og_image":[{"width":640,"height":382,"url":"https:\/\/www.p31noticias.com.br\/wp-content\/uploads\/2020\/04\/Senac.jpeg","type":"image\/jpeg"}],"author":"Reda\u00e7\u00e3o JBN","twitter_card":"summary_large_image","twitter_misc":{"Escrito por":"Reda\u00e7\u00e3o JBN","Est. tempo de leitura":"2 minutos"},"schema":{"@context":"https:\/\/schema.org","@graph":[{"@type":"Article","@id":"https:\/\/www.p31noticias.com.br\/?p=21857#article","isPartOf":{"@id":"https:\/\/www.p31noticias.com.br\/?p=21857"},"author":{"name":"Reda\u00e7\u00e3o JBN","@id":"https:\/\/www.p31noticias.com.br\/#\/schema\/person\/77d6b186c710ac38937c6ec204fdd387"},"headline":"Sa\u00fade recebe doa\u00e7\u00e3o de m\u00e1scaras produzidas pelo Senac","datePublished":"2020-04-30T12:14:37+00:00","mainEntityOfPage":{"@id":"https:\/\/www.p31noticias.com.br\/?p=21857"},"wordCount":450,"commentCount":0,"image":{"@id":"https:\/\/www.p31noticias.com.br\/?p=21857#primaryimage"},"thumbnailUrl":"https:\/\/www.p31noticias.com.br\/wp-content\/uploads\/2020\/04\/Senac.jpeg","articleSection":["Sa\u00fade"],"inLanguage":"pt-BR","potentialAction":[{"@type":"CommentAction","name":"Comment","target":["https:\/\/www.p31noticias.com.br\/?p=21857#respond"]}],"copyrightYear":"2020","copyrightHolder":{"@id":"https:\/\/www.p31noticias.com.br\/#organization"}},{"@type":"WebPage","@id":"https:\/\/www.p31noticias.com.br\/?p=21857","url":"https:\/\/www.p31noticias.com.br\/?p=21857","name":"Sa\u00fade recebe doa\u00e7\u00e3o de m\u00e1scaras produzidas pelo Senac - P31","isPartOf":{"@id":"https:\/\/www.p31noticias.com.br\/#website"},"primaryImageOfPage":{"@id":"https:\/\/www.p31noticias.com.br\/?p=21857#primaryimage"},"image":{"@id":"https:\/\/www.p31noticias.com.br\/?p=21857#primaryimage"},"thumbnailUrl":"https:\/\/www.p31noticias.com.br\/wp-content\/uploads\/2020\/04\/Senac.jpeg","datePublished":"2020-04-30T12:14:37+00:00","author":{"@id":"https:\/\/www.p31noticias.com.br\/#\/schema\/person\/77d6b186c710ac38937c6ec204fdd387"},"breadcrumb":{"@id":"https:\/\/www.p31noticias.com.br\/?p=21857#breadcrumb"},"inLanguage":"pt-BR","potentialAction":[{"@type":"ReadAction","target":["https:\/\/www.p31noticias.com.br\/?p=21857"]}]},{"@type":"ImageObject","inLanguage":"pt-BR","@id":"https:\/\/www.p31noticias.com.br\/?p=21857#primaryimage","url":"https:\/\/www.p31noticias.com.br\/wp-content\/uploads\/2020\/04\/Senac.jpeg","contentUrl":"https:\/\/www.p31noticias.com.br\/wp-content\/uploads\/2020\/04\/Senac.jpeg","width":640,"height":382},{"@type":"BreadcrumbList","@id":"https:\/\/www.p31noticias.com.br\/?p=21857#breadcrumb","itemListElement":[{"@type":"ListItem","position":1,"name":"In\u00edcio","item":"https:\/\/www.p31noticias.com.br\/"},{"@type":"ListItem","position":2,"name":"Sa\u00fade recebe doa\u00e7\u00e3o de m\u00e1scaras produzidas pelo Senac"}]},{"@type":"WebSite","@id":"https:\/\/www.p31noticias.com.br\/#website","url":"https:\/\/www.p31noticias.com.br\/","name":"P31","description":"NOT\u00cdCIAS","potentialAction":[{"@type":"SearchAction","target":{"@type":"EntryPoint","urlTemplate":"https:\/\/www.p31noticias.com.br\/?s={search_term_string}"},"query-input":{"@type":"PropertyValueSpecification","valueRequired":true,"valueName":"search_term_string"}}],"inLanguage":"pt-BR"},{"@type":"Person","@id":"https:\/\/www.p31noticias.com.br\/#\/schema\/person\/77d6b186c710ac38937c6ec204fdd387","name":"Reda\u00e7\u00e3o JBN","image":{"@type":"ImageObject","inLanguage":"pt-BR","@id":"https:\/\/secure.gravatar.com\/avatar\/10fcdb93211f98cce3d64c0795b0915a9a4a21dc0f279238995a3dbfafcad090?s=96&d=mm&r=g","url":"https:\/\/secure.gravatar.com\/avatar\/10fcdb93211f98cce3d64c0795b0915a9a4a21dc0f279238995a3dbfafcad090?s=96&d=mm&r=g","contentUrl":"https:\/\/secure.gravatar.com\/avatar\/10fcdb93211f98cce3d64c0795b0915a9a4a21dc0f279238995a3dbfafcad090?s=96&d=mm&r=g","caption":"Reda\u00e7\u00e3o JBN"},"sameAs":["https:\/\/p31noticias.com.br"],"url":"https:\/\/www.p31noticias.com.br\/?author=18"}]}},"amp_enabled":true,"_links":{"self":[{"href":"https:\/\/www.p31noticias.com.br\/index.php?rest_route=\/wp\/v2\/posts\/21857","targetHints":{"allow":["GET"]}}],"collection":[{"href":"https:\/\/www.p31noticias.com.br\/index.php?rest_route=\/wp\/v2\/posts"}],"about":[{"href":"https:\/\/www.p31noticias.com.br\/index.php?rest_route=\/wp\/v2\/types\/post"}],"author":[{"embeddable":true,"href":"https:\/\/www.p31noticias.com.br\/index.php?rest_route=\/wp\/v2\/users\/18"}],"replies":[{"embeddable":true,"href":"https:\/\/www.p31noticias.com.br\/index.php?rest_route=%2Fwp%2Fv2%2Fcomments&post=21857"}],"version-history":[{"count":0,"href":"https:\/\/www.p31noticias.com.br\/index.php?rest_route=\/wp\/v2\/posts\/21857\/revisions"}],"wp:featuredmedia":[{"embeddable":true,"href":"https:\/\/www.p31noticias.com.br\/index.php?rest_route=\/wp\/v2\/media\/21858"}],"wp:attachment":[{"href":"https:\/\/www.p31noticias.com.br\/index.php?rest_route=%2Fwp%2Fv2%2Fmedia&parent=21857"}],"wp:term":[{"taxonomy":"category","embeddable":true,"href":"https:\/\/www.p31noticias.com.br\/index.php?rest_route=%2Fwp%2Fv2%2Fcategories&post=21857"},{"taxonomy":"post_tag","embeddable":true,"href":"https:\/\/www.p31noticias.com.br\/index.php?rest_route=%2Fwp%2Fv2%2Ftags&post=21857"}],"curies":[{"name":"wp","href":"https:\/\/api.w.org\/{rel}","templated":true}]}}