{"id":21843,"date":"2020-04-27T10:52:43","date_gmt":"2020-04-27T13:52:43","guid":{"rendered":"https:\/\/jornaldoplanalto.com.br\/web\/?p=21843"},"modified":"2020-04-27T10:52:43","modified_gmt":"2020-04-27T13:52:43","slug":"covid-19-brasil-adota-uso-de-mascaras-como-politica-de-saude-publica","status":"publish","type":"post","link":"https:\/\/www.p31noticias.com.br\/?p=21843","title":{"rendered":"Covid-19: Brasil adota uso de m\u00e1scaras como pol\u00edtica de sa\u00fade p\u00fablica"},"content":{"rendered":"<p><em><strong>Saiba onde o uso de m\u00e1scaras \u00e9 obrigat\u00f3rio no Brasil<\/strong><\/em><\/p>\n<p>O uso de m\u00e1scaras de prote\u00e7\u00e3o facial j\u00e1 vinha sendo apontado como uma medida importante de prote\u00e7\u00e3o para evitar a infec\u00e7\u00e3o do novo coronav\u00edrus (covid-19). Com a amplia\u00e7\u00e3o da pandemia, essa atitude passou a ser tratada como pol\u00edticas p\u00fablicas de prefeituras e governos estaduais, com regras recomendando ou at\u00e9 mesmo obrigando a ado\u00e7\u00e3o deste recurso de preven\u00e7\u00e3o contra a doen\u00e7a.<\/p>\n<h2><a href=\"https:\/\/www.delioandrade.com.br\/wp-content\/uploads\/2020\/04\/Mascaras_2.png\"><img loading=\"lazy\" decoding=\"async\" class=\"aligncenter size-full wp-image-21844\" src=\"https:\/\/www.delioandrade.com.br\/wp-content\/uploads\/2020\/04\/Mascaras_2.png\" alt=\"\" width=\"754\" height=\"446\" srcset=\"https:\/\/www.p31noticias.com.br\/wp-content\/uploads\/2020\/04\/Mascaras_2.png 754w, https:\/\/www.p31noticias.com.br\/wp-content\/uploads\/2020\/04\/Mascaras_2-300x177.png 300w, https:\/\/www.p31noticias.com.br\/wp-content\/uploads\/2020\/04\/Mascaras_2-696x412.png 696w, https:\/\/www.p31noticias.com.br\/wp-content\/uploads\/2020\/04\/Mascaras_2-710x420.png 710w\" sizes=\"auto, (max-width: 754px) 100vw, 754px\" \/><\/a>Distrito Federal<\/h2>\n<p>Um exemplo foi o Distrito Federal. Decreto editado, na \u00faltima semana,\u00a0pelo\u00a0<a href=\"https:\/\/agenciabrasil.ebc.com.br\/saude\/noticia\/2020-04\/covid-19-governo-do-df-torna-obrigatorio-uso-de-mascaras\" target=\"_blank\" rel=\"noopener noreferrer\">governador\u00a0Ibaneis Rocha,\u00a0tornou obriga\u00e7\u00e3o o uso de m\u00e1scaras<\/a>\u00a0de prote\u00e7\u00e3o por toda a popula\u00e7\u00e3o em locais p\u00fablicos e com\u00e9rcios a partir do dia\u00a0<span id=\"OBJ_PREFIX_DWT679_com_zimbra_date\" role=\"link\"><span id=\"OBJ_PREFIX_DWT699_com_zimbra_date\" role=\"link\">30 de abril<\/span><\/span>. O texto recomenda m\u00e1scaras caseiras para a popula\u00e7\u00e3o e a prioriza\u00e7\u00e3o das m\u00e1scaras profissionais para trabalhadores de sa\u00fade.<\/p>\n<p>O governo do Distrito Federal\u00a0se comprometeu a fornecer m\u00e1scaras para pessoas sem verbas para adquiri-la. Quem n\u00e3o respeitar a exig\u00eancia ficar\u00e1 sujeito a puni\u00e7\u00f5es de viola\u00e7\u00e3o de medida de sa\u00fade p\u00fablica, que pode ir de um m\u00eas a um ano de pris\u00e3o, al\u00e9m de multa.<\/p>\n<h2>Piau\u00ed<\/h2>\n<p>O governo do Piau\u00ed tamb\u00e9m tornou necess\u00e1rio o uso desses equipamentos de prote\u00e7\u00e3o desde\u00a0<span id=\"OBJ_PREFIX_DWT680_com_zimbra_date\" role=\"link\"><span id=\"OBJ_PREFIX_DWT700_com_zimbra_date\" role=\"link\">quarta<\/span><\/span>-feira (22). O decreto do governo do estado estabelece essa medida sempre que um cidad\u00e3o sair de casa, deslocar-se em via p\u00fablica ou acesse em um local onde estejam mais pessoas, como estabelecimentos comerciais.<\/p>\n<h2>Mato Grosso<\/h2>\n<p>O governo de Mato Grosso anunciou no dia\u00a0<span id=\"OBJ_PREFIX_DWT681_com_zimbra_date\" role=\"link\"><span id=\"OBJ_PREFIX_DWT701_com_zimbra_date\" role=\"link\">3 de abril<\/span><\/span>\u00a0a exig\u00eancia, que passou a valer desde o dia 13\u00a0deste m\u00eas. A medida foi transformada em um programa, chamado \u201cEu cuido de voc\u00ea e voc\u00ea cuida de mim\u201d. Para serem autorizadas a funcionar, as empresas precisam garantir o uso de m\u00e1scaras\u00a0por trabalhadores e exigi-las de\u00a0clientes tamb\u00e9m.<\/p>\n<h2>Santa Catarina<\/h2>\n<p>Em Santa Catarina, a iniciativa foi anunciada no dia\u00a0<span id=\"OBJ_PREFIX_DWT682_com_zimbra_date\" role=\"link\"><span id=\"OBJ_PREFIX_DWT702_com_zimbra_date\" role=\"link\">9 de abril<\/span><\/span>. A decis\u00e3o do governo local vale para funcion\u00e1rios que trabalharem com atendimento ao p\u00fablico, bem como para motoristas de t\u00e1xi ou de aplicativos. O modelo previsto na norma s\u00e3o os acess\u00f3rios de tecido, que segundo a administra\u00e7\u00e3o s\u00e3o mais acess\u00edveis pelo fato de poderem ser fabricados em casa.<\/p>\n<p>A regra prev\u00ea ainda que elas sejam trocadas a cada quatro horas ou quando ficarem \u00famidas.\u00a0\u00a0Para o restante da popula\u00e7\u00e3o, o uso de m\u00e1scaras \u00e9 tratado como uma recomenda\u00e7\u00e3o, juntamente com outras atitudes de preven\u00e7\u00e3o, como higieniza\u00e7\u00e3o das m\u00e3os.<\/p>\n<h2>Pernambuco<\/h2>\n<p>Na mesma dire\u00e7\u00e3o, o governo de Pernambuco editou na\u00a0<span id=\"OBJ_PREFIX_DWT683_com_zimbra_date\" role=\"link\"><span id=\"OBJ_PREFIX_DWT703_com_zimbra_date\" role=\"link\">quinta<\/span><\/span>-feira (23) decreto em que estipula a exig\u00eancia para os trabalhadores envolvidos com atividades que demandam contato com p\u00fablico, como em estabelecimentos comerciais. Para o restante da popula\u00e7\u00e3o, a atitude \u00e9 apontada como uma recomenda\u00e7\u00e3o da administra\u00e7\u00e3o local.<\/p>\n<h2>Bahia<\/h2>\n<p>Na Bahia, a exig\u00eancia do uso de m\u00e1scaras tamb\u00e9m tem como foco os trabalhadores de atividades cuja natureza envolva o atendimento ao p\u00fablico. A regra estipulou a necessidade dos empregadores fornecerem o material e fiscalizarem o seu uso, sob pena de multa de R$ 1 mil por funcion\u00e1rio.<\/p>\n<h2>Goi\u00e1s<\/h2>\n<p>Em Goi\u00e1s, o Decreto N\u00b0\u00a09.653, de\u00a0<span id=\"OBJ_PREFIX_DWT684_com_zimbra_date\" role=\"link\"><span id=\"OBJ_PREFIX_DWT704_com_zimbra_date\" role=\"link\">19 de abril<\/span><\/span>, imp\u00f5e aos donos de com\u00e9rcios autorizados a funcionar a impedir a presen\u00e7a de trabalhadores sem m\u00e1scara ou a entrada de clientes sem o acess\u00f3rio. Al\u00e9m disso, os empres\u00e1rios devem fornecer orienta\u00e7\u00f5es impressas de que os funcion\u00e1rios utilizem o objeto durante o deslocamento at\u00e9 o local de trabalho. A norma tamb\u00e9m estende a exig\u00eancia a todos os cidad\u00e3os, recomendando que estes adotem modelos caseiros, segundo especifica\u00e7\u00f5es do Minist\u00e9rio da Sa\u00fade.<\/p>\n<h2>Esp\u00edrito Santo<\/h2>\n<p>O governo do Esp\u00edrito Santo decidiu pela obrigatoriedade nas regi\u00f5es de maior incid\u00eancia da doen\u00e7a, a Grande Vit\u00f3ria e a cidade de Alfredo Chaves. A provid\u00eancia vale desde o dia 18 deste m\u00eas. A determina\u00e7\u00e3o tem car\u00e1<span id=\"OBJ_PREFIX_DWT685_com_zimbra_date\" role=\"link\"><span id=\"OBJ_PREFIX_DWT705_com_zimbra_date\" role=\"link\">ter<\/span><\/span>\u00a0educativo, n\u00e3o implicando em multa para quem desrespeit\u00e1-la.<\/p>\n<h2>Par\u00e1<\/h2>\n<p>J\u00e1 a administra\u00e7\u00e3o do Par\u00e1 editou decreto com a determina\u00e7\u00e3o no dia\u00a0<span id=\"OBJ_PREFIX_DWT686_com_zimbra_date\" role=\"link\"><span id=\"OBJ_PREFIX_DWT706_com_zimbra_date\" role=\"link\">17 de abril<\/span><\/span>. Al\u00e9m disso, estabeleceu que o fornecimento deve ser assegurado pelos empregadores a funcion\u00e1rios. O desrespeito \u00e0 regra pode acarretar responsabiliza\u00e7\u00e3o civil, administrativa e penal, conforme o governo local.<\/p>\n<h2>Rond\u00f4nia<\/h2>\n<p>Em Rond\u00f4nia, a administra\u00e7\u00e3o local adotou determina\u00e7\u00e3o semelhante, em vigor desde o dia\u00a0<span id=\"OBJ_PREFIX_DWT687_com_zimbra_date\" role=\"link\"><span id=\"OBJ_PREFIX_DWT707_com_zimbra_date\" role=\"link\">17 de abril<\/span><\/span>. A obriga\u00e7\u00e3o \u00e9 indicada para todo cidad\u00e3o a partir do momento que deixe sua resid\u00eancia, al\u00e9m de cumprir com medidas de higieniza\u00e7\u00e3o adequadas, como lavar as m\u00e3os.<\/p>\n<h2>Minas Gerais<\/h2>\n<p>Em Minas Gerais, a Lei N\u00b0\u00a023.636 deste ano estabeleceu essa obriga\u00e7\u00e3o. Ela entrou em vigor no dia 18 deste m\u00eas. A norma estipula a exig\u00eancia para trabalhadores que prestam atendimento ao p\u00fablico das atividades que continuaram autorizadas a funcionar.<\/p>\n<p>Entre os segmentos est\u00e3o \u00f3rg\u00e3os e entidades p\u00fablicas, servi\u00e7o de transporte e estabelecimentos comerciais. O fornecimento de m\u00e1scaras\u00a0\u00e9 elencado pela Lei como uma obriga\u00e7\u00e3o dos empregadores. Em cidades onde houve regra espec\u00edfica sobre o tema, a norma municipal \u00e9 a que prevalece.<\/p>\n<h2>Prefeituras<\/h2>\n<p>Embora diversos estados tenham optado pela obrigatoriedade de m\u00e1scaras, prefeituras expediram normativos pr\u00f3prios sobre o tema, mesmo em situa\u00e7\u00f5es onde o governo estadual j\u00e1 havia fixado a exig\u00eancia.<\/p>\n<p>\u00c9 o caso da capital, Belo Horizonte. Na cidade o uso de m\u00e1scaras passou a ser exigido desde a\u00a0<span id=\"OBJ_PREFIX_DWT688_com_zimbra_date\" role=\"link\"><span id=\"OBJ_PREFIX_DWT708_com_zimbra_date\" role=\"link\">quarta<\/span><\/span>-feira (22) em todos os espa\u00e7os p\u00fablicos, como ruas, pra\u00e7as e outros locais de circula\u00e7\u00e3o. A determina\u00e7\u00e3o valer\u00e1 tamb\u00e9m para o transporte p\u00fablico e para estabelecimentos comerciais, industriais e de servi\u00e7os.<\/p>\n<p>O decreto que fixou a medida na capital mineira tamb\u00e9m estabeleceu que as empresas dever\u00e3o impedir a entrada de pessoas sem m\u00e1scara, al\u00e9m de afixar cartazes informativos sobre as novas regras.<\/p>\n<p>A prefeitura do\u00a0<a href=\"https:\/\/agenciabrasil.ebc.com.br\/saude\/noticia\/2020-04\/crivella-publica-decreto-que-obriga-uso-de-mascara-no-rio\" target=\"_blank\" rel=\"noopener noreferrer\">Rio<span id=\"OBJ_PREFIX_DWT709_com_zimbra_date\" role=\"link\">\u00a0de Janeiro<\/span>\u00a0tamb\u00e9m determinou a exig\u00eancia<\/a>, que passou a valer\u00a0<span id=\"OBJ_PREFIX_DWT689_com_zimbra_date\" role=\"link\"><span id=\"OBJ_PREFIX_DWT710_com_zimbra_date\" role=\"link\">ontem<\/span><\/span>\u00a0na cidade. Conforme a norma, quem estiver sem m\u00e1scara poder\u00e1 ser impedido de entrar em \u00f4nibus ou em estabelecimentos comerciais, al\u00e9m de ficar sujeito a multa.<\/p>\n<p>A prefeitura de Florian\u00f3polis foi outra que optou pela medida. A obriga\u00e7\u00e3o vale desde o dia\u00a0<span id=\"OBJ_PREFIX_DWT691_com_zimbra_date\" role=\"link\"><span id=\"OBJ_PREFIX_DWT712_com_zimbra_date\" role=\"link\">17 de abril<\/span><\/span>\u00a0para profissionais que lidem diretamente com o p\u00fablico. Os estabelecimentos que n\u00e3o seguirem a ordem podem ser multados ou at\u00e9 mesmo interditados pela vigil\u00e2ncia sanit\u00e1ria.<\/p>\n<p>A orienta\u00e7\u00e3o \u00e9 que as m\u00e1scaras de pano sejam utilizadas apenas por pessoas sem sintomas. J\u00e1 trabalhadores da sa\u00fade e pacientes com sintomas devem buscar m\u00e1scaras de prote\u00e7\u00e3o com material adequado.<\/p>\n<p>A necessidade do acess\u00f3rio foi tamb\u00e9m definida pela prefeitura de Bel\u00e9m desde sexta (24). O objeto\u00a0<span id=\"OBJ_PREFIX_DWT693_com_zimbra_date\" role=\"link\"><span id=\"OBJ_PREFIX_DWT714_com_zimbra_date\" role=\"link\">ter<\/span><\/span>\u00e1 que ser colocado por quem tiver que sair \u00e0s ruas. Quem violar a obriga\u00e7\u00e3o ficar\u00e1 sujeito ao pagamento de multas.<\/p>\n<p>Em Fortaleza, a obriga\u00e7\u00e3o do acess\u00f3rio foi definida para trabalhadores de setores essenciais cujo funcionamento foi mantido pela prefeitura. \u00c9 o caso de funcion\u00e1rios de supermercados, bancos, casas lot\u00e9ricas e entregadores de aplicativo. Cabe aos empregadores fornecer os objetos bem como outros equipamentos de prote\u00e7\u00e3o individual.<\/p>\n<p>Para o restante da popula\u00e7\u00e3o, o uso de m\u00e1scaras foi estabelecido como uma recomenda\u00e7\u00e3o pela prefeitura. Essa diretriz \u00e9 apontada para quem estiver em locais p\u00fablicos, no transporte p\u00fablico e em com\u00e9rcios.<\/p>\n<h2>Recomenda\u00e7\u00e3o<\/h2>\n<h3>S\u00e3o Paulo<\/h3>\n<p>Outros governos optaram por definir o uso de m\u00e1scaras como uma recomenda\u00e7\u00e3o somente \u00e0 popula\u00e7\u00e3o. O\u00a0governo de S\u00e3o Paulo editou decreto, na \u00faltima sexta-feira,\u00a0com essa orienta\u00e7\u00e3o para todos os munic\u00edpios do estado, v\u00e1lida para quando cidad\u00e3os circularem por locais p\u00fablicos. A exemplo de outros estados, a diretriz abarca tamb\u00e9m os acess\u00f3rios caseiros, feitos com pano.<\/p>\n<h3>Para\u00edba<\/h3>\n<p>O governo da Para\u00edba foi em sentido semelhante e publicou decreto na\u00a0<span id=\"OBJ_PREFIX_DWT695_com_zimbra_date\" role=\"link\"><span id=\"OBJ_PREFIX_DWT716_com_zimbra_date\" role=\"link\">ter<\/span><\/span>\u00e7a-feira (21) recomendando que estabelecimentos pro\u00edbam a entrada de quem n\u00e3o estiver com o equipamento. Um conjunto de atividades \u00e9 obrigada, entretanto, a fornecer m\u00e1scaras a seus empregados.<\/p>\n<h3>Manaus<\/h3>\n<p>Tamb\u00e9m \u00e9 o caso de Manaus, cidade que vive uma crise com o alto \u00edndice de incid\u00eancia da doen\u00e7a e com esgotamento da capacidade de atendimento do sistema de sa\u00fade para dar resposta \u00e0 pandemia.<\/p>\n<p>A orienta\u00e7\u00e3o vale desde o dia\u00a0<span id=\"OBJ_PREFIX_DWT696_com_zimbra_date\" role=\"link\"><span id=\"OBJ_PREFIX_DWT717_com_zimbra_date\" role=\"link\">14 de abril<\/span><\/span>\u00a0e \u00e9 necess\u00e1ria sempre que um cidad\u00e3o tiver de sair \u00e0s ruas ou for\u00a0<span id=\"OBJ_PREFIX_DWT697_com_zimbra_date\" role=\"link\"><span id=\"OBJ_PREFIX_DWT718_com_zimbra_date\" role=\"link\">ter<\/span><\/span>\u00a0contato com outras pessoas, andar de transporte p\u00fablico e ir a estabelecimentos comerciais.<\/p>\n<p><em><a href=\"https:\/\/www.delioandrade.com.br\/wp-content\/uploads\/2020\/04\/Mascaras_3.png\"><img loading=\"lazy\" decoding=\"async\" class=\"aligncenter size-full wp-image-21845\" src=\"https:\/\/www.delioandrade.com.br\/wp-content\/uploads\/2020\/04\/Mascaras_3.png\" alt=\"\" width=\"754\" height=\"530\" srcset=\"https:\/\/www.p31noticias.com.br\/wp-content\/uploads\/2020\/04\/Mascaras_3.png 754w, https:\/\/www.p31noticias.com.br\/wp-content\/uploads\/2020\/04\/Mascaras_3-300x211.png 300w, https:\/\/www.p31noticias.com.br\/wp-content\/uploads\/2020\/04\/Mascaras_3-696x489.png 696w, https:\/\/www.p31noticias.com.br\/wp-content\/uploads\/2020\/04\/Mascaras_3-598x420.png 598w, https:\/\/www.p31noticias.com.br\/wp-content\/uploads\/2020\/04\/Mascaras_3-100x70.png 100w\" sizes=\"auto, (max-width: 754px) 100vw, 754px\" \/><\/a>(Por Jonas Valente \u2013 Rep\u00f3rter Ag\u00eancia Brasil &#8211; Bras\u00edlia. Foto: Tomaz Silva\/Ag\u00eancia Brasil)<\/em><\/p>\n","protected":false},"excerpt":{"rendered":"<p>Saiba onde o uso de m\u00e1scaras \u00e9 obrigat\u00f3rio no Brasil O uso de m\u00e1scaras de prote\u00e7\u00e3o facial j\u00e1 vinha sendo apontado como uma medida importante de prote\u00e7\u00e3o para evitar a infec\u00e7\u00e3o do novo coronav\u00edrus (covid-19). Com a amplia\u00e7\u00e3o da pandemia, essa atitude passou a ser tratada como pol\u00edticas p\u00fablicas de prefeituras e governos estaduais, com [&hellip;]<\/p>\n","protected":false},"author":18,"featured_media":21846,"comment_status":"open","ping_status":"open","sticky":false,"template":"","format":"standard","meta":{"footnotes":""},"categories":[68,124],"tags":[],"class_list":{"0":"post-21843","1":"post","2":"type-post","3":"status-publish","4":"format-standard","5":"has-post-thumbnail","7":"category-brasil","8":"category-saude"},"yoast_head":"<!-- This site is optimized with the Yoast SEO Premium plugin v24.5 (Yoast SEO v27.5) - https:\/\/yoast.com\/product\/yoast-seo-premium-wordpress\/ -->\n<title>Covid-19: Brasil adota uso de m\u00e1scaras como pol\u00edtica de sa\u00fade p\u00fablica - P31<\/title>\n<meta name=\"robots\" content=\"index, follow, max-snippet:-1, max-image-preview:large, max-video-preview:-1\" \/>\n<link rel=\"canonical\" href=\"https:\/\/www.p31noticias.com.br\/?p=21843\" \/>\n<meta property=\"og:locale\" content=\"pt_BR\" \/>\n<meta property=\"og:type\" content=\"article\" \/>\n<meta property=\"og:title\" content=\"Covid-19: Brasil adota uso de m\u00e1scaras como pol\u00edtica de sa\u00fade p\u00fablica\" \/>\n<meta property=\"og:description\" content=\"Saiba onde o uso de m\u00e1scaras \u00e9 obrigat\u00f3rio no Brasil O uso de m\u00e1scaras de prote\u00e7\u00e3o facial j\u00e1 vinha sendo apontado como uma medida importante de prote\u00e7\u00e3o para evitar a infec\u00e7\u00e3o do novo coronav\u00edrus (covid-19). Com a amplia\u00e7\u00e3o da pandemia, essa atitude passou a ser tratada como pol\u00edticas p\u00fablicas de prefeituras e governos estaduais, com [&hellip;]\" \/>\n<meta property=\"og:url\" content=\"https:\/\/www.p31noticias.com.br\/?p=21843\" \/>\n<meta property=\"og:site_name\" content=\"P31\" \/>\n<meta property=\"article:published_time\" content=\"2020-04-27T13:52:43+00:00\" \/>\n<meta property=\"og:image\" content=\"https:\/\/www.p31noticias.com.br\/wp-content\/uploads\/2020\/04\/mascaras_rj_uso_obrigatorio.jpg\" \/>\n\t<meta property=\"og:image:width\" content=\"1170\" \/>\n\t<meta property=\"og:image:height\" content=\"700\" \/>\n\t<meta property=\"og:image:type\" content=\"image\/jpeg\" \/>\n<meta name=\"author\" content=\"Reda\u00e7\u00e3o JBN\" \/>\n<meta name=\"twitter:card\" content=\"summary_large_image\" \/>\n<meta name=\"twitter:label1\" content=\"Escrito por\" \/>\n\t<meta name=\"twitter:data1\" content=\"Reda\u00e7\u00e3o JBN\" \/>\n\t<meta name=\"twitter:label2\" content=\"Est. tempo de leitura\" \/>\n\t<meta name=\"twitter:data2\" content=\"7 minutos\" \/>\n<script type=\"application\/ld+json\" class=\"yoast-schema-graph\">{\"@context\":\"https:\\\/\\\/schema.org\",\"@graph\":[{\"@type\":\"Article\",\"@id\":\"https:\\\/\\\/www.p31noticias.com.br\\\/?p=21843#article\",\"isPartOf\":{\"@id\":\"https:\\\/\\\/www.p31noticias.com.br\\\/?p=21843\"},\"author\":{\"name\":\"Reda\u00e7\u00e3o JBN\",\"@id\":\"https:\\\/\\\/www.p31noticias.com.br\\\/#\\\/schema\\\/person\\\/77d6b186c710ac38937c6ec204fdd387\"},\"headline\":\"Covid-19: Brasil adota uso de m\u00e1scaras como pol\u00edtica de sa\u00fade p\u00fablica\",\"datePublished\":\"2020-04-27T13:52:43+00:00\",\"mainEntityOfPage\":{\"@id\":\"https:\\\/\\\/www.p31noticias.com.br\\\/?p=21843\"},\"wordCount\":1498,\"commentCount\":0,\"image\":{\"@id\":\"https:\\\/\\\/www.p31noticias.com.br\\\/?p=21843#primaryimage\"},\"thumbnailUrl\":\"https:\\\/\\\/www.p31noticias.com.br\\\/wp-content\\\/uploads\\\/2020\\\/04\\\/mascaras_rj_uso_obrigatorio.jpg\",\"articleSection\":[\"Brasil\",\"Sa\u00fade\"],\"inLanguage\":\"pt-BR\",\"potentialAction\":[{\"@type\":\"CommentAction\",\"name\":\"Comment\",\"target\":[\"https:\\\/\\\/www.p31noticias.com.br\\\/?p=21843#respond\"]}],\"copyrightYear\":\"2020\",\"copyrightHolder\":{\"@id\":\"https:\\\/\\\/www.p31noticias.com.br\\\/#organization\"}},{\"@type\":\"WebPage\",\"@id\":\"https:\\\/\\\/www.p31noticias.com.br\\\/?p=21843\",\"url\":\"https:\\\/\\\/www.p31noticias.com.br\\\/?p=21843\",\"name\":\"Covid-19: Brasil adota uso de m\u00e1scaras como pol\u00edtica de sa\u00fade p\u00fablica - P31\",\"isPartOf\":{\"@id\":\"https:\\\/\\\/www.p31noticias.com.br\\\/#website\"},\"primaryImageOfPage\":{\"@id\":\"https:\\\/\\\/www.p31noticias.com.br\\\/?p=21843#primaryimage\"},\"image\":{\"@id\":\"https:\\\/\\\/www.p31noticias.com.br\\\/?p=21843#primaryimage\"},\"thumbnailUrl\":\"https:\\\/\\\/www.p31noticias.com.br\\\/wp-content\\\/uploads\\\/2020\\\/04\\\/mascaras_rj_uso_obrigatorio.jpg\",\"datePublished\":\"2020-04-27T13:52:43+00:00\",\"author\":{\"@id\":\"https:\\\/\\\/www.p31noticias.com.br\\\/#\\\/schema\\\/person\\\/77d6b186c710ac38937c6ec204fdd387\"},\"breadcrumb\":{\"@id\":\"https:\\\/\\\/www.p31noticias.com.br\\\/?p=21843#breadcrumb\"},\"inLanguage\":\"pt-BR\",\"potentialAction\":[{\"@type\":\"ReadAction\",\"target\":[\"https:\\\/\\\/www.p31noticias.com.br\\\/?p=21843\"]}]},{\"@type\":\"ImageObject\",\"inLanguage\":\"pt-BR\",\"@id\":\"https:\\\/\\\/www.p31noticias.com.br\\\/?p=21843#primaryimage\",\"url\":\"https:\\\/\\\/www.p31noticias.com.br\\\/wp-content\\\/uploads\\\/2020\\\/04\\\/mascaras_rj_uso_obrigatorio.jpg\",\"contentUrl\":\"https:\\\/\\\/www.p31noticias.com.br\\\/wp-content\\\/uploads\\\/2020\\\/04\\\/mascaras_rj_uso_obrigatorio.jpg\",\"width\":1170,\"height\":700,\"caption\":\"Popula\u00e7\u00e3o usa m\u00e1scaras nas ruas do Rio de Janeiro, desde ontem (23) a prefeitura tornou o uso obrigat\u00f3rio atrav\u00e9s de decreto.\"},{\"@type\":\"BreadcrumbList\",\"@id\":\"https:\\\/\\\/www.p31noticias.com.br\\\/?p=21843#breadcrumb\",\"itemListElement\":[{\"@type\":\"ListItem\",\"position\":1,\"name\":\"In\u00edcio\",\"item\":\"https:\\\/\\\/www.p31noticias.com.br\\\/\"},{\"@type\":\"ListItem\",\"position\":2,\"name\":\"Covid-19: Brasil adota uso de m\u00e1scaras como pol\u00edtica de sa\u00fade p\u00fablica\"}]},{\"@type\":\"WebSite\",\"@id\":\"https:\\\/\\\/www.p31noticias.com.br\\\/#website\",\"url\":\"https:\\\/\\\/www.p31noticias.com.br\\\/\",\"name\":\"P31\",\"description\":\"NOT\u00cdCIAS\",\"potentialAction\":[{\"@type\":\"SearchAction\",\"target\":{\"@type\":\"EntryPoint\",\"urlTemplate\":\"https:\\\/\\\/www.p31noticias.com.br\\\/?s={search_term_string}\"},\"query-input\":{\"@type\":\"PropertyValueSpecification\",\"valueRequired\":true,\"valueName\":\"search_term_string\"}}],\"inLanguage\":\"pt-BR\"},{\"@type\":\"Person\",\"@id\":\"https:\\\/\\\/www.p31noticias.com.br\\\/#\\\/schema\\\/person\\\/77d6b186c710ac38937c6ec204fdd387\",\"name\":\"Reda\u00e7\u00e3o JBN\",\"image\":{\"@type\":\"ImageObject\",\"inLanguage\":\"pt-BR\",\"@id\":\"https:\\\/\\\/secure.gravatar.com\\\/avatar\\\/10fcdb93211f98cce3d64c0795b0915a9a4a21dc0f279238995a3dbfafcad090?s=96&d=mm&r=g\",\"url\":\"https:\\\/\\\/secure.gravatar.com\\\/avatar\\\/10fcdb93211f98cce3d64c0795b0915a9a4a21dc0f279238995a3dbfafcad090?s=96&d=mm&r=g\",\"contentUrl\":\"https:\\\/\\\/secure.gravatar.com\\\/avatar\\\/10fcdb93211f98cce3d64c0795b0915a9a4a21dc0f279238995a3dbfafcad090?s=96&d=mm&r=g\",\"caption\":\"Reda\u00e7\u00e3o JBN\"},\"sameAs\":[\"https:\\\/\\\/p31noticias.com.br\"],\"url\":\"https:\\\/\\\/www.p31noticias.com.br\\\/?author=18\"}]}<\/script>\n<!-- \/ Yoast SEO Premium plugin. -->","yoast_head_json":{"title":"Covid-19: Brasil adota uso de m\u00e1scaras como pol\u00edtica de sa\u00fade p\u00fablica - P31","robots":{"index":"index","follow":"follow","max-snippet":"max-snippet:-1","max-image-preview":"max-image-preview:large","max-video-preview":"max-video-preview:-1"},"canonical":"https:\/\/www.p31noticias.com.br\/?p=21843","og_locale":"pt_BR","og_type":"article","og_title":"Covid-19: Brasil adota uso de m\u00e1scaras como pol\u00edtica de sa\u00fade p\u00fablica","og_description":"Saiba onde o uso de m\u00e1scaras \u00e9 obrigat\u00f3rio no Brasil O uso de m\u00e1scaras de prote\u00e7\u00e3o facial j\u00e1 vinha sendo apontado como uma medida importante de prote\u00e7\u00e3o para evitar a infec\u00e7\u00e3o do novo coronav\u00edrus (covid-19). Com a amplia\u00e7\u00e3o da pandemia, essa atitude passou a ser tratada como pol\u00edticas p\u00fablicas de prefeituras e governos estaduais, com [&hellip;]","og_url":"https:\/\/www.p31noticias.com.br\/?p=21843","og_site_name":"P31","article_published_time":"2020-04-27T13:52:43+00:00","og_image":[{"width":1170,"height":700,"url":"https:\/\/www.p31noticias.com.br\/wp-content\/uploads\/2020\/04\/mascaras_rj_uso_obrigatorio.jpg","type":"image\/jpeg"}],"author":"Reda\u00e7\u00e3o JBN","twitter_card":"summary_large_image","twitter_misc":{"Escrito por":"Reda\u00e7\u00e3o JBN","Est. tempo de leitura":"7 minutos"},"schema":{"@context":"https:\/\/schema.org","@graph":[{"@type":"Article","@id":"https:\/\/www.p31noticias.com.br\/?p=21843#article","isPartOf":{"@id":"https:\/\/www.p31noticias.com.br\/?p=21843"},"author":{"name":"Reda\u00e7\u00e3o JBN","@id":"https:\/\/www.p31noticias.com.br\/#\/schema\/person\/77d6b186c710ac38937c6ec204fdd387"},"headline":"Covid-19: Brasil adota uso de m\u00e1scaras como pol\u00edtica de sa\u00fade p\u00fablica","datePublished":"2020-04-27T13:52:43+00:00","mainEntityOfPage":{"@id":"https:\/\/www.p31noticias.com.br\/?p=21843"},"wordCount":1498,"commentCount":0,"image":{"@id":"https:\/\/www.p31noticias.com.br\/?p=21843#primaryimage"},"thumbnailUrl":"https:\/\/www.p31noticias.com.br\/wp-content\/uploads\/2020\/04\/mascaras_rj_uso_obrigatorio.jpg","articleSection":["Brasil","Sa\u00fade"],"inLanguage":"pt-BR","potentialAction":[{"@type":"CommentAction","name":"Comment","target":["https:\/\/www.p31noticias.com.br\/?p=21843#respond"]}],"copyrightYear":"2020","copyrightHolder":{"@id":"https:\/\/www.p31noticias.com.br\/#organization"}},{"@type":"WebPage","@id":"https:\/\/www.p31noticias.com.br\/?p=21843","url":"https:\/\/www.p31noticias.com.br\/?p=21843","name":"Covid-19: Brasil adota uso de m\u00e1scaras como pol\u00edtica de sa\u00fade p\u00fablica - P31","isPartOf":{"@id":"https:\/\/www.p31noticias.com.br\/#website"},"primaryImageOfPage":{"@id":"https:\/\/www.p31noticias.com.br\/?p=21843#primaryimage"},"image":{"@id":"https:\/\/www.p31noticias.com.br\/?p=21843#primaryimage"},"thumbnailUrl":"https:\/\/www.p31noticias.com.br\/wp-content\/uploads\/2020\/04\/mascaras_rj_uso_obrigatorio.jpg","datePublished":"2020-04-27T13:52:43+00:00","author":{"@id":"https:\/\/www.p31noticias.com.br\/#\/schema\/person\/77d6b186c710ac38937c6ec204fdd387"},"breadcrumb":{"@id":"https:\/\/www.p31noticias.com.br\/?p=21843#breadcrumb"},"inLanguage":"pt-BR","potentialAction":[{"@type":"ReadAction","target":["https:\/\/www.p31noticias.com.br\/?p=21843"]}]},{"@type":"ImageObject","inLanguage":"pt-BR","@id":"https:\/\/www.p31noticias.com.br\/?p=21843#primaryimage","url":"https:\/\/www.p31noticias.com.br\/wp-content\/uploads\/2020\/04\/mascaras_rj_uso_obrigatorio.jpg","contentUrl":"https:\/\/www.p31noticias.com.br\/wp-content\/uploads\/2020\/04\/mascaras_rj_uso_obrigatorio.jpg","width":1170,"height":700,"caption":"Popula\u00e7\u00e3o usa m\u00e1scaras nas ruas do Rio de Janeiro, desde ontem (23) a prefeitura tornou o uso obrigat\u00f3rio atrav\u00e9s de decreto."},{"@type":"BreadcrumbList","@id":"https:\/\/www.p31noticias.com.br\/?p=21843#breadcrumb","itemListElement":[{"@type":"ListItem","position":1,"name":"In\u00edcio","item":"https:\/\/www.p31noticias.com.br\/"},{"@type":"ListItem","position":2,"name":"Covid-19: Brasil adota uso de m\u00e1scaras como pol\u00edtica de sa\u00fade p\u00fablica"}]},{"@type":"WebSite","@id":"https:\/\/www.p31noticias.com.br\/#website","url":"https:\/\/www.p31noticias.com.br\/","name":"P31","description":"NOT\u00cdCIAS","potentialAction":[{"@type":"SearchAction","target":{"@type":"EntryPoint","urlTemplate":"https:\/\/www.p31noticias.com.br\/?s={search_term_string}"},"query-input":{"@type":"PropertyValueSpecification","valueRequired":true,"valueName":"search_term_string"}}],"inLanguage":"pt-BR"},{"@type":"Person","@id":"https:\/\/www.p31noticias.com.br\/#\/schema\/person\/77d6b186c710ac38937c6ec204fdd387","name":"Reda\u00e7\u00e3o JBN","image":{"@type":"ImageObject","inLanguage":"pt-BR","@id":"https:\/\/secure.gravatar.com\/avatar\/10fcdb93211f98cce3d64c0795b0915a9a4a21dc0f279238995a3dbfafcad090?s=96&d=mm&r=g","url":"https:\/\/secure.gravatar.com\/avatar\/10fcdb93211f98cce3d64c0795b0915a9a4a21dc0f279238995a3dbfafcad090?s=96&d=mm&r=g","contentUrl":"https:\/\/secure.gravatar.com\/avatar\/10fcdb93211f98cce3d64c0795b0915a9a4a21dc0f279238995a3dbfafcad090?s=96&d=mm&r=g","caption":"Reda\u00e7\u00e3o JBN"},"sameAs":["https:\/\/p31noticias.com.br"],"url":"https:\/\/www.p31noticias.com.br\/?author=18"}]}},"amp_enabled":true,"_links":{"self":[{"href":"https:\/\/www.p31noticias.com.br\/index.php?rest_route=\/wp\/v2\/posts\/21843","targetHints":{"allow":["GET"]}}],"collection":[{"href":"https:\/\/www.p31noticias.com.br\/index.php?rest_route=\/wp\/v2\/posts"}],"about":[{"href":"https:\/\/www.p31noticias.com.br\/index.php?rest_route=\/wp\/v2\/types\/post"}],"author":[{"embeddable":true,"href":"https:\/\/www.p31noticias.com.br\/index.php?rest_route=\/wp\/v2\/users\/18"}],"replies":[{"embeddable":true,"href":"https:\/\/www.p31noticias.com.br\/index.php?rest_route=%2Fwp%2Fv2%2Fcomments&post=21843"}],"version-history":[{"count":0,"href":"https:\/\/www.p31noticias.com.br\/index.php?rest_route=\/wp\/v2\/posts\/21843\/revisions"}],"wp:featuredmedia":[{"embeddable":true,"href":"https:\/\/www.p31noticias.com.br\/index.php?rest_route=\/wp\/v2\/media\/21846"}],"wp:attachment":[{"href":"https:\/\/www.p31noticias.com.br\/index.php?rest_route=%2Fwp%2Fv2%2Fmedia&parent=21843"}],"wp:term":[{"taxonomy":"category","embeddable":true,"href":"https:\/\/www.p31noticias.com.br\/index.php?rest_route=%2Fwp%2Fv2%2Fcategories&post=21843"},{"taxonomy":"post_tag","embeddable":true,"href":"https:\/\/www.p31noticias.com.br\/index.php?rest_route=%2Fwp%2Fv2%2Ftags&post=21843"}],"curies":[{"name":"wp","href":"https:\/\/api.w.org\/{rel}","templated":true}]}}