{"id":21840,"date":"2020-04-27T10:43:00","date_gmt":"2020-04-27T13:43:00","guid":{"rendered":"https:\/\/jornaldoplanalto.com.br\/web\/?p=21840"},"modified":"2020-04-27T10:43:00","modified_gmt":"2020-04-27T13:43:00","slug":"casos-de-miopia-aumentam-no-mundo-especialmente-nas-criancas","status":"publish","type":"post","link":"https:\/\/www.p31noticias.com.br\/?p=21840","title":{"rendered":"Casos de miopia aumentam no mundo, especialmente nas crian\u00e7as"},"content":{"rendered":"<p><em>Miopia atinge pelo menos 35 milh\u00f5es de brasileiros, de acordo com Minist\u00e9rio da Sa\u00fade<\/em><\/p>\n<p>A miopia nada mais \u00e9 do que o crescimento do olho devido causa heredit\u00e1ria, por\u00e9m, especialistas veem que o estilo de vida atual, durante o isolamento social da pandemia do Covid 19, com uso de eletr\u00f4nicos e conviv\u00eancia em ambientes fechados seja o motivo mais comum nos \u00faltimos anos. Em alguns pa\u00edses, a Organiza\u00e7\u00e3o Mundial da Sa\u00fade j\u00e1 a caracteriza uma epidemia, pois, nesse ano (2020), cerca de 35% da popula\u00e7\u00e3o mundial esteja sofrendo com o problema. Para 2050, esses n\u00fameros devem atingir 52% da sociedade do planeta.<\/p>\n<p>A m\u00e9dica oftalmologista Dra. Virg\u00ednia Cury, explica que o sintoma de miopia \u00e9 a vis\u00e3o de longe emba\u00e7ada. Al\u00e9m disso, podem aumentar os riscos de deslocamentos de retina e degenera\u00e7\u00e3o macular, podendo causar at\u00e9 a cegueira. \u201cEsse problema ocorre principalmente na inf\u00e2ncia e adolesc\u00eancia\u201d.<\/p>\n<p>Ela detalha que, essa ocorr\u00eancia em crian\u00e7as e jovens pode ser explicado pelo fato de ficarem em ambientes fechado, visto que a aus\u00eancia de luz solar (respons\u00e1vel pela produ\u00e7\u00e3o de dopamina, horm\u00f4nio que ajuda a controlar o olho) e o estimulo \u00e0 vis\u00e3o de longe. \u201cA melatonina (horm\u00f4nio do sono) tamb\u00e9m tem papel respons\u00e1vel, visto que temos que respeitar o ciclo de dia e noite, ou seja, o momento de descansar os olhos e dormir\u201d, declara a oftalmologista da Auge Oftalmologia.<\/p>\n<p>Para prevenir a miopia, (quando esta n\u00e3o e heredit\u00e1ria), cabe estar em ambientes abertos para estimular os olhos a enxergarem em \u201cprofundidade de campo\u201d, ou seja, ver paisagens abertas. Evitar o m\u00e1ximo de telas (celulares, tablets, computadores, TVs), faz parte do processo de preven\u00e7\u00e3o.<\/p>\n<p><strong>Corpo Cl\u00ednico<\/strong><\/p>\n<p>DRA. VIRG\u00cdNIA DELACROIX CURY OFTALMOPEDIATRA &#8211; Oftalmologista, respons\u00e1vel pelo departamento da Oftalmopediatria e Estrabismo da Auge Oftalmologia. Formada em Medicina pela PUCRS. Resid\u00eancia M\u00e9dica em Pediatria no HBDF. Resid\u00eancia M\u00e9dica em Oftalmologia no HOB. Especialista em Oftalmologia pelo Conselho Brasileiro de Oftalmologia, Estrabismo no Hospital de Cl\u00ednicas de Ribeir\u00e3o Preto \u2013 USP.<br \/>\nServi\u00e7o:<\/p>\n<p><strong>Auge Oftalmologia<\/strong><\/p>\n<p>Bras\u00edlia Medical Center \u2013 SGAN 607 Bloco A Salas 309\/310 \u2013 Asa Norte<\/p>\n<p>Contato: (61) 3322-6000<\/p>\n<p>www.augeoftalmologia.com.br<\/p>\n","protected":false},"excerpt":{"rendered":"<p>Miopia atinge pelo menos 35 milh\u00f5es de brasileiros, de acordo com Minist\u00e9rio da Sa\u00fade A miopia nada mais \u00e9 do que o crescimento do olho devido causa heredit\u00e1ria, por\u00e9m, especialistas veem que o estilo de vida atual, durante o isolamento social da pandemia do Covid 19, com uso de eletr\u00f4nicos e conviv\u00eancia em ambientes fechados [&hellip;]<\/p>\n","protected":false},"author":18,"featured_media":21841,"comment_status":"open","ping_status":"open","sticky":false,"template":"","format":"standard","meta":{"footnotes":""},"categories":[124],"tags":[],"class_list":{"0":"post-21840","1":"post","2":"type-post","3":"status-publish","4":"format-standard","5":"has-post-thumbnail","7":"category-saude"},"yoast_head":"<!-- This site is optimized with the Yoast SEO Premium plugin v24.5 (Yoast SEO v27.5) - https:\/\/yoast.com\/product\/yoast-seo-premium-wordpress\/ -->\n<title>Casos de miopia aumentam no mundo, especialmente nas crian\u00e7as - P31<\/title>\n<meta name=\"robots\" content=\"index, follow, max-snippet:-1, max-image-preview:large, max-video-preview:-1\" \/>\n<link rel=\"canonical\" href=\"https:\/\/www.p31noticias.com.br\/?p=21840\" \/>\n<meta property=\"og:locale\" content=\"pt_BR\" \/>\n<meta property=\"og:type\" content=\"article\" \/>\n<meta property=\"og:title\" content=\"Casos de miopia aumentam no mundo, especialmente nas crian\u00e7as\" \/>\n<meta property=\"og:description\" content=\"Miopia atinge pelo menos 35 milh\u00f5es de brasileiros, de acordo com Minist\u00e9rio da Sa\u00fade A miopia nada mais \u00e9 do que o crescimento do olho devido causa heredit\u00e1ria, por\u00e9m, especialistas veem que o estilo de vida atual, durante o isolamento social da pandemia do Covid 19, com uso de eletr\u00f4nicos e conviv\u00eancia em ambientes fechados [&hellip;]\" \/>\n<meta property=\"og:url\" content=\"https:\/\/www.p31noticias.com.br\/?p=21840\" \/>\n<meta property=\"og:site_name\" content=\"P31\" \/>\n<meta property=\"article:published_time\" content=\"2020-04-27T13:43:00+00:00\" \/>\n<meta property=\"og:image\" content=\"https:\/\/www.p31noticias.com.br\/wp-content\/uploads\/2020\/04\/olhar-de-crianca.jpg\" \/>\n\t<meta property=\"og:image:width\" content=\"1920\" \/>\n\t<meta property=\"og:image:height\" content=\"1280\" \/>\n\t<meta property=\"og:image:type\" content=\"image\/jpeg\" \/>\n<meta name=\"author\" content=\"Reda\u00e7\u00e3o JBN\" \/>\n<meta name=\"twitter:card\" content=\"summary_large_image\" \/>\n<meta name=\"twitter:label1\" content=\"Escrito por\" \/>\n\t<meta name=\"twitter:data1\" content=\"Reda\u00e7\u00e3o JBN\" \/>\n\t<meta name=\"twitter:label2\" content=\"Est. tempo de leitura\" \/>\n\t<meta name=\"twitter:data2\" content=\"2 minutos\" \/>\n<script type=\"application\/ld+json\" class=\"yoast-schema-graph\">{\"@context\":\"https:\\\/\\\/schema.org\",\"@graph\":[{\"@type\":\"Article\",\"@id\":\"https:\\\/\\\/www.p31noticias.com.br\\\/?p=21840#article\",\"isPartOf\":{\"@id\":\"https:\\\/\\\/www.p31noticias.com.br\\\/?p=21840\"},\"author\":{\"name\":\"Reda\u00e7\u00e3o JBN\",\"@id\":\"https:\\\/\\\/www.p31noticias.com.br\\\/#\\\/schema\\\/person\\\/77d6b186c710ac38937c6ec204fdd387\"},\"headline\":\"Casos de miopia aumentam no mundo, especialmente nas crian\u00e7as\",\"datePublished\":\"2020-04-27T13:43:00+00:00\",\"mainEntityOfPage\":{\"@id\":\"https:\\\/\\\/www.p31noticias.com.br\\\/?p=21840\"},\"wordCount\":388,\"commentCount\":0,\"image\":{\"@id\":\"https:\\\/\\\/www.p31noticias.com.br\\\/?p=21840#primaryimage\"},\"thumbnailUrl\":\"https:\\\/\\\/www.p31noticias.com.br\\\/wp-content\\\/uploads\\\/2020\\\/04\\\/olhar-de-crianca.jpg\",\"articleSection\":[\"Sa\u00fade\"],\"inLanguage\":\"pt-BR\",\"potentialAction\":[{\"@type\":\"CommentAction\",\"name\":\"Comment\",\"target\":[\"https:\\\/\\\/www.p31noticias.com.br\\\/?p=21840#respond\"]}],\"copyrightYear\":\"2020\",\"copyrightHolder\":{\"@id\":\"https:\\\/\\\/www.p31noticias.com.br\\\/#organization\"}},{\"@type\":\"WebPage\",\"@id\":\"https:\\\/\\\/www.p31noticias.com.br\\\/?p=21840\",\"url\":\"https:\\\/\\\/www.p31noticias.com.br\\\/?p=21840\",\"name\":\"Casos de miopia aumentam no mundo, especialmente nas crian\u00e7as - P31\",\"isPartOf\":{\"@id\":\"https:\\\/\\\/www.p31noticias.com.br\\\/#website\"},\"primaryImageOfPage\":{\"@id\":\"https:\\\/\\\/www.p31noticias.com.br\\\/?p=21840#primaryimage\"},\"image\":{\"@id\":\"https:\\\/\\\/www.p31noticias.com.br\\\/?p=21840#primaryimage\"},\"thumbnailUrl\":\"https:\\\/\\\/www.p31noticias.com.br\\\/wp-content\\\/uploads\\\/2020\\\/04\\\/olhar-de-crianca.jpg\",\"datePublished\":\"2020-04-27T13:43:00+00:00\",\"author\":{\"@id\":\"https:\\\/\\\/www.p31noticias.com.br\\\/#\\\/schema\\\/person\\\/77d6b186c710ac38937c6ec204fdd387\"},\"breadcrumb\":{\"@id\":\"https:\\\/\\\/www.p31noticias.com.br\\\/?p=21840#breadcrumb\"},\"inLanguage\":\"pt-BR\",\"potentialAction\":[{\"@type\":\"ReadAction\",\"target\":[\"https:\\\/\\\/www.p31noticias.com.br\\\/?p=21840\"]}]},{\"@type\":\"ImageObject\",\"inLanguage\":\"pt-BR\",\"@id\":\"https:\\\/\\\/www.p31noticias.com.br\\\/?p=21840#primaryimage\",\"url\":\"https:\\\/\\\/www.p31noticias.com.br\\\/wp-content\\\/uploads\\\/2020\\\/04\\\/olhar-de-crianca.jpg\",\"contentUrl\":\"https:\\\/\\\/www.p31noticias.com.br\\\/wp-content\\\/uploads\\\/2020\\\/04\\\/olhar-de-crianca.jpg\",\"width\":1920,\"height\":1280},{\"@type\":\"BreadcrumbList\",\"@id\":\"https:\\\/\\\/www.p31noticias.com.br\\\/?p=21840#breadcrumb\",\"itemListElement\":[{\"@type\":\"ListItem\",\"position\":1,\"name\":\"In\u00edcio\",\"item\":\"https:\\\/\\\/www.p31noticias.com.br\\\/\"},{\"@type\":\"ListItem\",\"position\":2,\"name\":\"Casos de miopia aumentam no mundo, especialmente nas crian\u00e7as\"}]},{\"@type\":\"WebSite\",\"@id\":\"https:\\\/\\\/www.p31noticias.com.br\\\/#website\",\"url\":\"https:\\\/\\\/www.p31noticias.com.br\\\/\",\"name\":\"P31\",\"description\":\"NOT\u00cdCIAS\",\"potentialAction\":[{\"@type\":\"SearchAction\",\"target\":{\"@type\":\"EntryPoint\",\"urlTemplate\":\"https:\\\/\\\/www.p31noticias.com.br\\\/?s={search_term_string}\"},\"query-input\":{\"@type\":\"PropertyValueSpecification\",\"valueRequired\":true,\"valueName\":\"search_term_string\"}}],\"inLanguage\":\"pt-BR\"},{\"@type\":\"Person\",\"@id\":\"https:\\\/\\\/www.p31noticias.com.br\\\/#\\\/schema\\\/person\\\/77d6b186c710ac38937c6ec204fdd387\",\"name\":\"Reda\u00e7\u00e3o JBN\",\"image\":{\"@type\":\"ImageObject\",\"inLanguage\":\"pt-BR\",\"@id\":\"https:\\\/\\\/secure.gravatar.com\\\/avatar\\\/10fcdb93211f98cce3d64c0795b0915a9a4a21dc0f279238995a3dbfafcad090?s=96&d=mm&r=g\",\"url\":\"https:\\\/\\\/secure.gravatar.com\\\/avatar\\\/10fcdb93211f98cce3d64c0795b0915a9a4a21dc0f279238995a3dbfafcad090?s=96&d=mm&r=g\",\"contentUrl\":\"https:\\\/\\\/secure.gravatar.com\\\/avatar\\\/10fcdb93211f98cce3d64c0795b0915a9a4a21dc0f279238995a3dbfafcad090?s=96&d=mm&r=g\",\"caption\":\"Reda\u00e7\u00e3o JBN\"},\"sameAs\":[\"https:\\\/\\\/p31noticias.com.br\"],\"url\":\"https:\\\/\\\/www.p31noticias.com.br\\\/?author=18\"}]}<\/script>\n<!-- \/ Yoast SEO Premium plugin. -->","yoast_head_json":{"title":"Casos de miopia aumentam no mundo, especialmente nas crian\u00e7as - P31","robots":{"index":"index","follow":"follow","max-snippet":"max-snippet:-1","max-image-preview":"max-image-preview:large","max-video-preview":"max-video-preview:-1"},"canonical":"https:\/\/www.p31noticias.com.br\/?p=21840","og_locale":"pt_BR","og_type":"article","og_title":"Casos de miopia aumentam no mundo, especialmente nas crian\u00e7as","og_description":"Miopia atinge pelo menos 35 milh\u00f5es de brasileiros, de acordo com Minist\u00e9rio da Sa\u00fade A miopia nada mais \u00e9 do que o crescimento do olho devido causa heredit\u00e1ria, por\u00e9m, especialistas veem que o estilo de vida atual, durante o isolamento social da pandemia do Covid 19, com uso de eletr\u00f4nicos e conviv\u00eancia em ambientes fechados [&hellip;]","og_url":"https:\/\/www.p31noticias.com.br\/?p=21840","og_site_name":"P31","article_published_time":"2020-04-27T13:43:00+00:00","og_image":[{"width":1920,"height":1280,"url":"https:\/\/www.p31noticias.com.br\/wp-content\/uploads\/2020\/04\/olhar-de-crianca.jpg","type":"image\/jpeg"}],"author":"Reda\u00e7\u00e3o JBN","twitter_card":"summary_large_image","twitter_misc":{"Escrito por":"Reda\u00e7\u00e3o JBN","Est. tempo de leitura":"2 minutos"},"schema":{"@context":"https:\/\/schema.org","@graph":[{"@type":"Article","@id":"https:\/\/www.p31noticias.com.br\/?p=21840#article","isPartOf":{"@id":"https:\/\/www.p31noticias.com.br\/?p=21840"},"author":{"name":"Reda\u00e7\u00e3o JBN","@id":"https:\/\/www.p31noticias.com.br\/#\/schema\/person\/77d6b186c710ac38937c6ec204fdd387"},"headline":"Casos de miopia aumentam no mundo, especialmente nas crian\u00e7as","datePublished":"2020-04-27T13:43:00+00:00","mainEntityOfPage":{"@id":"https:\/\/www.p31noticias.com.br\/?p=21840"},"wordCount":388,"commentCount":0,"image":{"@id":"https:\/\/www.p31noticias.com.br\/?p=21840#primaryimage"},"thumbnailUrl":"https:\/\/www.p31noticias.com.br\/wp-content\/uploads\/2020\/04\/olhar-de-crianca.jpg","articleSection":["Sa\u00fade"],"inLanguage":"pt-BR","potentialAction":[{"@type":"CommentAction","name":"Comment","target":["https:\/\/www.p31noticias.com.br\/?p=21840#respond"]}],"copyrightYear":"2020","copyrightHolder":{"@id":"https:\/\/www.p31noticias.com.br\/#organization"}},{"@type":"WebPage","@id":"https:\/\/www.p31noticias.com.br\/?p=21840","url":"https:\/\/www.p31noticias.com.br\/?p=21840","name":"Casos de miopia aumentam no mundo, especialmente nas crian\u00e7as - P31","isPartOf":{"@id":"https:\/\/www.p31noticias.com.br\/#website"},"primaryImageOfPage":{"@id":"https:\/\/www.p31noticias.com.br\/?p=21840#primaryimage"},"image":{"@id":"https:\/\/www.p31noticias.com.br\/?p=21840#primaryimage"},"thumbnailUrl":"https:\/\/www.p31noticias.com.br\/wp-content\/uploads\/2020\/04\/olhar-de-crianca.jpg","datePublished":"2020-04-27T13:43:00+00:00","author":{"@id":"https:\/\/www.p31noticias.com.br\/#\/schema\/person\/77d6b186c710ac38937c6ec204fdd387"},"breadcrumb":{"@id":"https:\/\/www.p31noticias.com.br\/?p=21840#breadcrumb"},"inLanguage":"pt-BR","potentialAction":[{"@type":"ReadAction","target":["https:\/\/www.p31noticias.com.br\/?p=21840"]}]},{"@type":"ImageObject","inLanguage":"pt-BR","@id":"https:\/\/www.p31noticias.com.br\/?p=21840#primaryimage","url":"https:\/\/www.p31noticias.com.br\/wp-content\/uploads\/2020\/04\/olhar-de-crianca.jpg","contentUrl":"https:\/\/www.p31noticias.com.br\/wp-content\/uploads\/2020\/04\/olhar-de-crianca.jpg","width":1920,"height":1280},{"@type":"BreadcrumbList","@id":"https:\/\/www.p31noticias.com.br\/?p=21840#breadcrumb","itemListElement":[{"@type":"ListItem","position":1,"name":"In\u00edcio","item":"https:\/\/www.p31noticias.com.br\/"},{"@type":"ListItem","position":2,"name":"Casos de miopia aumentam no mundo, especialmente nas crian\u00e7as"}]},{"@type":"WebSite","@id":"https:\/\/www.p31noticias.com.br\/#website","url":"https:\/\/www.p31noticias.com.br\/","name":"P31","description":"NOT\u00cdCIAS","potentialAction":[{"@type":"SearchAction","target":{"@type":"EntryPoint","urlTemplate":"https:\/\/www.p31noticias.com.br\/?s={search_term_string}"},"query-input":{"@type":"PropertyValueSpecification","valueRequired":true,"valueName":"search_term_string"}}],"inLanguage":"pt-BR"},{"@type":"Person","@id":"https:\/\/www.p31noticias.com.br\/#\/schema\/person\/77d6b186c710ac38937c6ec204fdd387","name":"Reda\u00e7\u00e3o JBN","image":{"@type":"ImageObject","inLanguage":"pt-BR","@id":"https:\/\/secure.gravatar.com\/avatar\/10fcdb93211f98cce3d64c0795b0915a9a4a21dc0f279238995a3dbfafcad090?s=96&d=mm&r=g","url":"https:\/\/secure.gravatar.com\/avatar\/10fcdb93211f98cce3d64c0795b0915a9a4a21dc0f279238995a3dbfafcad090?s=96&d=mm&r=g","contentUrl":"https:\/\/secure.gravatar.com\/avatar\/10fcdb93211f98cce3d64c0795b0915a9a4a21dc0f279238995a3dbfafcad090?s=96&d=mm&r=g","caption":"Reda\u00e7\u00e3o JBN"},"sameAs":["https:\/\/p31noticias.com.br"],"url":"https:\/\/www.p31noticias.com.br\/?author=18"}]}},"amp_enabled":true,"_links":{"self":[{"href":"https:\/\/www.p31noticias.com.br\/index.php?rest_route=\/wp\/v2\/posts\/21840","targetHints":{"allow":["GET"]}}],"collection":[{"href":"https:\/\/www.p31noticias.com.br\/index.php?rest_route=\/wp\/v2\/posts"}],"about":[{"href":"https:\/\/www.p31noticias.com.br\/index.php?rest_route=\/wp\/v2\/types\/post"}],"author":[{"embeddable":true,"href":"https:\/\/www.p31noticias.com.br\/index.php?rest_route=\/wp\/v2\/users\/18"}],"replies":[{"embeddable":true,"href":"https:\/\/www.p31noticias.com.br\/index.php?rest_route=%2Fwp%2Fv2%2Fcomments&post=21840"}],"version-history":[{"count":0,"href":"https:\/\/www.p31noticias.com.br\/index.php?rest_route=\/wp\/v2\/posts\/21840\/revisions"}],"wp:featuredmedia":[{"embeddable":true,"href":"https:\/\/www.p31noticias.com.br\/index.php?rest_route=\/wp\/v2\/media\/21841"}],"wp:attachment":[{"href":"https:\/\/www.p31noticias.com.br\/index.php?rest_route=%2Fwp%2Fv2%2Fmedia&parent=21840"}],"wp:term":[{"taxonomy":"category","embeddable":true,"href":"https:\/\/www.p31noticias.com.br\/index.php?rest_route=%2Fwp%2Fv2%2Fcategories&post=21840"},{"taxonomy":"post_tag","embeddable":true,"href":"https:\/\/www.p31noticias.com.br\/index.php?rest_route=%2Fwp%2Fv2%2Ftags&post=21840"}],"curies":[{"name":"wp","href":"https:\/\/api.w.org\/{rel}","templated":true}]}}