{"id":21837,"date":"2020-04-25T11:58:37","date_gmt":"2020-04-25T14:58:37","guid":{"rendered":"https:\/\/jornaldoplanalto.com.br\/web\/?p=21837"},"modified":"2020-04-25T11:58:37","modified_gmt":"2020-04-25T14:58:37","slug":"testagem-para-covid-19-novos-pontos-e-agendamento-pela-internet","status":"publish","type":"post","link":"https:\/\/www.p31noticias.com.br\/?p=21837","title":{"rendered":"Testagem para Covid-19: novos pontos e agendamento pela internet"},"content":{"rendered":"<p><em><strong>O cidad\u00e3o deve entrar no site e fazer o cadastro<\/strong><\/em><\/p>\n<p>A partir da pr\u00f3xima segunda-feira (27), o Distrito Federal passa a contar com dez pontos de testagem para a Covid-19. Nesta segunda fase, os pontos ser\u00e3o instalados em outras regi\u00f5es administrativas, al\u00e9m do Plano Piloto e \u00c1guas Claras, onde ocorre desde a \u00faltima ter\u00e7a-feira (21). No entanto, a partir de agora, a popula\u00e7\u00e3o dever\u00e1 agendar, via internet, a marca\u00e7\u00e3o do exame. A medida ocorre para evitar aglomera\u00e7\u00e3o e reduzir o tempo de espera.<\/p>\n<p>O secret\u00e1rio de Sa\u00fade, Francisco Ara\u00fajo, ressaltou a import\u00e2ncia da amplia\u00e7\u00e3o dos testes r\u00e1pidos dentro da estrat\u00e9gia que o governo adotou de combate ao coronav\u00edrus. \u201cAntecipamos o isolamento social, a popula\u00e7\u00e3o respondeu bem e aprovou as medidas; agora, precisamos de mais testes para respaldar os nossos trabalhos, as nossas a\u00e7\u00f5es e o combate mais intenso \u00e0 Covid-19\u201d.<\/p>\n<p>O cidad\u00e3o deve entrar no site e fazer o cadastro. Ap\u00f3s se cadastrar, receber\u00e1 um e-mail confirmando o cadastramento, o qual dever\u00e1 inserir a chave de ativa\u00e7\u00e3o recebida. Feito isso, poder\u00e1 seguir adiante com o agendamento. Um comprovante chegar\u00e1, por e-mail, informando o local e hora do exame, e este deve ser apresentado no local.<\/p>\n<p>Outra novidade ser\u00e1 que os pontos espec\u00edficos passam a receber os moradores de determinadas regi\u00f5es. O hor\u00e1rio permanece das 8h \u00e0s 17h, e passam a ocorrer nas seguintes regi\u00f5es e endere\u00e7os:<\/p>\n<p>Para moradores de \u00c1guas Claras, Taguatinga, Vicente Pires e Arniqueiras:<br \/>\n1-Uniplan<br \/>\n2- Unieuro<br \/>\n3- Resid\u00eancia Oficial do Governador<\/p>\n<p>Moradores do Plano Piloto:<br \/>\n4- Parque da Cidade \u2013 Estacionamentos 4<br \/>\n5- Est\u00e1dio Man\u00e9 Garrincha<\/p>\n<p>Moradores do Lago Sul, S\u00e3o Sebasti\u00e3o, Itapo\u00e3, Parano\u00e1, Jardim Bot\u00e2nico e Jardins Mangueiral:<br \/>\n6- Par\u00f3quia S\u00e3o Pedro de Alc\u00e2ntara \u2013 St. de Habita\u00e7\u00f5es Individuais Sul EQI 7\/9 \u2013 Lago Sul<\/p>\n<p>Moradores do Lago Norte, Varj\u00e3o e Granja do Torto:<br \/>\n7- Iguatemi Shopping<\/p>\n<p>Moradores do Guar\u00e1, N\u00facleo Bandeirante, Cand\u00e2ngolandia e Park Sul:<br \/>\n8- Parque Shopping<\/p>\n<p>Moradores de Ceil\u00e2ndia, Por do Sol e Sol Nascente:<br \/>\n9- IESB Unidade Ceil\u00e2ndia<\/p>\n<p>Moradores de Sobradinho I, II, Fercal e Planaltina:<br \/>\n10- \u00c1rea Especial para Ind\u00fastria n\u00ba 03 \u2013 Lote 01 Sobradinho<\/p>\n<p>A previs\u00e3o \u00e9 que nas pr\u00f3ximas semanas mais pontos de testagem sejam abertos.<\/p>\n<p><strong>Resultados<\/strong><\/p>\n<p>Em quatro dias, a Secretaria de Sa\u00fade realizou 14.617 testes r\u00e1pidos para coronav\u00edrus, o que resultou em 128 novos casos da doen\u00e7a. S\u00e3o testados aqueles que apresentam sintomas da doen\u00e7a. Se ocorrer de forma agravada, existe a possibilidade de fazer o teste swab \u2013 quando se coleta material da garganta e do nariz com um cotonete, para a amostra ser analisada em laborat\u00f3rio. Neste caso, o resultado sai em at\u00e9 48 horas.<\/p>\n<p>Nos casos detectados como mais graves, os pacientes poder\u00e3o ser direcionados para o Hospital Regional da Asa Norte (Hran), refer\u00eancia em atendimento para a Covid-19.<\/p>\n<p><strong>Recomenda\u00e7\u00f5es<\/strong><\/p>\n<p>Para a popula\u00e7\u00e3o, \u00e9 recomendado o uso de m\u00e1scaras faciais j\u00e1 na sa\u00edda do domic\u00edlio, e que cada carro tenha, no m\u00e1ximo, quatro pessoas. A testagem \u00e9 realizada por servidores da Secretaria de Sa\u00fade e conta com a participa\u00e7\u00e3o de volunt\u00e1rios da \u00e1rea de sa\u00fade.<\/p>\n<p><em>(Por Ag\u00eancia Bras\u00edlia, com informa\u00e7\u00f5es da Secretaria de Sa\u00fade. Foto: Foto: Secretaria de Sa\u00fade\/Divulga\u00e7\u00e3o)<\/em><\/p>\n","protected":false},"excerpt":{"rendered":"<p>O cidad\u00e3o deve entrar no site e fazer o cadastro A partir da pr\u00f3xima segunda-feira (27), o Distrito Federal passa a contar com dez pontos de testagem para a Covid-19. Nesta segunda fase, os pontos ser\u00e3o instalados em outras regi\u00f5es administrativas, al\u00e9m do Plano Piloto e \u00c1guas Claras, onde ocorre desde a \u00faltima ter\u00e7a-feira (21). [&hellip;]<\/p>\n","protected":false},"author":18,"featured_media":21838,"comment_status":"open","ping_status":"open","sticky":false,"template":"","format":"standard","meta":{"footnotes":""},"categories":[124],"tags":[],"class_list":{"0":"post-21837","1":"post","2":"type-post","3":"status-publish","4":"format-standard","5":"has-post-thumbnail","7":"category-saude"},"yoast_head":"<!-- This site is optimized with the Yoast SEO Premium plugin v24.5 (Yoast SEO v27.5) - https:\/\/yoast.com\/product\/yoast-seo-premium-wordpress\/ -->\n<title>Testagem para Covid-19: novos pontos e agendamento pela internet - P31<\/title>\n<meta name=\"robots\" content=\"index, follow, max-snippet:-1, max-image-preview:large, max-video-preview:-1\" \/>\n<link rel=\"canonical\" href=\"https:\/\/www.p31noticias.com.br\/?p=21837\" \/>\n<meta property=\"og:locale\" content=\"pt_BR\" \/>\n<meta property=\"og:type\" content=\"article\" \/>\n<meta property=\"og:title\" content=\"Testagem para Covid-19: novos pontos e agendamento pela internet\" \/>\n<meta property=\"og:description\" content=\"O cidad\u00e3o deve entrar no site e fazer o cadastro A partir da pr\u00f3xima segunda-feira (27), o Distrito Federal passa a contar com dez pontos de testagem para a Covid-19. Nesta segunda fase, os pontos ser\u00e3o instalados em outras regi\u00f5es administrativas, al\u00e9m do Plano Piloto e \u00c1guas Claras, onde ocorre desde a \u00faltima ter\u00e7a-feira (21). [&hellip;]\" \/>\n<meta property=\"og:url\" content=\"https:\/\/www.p31noticias.com.br\/?p=21837\" \/>\n<meta property=\"og:site_name\" content=\"P31\" \/>\n<meta property=\"article:published_time\" content=\"2020-04-25T14:58:37+00:00\" \/>\n<meta property=\"og:image\" content=\"https:\/\/www.p31noticias.com.br\/wp-content\/uploads\/2020\/04\/covid.jpg\" \/>\n\t<meta property=\"og:image:width\" content=\"640\" \/>\n\t<meta property=\"og:image:height\" content=\"353\" \/>\n\t<meta property=\"og:image:type\" content=\"image\/jpeg\" \/>\n<meta name=\"author\" content=\"Reda\u00e7\u00e3o JBN\" \/>\n<meta name=\"twitter:card\" content=\"summary_large_image\" \/>\n<meta name=\"twitter:label1\" content=\"Escrito por\" \/>\n\t<meta name=\"twitter:data1\" content=\"Reda\u00e7\u00e3o JBN\" \/>\n\t<meta name=\"twitter:label2\" content=\"Est. tempo de leitura\" \/>\n\t<meta name=\"twitter:data2\" content=\"3 minutos\" \/>\n<script type=\"application\/ld+json\" class=\"yoast-schema-graph\">{\"@context\":\"https:\\\/\\\/schema.org\",\"@graph\":[{\"@type\":\"Article\",\"@id\":\"https:\\\/\\\/www.p31noticias.com.br\\\/?p=21837#article\",\"isPartOf\":{\"@id\":\"https:\\\/\\\/www.p31noticias.com.br\\\/?p=21837\"},\"author\":{\"name\":\"Reda\u00e7\u00e3o JBN\",\"@id\":\"https:\\\/\\\/www.p31noticias.com.br\\\/#\\\/schema\\\/person\\\/77d6b186c710ac38937c6ec204fdd387\"},\"headline\":\"Testagem para Covid-19: novos pontos e agendamento pela internet\",\"datePublished\":\"2020-04-25T14:58:37+00:00\",\"mainEntityOfPage\":{\"@id\":\"https:\\\/\\\/www.p31noticias.com.br\\\/?p=21837\"},\"wordCount\":577,\"commentCount\":0,\"image\":{\"@id\":\"https:\\\/\\\/www.p31noticias.com.br\\\/?p=21837#primaryimage\"},\"thumbnailUrl\":\"https:\\\/\\\/www.p31noticias.com.br\\\/wp-content\\\/uploads\\\/2020\\\/04\\\/covid.jpg\",\"articleSection\":[\"Sa\u00fade\"],\"inLanguage\":\"pt-BR\",\"potentialAction\":[{\"@type\":\"CommentAction\",\"name\":\"Comment\",\"target\":[\"https:\\\/\\\/www.p31noticias.com.br\\\/?p=21837#respond\"]}],\"copyrightYear\":\"2020\",\"copyrightHolder\":{\"@id\":\"https:\\\/\\\/www.p31noticias.com.br\\\/#organization\"}},{\"@type\":\"WebPage\",\"@id\":\"https:\\\/\\\/www.p31noticias.com.br\\\/?p=21837\",\"url\":\"https:\\\/\\\/www.p31noticias.com.br\\\/?p=21837\",\"name\":\"Testagem para Covid-19: novos pontos e agendamento pela internet - P31\",\"isPartOf\":{\"@id\":\"https:\\\/\\\/www.p31noticias.com.br\\\/#website\"},\"primaryImageOfPage\":{\"@id\":\"https:\\\/\\\/www.p31noticias.com.br\\\/?p=21837#primaryimage\"},\"image\":{\"@id\":\"https:\\\/\\\/www.p31noticias.com.br\\\/?p=21837#primaryimage\"},\"thumbnailUrl\":\"https:\\\/\\\/www.p31noticias.com.br\\\/wp-content\\\/uploads\\\/2020\\\/04\\\/covid.jpg\",\"datePublished\":\"2020-04-25T14:58:37+00:00\",\"author\":{\"@id\":\"https:\\\/\\\/www.p31noticias.com.br\\\/#\\\/schema\\\/person\\\/77d6b186c710ac38937c6ec204fdd387\"},\"breadcrumb\":{\"@id\":\"https:\\\/\\\/www.p31noticias.com.br\\\/?p=21837#breadcrumb\"},\"inLanguage\":\"pt-BR\",\"potentialAction\":[{\"@type\":\"ReadAction\",\"target\":[\"https:\\\/\\\/www.p31noticias.com.br\\\/?p=21837\"]}]},{\"@type\":\"ImageObject\",\"inLanguage\":\"pt-BR\",\"@id\":\"https:\\\/\\\/www.p31noticias.com.br\\\/?p=21837#primaryimage\",\"url\":\"https:\\\/\\\/www.p31noticias.com.br\\\/wp-content\\\/uploads\\\/2020\\\/04\\\/covid.jpg\",\"contentUrl\":\"https:\\\/\\\/www.p31noticias.com.br\\\/wp-content\\\/uploads\\\/2020\\\/04\\\/covid.jpg\",\"width\":640,\"height\":353},{\"@type\":\"BreadcrumbList\",\"@id\":\"https:\\\/\\\/www.p31noticias.com.br\\\/?p=21837#breadcrumb\",\"itemListElement\":[{\"@type\":\"ListItem\",\"position\":1,\"name\":\"In\u00edcio\",\"item\":\"https:\\\/\\\/www.p31noticias.com.br\\\/\"},{\"@type\":\"ListItem\",\"position\":2,\"name\":\"Testagem para Covid-19: novos pontos e agendamento pela internet\"}]},{\"@type\":\"WebSite\",\"@id\":\"https:\\\/\\\/www.p31noticias.com.br\\\/#website\",\"url\":\"https:\\\/\\\/www.p31noticias.com.br\\\/\",\"name\":\"P31\",\"description\":\"NOT\u00cdCIAS\",\"potentialAction\":[{\"@type\":\"SearchAction\",\"target\":{\"@type\":\"EntryPoint\",\"urlTemplate\":\"https:\\\/\\\/www.p31noticias.com.br\\\/?s={search_term_string}\"},\"query-input\":{\"@type\":\"PropertyValueSpecification\",\"valueRequired\":true,\"valueName\":\"search_term_string\"}}],\"inLanguage\":\"pt-BR\"},{\"@type\":\"Person\",\"@id\":\"https:\\\/\\\/www.p31noticias.com.br\\\/#\\\/schema\\\/person\\\/77d6b186c710ac38937c6ec204fdd387\",\"name\":\"Reda\u00e7\u00e3o JBN\",\"image\":{\"@type\":\"ImageObject\",\"inLanguage\":\"pt-BR\",\"@id\":\"https:\\\/\\\/secure.gravatar.com\\\/avatar\\\/10fcdb93211f98cce3d64c0795b0915a9a4a21dc0f279238995a3dbfafcad090?s=96&d=mm&r=g\",\"url\":\"https:\\\/\\\/secure.gravatar.com\\\/avatar\\\/10fcdb93211f98cce3d64c0795b0915a9a4a21dc0f279238995a3dbfafcad090?s=96&d=mm&r=g\",\"contentUrl\":\"https:\\\/\\\/secure.gravatar.com\\\/avatar\\\/10fcdb93211f98cce3d64c0795b0915a9a4a21dc0f279238995a3dbfafcad090?s=96&d=mm&r=g\",\"caption\":\"Reda\u00e7\u00e3o JBN\"},\"sameAs\":[\"https:\\\/\\\/p31noticias.com.br\"],\"url\":\"https:\\\/\\\/www.p31noticias.com.br\\\/?author=18\"}]}<\/script>\n<!-- \/ Yoast SEO Premium plugin. -->","yoast_head_json":{"title":"Testagem para Covid-19: novos pontos e agendamento pela internet - P31","robots":{"index":"index","follow":"follow","max-snippet":"max-snippet:-1","max-image-preview":"max-image-preview:large","max-video-preview":"max-video-preview:-1"},"canonical":"https:\/\/www.p31noticias.com.br\/?p=21837","og_locale":"pt_BR","og_type":"article","og_title":"Testagem para Covid-19: novos pontos e agendamento pela internet","og_description":"O cidad\u00e3o deve entrar no site e fazer o cadastro A partir da pr\u00f3xima segunda-feira (27), o Distrito Federal passa a contar com dez pontos de testagem para a Covid-19. Nesta segunda fase, os pontos ser\u00e3o instalados em outras regi\u00f5es administrativas, al\u00e9m do Plano Piloto e \u00c1guas Claras, onde ocorre desde a \u00faltima ter\u00e7a-feira (21). [&hellip;]","og_url":"https:\/\/www.p31noticias.com.br\/?p=21837","og_site_name":"P31","article_published_time":"2020-04-25T14:58:37+00:00","og_image":[{"width":640,"height":353,"url":"https:\/\/www.p31noticias.com.br\/wp-content\/uploads\/2020\/04\/covid.jpg","type":"image\/jpeg"}],"author":"Reda\u00e7\u00e3o JBN","twitter_card":"summary_large_image","twitter_misc":{"Escrito por":"Reda\u00e7\u00e3o JBN","Est. tempo de leitura":"3 minutos"},"schema":{"@context":"https:\/\/schema.org","@graph":[{"@type":"Article","@id":"https:\/\/www.p31noticias.com.br\/?p=21837#article","isPartOf":{"@id":"https:\/\/www.p31noticias.com.br\/?p=21837"},"author":{"name":"Reda\u00e7\u00e3o JBN","@id":"https:\/\/www.p31noticias.com.br\/#\/schema\/person\/77d6b186c710ac38937c6ec204fdd387"},"headline":"Testagem para Covid-19: novos pontos e agendamento pela internet","datePublished":"2020-04-25T14:58:37+00:00","mainEntityOfPage":{"@id":"https:\/\/www.p31noticias.com.br\/?p=21837"},"wordCount":577,"commentCount":0,"image":{"@id":"https:\/\/www.p31noticias.com.br\/?p=21837#primaryimage"},"thumbnailUrl":"https:\/\/www.p31noticias.com.br\/wp-content\/uploads\/2020\/04\/covid.jpg","articleSection":["Sa\u00fade"],"inLanguage":"pt-BR","potentialAction":[{"@type":"CommentAction","name":"Comment","target":["https:\/\/www.p31noticias.com.br\/?p=21837#respond"]}],"copyrightYear":"2020","copyrightHolder":{"@id":"https:\/\/www.p31noticias.com.br\/#organization"}},{"@type":"WebPage","@id":"https:\/\/www.p31noticias.com.br\/?p=21837","url":"https:\/\/www.p31noticias.com.br\/?p=21837","name":"Testagem para Covid-19: novos pontos e agendamento pela internet - P31","isPartOf":{"@id":"https:\/\/www.p31noticias.com.br\/#website"},"primaryImageOfPage":{"@id":"https:\/\/www.p31noticias.com.br\/?p=21837#primaryimage"},"image":{"@id":"https:\/\/www.p31noticias.com.br\/?p=21837#primaryimage"},"thumbnailUrl":"https:\/\/www.p31noticias.com.br\/wp-content\/uploads\/2020\/04\/covid.jpg","datePublished":"2020-04-25T14:58:37+00:00","author":{"@id":"https:\/\/www.p31noticias.com.br\/#\/schema\/person\/77d6b186c710ac38937c6ec204fdd387"},"breadcrumb":{"@id":"https:\/\/www.p31noticias.com.br\/?p=21837#breadcrumb"},"inLanguage":"pt-BR","potentialAction":[{"@type":"ReadAction","target":["https:\/\/www.p31noticias.com.br\/?p=21837"]}]},{"@type":"ImageObject","inLanguage":"pt-BR","@id":"https:\/\/www.p31noticias.com.br\/?p=21837#primaryimage","url":"https:\/\/www.p31noticias.com.br\/wp-content\/uploads\/2020\/04\/covid.jpg","contentUrl":"https:\/\/www.p31noticias.com.br\/wp-content\/uploads\/2020\/04\/covid.jpg","width":640,"height":353},{"@type":"BreadcrumbList","@id":"https:\/\/www.p31noticias.com.br\/?p=21837#breadcrumb","itemListElement":[{"@type":"ListItem","position":1,"name":"In\u00edcio","item":"https:\/\/www.p31noticias.com.br\/"},{"@type":"ListItem","position":2,"name":"Testagem para Covid-19: novos pontos e agendamento pela internet"}]},{"@type":"WebSite","@id":"https:\/\/www.p31noticias.com.br\/#website","url":"https:\/\/www.p31noticias.com.br\/","name":"P31","description":"NOT\u00cdCIAS","potentialAction":[{"@type":"SearchAction","target":{"@type":"EntryPoint","urlTemplate":"https:\/\/www.p31noticias.com.br\/?s={search_term_string}"},"query-input":{"@type":"PropertyValueSpecification","valueRequired":true,"valueName":"search_term_string"}}],"inLanguage":"pt-BR"},{"@type":"Person","@id":"https:\/\/www.p31noticias.com.br\/#\/schema\/person\/77d6b186c710ac38937c6ec204fdd387","name":"Reda\u00e7\u00e3o JBN","image":{"@type":"ImageObject","inLanguage":"pt-BR","@id":"https:\/\/secure.gravatar.com\/avatar\/10fcdb93211f98cce3d64c0795b0915a9a4a21dc0f279238995a3dbfafcad090?s=96&d=mm&r=g","url":"https:\/\/secure.gravatar.com\/avatar\/10fcdb93211f98cce3d64c0795b0915a9a4a21dc0f279238995a3dbfafcad090?s=96&d=mm&r=g","contentUrl":"https:\/\/secure.gravatar.com\/avatar\/10fcdb93211f98cce3d64c0795b0915a9a4a21dc0f279238995a3dbfafcad090?s=96&d=mm&r=g","caption":"Reda\u00e7\u00e3o JBN"},"sameAs":["https:\/\/p31noticias.com.br"],"url":"https:\/\/www.p31noticias.com.br\/?author=18"}]}},"amp_enabled":true,"_links":{"self":[{"href":"https:\/\/www.p31noticias.com.br\/index.php?rest_route=\/wp\/v2\/posts\/21837","targetHints":{"allow":["GET"]}}],"collection":[{"href":"https:\/\/www.p31noticias.com.br\/index.php?rest_route=\/wp\/v2\/posts"}],"about":[{"href":"https:\/\/www.p31noticias.com.br\/index.php?rest_route=\/wp\/v2\/types\/post"}],"author":[{"embeddable":true,"href":"https:\/\/www.p31noticias.com.br\/index.php?rest_route=\/wp\/v2\/users\/18"}],"replies":[{"embeddable":true,"href":"https:\/\/www.p31noticias.com.br\/index.php?rest_route=%2Fwp%2Fv2%2Fcomments&post=21837"}],"version-history":[{"count":0,"href":"https:\/\/www.p31noticias.com.br\/index.php?rest_route=\/wp\/v2\/posts\/21837\/revisions"}],"wp:featuredmedia":[{"embeddable":true,"href":"https:\/\/www.p31noticias.com.br\/index.php?rest_route=\/wp\/v2\/media\/21838"}],"wp:attachment":[{"href":"https:\/\/www.p31noticias.com.br\/index.php?rest_route=%2Fwp%2Fv2%2Fmedia&parent=21837"}],"wp:term":[{"taxonomy":"category","embeddable":true,"href":"https:\/\/www.p31noticias.com.br\/index.php?rest_route=%2Fwp%2Fv2%2Fcategories&post=21837"},{"taxonomy":"post_tag","embeddable":true,"href":"https:\/\/www.p31noticias.com.br\/index.php?rest_route=%2Fwp%2Fv2%2Ftags&post=21837"}],"curies":[{"name":"wp","href":"https:\/\/api.w.org\/{rel}","templated":true}]}}