{"id":21834,"date":"2020-04-25T11:45:13","date_gmt":"2020-04-25T14:45:13","guid":{"rendered":"https:\/\/jornaldoplanalto.com.br\/web\/?p=21834"},"modified":"2020-04-25T11:45:13","modified_gmt":"2020-04-25T14:45:13","slug":"bolsonaro-diz-que-nao-houve-intervencao-politica-na-policia-federal","status":"publish","type":"post","link":"https:\/\/www.p31noticias.com.br\/?p=21834","title":{"rendered":"Bolsonaro diz que n\u00e3o houve interven\u00e7\u00e3o pol\u00edtica na Pol\u00edcia Federal"},"content":{"rendered":"<p>O presidente Jair Bolsonaro fez um pronunciamento na tarde desta sexta-feira (24), no Pal\u00e1cio do Planalto, para rebater as acusa\u00e7\u00f5es feitas pelo ex-ministro Sergio\u00a0Moro, que\u00a0<a href=\"https:\/\/agenciabrasil.ebc.com.br\/politica\/noticia\/2020-04\/sergio-moro-confirma-saida-do-ministerio-da-justica\" target=\"_blank\" rel=\"noopener noreferrer\">anunciou sua demiss\u00e3o do Minist\u00e9rio da Justi\u00e7a mais cedo<\/a>. Acompanhado de seus ministros, Bolsonaro falou durante 46 minutos e negou que tenha pedido para o ent\u00e3o ministro interferir em investiga\u00e7\u00f5es da Pol\u00edcia Federal (PF).<\/p>\n<p>&#8220;N\u00e3o s\u00e3o verdadeiras as insinua\u00e7\u00f5es de que desejaria saber sobre as investiga\u00e7\u00f5es em andamento. Nos quase 16 meses em que esteve \u00e0 frente do Minist\u00e9rio da Justi\u00e7a, o\u00a0senhor Sergio Moro sabe que jamais lhe procurei para interferir nas investiga\u00e7\u00f5es que estavam sendo realizadas, a n\u00e3o ser aquelas, n\u00e3o via interfer\u00eancia, mas quase\u00a0como uma s\u00faplica, sobre o Ad\u00e9lio [Bispo], o porteiro, e meu filho 04 [Jair Renan]&#8221;, afirmou o presidente, em uma refer\u00eancia \u00e0s investiga\u00e7\u00f5es sobre a tentativa de\u00a0assassinato contra ele na campanha eleitoral de 2018 e \u00e0s investiga\u00e7\u00f5es da Pol\u00edcia Civil do Rio de Janeiro sobre o assassinato da vereadora Marielle Franco, tamb\u00e9m em 2018. Bolsonaro citou a lei n\u00b0 13.047 de 2014 para destacar que tem a prerrogativa de nomear e exonerar o diretor-geral da PF.<\/p>\n<p>&#8220;Falava-se em interfer\u00eancia minha na Pol\u00edcia Federal. Ora bolas, se eu posso trocar o ministro, por que eu n\u00e3o posso, de acordo com a lei, trocar o diretor da Pol\u00edcia\u00a0Federal? Eu n\u00e3o tenho que pedir autoriza\u00e7\u00e3o para ningu\u00e9m para trocar o diretor ou qualquer um outro que esteja na pir\u00e2mide hier\u00e1rquica do Poder Executivo. Ser\u00e1 que \u00e9\u00a0interferir na PF quase que exigir, implorar [a] Sergio Moro que apure quem mandou matar Jair Bolsonaro? A PF de Sergio Moro mais se preocupou com Marielle [Franco,\u00a0vereadora assassinada] do que seu chefe supremo? Cobrei muito dele isso da\u00ed, [mas] n\u00e3o interferi&#8221;, afirmou. O diretor-geral da PF, Maur\u00edcio Valeixo, nome indicado por Sergio Moro,\u00a0<a href=\"https:\/\/agenciabrasil.ebc.com.br\/politica\/noticia\/2020-04\/mauricio-valeixo-nao-e-mais-de-diretor-geral-da-policia-federal\" target=\"_blank\" rel=\"noopener noreferrer\">foi exonerado do cargo nesta sexta-feira<\/a>.<\/p>\n<p>O decreto de exonera\u00e7\u00e3o de Moro do cargo de ministro\u00a0<a href=\"http:\/\/www.in.gov.br\/en\/web\/dou\/-\/decreto-de-24-de-abril-de-2020-253830513\" target=\"_blank\" rel=\"noopener noreferrer\">foi publicado em edi\u00e7\u00e3o extra do\u00a0<em>Di\u00e1rio Oficial da Uni\u00e3o<\/em><\/a>, no final da tarde de hoje. Em um pronunciamento pela manh\u00e3 para anunciar que deixaria o governo, Sergio Moro afirmou que Bolsonaro queria colocar algu\u00e9m de sua pr\u00f3pria confian\u00e7a na dire\u00e7\u00e3o da PF. &#8220;Me\u00a0disse, mais de uma vez, expressamente, que queria ter [na dire\u00e7\u00e3o-geral da PF] uma pessoa do contato pessoal dele, para quem ele pudesse ligar, colher informa\u00e7\u00f5es, que\u00a0pudesse colher relat\u00f3rios de intelig\u00eancia. Este, realmente, n\u00e3o \u00e9 o papel da PF\u201d, afirmou Moro.<\/p>\n<p>Jair Bolsonaro disse, em seu pronunciamento, que, como presidente, tem o direito de se dirigir diretamente a outros funcion\u00e1rios do governo federal, inclusive subordinados de seus ministros. &#8220;O dia que eu tiver que me submeter a qualquer funcion\u00e1rio meu, eu deixarei de ser presidente da Rep\u00fablica. Falei para que ele que quero um delegado [&#8230;] que eu possa interagir com ele. Por que n\u00e3o? Eu interajo com os \u00f3rg\u00e3os de intelig\u00eancia das For\u00e7as Armadas, eu interajo com a Abin [Ag\u00eancia Brasileira de intelig\u00eancia], interajo com qualquer um do governo. Sempre procuro o ministro, mas numa necessidade, eu falo diretamente com o primeiro escal\u00e3o daquele ministro&#8221;, afirmou.<\/p>\n<p>De acordo com Bolsonaro, o delegado Maur\u00edcio Valeixo estaria cansado e a troca no comando da PF foi conversada com Sergio Moro. &#8220;Conversando ontem com o Moro, entre muitas coisas, at\u00e9 que chegou na quest\u00e3o Valeixo, e eu falei que est\u00e1 na hora de botar um ponto final nisso. Ele est\u00e1 cansado, est\u00e1 fazendo como pode o seu trabalho. Pessoalmente, n\u00e3o tenho nada contra ele. Conversei poucas vezes com ele durante um ano e quatro meses, sim, poucas vezes, mas conversei com ele, e a maioria das vezes estava o Sergio Moro do lado. Ent\u00e3o, falei que no dia de hoje o<em>\u00a0Di\u00e1rio Oficial\u00a0<\/em>publicaria a exonera\u00e7\u00e3o do senhor Valeixo. E pelo que tudo indicava, uma exonera\u00e7\u00e3o a pedido.&#8221;<\/p>\n<p>Em publica\u00e7\u00e3o no Twitter, ap\u00f3s o pronunciamento, o agora ex-ministro Sergio Moro voltou a afirmar que o ex-diretor-geral da PF n\u00e3o pediu demiss\u00e3o do cargo. &#8220;De fato, o diretor da PF Maur\u00edcio Valeixo estava cansado de ser assediado desde agosto do ano passado pelo Presidente para ser substitu\u00eddo. Mas, ontem, n\u00e3o houve qualquer pedido de demiss\u00e3o, nem o decreto de exonera\u00e7\u00e3o passou por mim ou me foi informado&#8221;, postou.<\/p>\n<p>No final da tarde, o\u00a0<em>Di\u00e1rio Oficial da Uni\u00e3o<\/em>\u00a0tamb\u00e9m trouxe, em edi\u00e7\u00e3o extra, uma\u00a0<a href=\"http:\/\/www.in.gov.br\/en\/web\/dou\/-\/decreto-de-23-de-abril-de-2020-*-253830514\" target=\"_blank\" rel=\"noopener noreferrer\">nova publica\u00e7\u00e3o da exonera\u00e7\u00e3o<\/a>\u00a0de Maur\u00edcio Valeixo da PF, desta vez sem a assinatura eletr\u00f4nica de Sergio Moro, que constava na primeira vers\u00e3o do decreto.<\/p>\n<h2>Vaga no STF<\/h2>\n<p>Bolsonaro disse ainda que Sergio Moro condicionou a demiss\u00e3o de Maur\u00edcio Valeixo a uma indica\u00e7\u00e3o para a vaga de ministro do Supremo Tribunal Federal (STF). &#8220;J\u00e1 que ele falou em algumas particularidades, mais de uma vez o senhor Sergio Moro disse pra mim: voc\u00ea pode trocar o Valeixo sim, mas em novembro, depois que o senhor me indicar para o Supremo Tribunal Federal. Me desculpe, mas n\u00e3o \u00e9 por a\u00ed. Reconhe\u00e7o as suas qualidades, em chegando l\u00e1, se um dia chegar, pode fazer um bom trabalho, mas eu n\u00e3o troco. Outra coisa, \u00e9 desmoralizante um presidente ouvir isso&#8221;.<\/p>\n<p>Sobre esse trecho, no Twitter, o ex-ministro escreveu: &#8220;A perman\u00eancia do Diretor Geral da PF, Maur\u00edcio Valeixo, nunca foi utilizada como moeda de troca para minha nomea\u00e7\u00e3o para o STF. Ali\u00e1s, se fosse esse o meu objetivo, teria concordado ontem com a substitui\u00e7\u00e3o do Diretor Geral da PF&#8221;.<\/p>\n<p><em> (Por Pedro Rafael Vilela &#8211; Rep\u00f3rter da Ag\u00eancia Brasil &#8211; Bras\u00edlia. Foto: Marcello Casal Jr\/Ag\u00eancia Brasil)<\/em><\/p>\n","protected":false},"excerpt":{"rendered":"<p>O presidente Jair Bolsonaro fez um pronunciamento na tarde desta sexta-feira (24), no Pal\u00e1cio do Planalto, para rebater as acusa\u00e7\u00f5es feitas pelo ex-ministro Sergio\u00a0Moro, que\u00a0anunciou sua demiss\u00e3o do Minist\u00e9rio da Justi\u00e7a mais cedo. Acompanhado de seus ministros, Bolsonaro falou durante 46 minutos e negou que tenha pedido para o ent\u00e3o ministro interferir em investiga\u00e7\u00f5es da [&hellip;]<\/p>\n","protected":false},"author":18,"featured_media":21835,"comment_status":"open","ping_status":"open","sticky":false,"template":"","format":"standard","meta":{"footnotes":""},"categories":[68],"tags":[],"class_list":{"0":"post-21834","1":"post","2":"type-post","3":"status-publish","4":"format-standard","5":"has-post-thumbnail","7":"category-brasil"},"yoast_head":"<!-- This site is optimized with the Yoast SEO Premium plugin v24.5 (Yoast SEO v27.5) - https:\/\/yoast.com\/product\/yoast-seo-premium-wordpress\/ -->\n<title>Bolsonaro diz que n\u00e3o houve interven\u00e7\u00e3o pol\u00edtica na Pol\u00edcia Federal - P31<\/title>\n<meta name=\"robots\" content=\"index, follow, max-snippet:-1, max-image-preview:large, max-video-preview:-1\" \/>\n<link rel=\"canonical\" href=\"https:\/\/www.p31noticias.com.br\/?p=21834\" \/>\n<meta property=\"og:locale\" content=\"pt_BR\" \/>\n<meta property=\"og:type\" content=\"article\" \/>\n<meta property=\"og:title\" content=\"Bolsonaro diz que n\u00e3o houve interven\u00e7\u00e3o pol\u00edtica na Pol\u00edcia Federal\" \/>\n<meta property=\"og:description\" content=\"O presidente Jair Bolsonaro fez um pronunciamento na tarde desta sexta-feira (24), no Pal\u00e1cio do Planalto, para rebater as acusa\u00e7\u00f5es feitas pelo ex-ministro Sergio\u00a0Moro, que\u00a0anunciou sua demiss\u00e3o do Minist\u00e9rio da Justi\u00e7a mais cedo. Acompanhado de seus ministros, Bolsonaro falou durante 46 minutos e negou que tenha pedido para o ent\u00e3o ministro interferir em investiga\u00e7\u00f5es da [&hellip;]\" \/>\n<meta property=\"og:url\" content=\"https:\/\/www.p31noticias.com.br\/?p=21834\" \/>\n<meta property=\"og:site_name\" content=\"P31\" \/>\n<meta property=\"article:published_time\" content=\"2020-04-25T14:45:13+00:00\" \/>\n<meta property=\"og:image\" content=\"https:\/\/www.p31noticias.com.br\/wp-content\/uploads\/2020\/04\/JMB.jpg\" \/>\n\t<meta property=\"og:image:width\" content=\"800\" \/>\n\t<meta property=\"og:image:height\" content=\"479\" \/>\n\t<meta property=\"og:image:type\" content=\"image\/jpeg\" \/>\n<meta name=\"author\" content=\"Reda\u00e7\u00e3o JBN\" \/>\n<meta name=\"twitter:card\" content=\"summary_large_image\" \/>\n<meta name=\"twitter:label1\" content=\"Escrito por\" \/>\n\t<meta name=\"twitter:data1\" content=\"Reda\u00e7\u00e3o JBN\" \/>\n\t<meta name=\"twitter:label2\" content=\"Est. tempo de leitura\" \/>\n\t<meta name=\"twitter:data2\" content=\"5 minutos\" \/>\n<script type=\"application\/ld+json\" class=\"yoast-schema-graph\">{\"@context\":\"https:\\\/\\\/schema.org\",\"@graph\":[{\"@type\":\"Article\",\"@id\":\"https:\\\/\\\/www.p31noticias.com.br\\\/?p=21834#article\",\"isPartOf\":{\"@id\":\"https:\\\/\\\/www.p31noticias.com.br\\\/?p=21834\"},\"author\":{\"name\":\"Reda\u00e7\u00e3o JBN\",\"@id\":\"https:\\\/\\\/www.p31noticias.com.br\\\/#\\\/schema\\\/person\\\/77d6b186c710ac38937c6ec204fdd387\"},\"headline\":\"Bolsonaro diz que n\u00e3o houve interven\u00e7\u00e3o pol\u00edtica na Pol\u00edcia Federal\",\"datePublished\":\"2020-04-25T14:45:13+00:00\",\"mainEntityOfPage\":{\"@id\":\"https:\\\/\\\/www.p31noticias.com.br\\\/?p=21834\"},\"wordCount\":1004,\"commentCount\":0,\"image\":{\"@id\":\"https:\\\/\\\/www.p31noticias.com.br\\\/?p=21834#primaryimage\"},\"thumbnailUrl\":\"https:\\\/\\\/www.p31noticias.com.br\\\/wp-content\\\/uploads\\\/2020\\\/04\\\/JMB.jpg\",\"articleSection\":[\"Brasil\"],\"inLanguage\":\"pt-BR\",\"potentialAction\":[{\"@type\":\"CommentAction\",\"name\":\"Comment\",\"target\":[\"https:\\\/\\\/www.p31noticias.com.br\\\/?p=21834#respond\"]}],\"copyrightYear\":\"2020\",\"copyrightHolder\":{\"@id\":\"https:\\\/\\\/www.p31noticias.com.br\\\/#organization\"}},{\"@type\":\"WebPage\",\"@id\":\"https:\\\/\\\/www.p31noticias.com.br\\\/?p=21834\",\"url\":\"https:\\\/\\\/www.p31noticias.com.br\\\/?p=21834\",\"name\":\"Bolsonaro diz que n\u00e3o houve interven\u00e7\u00e3o pol\u00edtica na Pol\u00edcia Federal - P31\",\"isPartOf\":{\"@id\":\"https:\\\/\\\/www.p31noticias.com.br\\\/#website\"},\"primaryImageOfPage\":{\"@id\":\"https:\\\/\\\/www.p31noticias.com.br\\\/?p=21834#primaryimage\"},\"image\":{\"@id\":\"https:\\\/\\\/www.p31noticias.com.br\\\/?p=21834#primaryimage\"},\"thumbnailUrl\":\"https:\\\/\\\/www.p31noticias.com.br\\\/wp-content\\\/uploads\\\/2020\\\/04\\\/JMB.jpg\",\"datePublished\":\"2020-04-25T14:45:13+00:00\",\"author\":{\"@id\":\"https:\\\/\\\/www.p31noticias.com.br\\\/#\\\/schema\\\/person\\\/77d6b186c710ac38937c6ec204fdd387\"},\"breadcrumb\":{\"@id\":\"https:\\\/\\\/www.p31noticias.com.br\\\/?p=21834#breadcrumb\"},\"inLanguage\":\"pt-BR\",\"potentialAction\":[{\"@type\":\"ReadAction\",\"target\":[\"https:\\\/\\\/www.p31noticias.com.br\\\/?p=21834\"]}]},{\"@type\":\"ImageObject\",\"inLanguage\":\"pt-BR\",\"@id\":\"https:\\\/\\\/www.p31noticias.com.br\\\/?p=21834#primaryimage\",\"url\":\"https:\\\/\\\/www.p31noticias.com.br\\\/wp-content\\\/uploads\\\/2020\\\/04\\\/JMB.jpg\",\"contentUrl\":\"https:\\\/\\\/www.p31noticias.com.br\\\/wp-content\\\/uploads\\\/2020\\\/04\\\/JMB.jpg\",\"width\":800,\"height\":479,\"caption\":\"O presidente da Rep\u00fablica, Jair Bolsonaro, faz Pronunciamento no Pal\u00e1cio do Planalto\"},{\"@type\":\"BreadcrumbList\",\"@id\":\"https:\\\/\\\/www.p31noticias.com.br\\\/?p=21834#breadcrumb\",\"itemListElement\":[{\"@type\":\"ListItem\",\"position\":1,\"name\":\"In\u00edcio\",\"item\":\"https:\\\/\\\/www.p31noticias.com.br\\\/\"},{\"@type\":\"ListItem\",\"position\":2,\"name\":\"Bolsonaro diz que n\u00e3o houve interven\u00e7\u00e3o pol\u00edtica na Pol\u00edcia Federal\"}]},{\"@type\":\"WebSite\",\"@id\":\"https:\\\/\\\/www.p31noticias.com.br\\\/#website\",\"url\":\"https:\\\/\\\/www.p31noticias.com.br\\\/\",\"name\":\"P31\",\"description\":\"NOT\u00cdCIAS\",\"potentialAction\":[{\"@type\":\"SearchAction\",\"target\":{\"@type\":\"EntryPoint\",\"urlTemplate\":\"https:\\\/\\\/www.p31noticias.com.br\\\/?s={search_term_string}\"},\"query-input\":{\"@type\":\"PropertyValueSpecification\",\"valueRequired\":true,\"valueName\":\"search_term_string\"}}],\"inLanguage\":\"pt-BR\"},{\"@type\":\"Person\",\"@id\":\"https:\\\/\\\/www.p31noticias.com.br\\\/#\\\/schema\\\/person\\\/77d6b186c710ac38937c6ec204fdd387\",\"name\":\"Reda\u00e7\u00e3o JBN\",\"image\":{\"@type\":\"ImageObject\",\"inLanguage\":\"pt-BR\",\"@id\":\"https:\\\/\\\/secure.gravatar.com\\\/avatar\\\/10fcdb93211f98cce3d64c0795b0915a9a4a21dc0f279238995a3dbfafcad090?s=96&d=mm&r=g\",\"url\":\"https:\\\/\\\/secure.gravatar.com\\\/avatar\\\/10fcdb93211f98cce3d64c0795b0915a9a4a21dc0f279238995a3dbfafcad090?s=96&d=mm&r=g\",\"contentUrl\":\"https:\\\/\\\/secure.gravatar.com\\\/avatar\\\/10fcdb93211f98cce3d64c0795b0915a9a4a21dc0f279238995a3dbfafcad090?s=96&d=mm&r=g\",\"caption\":\"Reda\u00e7\u00e3o JBN\"},\"sameAs\":[\"https:\\\/\\\/p31noticias.com.br\"],\"url\":\"https:\\\/\\\/www.p31noticias.com.br\\\/?author=18\"}]}<\/script>\n<!-- \/ Yoast SEO Premium plugin. -->","yoast_head_json":{"title":"Bolsonaro diz que n\u00e3o houve interven\u00e7\u00e3o pol\u00edtica na Pol\u00edcia Federal - P31","robots":{"index":"index","follow":"follow","max-snippet":"max-snippet:-1","max-image-preview":"max-image-preview:large","max-video-preview":"max-video-preview:-1"},"canonical":"https:\/\/www.p31noticias.com.br\/?p=21834","og_locale":"pt_BR","og_type":"article","og_title":"Bolsonaro diz que n\u00e3o houve interven\u00e7\u00e3o pol\u00edtica na Pol\u00edcia Federal","og_description":"O presidente Jair Bolsonaro fez um pronunciamento na tarde desta sexta-feira (24), no Pal\u00e1cio do Planalto, para rebater as acusa\u00e7\u00f5es feitas pelo ex-ministro Sergio\u00a0Moro, que\u00a0anunciou sua demiss\u00e3o do Minist\u00e9rio da Justi\u00e7a mais cedo. Acompanhado de seus ministros, Bolsonaro falou durante 46 minutos e negou que tenha pedido para o ent\u00e3o ministro interferir em investiga\u00e7\u00f5es da [&hellip;]","og_url":"https:\/\/www.p31noticias.com.br\/?p=21834","og_site_name":"P31","article_published_time":"2020-04-25T14:45:13+00:00","og_image":[{"width":800,"height":479,"url":"https:\/\/www.p31noticias.com.br\/wp-content\/uploads\/2020\/04\/JMB.jpg","type":"image\/jpeg"}],"author":"Reda\u00e7\u00e3o JBN","twitter_card":"summary_large_image","twitter_misc":{"Escrito por":"Reda\u00e7\u00e3o JBN","Est. tempo de leitura":"5 minutos"},"schema":{"@context":"https:\/\/schema.org","@graph":[{"@type":"Article","@id":"https:\/\/www.p31noticias.com.br\/?p=21834#article","isPartOf":{"@id":"https:\/\/www.p31noticias.com.br\/?p=21834"},"author":{"name":"Reda\u00e7\u00e3o JBN","@id":"https:\/\/www.p31noticias.com.br\/#\/schema\/person\/77d6b186c710ac38937c6ec204fdd387"},"headline":"Bolsonaro diz que n\u00e3o houve interven\u00e7\u00e3o pol\u00edtica na Pol\u00edcia Federal","datePublished":"2020-04-25T14:45:13+00:00","mainEntityOfPage":{"@id":"https:\/\/www.p31noticias.com.br\/?p=21834"},"wordCount":1004,"commentCount":0,"image":{"@id":"https:\/\/www.p31noticias.com.br\/?p=21834#primaryimage"},"thumbnailUrl":"https:\/\/www.p31noticias.com.br\/wp-content\/uploads\/2020\/04\/JMB.jpg","articleSection":["Brasil"],"inLanguage":"pt-BR","potentialAction":[{"@type":"CommentAction","name":"Comment","target":["https:\/\/www.p31noticias.com.br\/?p=21834#respond"]}],"copyrightYear":"2020","copyrightHolder":{"@id":"https:\/\/www.p31noticias.com.br\/#organization"}},{"@type":"WebPage","@id":"https:\/\/www.p31noticias.com.br\/?p=21834","url":"https:\/\/www.p31noticias.com.br\/?p=21834","name":"Bolsonaro diz que n\u00e3o houve interven\u00e7\u00e3o pol\u00edtica na Pol\u00edcia Federal - P31","isPartOf":{"@id":"https:\/\/www.p31noticias.com.br\/#website"},"primaryImageOfPage":{"@id":"https:\/\/www.p31noticias.com.br\/?p=21834#primaryimage"},"image":{"@id":"https:\/\/www.p31noticias.com.br\/?p=21834#primaryimage"},"thumbnailUrl":"https:\/\/www.p31noticias.com.br\/wp-content\/uploads\/2020\/04\/JMB.jpg","datePublished":"2020-04-25T14:45:13+00:00","author":{"@id":"https:\/\/www.p31noticias.com.br\/#\/schema\/person\/77d6b186c710ac38937c6ec204fdd387"},"breadcrumb":{"@id":"https:\/\/www.p31noticias.com.br\/?p=21834#breadcrumb"},"inLanguage":"pt-BR","potentialAction":[{"@type":"ReadAction","target":["https:\/\/www.p31noticias.com.br\/?p=21834"]}]},{"@type":"ImageObject","inLanguage":"pt-BR","@id":"https:\/\/www.p31noticias.com.br\/?p=21834#primaryimage","url":"https:\/\/www.p31noticias.com.br\/wp-content\/uploads\/2020\/04\/JMB.jpg","contentUrl":"https:\/\/www.p31noticias.com.br\/wp-content\/uploads\/2020\/04\/JMB.jpg","width":800,"height":479,"caption":"O presidente da Rep\u00fablica, Jair Bolsonaro, faz Pronunciamento no Pal\u00e1cio do Planalto"},{"@type":"BreadcrumbList","@id":"https:\/\/www.p31noticias.com.br\/?p=21834#breadcrumb","itemListElement":[{"@type":"ListItem","position":1,"name":"In\u00edcio","item":"https:\/\/www.p31noticias.com.br\/"},{"@type":"ListItem","position":2,"name":"Bolsonaro diz que n\u00e3o houve interven\u00e7\u00e3o pol\u00edtica na Pol\u00edcia Federal"}]},{"@type":"WebSite","@id":"https:\/\/www.p31noticias.com.br\/#website","url":"https:\/\/www.p31noticias.com.br\/","name":"P31","description":"NOT\u00cdCIAS","potentialAction":[{"@type":"SearchAction","target":{"@type":"EntryPoint","urlTemplate":"https:\/\/www.p31noticias.com.br\/?s={search_term_string}"},"query-input":{"@type":"PropertyValueSpecification","valueRequired":true,"valueName":"search_term_string"}}],"inLanguage":"pt-BR"},{"@type":"Person","@id":"https:\/\/www.p31noticias.com.br\/#\/schema\/person\/77d6b186c710ac38937c6ec204fdd387","name":"Reda\u00e7\u00e3o JBN","image":{"@type":"ImageObject","inLanguage":"pt-BR","@id":"https:\/\/secure.gravatar.com\/avatar\/10fcdb93211f98cce3d64c0795b0915a9a4a21dc0f279238995a3dbfafcad090?s=96&d=mm&r=g","url":"https:\/\/secure.gravatar.com\/avatar\/10fcdb93211f98cce3d64c0795b0915a9a4a21dc0f279238995a3dbfafcad090?s=96&d=mm&r=g","contentUrl":"https:\/\/secure.gravatar.com\/avatar\/10fcdb93211f98cce3d64c0795b0915a9a4a21dc0f279238995a3dbfafcad090?s=96&d=mm&r=g","caption":"Reda\u00e7\u00e3o JBN"},"sameAs":["https:\/\/p31noticias.com.br"],"url":"https:\/\/www.p31noticias.com.br\/?author=18"}]}},"amp_enabled":true,"_links":{"self":[{"href":"https:\/\/www.p31noticias.com.br\/index.php?rest_route=\/wp\/v2\/posts\/21834","targetHints":{"allow":["GET"]}}],"collection":[{"href":"https:\/\/www.p31noticias.com.br\/index.php?rest_route=\/wp\/v2\/posts"}],"about":[{"href":"https:\/\/www.p31noticias.com.br\/index.php?rest_route=\/wp\/v2\/types\/post"}],"author":[{"embeddable":true,"href":"https:\/\/www.p31noticias.com.br\/index.php?rest_route=\/wp\/v2\/users\/18"}],"replies":[{"embeddable":true,"href":"https:\/\/www.p31noticias.com.br\/index.php?rest_route=%2Fwp%2Fv2%2Fcomments&post=21834"}],"version-history":[{"count":0,"href":"https:\/\/www.p31noticias.com.br\/index.php?rest_route=\/wp\/v2\/posts\/21834\/revisions"}],"wp:featuredmedia":[{"embeddable":true,"href":"https:\/\/www.p31noticias.com.br\/index.php?rest_route=\/wp\/v2\/media\/21835"}],"wp:attachment":[{"href":"https:\/\/www.p31noticias.com.br\/index.php?rest_route=%2Fwp%2Fv2%2Fmedia&parent=21834"}],"wp:term":[{"taxonomy":"category","embeddable":true,"href":"https:\/\/www.p31noticias.com.br\/index.php?rest_route=%2Fwp%2Fv2%2Fcategories&post=21834"},{"taxonomy":"post_tag","embeddable":true,"href":"https:\/\/www.p31noticias.com.br\/index.php?rest_route=%2Fwp%2Fv2%2Ftags&post=21834"}],"curies":[{"name":"wp","href":"https:\/\/api.w.org\/{rel}","templated":true}]}}