{"id":21828,"date":"2020-04-24T09:34:14","date_gmt":"2020-04-24T12:34:14","guid":{"rendered":"https:\/\/jornaldoplanalto.com.br\/web\/?p=21828"},"modified":"2020-04-24T09:34:14","modified_gmt":"2020-04-24T12:34:14","slug":"uso-de-mascaras-de-protecao-passa-a-ser-obrigatorio-a-partir-do-dia-30-de-abril","status":"publish","type":"post","link":"https:\/\/www.p31noticias.com.br\/?p=21828","title":{"rendered":"Uso de m\u00e1scaras de prote\u00e7\u00e3o passa a ser obrigat\u00f3rio a partir do dia 30 de abril"},"content":{"rendered":"<p><em><strong>Decreto do Executivo prev\u00ea san\u00e7\u00f5es, deten\u00e7\u00e3o e multa a partir de R$ 2 mil a quem desobedecer a medida preventiva contra o novo coronav\u00edrus<\/strong><\/em><\/p>\n<p>O Governo do Distrito Federal (GDF) determinou o uso obrigat\u00f3rio de m\u00e1scaras de prote\u00e7\u00e3o facial a partir de 30 de abril. O Decreto n\u00famero 40.648, publicado em edi\u00e7\u00e3o extraordin\u00e1ria do Di\u00e1rio Oficial do Distrito Federal (DODF) desta quinta-feira (23), imp\u00f5e \u00e0 toda a popula\u00e7\u00e3o do DF a medida preventiva em raz\u00e3o da Covid-19, causada pelo novo coronav\u00edrus.<\/p>\n<p><strong>Leia a \u00edntegra do decreto<\/strong><\/p>\n<p>A obrigatoriedade do uso passa a valer em todos as vias e espa\u00e7os p\u00fablicos, transporte p\u00fablico coletivo, estabelecimentos comerciais, industriais e espa\u00e7os de presta\u00e7\u00e3o de servi\u00e7o. A recomenda\u00e7\u00e3o \u00e9 pelo uso das m\u00e1scaras caseira, seguindo as orienta\u00e7\u00f5es de uso do Minist\u00e9rio da Sa\u00fade (www.saude.gov.br). O GDF tamb\u00e9m fornecer\u00e1 m\u00e1scaras para toda a popula\u00e7\u00e3o que precise do produto em dias e locais a serem divulgados.<\/p>\n<p>\u201cEstabelecemos a\u00ed um prazo de sete dias para que os cidad\u00e3os, tanto os trabalhadores comuns quanto o empresariado, possam se preparar para o cumprimento de mais esse medida de seguran\u00e7a da sa\u00fade da nossa popula\u00e7\u00e3o\u201d, informou o governador Ibaneis Rocha.<\/p>\n<p><strong>Penas<\/strong><br \/>\nA desobedi\u00eancia ao decreto acarretar\u00e1 penalidades ao infrator. Pelo artigo 10 da Lei Federal n\u00famero 6.437, de 20 de agosto de 1977, que trata das infra\u00e7\u00f5es \u00e0 legisla\u00e7\u00e3o sanit\u00e1ria e baliza o decreto, quem for pego sem m\u00e1scaras em espa\u00e7os p\u00fablicos poder\u00e1 ser autuado e multado a partir de R$ 2 mil.<\/p>\n<p>J\u00e1 as san\u00e7\u00f5es incidentes no artigo 268 do C\u00f3digo Penal \u2013 destinado a impedir a introdu\u00e7\u00e3o ou a propaga\u00e7\u00e3o de doen\u00e7a contagiosa \u2013 estabelece como pena deten\u00e7\u00e3o de um m\u00eas a um ano, al\u00e9m de multa. A condena\u00e7\u00e3o \u00e9 aumentada em um ter\u00e7o se o infrator for funcion\u00e1rio da sa\u00fade p\u00fablica ou exercer a profiss\u00e3o de m\u00e9dico, farmac\u00eautico, dentista ou enfermeiro.<\/p>\n<p><strong>Com\u00e9rcio<\/strong><br \/>\nAos estabelecimentos comerciais em funcionamento \u2013 e aos que forem reabertos no m\u00eas que vem \u2013 fica determinada a proibi\u00e7\u00e3o da entrada e perman\u00eancia de pessoas sem o acess\u00f3rio protetivo. O governador Ibaneis Rocha estuda a retomada gradual das atividades na cidade a partir de 4 de maio.<\/p>\n<p>J\u00e1 os fabricantes e distribuidores de m\u00e1scaras profissionais dever\u00e3o garantir o fornecimento desse equipamento de prote\u00e7\u00e3o individual (EPI) \u00e0 rede de assist\u00eancia e prote\u00e7\u00e3o \u00e0 sa\u00fade e aos trabalhadores dos demais servi\u00e7os essenciais.<\/p>\n<p>A obrigatoriedade do uso de m\u00e1scara dever\u00e1 durar enquanto vigorar o estado de emerg\u00eancia no Distrito Federal, previsto no Decreto n\u00ba 40.475, de 28 de fevereiro de 2020.<\/p>\n<p><em>(Por H\u00e9dio Ferreira J\u00fanior, da Ag\u00eancia Bras\u00edlia. Foto: Carlos Alberto Silva\/A Gazeta)<\/em><\/p>\n","protected":false},"excerpt":{"rendered":"<p>Decreto do Executivo prev\u00ea san\u00e7\u00f5es, deten\u00e7\u00e3o e multa a partir de R$ 2 mil a quem desobedecer a medida preventiva contra o novo coronav\u00edrus O Governo do Distrito Federal (GDF) determinou o uso obrigat\u00f3rio de m\u00e1scaras de prote\u00e7\u00e3o facial a partir de 30 de abril. O Decreto n\u00famero 40.648, publicado em edi\u00e7\u00e3o extraordin\u00e1ria do Di\u00e1rio [&hellip;]<\/p>\n","protected":false},"author":18,"featured_media":21829,"comment_status":"open","ping_status":"open","sticky":false,"template":"","format":"standard","meta":{"footnotes":""},"categories":[124],"tags":[],"class_list":{"0":"post-21828","1":"post","2":"type-post","3":"status-publish","4":"format-standard","5":"has-post-thumbnail","7":"category-saude"},"yoast_head":"<!-- This site is optimized with the Yoast SEO Premium plugin v24.5 (Yoast SEO v27.5) - https:\/\/yoast.com\/product\/yoast-seo-premium-wordpress\/ -->\n<title>Uso de m\u00e1scaras de prote\u00e7\u00e3o passa a ser obrigat\u00f3rio a partir do dia 30 de abril - P31<\/title>\n<meta name=\"robots\" content=\"index, follow, max-snippet:-1, max-image-preview:large, max-video-preview:-1\" \/>\n<link rel=\"canonical\" href=\"https:\/\/www.p31noticias.com.br\/?p=21828\" \/>\n<meta property=\"og:locale\" content=\"pt_BR\" \/>\n<meta property=\"og:type\" content=\"article\" \/>\n<meta property=\"og:title\" content=\"Uso de m\u00e1scaras de prote\u00e7\u00e3o passa a ser obrigat\u00f3rio a partir do dia 30 de abril\" \/>\n<meta property=\"og:description\" content=\"Decreto do Executivo prev\u00ea san\u00e7\u00f5es, deten\u00e7\u00e3o e multa a partir de R$ 2 mil a quem desobedecer a medida preventiva contra o novo coronav\u00edrus O Governo do Distrito Federal (GDF) determinou o uso obrigat\u00f3rio de m\u00e1scaras de prote\u00e7\u00e3o facial a partir de 30 de abril. O Decreto n\u00famero 40.648, publicado em edi\u00e7\u00e3o extraordin\u00e1ria do Di\u00e1rio [&hellip;]\" \/>\n<meta property=\"og:url\" content=\"https:\/\/www.p31noticias.com.br\/?p=21828\" \/>\n<meta property=\"og:site_name\" content=\"P31\" \/>\n<meta property=\"article:published_time\" content=\"2020-04-24T12:34:14+00:00\" \/>\n<meta property=\"og:image\" content=\"https:\/\/www.p31noticias.com.br\/wp-content\/uploads\/2020\/04\/mascaras.jpeg\" \/>\n\t<meta property=\"og:image:width\" content=\"600\" \/>\n\t<meta property=\"og:image:height\" content=\"403\" \/>\n\t<meta property=\"og:image:type\" content=\"image\/jpeg\" \/>\n<meta name=\"author\" content=\"Reda\u00e7\u00e3o JBN\" \/>\n<meta name=\"twitter:card\" content=\"summary_large_image\" \/>\n<meta name=\"twitter:label1\" content=\"Escrito por\" \/>\n\t<meta name=\"twitter:data1\" content=\"Reda\u00e7\u00e3o JBN\" \/>\n\t<meta name=\"twitter:label2\" content=\"Est. tempo de leitura\" \/>\n\t<meta name=\"twitter:data2\" content=\"2 minutos\" \/>\n<script type=\"application\/ld+json\" class=\"yoast-schema-graph\">{\"@context\":\"https:\\\/\\\/schema.org\",\"@graph\":[{\"@type\":\"Article\",\"@id\":\"https:\\\/\\\/www.p31noticias.com.br\\\/?p=21828#article\",\"isPartOf\":{\"@id\":\"https:\\\/\\\/www.p31noticias.com.br\\\/?p=21828\"},\"author\":{\"name\":\"Reda\u00e7\u00e3o JBN\",\"@id\":\"https:\\\/\\\/www.p31noticias.com.br\\\/#\\\/schema\\\/person\\\/77d6b186c710ac38937c6ec204fdd387\"},\"headline\":\"Uso de m\u00e1scaras de prote\u00e7\u00e3o passa a ser obrigat\u00f3rio a partir do dia 30 de abril\",\"datePublished\":\"2020-04-24T12:34:14+00:00\",\"mainEntityOfPage\":{\"@id\":\"https:\\\/\\\/www.p31noticias.com.br\\\/?p=21828\"},\"wordCount\":498,\"commentCount\":0,\"image\":{\"@id\":\"https:\\\/\\\/www.p31noticias.com.br\\\/?p=21828#primaryimage\"},\"thumbnailUrl\":\"https:\\\/\\\/www.p31noticias.com.br\\\/wp-content\\\/uploads\\\/2020\\\/04\\\/mascaras.jpeg\",\"articleSection\":[\"Sa\u00fade\"],\"inLanguage\":\"pt-BR\",\"potentialAction\":[{\"@type\":\"CommentAction\",\"name\":\"Comment\",\"target\":[\"https:\\\/\\\/www.p31noticias.com.br\\\/?p=21828#respond\"]}],\"copyrightYear\":\"2020\",\"copyrightHolder\":{\"@id\":\"https:\\\/\\\/www.p31noticias.com.br\\\/#organization\"}},{\"@type\":\"WebPage\",\"@id\":\"https:\\\/\\\/www.p31noticias.com.br\\\/?p=21828\",\"url\":\"https:\\\/\\\/www.p31noticias.com.br\\\/?p=21828\",\"name\":\"Uso de m\u00e1scaras de prote\u00e7\u00e3o passa a ser obrigat\u00f3rio a partir do dia 30 de abril - P31\",\"isPartOf\":{\"@id\":\"https:\\\/\\\/www.p31noticias.com.br\\\/#website\"},\"primaryImageOfPage\":{\"@id\":\"https:\\\/\\\/www.p31noticias.com.br\\\/?p=21828#primaryimage\"},\"image\":{\"@id\":\"https:\\\/\\\/www.p31noticias.com.br\\\/?p=21828#primaryimage\"},\"thumbnailUrl\":\"https:\\\/\\\/www.p31noticias.com.br\\\/wp-content\\\/uploads\\\/2020\\\/04\\\/mascaras.jpeg\",\"datePublished\":\"2020-04-24T12:34:14+00:00\",\"author\":{\"@id\":\"https:\\\/\\\/www.p31noticias.com.br\\\/#\\\/schema\\\/person\\\/77d6b186c710ac38937c6ec204fdd387\"},\"breadcrumb\":{\"@id\":\"https:\\\/\\\/www.p31noticias.com.br\\\/?p=21828#breadcrumb\"},\"inLanguage\":\"pt-BR\",\"potentialAction\":[{\"@type\":\"ReadAction\",\"target\":[\"https:\\\/\\\/www.p31noticias.com.br\\\/?p=21828\"]}]},{\"@type\":\"ImageObject\",\"inLanguage\":\"pt-BR\",\"@id\":\"https:\\\/\\\/www.p31noticias.com.br\\\/?p=21828#primaryimage\",\"url\":\"https:\\\/\\\/www.p31noticias.com.br\\\/wp-content\\\/uploads\\\/2020\\\/04\\\/mascaras.jpeg\",\"contentUrl\":\"https:\\\/\\\/www.p31noticias.com.br\\\/wp-content\\\/uploads\\\/2020\\\/04\\\/mascaras.jpeg\",\"width\":600,\"height\":403},{\"@type\":\"BreadcrumbList\",\"@id\":\"https:\\\/\\\/www.p31noticias.com.br\\\/?p=21828#breadcrumb\",\"itemListElement\":[{\"@type\":\"ListItem\",\"position\":1,\"name\":\"In\u00edcio\",\"item\":\"https:\\\/\\\/www.p31noticias.com.br\\\/\"},{\"@type\":\"ListItem\",\"position\":2,\"name\":\"Uso de m\u00e1scaras de prote\u00e7\u00e3o passa a ser obrigat\u00f3rio a partir do dia 30 de abril\"}]},{\"@type\":\"WebSite\",\"@id\":\"https:\\\/\\\/www.p31noticias.com.br\\\/#website\",\"url\":\"https:\\\/\\\/www.p31noticias.com.br\\\/\",\"name\":\"P31\",\"description\":\"NOT\u00cdCIAS\",\"potentialAction\":[{\"@type\":\"SearchAction\",\"target\":{\"@type\":\"EntryPoint\",\"urlTemplate\":\"https:\\\/\\\/www.p31noticias.com.br\\\/?s={search_term_string}\"},\"query-input\":{\"@type\":\"PropertyValueSpecification\",\"valueRequired\":true,\"valueName\":\"search_term_string\"}}],\"inLanguage\":\"pt-BR\"},{\"@type\":\"Person\",\"@id\":\"https:\\\/\\\/www.p31noticias.com.br\\\/#\\\/schema\\\/person\\\/77d6b186c710ac38937c6ec204fdd387\",\"name\":\"Reda\u00e7\u00e3o JBN\",\"image\":{\"@type\":\"ImageObject\",\"inLanguage\":\"pt-BR\",\"@id\":\"https:\\\/\\\/secure.gravatar.com\\\/avatar\\\/10fcdb93211f98cce3d64c0795b0915a9a4a21dc0f279238995a3dbfafcad090?s=96&d=mm&r=g\",\"url\":\"https:\\\/\\\/secure.gravatar.com\\\/avatar\\\/10fcdb93211f98cce3d64c0795b0915a9a4a21dc0f279238995a3dbfafcad090?s=96&d=mm&r=g\",\"contentUrl\":\"https:\\\/\\\/secure.gravatar.com\\\/avatar\\\/10fcdb93211f98cce3d64c0795b0915a9a4a21dc0f279238995a3dbfafcad090?s=96&d=mm&r=g\",\"caption\":\"Reda\u00e7\u00e3o JBN\"},\"sameAs\":[\"https:\\\/\\\/p31noticias.com.br\"],\"url\":\"https:\\\/\\\/www.p31noticias.com.br\\\/?author=18\"}]}<\/script>\n<!-- \/ Yoast SEO Premium plugin. -->","yoast_head_json":{"title":"Uso de m\u00e1scaras de prote\u00e7\u00e3o passa a ser obrigat\u00f3rio a partir do dia 30 de abril - P31","robots":{"index":"index","follow":"follow","max-snippet":"max-snippet:-1","max-image-preview":"max-image-preview:large","max-video-preview":"max-video-preview:-1"},"canonical":"https:\/\/www.p31noticias.com.br\/?p=21828","og_locale":"pt_BR","og_type":"article","og_title":"Uso de m\u00e1scaras de prote\u00e7\u00e3o passa a ser obrigat\u00f3rio a partir do dia 30 de abril","og_description":"Decreto do Executivo prev\u00ea san\u00e7\u00f5es, deten\u00e7\u00e3o e multa a partir de R$ 2 mil a quem desobedecer a medida preventiva contra o novo coronav\u00edrus O Governo do Distrito Federal (GDF) determinou o uso obrigat\u00f3rio de m\u00e1scaras de prote\u00e7\u00e3o facial a partir de 30 de abril. O Decreto n\u00famero 40.648, publicado em edi\u00e7\u00e3o extraordin\u00e1ria do Di\u00e1rio [&hellip;]","og_url":"https:\/\/www.p31noticias.com.br\/?p=21828","og_site_name":"P31","article_published_time":"2020-04-24T12:34:14+00:00","og_image":[{"width":600,"height":403,"url":"https:\/\/www.p31noticias.com.br\/wp-content\/uploads\/2020\/04\/mascaras.jpeg","type":"image\/jpeg"}],"author":"Reda\u00e7\u00e3o JBN","twitter_card":"summary_large_image","twitter_misc":{"Escrito por":"Reda\u00e7\u00e3o JBN","Est. tempo de leitura":"2 minutos"},"schema":{"@context":"https:\/\/schema.org","@graph":[{"@type":"Article","@id":"https:\/\/www.p31noticias.com.br\/?p=21828#article","isPartOf":{"@id":"https:\/\/www.p31noticias.com.br\/?p=21828"},"author":{"name":"Reda\u00e7\u00e3o JBN","@id":"https:\/\/www.p31noticias.com.br\/#\/schema\/person\/77d6b186c710ac38937c6ec204fdd387"},"headline":"Uso de m\u00e1scaras de prote\u00e7\u00e3o passa a ser obrigat\u00f3rio a partir do dia 30 de abril","datePublished":"2020-04-24T12:34:14+00:00","mainEntityOfPage":{"@id":"https:\/\/www.p31noticias.com.br\/?p=21828"},"wordCount":498,"commentCount":0,"image":{"@id":"https:\/\/www.p31noticias.com.br\/?p=21828#primaryimage"},"thumbnailUrl":"https:\/\/www.p31noticias.com.br\/wp-content\/uploads\/2020\/04\/mascaras.jpeg","articleSection":["Sa\u00fade"],"inLanguage":"pt-BR","potentialAction":[{"@type":"CommentAction","name":"Comment","target":["https:\/\/www.p31noticias.com.br\/?p=21828#respond"]}],"copyrightYear":"2020","copyrightHolder":{"@id":"https:\/\/www.p31noticias.com.br\/#organization"}},{"@type":"WebPage","@id":"https:\/\/www.p31noticias.com.br\/?p=21828","url":"https:\/\/www.p31noticias.com.br\/?p=21828","name":"Uso de m\u00e1scaras de prote\u00e7\u00e3o passa a ser obrigat\u00f3rio a partir do dia 30 de abril - P31","isPartOf":{"@id":"https:\/\/www.p31noticias.com.br\/#website"},"primaryImageOfPage":{"@id":"https:\/\/www.p31noticias.com.br\/?p=21828#primaryimage"},"image":{"@id":"https:\/\/www.p31noticias.com.br\/?p=21828#primaryimage"},"thumbnailUrl":"https:\/\/www.p31noticias.com.br\/wp-content\/uploads\/2020\/04\/mascaras.jpeg","datePublished":"2020-04-24T12:34:14+00:00","author":{"@id":"https:\/\/www.p31noticias.com.br\/#\/schema\/person\/77d6b186c710ac38937c6ec204fdd387"},"breadcrumb":{"@id":"https:\/\/www.p31noticias.com.br\/?p=21828#breadcrumb"},"inLanguage":"pt-BR","potentialAction":[{"@type":"ReadAction","target":["https:\/\/www.p31noticias.com.br\/?p=21828"]}]},{"@type":"ImageObject","inLanguage":"pt-BR","@id":"https:\/\/www.p31noticias.com.br\/?p=21828#primaryimage","url":"https:\/\/www.p31noticias.com.br\/wp-content\/uploads\/2020\/04\/mascaras.jpeg","contentUrl":"https:\/\/www.p31noticias.com.br\/wp-content\/uploads\/2020\/04\/mascaras.jpeg","width":600,"height":403},{"@type":"BreadcrumbList","@id":"https:\/\/www.p31noticias.com.br\/?p=21828#breadcrumb","itemListElement":[{"@type":"ListItem","position":1,"name":"In\u00edcio","item":"https:\/\/www.p31noticias.com.br\/"},{"@type":"ListItem","position":2,"name":"Uso de m\u00e1scaras de prote\u00e7\u00e3o passa a ser obrigat\u00f3rio a partir do dia 30 de abril"}]},{"@type":"WebSite","@id":"https:\/\/www.p31noticias.com.br\/#website","url":"https:\/\/www.p31noticias.com.br\/","name":"P31","description":"NOT\u00cdCIAS","potentialAction":[{"@type":"SearchAction","target":{"@type":"EntryPoint","urlTemplate":"https:\/\/www.p31noticias.com.br\/?s={search_term_string}"},"query-input":{"@type":"PropertyValueSpecification","valueRequired":true,"valueName":"search_term_string"}}],"inLanguage":"pt-BR"},{"@type":"Person","@id":"https:\/\/www.p31noticias.com.br\/#\/schema\/person\/77d6b186c710ac38937c6ec204fdd387","name":"Reda\u00e7\u00e3o JBN","image":{"@type":"ImageObject","inLanguage":"pt-BR","@id":"https:\/\/secure.gravatar.com\/avatar\/10fcdb93211f98cce3d64c0795b0915a9a4a21dc0f279238995a3dbfafcad090?s=96&d=mm&r=g","url":"https:\/\/secure.gravatar.com\/avatar\/10fcdb93211f98cce3d64c0795b0915a9a4a21dc0f279238995a3dbfafcad090?s=96&d=mm&r=g","contentUrl":"https:\/\/secure.gravatar.com\/avatar\/10fcdb93211f98cce3d64c0795b0915a9a4a21dc0f279238995a3dbfafcad090?s=96&d=mm&r=g","caption":"Reda\u00e7\u00e3o JBN"},"sameAs":["https:\/\/p31noticias.com.br"],"url":"https:\/\/www.p31noticias.com.br\/?author=18"}]}},"amp_enabled":true,"_links":{"self":[{"href":"https:\/\/www.p31noticias.com.br\/index.php?rest_route=\/wp\/v2\/posts\/21828","targetHints":{"allow":["GET"]}}],"collection":[{"href":"https:\/\/www.p31noticias.com.br\/index.php?rest_route=\/wp\/v2\/posts"}],"about":[{"href":"https:\/\/www.p31noticias.com.br\/index.php?rest_route=\/wp\/v2\/types\/post"}],"author":[{"embeddable":true,"href":"https:\/\/www.p31noticias.com.br\/index.php?rest_route=\/wp\/v2\/users\/18"}],"replies":[{"embeddable":true,"href":"https:\/\/www.p31noticias.com.br\/index.php?rest_route=%2Fwp%2Fv2%2Fcomments&post=21828"}],"version-history":[{"count":0,"href":"https:\/\/www.p31noticias.com.br\/index.php?rest_route=\/wp\/v2\/posts\/21828\/revisions"}],"wp:featuredmedia":[{"embeddable":true,"href":"https:\/\/www.p31noticias.com.br\/index.php?rest_route=\/wp\/v2\/media\/21829"}],"wp:attachment":[{"href":"https:\/\/www.p31noticias.com.br\/index.php?rest_route=%2Fwp%2Fv2%2Fmedia&parent=21828"}],"wp:term":[{"taxonomy":"category","embeddable":true,"href":"https:\/\/www.p31noticias.com.br\/index.php?rest_route=%2Fwp%2Fv2%2Fcategories&post=21828"},{"taxonomy":"post_tag","embeddable":true,"href":"https:\/\/www.p31noticias.com.br\/index.php?rest_route=%2Fwp%2Fv2%2Ftags&post=21828"}],"curies":[{"name":"wp","href":"https:\/\/api.w.org\/{rel}","templated":true}]}}