{"id":21819,"date":"2020-04-23T11:55:51","date_gmt":"2020-04-23T14:55:51","guid":{"rendered":"https:\/\/jornaldoplanalto.com.br\/web\/?p=21819"},"modified":"2020-04-23T11:55:51","modified_gmt":"2020-04-23T14:55:51","slug":"coronavirus-deixa-39-das-diaristas-sem-trabalho","status":"publish","type":"post","link":"https:\/\/www.p31noticias.com.br\/?p=21819","title":{"rendered":"Coronav\u00edrus deixa 39% das diaristas sem trabalho"},"content":{"rendered":"<p>Desde meados<span id=\"OBJ_PREFIX_DWT223_com_zimbra_date\" role=\"link\">\u00a0de mar<\/span>\u00e7o, quando as primeiras medidas de isolamento social come\u00e7aram a ser adotadas em todo o pa\u00eds com o argumento de evitar o cont\u00e1gio por coronav\u00edrus, uma parcela de profissionais come\u00e7ou a sentir os efeitos econ\u00f4micos do confinamento. \u00c9 o caso das diaristas. Pesquisa divulgada esta semana mostrou que 39% dos empregadores de diaristas renunciaram ao servi\u00e7o destas profissionais, sem, entretanto, manter o pagamento das di\u00e1rias.<\/p>\n<p>O percentual \u00e9 maior entre os entrevistados pertencentes \u00e0s classes A e B \u2013 camadas da sociedade em que a renda por pessoa da fam\u00edlia \u00e9 superior a R$ 1.526 mensais. Nesse grupo (A e B), a taxa de empregadores que dispensaram as diaristas sem pagamento \u00e9 de 45%. A pesquisa foi realizada pelo Instituto Locomotiva nos dias 14 e\u00a0<span id=\"OBJ_PREFIX_DWT225_com_zimbra_date\" role=\"link\">15 de abril<\/span>.<\/p>\n<p>A pesquisa indica tamb\u00e9m que 23% dos empregadores\u00a0de diaristas e 39% dos patr\u00f5es de mensalistas afirmaram que suas funcion\u00e1rias continuam trabalhando normalmente, mesmo durante o per\u00edodo de quarentena.<\/p>\n<p>O Brasil tem cerca de 6,5 milh\u00f5es de trabalhadoras\u00a0<span id=\"OBJ_PREFIX_DWT226_com_zimbra_date\" role=\"link\">dom<\/span>\u00e9sticas. Atualmente, 11% das fam\u00edlias brasileiras contam com o servi\u00e7o de ao menos uma trabalhadora\u00a0<span id=\"OBJ_PREFIX_DWT227_com_zimbra_date\" role=\"link\">dom<\/span>\u00e9stica.<\/p>\n<h2>Sem garantias<\/h2>\n<p>De acordo com o presidente do Instituto Locomotiva, Renato Meirelles, essas trabalhadoras est\u00e3o sem poder atender \u00e0s recomenda\u00e7\u00f5es da Organiza\u00e7\u00e3o Mundial da Sa\u00fade (OMS) de ficar em casa para reduzir a circula\u00e7\u00e3o do v\u00edrus. \u201cAs trabalhadoras\u00a0<span id=\"OBJ_PREFIX_DWT228_com_zimbra_date\" role=\"link\">dom<\/span>\u00e9sticas s\u00e3o, muitas vezes, a ponte da transmiss\u00e3o do coronav\u00edrus para a periferia e, do ponto de vista trabalhista, elas s\u00e3o a representa\u00e7\u00e3o da fragilidade do trabalho eventual, sem garantias em per\u00edodos de crise\u201d.<\/p>\n<p>De acordo com o estudo, 39% dos patr\u00f5es\u00a0de diaristas e 48% dos empregadores de mensalistas declararam que suas funcion\u00e1rias est\u00e3o recebendo o pagamento normalmente, mas sem trabalhar, para cumprir o distanciamento social requerido contra a doen\u00e7a.<\/p>\n<p>Para o levantamento, o instituto entrevistou uma amostra de 1.131 pessoas por telefone, em cidades de todos os estados do pa\u00eds. A pesquisa ouviu homens e mulheres com 16 anos, ou mais, e tem margem de erro de 2,9 pontos.<\/p>\n<p><em><strong>(Ag\u00eancia Brasil)<\/strong><\/em><\/p>\n","protected":false},"excerpt":{"rendered":"<p>Desde meados\u00a0de mar\u00e7o, quando as primeiras medidas de isolamento social come\u00e7aram a ser adotadas em todo o pa\u00eds com o argumento de evitar o cont\u00e1gio por coronav\u00edrus, uma parcela de profissionais come\u00e7ou a sentir os efeitos econ\u00f4micos do confinamento. \u00c9 o caso das diaristas. Pesquisa divulgada esta semana mostrou que 39% dos empregadores de diaristas [&hellip;]<\/p>\n","protected":false},"author":18,"featured_media":21820,"comment_status":"open","ping_status":"open","sticky":false,"template":"","format":"standard","meta":{"footnotes":""},"categories":[68],"tags":[],"class_list":{"0":"post-21819","1":"post","2":"type-post","3":"status-publish","4":"format-standard","5":"has-post-thumbnail","7":"category-brasil"},"yoast_head":"<!-- This site is optimized with the Yoast SEO Premium plugin v24.5 (Yoast SEO v27.5) - https:\/\/yoast.com\/product\/yoast-seo-premium-wordpress\/ -->\n<title>Coronav\u00edrus deixa 39% das diaristas sem trabalho - P31<\/title>\n<meta name=\"robots\" content=\"index, follow, max-snippet:-1, max-image-preview:large, max-video-preview:-1\" \/>\n<link rel=\"canonical\" href=\"https:\/\/www.p31noticias.com.br\/?p=21819\" \/>\n<meta property=\"og:locale\" content=\"pt_BR\" \/>\n<meta property=\"og:type\" content=\"article\" \/>\n<meta property=\"og:title\" content=\"Coronav\u00edrus deixa 39% das diaristas sem trabalho\" \/>\n<meta property=\"og:description\" content=\"Desde meados\u00a0de mar\u00e7o, quando as primeiras medidas de isolamento social come\u00e7aram a ser adotadas em todo o pa\u00eds com o argumento de evitar o cont\u00e1gio por coronav\u00edrus, uma parcela de profissionais come\u00e7ou a sentir os efeitos econ\u00f4micos do confinamento. \u00c9 o caso das diaristas. Pesquisa divulgada esta semana mostrou que 39% dos empregadores de diaristas [&hellip;]\" \/>\n<meta property=\"og:url\" content=\"https:\/\/www.p31noticias.com.br\/?p=21819\" \/>\n<meta property=\"og:site_name\" content=\"P31\" \/>\n<meta property=\"article:published_time\" content=\"2020-04-23T14:55:51+00:00\" \/>\n<meta property=\"og:image\" content=\"https:\/\/www.p31noticias.com.br\/wp-content\/uploads\/2020\/04\/domestica.jpg\" \/>\n\t<meta property=\"og:image:width\" content=\"728\" \/>\n\t<meta property=\"og:image:height\" content=\"376\" \/>\n\t<meta property=\"og:image:type\" content=\"image\/jpeg\" \/>\n<meta name=\"author\" content=\"Reda\u00e7\u00e3o JBN\" \/>\n<meta name=\"twitter:card\" content=\"summary_large_image\" \/>\n<meta name=\"twitter:label1\" content=\"Escrito por\" \/>\n\t<meta name=\"twitter:data1\" content=\"Reda\u00e7\u00e3o JBN\" \/>\n\t<meta name=\"twitter:label2\" content=\"Est. tempo de leitura\" \/>\n\t<meta name=\"twitter:data2\" content=\"2 minutos\" \/>\n<script type=\"application\/ld+json\" class=\"yoast-schema-graph\">{\"@context\":\"https:\\\/\\\/schema.org\",\"@graph\":[{\"@type\":\"Article\",\"@id\":\"https:\\\/\\\/www.p31noticias.com.br\\\/?p=21819#article\",\"isPartOf\":{\"@id\":\"https:\\\/\\\/www.p31noticias.com.br\\\/?p=21819\"},\"author\":{\"name\":\"Reda\u00e7\u00e3o JBN\",\"@id\":\"https:\\\/\\\/www.p31noticias.com.br\\\/#\\\/schema\\\/person\\\/77d6b186c710ac38937c6ec204fdd387\"},\"headline\":\"Coronav\u00edrus deixa 39% das diaristas sem trabalho\",\"datePublished\":\"2020-04-23T14:55:51+00:00\",\"mainEntityOfPage\":{\"@id\":\"https:\\\/\\\/www.p31noticias.com.br\\\/?p=21819\"},\"wordCount\":362,\"commentCount\":0,\"image\":{\"@id\":\"https:\\\/\\\/www.p31noticias.com.br\\\/?p=21819#primaryimage\"},\"thumbnailUrl\":\"https:\\\/\\\/www.p31noticias.com.br\\\/wp-content\\\/uploads\\\/2020\\\/04\\\/domestica.jpg\",\"articleSection\":[\"Brasil\"],\"inLanguage\":\"pt-BR\",\"potentialAction\":[{\"@type\":\"CommentAction\",\"name\":\"Comment\",\"target\":[\"https:\\\/\\\/www.p31noticias.com.br\\\/?p=21819#respond\"]}],\"copyrightYear\":\"2020\",\"copyrightHolder\":{\"@id\":\"https:\\\/\\\/www.p31noticias.com.br\\\/#organization\"}},{\"@type\":\"WebPage\",\"@id\":\"https:\\\/\\\/www.p31noticias.com.br\\\/?p=21819\",\"url\":\"https:\\\/\\\/www.p31noticias.com.br\\\/?p=21819\",\"name\":\"Coronav\u00edrus deixa 39% das diaristas sem trabalho - P31\",\"isPartOf\":{\"@id\":\"https:\\\/\\\/www.p31noticias.com.br\\\/#website\"},\"primaryImageOfPage\":{\"@id\":\"https:\\\/\\\/www.p31noticias.com.br\\\/?p=21819#primaryimage\"},\"image\":{\"@id\":\"https:\\\/\\\/www.p31noticias.com.br\\\/?p=21819#primaryimage\"},\"thumbnailUrl\":\"https:\\\/\\\/www.p31noticias.com.br\\\/wp-content\\\/uploads\\\/2020\\\/04\\\/domestica.jpg\",\"datePublished\":\"2020-04-23T14:55:51+00:00\",\"author\":{\"@id\":\"https:\\\/\\\/www.p31noticias.com.br\\\/#\\\/schema\\\/person\\\/77d6b186c710ac38937c6ec204fdd387\"},\"breadcrumb\":{\"@id\":\"https:\\\/\\\/www.p31noticias.com.br\\\/?p=21819#breadcrumb\"},\"inLanguage\":\"pt-BR\",\"potentialAction\":[{\"@type\":\"ReadAction\",\"target\":[\"https:\\\/\\\/www.p31noticias.com.br\\\/?p=21819\"]}]},{\"@type\":\"ImageObject\",\"inLanguage\":\"pt-BR\",\"@id\":\"https:\\\/\\\/www.p31noticias.com.br\\\/?p=21819#primaryimage\",\"url\":\"https:\\\/\\\/www.p31noticias.com.br\\\/wp-content\\\/uploads\\\/2020\\\/04\\\/domestica.jpg\",\"contentUrl\":\"https:\\\/\\\/www.p31noticias.com.br\\\/wp-content\\\/uploads\\\/2020\\\/04\\\/domestica.jpg\",\"width\":728,\"height\":376},{\"@type\":\"BreadcrumbList\",\"@id\":\"https:\\\/\\\/www.p31noticias.com.br\\\/?p=21819#breadcrumb\",\"itemListElement\":[{\"@type\":\"ListItem\",\"position\":1,\"name\":\"In\u00edcio\",\"item\":\"https:\\\/\\\/www.p31noticias.com.br\\\/\"},{\"@type\":\"ListItem\",\"position\":2,\"name\":\"Coronav\u00edrus deixa 39% das diaristas sem trabalho\"}]},{\"@type\":\"WebSite\",\"@id\":\"https:\\\/\\\/www.p31noticias.com.br\\\/#website\",\"url\":\"https:\\\/\\\/www.p31noticias.com.br\\\/\",\"name\":\"P31\",\"description\":\"NOT\u00cdCIAS\",\"potentialAction\":[{\"@type\":\"SearchAction\",\"target\":{\"@type\":\"EntryPoint\",\"urlTemplate\":\"https:\\\/\\\/www.p31noticias.com.br\\\/?s={search_term_string}\"},\"query-input\":{\"@type\":\"PropertyValueSpecification\",\"valueRequired\":true,\"valueName\":\"search_term_string\"}}],\"inLanguage\":\"pt-BR\"},{\"@type\":\"Person\",\"@id\":\"https:\\\/\\\/www.p31noticias.com.br\\\/#\\\/schema\\\/person\\\/77d6b186c710ac38937c6ec204fdd387\",\"name\":\"Reda\u00e7\u00e3o JBN\",\"image\":{\"@type\":\"ImageObject\",\"inLanguage\":\"pt-BR\",\"@id\":\"https:\\\/\\\/secure.gravatar.com\\\/avatar\\\/10fcdb93211f98cce3d64c0795b0915a9a4a21dc0f279238995a3dbfafcad090?s=96&d=mm&r=g\",\"url\":\"https:\\\/\\\/secure.gravatar.com\\\/avatar\\\/10fcdb93211f98cce3d64c0795b0915a9a4a21dc0f279238995a3dbfafcad090?s=96&d=mm&r=g\",\"contentUrl\":\"https:\\\/\\\/secure.gravatar.com\\\/avatar\\\/10fcdb93211f98cce3d64c0795b0915a9a4a21dc0f279238995a3dbfafcad090?s=96&d=mm&r=g\",\"caption\":\"Reda\u00e7\u00e3o JBN\"},\"sameAs\":[\"https:\\\/\\\/p31noticias.com.br\"],\"url\":\"https:\\\/\\\/www.p31noticias.com.br\\\/?author=18\"}]}<\/script>\n<!-- \/ Yoast SEO Premium plugin. -->","yoast_head_json":{"title":"Coronav\u00edrus deixa 39% das diaristas sem trabalho - P31","robots":{"index":"index","follow":"follow","max-snippet":"max-snippet:-1","max-image-preview":"max-image-preview:large","max-video-preview":"max-video-preview:-1"},"canonical":"https:\/\/www.p31noticias.com.br\/?p=21819","og_locale":"pt_BR","og_type":"article","og_title":"Coronav\u00edrus deixa 39% das diaristas sem trabalho","og_description":"Desde meados\u00a0de mar\u00e7o, quando as primeiras medidas de isolamento social come\u00e7aram a ser adotadas em todo o pa\u00eds com o argumento de evitar o cont\u00e1gio por coronav\u00edrus, uma parcela de profissionais come\u00e7ou a sentir os efeitos econ\u00f4micos do confinamento. \u00c9 o caso das diaristas. Pesquisa divulgada esta semana mostrou que 39% dos empregadores de diaristas [&hellip;]","og_url":"https:\/\/www.p31noticias.com.br\/?p=21819","og_site_name":"P31","article_published_time":"2020-04-23T14:55:51+00:00","og_image":[{"width":728,"height":376,"url":"https:\/\/www.p31noticias.com.br\/wp-content\/uploads\/2020\/04\/domestica.jpg","type":"image\/jpeg"}],"author":"Reda\u00e7\u00e3o JBN","twitter_card":"summary_large_image","twitter_misc":{"Escrito por":"Reda\u00e7\u00e3o JBN","Est. tempo de leitura":"2 minutos"},"schema":{"@context":"https:\/\/schema.org","@graph":[{"@type":"Article","@id":"https:\/\/www.p31noticias.com.br\/?p=21819#article","isPartOf":{"@id":"https:\/\/www.p31noticias.com.br\/?p=21819"},"author":{"name":"Reda\u00e7\u00e3o JBN","@id":"https:\/\/www.p31noticias.com.br\/#\/schema\/person\/77d6b186c710ac38937c6ec204fdd387"},"headline":"Coronav\u00edrus deixa 39% das diaristas sem trabalho","datePublished":"2020-04-23T14:55:51+00:00","mainEntityOfPage":{"@id":"https:\/\/www.p31noticias.com.br\/?p=21819"},"wordCount":362,"commentCount":0,"image":{"@id":"https:\/\/www.p31noticias.com.br\/?p=21819#primaryimage"},"thumbnailUrl":"https:\/\/www.p31noticias.com.br\/wp-content\/uploads\/2020\/04\/domestica.jpg","articleSection":["Brasil"],"inLanguage":"pt-BR","potentialAction":[{"@type":"CommentAction","name":"Comment","target":["https:\/\/www.p31noticias.com.br\/?p=21819#respond"]}],"copyrightYear":"2020","copyrightHolder":{"@id":"https:\/\/www.p31noticias.com.br\/#organization"}},{"@type":"WebPage","@id":"https:\/\/www.p31noticias.com.br\/?p=21819","url":"https:\/\/www.p31noticias.com.br\/?p=21819","name":"Coronav\u00edrus deixa 39% das diaristas sem trabalho - P31","isPartOf":{"@id":"https:\/\/www.p31noticias.com.br\/#website"},"primaryImageOfPage":{"@id":"https:\/\/www.p31noticias.com.br\/?p=21819#primaryimage"},"image":{"@id":"https:\/\/www.p31noticias.com.br\/?p=21819#primaryimage"},"thumbnailUrl":"https:\/\/www.p31noticias.com.br\/wp-content\/uploads\/2020\/04\/domestica.jpg","datePublished":"2020-04-23T14:55:51+00:00","author":{"@id":"https:\/\/www.p31noticias.com.br\/#\/schema\/person\/77d6b186c710ac38937c6ec204fdd387"},"breadcrumb":{"@id":"https:\/\/www.p31noticias.com.br\/?p=21819#breadcrumb"},"inLanguage":"pt-BR","potentialAction":[{"@type":"ReadAction","target":["https:\/\/www.p31noticias.com.br\/?p=21819"]}]},{"@type":"ImageObject","inLanguage":"pt-BR","@id":"https:\/\/www.p31noticias.com.br\/?p=21819#primaryimage","url":"https:\/\/www.p31noticias.com.br\/wp-content\/uploads\/2020\/04\/domestica.jpg","contentUrl":"https:\/\/www.p31noticias.com.br\/wp-content\/uploads\/2020\/04\/domestica.jpg","width":728,"height":376},{"@type":"BreadcrumbList","@id":"https:\/\/www.p31noticias.com.br\/?p=21819#breadcrumb","itemListElement":[{"@type":"ListItem","position":1,"name":"In\u00edcio","item":"https:\/\/www.p31noticias.com.br\/"},{"@type":"ListItem","position":2,"name":"Coronav\u00edrus deixa 39% das diaristas sem trabalho"}]},{"@type":"WebSite","@id":"https:\/\/www.p31noticias.com.br\/#website","url":"https:\/\/www.p31noticias.com.br\/","name":"P31","description":"NOT\u00cdCIAS","potentialAction":[{"@type":"SearchAction","target":{"@type":"EntryPoint","urlTemplate":"https:\/\/www.p31noticias.com.br\/?s={search_term_string}"},"query-input":{"@type":"PropertyValueSpecification","valueRequired":true,"valueName":"search_term_string"}}],"inLanguage":"pt-BR"},{"@type":"Person","@id":"https:\/\/www.p31noticias.com.br\/#\/schema\/person\/77d6b186c710ac38937c6ec204fdd387","name":"Reda\u00e7\u00e3o JBN","image":{"@type":"ImageObject","inLanguage":"pt-BR","@id":"https:\/\/secure.gravatar.com\/avatar\/10fcdb93211f98cce3d64c0795b0915a9a4a21dc0f279238995a3dbfafcad090?s=96&d=mm&r=g","url":"https:\/\/secure.gravatar.com\/avatar\/10fcdb93211f98cce3d64c0795b0915a9a4a21dc0f279238995a3dbfafcad090?s=96&d=mm&r=g","contentUrl":"https:\/\/secure.gravatar.com\/avatar\/10fcdb93211f98cce3d64c0795b0915a9a4a21dc0f279238995a3dbfafcad090?s=96&d=mm&r=g","caption":"Reda\u00e7\u00e3o JBN"},"sameAs":["https:\/\/p31noticias.com.br"],"url":"https:\/\/www.p31noticias.com.br\/?author=18"}]}},"amp_enabled":true,"_links":{"self":[{"href":"https:\/\/www.p31noticias.com.br\/index.php?rest_route=\/wp\/v2\/posts\/21819","targetHints":{"allow":["GET"]}}],"collection":[{"href":"https:\/\/www.p31noticias.com.br\/index.php?rest_route=\/wp\/v2\/posts"}],"about":[{"href":"https:\/\/www.p31noticias.com.br\/index.php?rest_route=\/wp\/v2\/types\/post"}],"author":[{"embeddable":true,"href":"https:\/\/www.p31noticias.com.br\/index.php?rest_route=\/wp\/v2\/users\/18"}],"replies":[{"embeddable":true,"href":"https:\/\/www.p31noticias.com.br\/index.php?rest_route=%2Fwp%2Fv2%2Fcomments&post=21819"}],"version-history":[{"count":0,"href":"https:\/\/www.p31noticias.com.br\/index.php?rest_route=\/wp\/v2\/posts\/21819\/revisions"}],"wp:featuredmedia":[{"embeddable":true,"href":"https:\/\/www.p31noticias.com.br\/index.php?rest_route=\/wp\/v2\/media\/21820"}],"wp:attachment":[{"href":"https:\/\/www.p31noticias.com.br\/index.php?rest_route=%2Fwp%2Fv2%2Fmedia&parent=21819"}],"wp:term":[{"taxonomy":"category","embeddable":true,"href":"https:\/\/www.p31noticias.com.br\/index.php?rest_route=%2Fwp%2Fv2%2Fcategories&post=21819"},{"taxonomy":"post_tag","embeddable":true,"href":"https:\/\/www.p31noticias.com.br\/index.php?rest_route=%2Fwp%2Fv2%2Ftags&post=21819"}],"curies":[{"name":"wp","href":"https:\/\/api.w.org\/{rel}","templated":true}]}}