{"id":21810,"date":"2020-04-22T09:26:14","date_gmt":"2020-04-22T12:26:14","guid":{"rendered":"https:\/\/jornaldoplanalto.com.br\/web\/?p=21810"},"modified":"2020-04-22T09:26:14","modified_gmt":"2020-04-22T12:26:14","slug":"sancionada-lei-que-cria-campanha-de-prevencao-ao-abuso-sexual-e-violencia-no-transporte-publico-e-privado","status":"publish","type":"post","link":"https:\/\/www.p31noticias.com.br\/?p=21810","title":{"rendered":"Sancionada Lei que cria campanha de preven\u00e7\u00e3o ao abuso sexual e viol\u00eancia no transporte p\u00fablico e privado"},"content":{"rendered":"<p dir=\"ltr\"><em><strong>Empresas de transporte p\u00fablico e privado do Distrito Federal ter\u00e3o que afixar cartazes com orienta\u00e7\u00f5es e canais de den\u00fancia<\/strong><\/em><\/p>\n<figure id=\"attachment_21636\" aria-describedby=\"caption-attachment-21636\" style=\"width: 370px\" class=\"wp-caption alignright\"><a href=\"https:\/\/www.delioandrade.com.br\/wp-content\/uploads\/2020\/04\/Foto-Roge\u0301rio-Lopes-e1587558149576.jpeg\"><img loading=\"lazy\" decoding=\"async\" class=\"wp-image-21636 size-full\" src=\"https:\/\/www.delioandrade.com.br\/wp-content\/uploads\/2020\/04\/Foto-Roge\u0301rio-Lopes-e1587558149576.jpeg\" alt=\"\" width=\"370\" height=\"450\" srcset=\"https:\/\/www.p31noticias.com.br\/wp-content\/uploads\/2020\/04\/Foto-Roge\u0301rio-Lopes-e1587558149576.jpeg 370w, https:\/\/www.p31noticias.com.br\/wp-content\/uploads\/2020\/04\/Foto-Roge\u0301rio-Lopes-e1587558149576-247x300.jpeg 247w, https:\/\/www.p31noticias.com.br\/wp-content\/uploads\/2020\/04\/Foto-Roge\u0301rio-Lopes-e1587558149576-345x420.jpeg 345w\" sizes=\"auto, (max-width: 370px) 100vw, 370px\" \/><\/a><figcaption id=\"caption-attachment-21636\" class=\"wp-caption-text\">Deputado Delmasso, autor da Lei. Foto: Rog\u00e9rio Lopes<\/figcaption><\/figure>\n<p dir=\"ltr\">Foi sancionada a Lei 6.540\/2020, de autoria do vice-presidente da C\u00e2mara Legislativa, deputado Delmasso (Republicanos), que institui campanha de preven\u00e7\u00e3o ao abuso e viol\u00eancia sexual no transporte coletivo p\u00fablico e privado. O objetivo da Lei \u00e9 a implementa\u00e7\u00e3o de pol\u00edticas p\u00fablicas que visam acabar com os ass\u00e9dios e abusos sexuais no transporte no Distrito Federal.<\/p>\n<p dir=\"ltr\">A Lei estabelece medidas que as empresas de transporte p\u00fablico e privado dever\u00e3o seguir. Entre as determina\u00e7\u00f5es est\u00e3o a obrigatoriedade de cartazes informativos como meio de preven\u00e7\u00e3o e suporte para as v\u00edtimas, bem como orientar a melhor maneira de identificar o agressor como lembrar do hor\u00e1rio e da linha do \u00f4nibus e, se poss\u00edvel, das caracter\u00edsticas f\u00edsicas. O cartaz deve conter tamb\u00e9m os n\u00fameros de den\u00fancia da Pol\u00edcia Militar (190), da Pol\u00edcia Civil (197) e da Central de Atendimento \u00e0 Mulher (180).<\/p>\n<p dir=\"ltr\">Segundo a delegada da Delegacia Especial de Atendimento \u00e0 Mulher (Deam), Sandra Melo, a Lei obriga a campanha de esclarecimento sobre crimes contra a dignidade sexual da mulher. A Lei aprovada \u00e9 um importante refor\u00e7o no combate a esses crimes. A Deam trabalha com campanhas educativas e a partir da comunica\u00e7\u00e3o desses crimes realiza investiga\u00e7\u00f5es pela se\u00e7\u00e3o de repress\u00e3o espec\u00edfica para crimes sexuais, visando a identifica\u00e7\u00e3o e responsabiliza\u00e7\u00e3o dos autores, disse.<\/p>\n<p dir=\"ltr\">A delegada Sandra Melo tamb\u00e9m afirmou que a Lei institui a\u00e7\u00e3o positiva na medida que promove a educa\u00e7\u00e3o da popula\u00e7\u00e3o. Esses delitos ocorrem principalmente nos meios de transporte, que passaram a ser mais registrados e a DEAM tem tido resultados muito positivos nas investiga\u00e7\u00f5es desses crimes, relatou.<\/p>\n<p dir=\"ltr\">Caroline Ferreira (nome fict\u00edcio- 34 anos) contou que j\u00e1 foi v\u00edtima de abuso sexual no transporte. Quando eu tinha 14 anos, eu entrei em um transporte p\u00fablico e um rapaz me chamou e quando eu olhei para tr\u00e4s, o homem colocou os \u00f3rg\u00e3os genitais pra fora. Eu fiquei desesperada e desci do \u00f4nibus correndo. Essa Lei do deputado vai ser muito boa para proteger as mulheres e como forma de preven\u00e7\u00e3o, concluiu.<\/p>\n<p dir=\"ltr\">De acordo com Delmasso, a ideia \u00e9 espalhar cartazes que informem, por exemplo, como as v\u00edtimas devem proceder para auxiliar na identifica\u00e7\u00e3o do agressor. &#8220;Infelizmente, h\u00e1 uma cultura de n\u00e3o denunciar esse tipo de a\u00e7\u00e3o, principalmente no transporte p\u00fablico, por ser dif\u00edcil de identificar o agressor e pela falta de testemunhas, \u00e0s vezes at\u00e9 por n\u00e3o saber ao certo qual o \u00f3rg\u00e3o apropriado para efetuar a den\u00fancia&#8221;, disse.<\/p>\n<p dir=\"ltr\">Al\u00e9m disso, as informa\u00e7\u00f5es obtidas pelas c\u00e2meras de videomonitoramento e pelo sistema de GPS dos ve\u00edculos de transporte coletivo, quando existentes, devem ser disponibilizadas para identifica\u00e7\u00e3o dos infratores e do exato momento do abuso sexual. A Lei tamb\u00e9m estabelece que as empresas precisam realizar treinamentos, de seis em seis meses, aos funcion\u00e1rios no sentido de conscientiz\u00e1-los sobre as quest\u00f5es que permeiam a viol\u00eancia contra as mulheres.<\/p>\n","protected":false},"excerpt":{"rendered":"<p>Empresas de transporte p\u00fablico e privado do Distrito Federal ter\u00e3o que afixar cartazes com orienta\u00e7\u00f5es e canais de den\u00fancia Foi sancionada a Lei 6.540\/2020, de autoria do vice-presidente da C\u00e2mara Legislativa, deputado Delmasso (Republicanos), que institui campanha de preven\u00e7\u00e3o ao abuso e viol\u00eancia sexual no transporte coletivo p\u00fablico e privado. O objetivo da Lei \u00e9 [&hellip;]<\/p>\n","protected":false},"author":18,"featured_media":21811,"comment_status":"open","ping_status":"open","sticky":false,"template":"","format":"standard","meta":{"footnotes":""},"categories":[1],"tags":[],"class_list":{"0":"post-21810","1":"post","2":"type-post","3":"status-publish","4":"format-standard","5":"has-post-thumbnail","7":"category-outros"},"yoast_head":"<!-- This site is optimized with the Yoast SEO Premium plugin v24.5 (Yoast SEO v27.5) - https:\/\/yoast.com\/product\/yoast-seo-premium-wordpress\/ -->\n<title>Sancionada Lei que cria campanha de preven\u00e7\u00e3o ao abuso sexual e viol\u00eancia no transporte p\u00fablico e privado - P31<\/title>\n<meta name=\"robots\" content=\"index, follow, max-snippet:-1, max-image-preview:large, max-video-preview:-1\" \/>\n<link rel=\"canonical\" href=\"https:\/\/www.p31noticias.com.br\/?p=21810\" \/>\n<meta property=\"og:locale\" content=\"pt_BR\" \/>\n<meta property=\"og:type\" content=\"article\" \/>\n<meta property=\"og:title\" content=\"Sancionada Lei que cria campanha de preven\u00e7\u00e3o ao abuso sexual e viol\u00eancia no transporte p\u00fablico e privado\" \/>\n<meta property=\"og:description\" content=\"Empresas de transporte p\u00fablico e privado do Distrito Federal ter\u00e3o que afixar cartazes com orienta\u00e7\u00f5es e canais de den\u00fancia Foi sancionada a Lei 6.540\/2020, de autoria do vice-presidente da C\u00e2mara Legislativa, deputado Delmasso (Republicanos), que institui campanha de preven\u00e7\u00e3o ao abuso e viol\u00eancia sexual no transporte coletivo p\u00fablico e privado. O objetivo da Lei \u00e9 [&hellip;]\" \/>\n<meta property=\"og:url\" content=\"https:\/\/www.p31noticias.com.br\/?p=21810\" \/>\n<meta property=\"og:site_name\" content=\"P31\" \/>\n<meta property=\"article:published_time\" content=\"2020-04-22T12:26:14+00:00\" \/>\n<meta property=\"og:image\" content=\"https:\/\/www.p31noticias.com.br\/wp-content\/uploads\/2020\/04\/lei.jpeg\" \/>\n\t<meta property=\"og:image:width\" content=\"975\" \/>\n\t<meta property=\"og:image:height\" content=\"687\" \/>\n\t<meta property=\"og:image:type\" content=\"image\/jpeg\" \/>\n<meta name=\"author\" content=\"Reda\u00e7\u00e3o JBN\" \/>\n<meta name=\"twitter:card\" content=\"summary_large_image\" \/>\n<meta name=\"twitter:label1\" content=\"Escrito por\" \/>\n\t<meta name=\"twitter:data1\" content=\"Reda\u00e7\u00e3o JBN\" \/>\n\t<meta name=\"twitter:label2\" content=\"Est. tempo de leitura\" \/>\n\t<meta name=\"twitter:data2\" content=\"3 minutos\" \/>\n<script type=\"application\/ld+json\" class=\"yoast-schema-graph\">{\"@context\":\"https:\\\/\\\/schema.org\",\"@graph\":[{\"@type\":\"Article\",\"@id\":\"https:\\\/\\\/www.p31noticias.com.br\\\/?p=21810#article\",\"isPartOf\":{\"@id\":\"https:\\\/\\\/www.p31noticias.com.br\\\/?p=21810\"},\"author\":{\"name\":\"Reda\u00e7\u00e3o JBN\",\"@id\":\"https:\\\/\\\/www.p31noticias.com.br\\\/#\\\/schema\\\/person\\\/77d6b186c710ac38937c6ec204fdd387\"},\"headline\":\"Sancionada Lei que cria campanha de preven\u00e7\u00e3o ao abuso sexual e viol\u00eancia no transporte p\u00fablico e privado\",\"datePublished\":\"2020-04-22T12:26:14+00:00\",\"mainEntityOfPage\":{\"@id\":\"https:\\\/\\\/www.p31noticias.com.br\\\/?p=21810\"},\"wordCount\":570,\"commentCount\":0,\"image\":{\"@id\":\"https:\\\/\\\/www.p31noticias.com.br\\\/?p=21810#primaryimage\"},\"thumbnailUrl\":\"https:\\\/\\\/www.p31noticias.com.br\\\/wp-content\\\/uploads\\\/2020\\\/04\\\/lei.jpeg\",\"articleSection\":[\"Outros\"],\"inLanguage\":\"pt-BR\",\"potentialAction\":[{\"@type\":\"CommentAction\",\"name\":\"Comment\",\"target\":[\"https:\\\/\\\/www.p31noticias.com.br\\\/?p=21810#respond\"]}],\"copyrightYear\":\"2020\",\"copyrightHolder\":{\"@id\":\"https:\\\/\\\/www.p31noticias.com.br\\\/#organization\"}},{\"@type\":\"WebPage\",\"@id\":\"https:\\\/\\\/www.p31noticias.com.br\\\/?p=21810\",\"url\":\"https:\\\/\\\/www.p31noticias.com.br\\\/?p=21810\",\"name\":\"Sancionada Lei que cria campanha de preven\u00e7\u00e3o ao abuso sexual e viol\u00eancia no transporte p\u00fablico e privado - P31\",\"isPartOf\":{\"@id\":\"https:\\\/\\\/www.p31noticias.com.br\\\/#website\"},\"primaryImageOfPage\":{\"@id\":\"https:\\\/\\\/www.p31noticias.com.br\\\/?p=21810#primaryimage\"},\"image\":{\"@id\":\"https:\\\/\\\/www.p31noticias.com.br\\\/?p=21810#primaryimage\"},\"thumbnailUrl\":\"https:\\\/\\\/www.p31noticias.com.br\\\/wp-content\\\/uploads\\\/2020\\\/04\\\/lei.jpeg\",\"datePublished\":\"2020-04-22T12:26:14+00:00\",\"author\":{\"@id\":\"https:\\\/\\\/www.p31noticias.com.br\\\/#\\\/schema\\\/person\\\/77d6b186c710ac38937c6ec204fdd387\"},\"breadcrumb\":{\"@id\":\"https:\\\/\\\/www.p31noticias.com.br\\\/?p=21810#breadcrumb\"},\"inLanguage\":\"pt-BR\",\"potentialAction\":[{\"@type\":\"ReadAction\",\"target\":[\"https:\\\/\\\/www.p31noticias.com.br\\\/?p=21810\"]}]},{\"@type\":\"ImageObject\",\"inLanguage\":\"pt-BR\",\"@id\":\"https:\\\/\\\/www.p31noticias.com.br\\\/?p=21810#primaryimage\",\"url\":\"https:\\\/\\\/www.p31noticias.com.br\\\/wp-content\\\/uploads\\\/2020\\\/04\\\/lei.jpeg\",\"contentUrl\":\"https:\\\/\\\/www.p31noticias.com.br\\\/wp-content\\\/uploads\\\/2020\\\/04\\\/lei.jpeg\",\"width\":975,\"height\":687},{\"@type\":\"BreadcrumbList\",\"@id\":\"https:\\\/\\\/www.p31noticias.com.br\\\/?p=21810#breadcrumb\",\"itemListElement\":[{\"@type\":\"ListItem\",\"position\":1,\"name\":\"In\u00edcio\",\"item\":\"https:\\\/\\\/www.p31noticias.com.br\\\/\"},{\"@type\":\"ListItem\",\"position\":2,\"name\":\"Sancionada Lei que cria campanha de preven\u00e7\u00e3o ao abuso sexual e viol\u00eancia no transporte p\u00fablico e privado\"}]},{\"@type\":\"WebSite\",\"@id\":\"https:\\\/\\\/www.p31noticias.com.br\\\/#website\",\"url\":\"https:\\\/\\\/www.p31noticias.com.br\\\/\",\"name\":\"P31\",\"description\":\"NOT\u00cdCIAS\",\"potentialAction\":[{\"@type\":\"SearchAction\",\"target\":{\"@type\":\"EntryPoint\",\"urlTemplate\":\"https:\\\/\\\/www.p31noticias.com.br\\\/?s={search_term_string}\"},\"query-input\":{\"@type\":\"PropertyValueSpecification\",\"valueRequired\":true,\"valueName\":\"search_term_string\"}}],\"inLanguage\":\"pt-BR\"},{\"@type\":\"Person\",\"@id\":\"https:\\\/\\\/www.p31noticias.com.br\\\/#\\\/schema\\\/person\\\/77d6b186c710ac38937c6ec204fdd387\",\"name\":\"Reda\u00e7\u00e3o JBN\",\"image\":{\"@type\":\"ImageObject\",\"inLanguage\":\"pt-BR\",\"@id\":\"https:\\\/\\\/secure.gravatar.com\\\/avatar\\\/10fcdb93211f98cce3d64c0795b0915a9a4a21dc0f279238995a3dbfafcad090?s=96&d=mm&r=g\",\"url\":\"https:\\\/\\\/secure.gravatar.com\\\/avatar\\\/10fcdb93211f98cce3d64c0795b0915a9a4a21dc0f279238995a3dbfafcad090?s=96&d=mm&r=g\",\"contentUrl\":\"https:\\\/\\\/secure.gravatar.com\\\/avatar\\\/10fcdb93211f98cce3d64c0795b0915a9a4a21dc0f279238995a3dbfafcad090?s=96&d=mm&r=g\",\"caption\":\"Reda\u00e7\u00e3o JBN\"},\"sameAs\":[\"https:\\\/\\\/p31noticias.com.br\"],\"url\":\"https:\\\/\\\/www.p31noticias.com.br\\\/?author=18\"}]}<\/script>\n<!-- \/ Yoast SEO Premium plugin. -->","yoast_head_json":{"title":"Sancionada Lei que cria campanha de preven\u00e7\u00e3o ao abuso sexual e viol\u00eancia no transporte p\u00fablico e privado - P31","robots":{"index":"index","follow":"follow","max-snippet":"max-snippet:-1","max-image-preview":"max-image-preview:large","max-video-preview":"max-video-preview:-1"},"canonical":"https:\/\/www.p31noticias.com.br\/?p=21810","og_locale":"pt_BR","og_type":"article","og_title":"Sancionada Lei que cria campanha de preven\u00e7\u00e3o ao abuso sexual e viol\u00eancia no transporte p\u00fablico e privado","og_description":"Empresas de transporte p\u00fablico e privado do Distrito Federal ter\u00e3o que afixar cartazes com orienta\u00e7\u00f5es e canais de den\u00fancia Foi sancionada a Lei 6.540\/2020, de autoria do vice-presidente da C\u00e2mara Legislativa, deputado Delmasso (Republicanos), que institui campanha de preven\u00e7\u00e3o ao abuso e viol\u00eancia sexual no transporte coletivo p\u00fablico e privado. O objetivo da Lei \u00e9 [&hellip;]","og_url":"https:\/\/www.p31noticias.com.br\/?p=21810","og_site_name":"P31","article_published_time":"2020-04-22T12:26:14+00:00","og_image":[{"width":975,"height":687,"url":"https:\/\/www.p31noticias.com.br\/wp-content\/uploads\/2020\/04\/lei.jpeg","type":"image\/jpeg"}],"author":"Reda\u00e7\u00e3o JBN","twitter_card":"summary_large_image","twitter_misc":{"Escrito por":"Reda\u00e7\u00e3o JBN","Est. tempo de leitura":"3 minutos"},"schema":{"@context":"https:\/\/schema.org","@graph":[{"@type":"Article","@id":"https:\/\/www.p31noticias.com.br\/?p=21810#article","isPartOf":{"@id":"https:\/\/www.p31noticias.com.br\/?p=21810"},"author":{"name":"Reda\u00e7\u00e3o JBN","@id":"https:\/\/www.p31noticias.com.br\/#\/schema\/person\/77d6b186c710ac38937c6ec204fdd387"},"headline":"Sancionada Lei que cria campanha de preven\u00e7\u00e3o ao abuso sexual e viol\u00eancia no transporte p\u00fablico e privado","datePublished":"2020-04-22T12:26:14+00:00","mainEntityOfPage":{"@id":"https:\/\/www.p31noticias.com.br\/?p=21810"},"wordCount":570,"commentCount":0,"image":{"@id":"https:\/\/www.p31noticias.com.br\/?p=21810#primaryimage"},"thumbnailUrl":"https:\/\/www.p31noticias.com.br\/wp-content\/uploads\/2020\/04\/lei.jpeg","articleSection":["Outros"],"inLanguage":"pt-BR","potentialAction":[{"@type":"CommentAction","name":"Comment","target":["https:\/\/www.p31noticias.com.br\/?p=21810#respond"]}],"copyrightYear":"2020","copyrightHolder":{"@id":"https:\/\/www.p31noticias.com.br\/#organization"}},{"@type":"WebPage","@id":"https:\/\/www.p31noticias.com.br\/?p=21810","url":"https:\/\/www.p31noticias.com.br\/?p=21810","name":"Sancionada Lei que cria campanha de preven\u00e7\u00e3o ao abuso sexual e viol\u00eancia no transporte p\u00fablico e privado - P31","isPartOf":{"@id":"https:\/\/www.p31noticias.com.br\/#website"},"primaryImageOfPage":{"@id":"https:\/\/www.p31noticias.com.br\/?p=21810#primaryimage"},"image":{"@id":"https:\/\/www.p31noticias.com.br\/?p=21810#primaryimage"},"thumbnailUrl":"https:\/\/www.p31noticias.com.br\/wp-content\/uploads\/2020\/04\/lei.jpeg","datePublished":"2020-04-22T12:26:14+00:00","author":{"@id":"https:\/\/www.p31noticias.com.br\/#\/schema\/person\/77d6b186c710ac38937c6ec204fdd387"},"breadcrumb":{"@id":"https:\/\/www.p31noticias.com.br\/?p=21810#breadcrumb"},"inLanguage":"pt-BR","potentialAction":[{"@type":"ReadAction","target":["https:\/\/www.p31noticias.com.br\/?p=21810"]}]},{"@type":"ImageObject","inLanguage":"pt-BR","@id":"https:\/\/www.p31noticias.com.br\/?p=21810#primaryimage","url":"https:\/\/www.p31noticias.com.br\/wp-content\/uploads\/2020\/04\/lei.jpeg","contentUrl":"https:\/\/www.p31noticias.com.br\/wp-content\/uploads\/2020\/04\/lei.jpeg","width":975,"height":687},{"@type":"BreadcrumbList","@id":"https:\/\/www.p31noticias.com.br\/?p=21810#breadcrumb","itemListElement":[{"@type":"ListItem","position":1,"name":"In\u00edcio","item":"https:\/\/www.p31noticias.com.br\/"},{"@type":"ListItem","position":2,"name":"Sancionada Lei que cria campanha de preven\u00e7\u00e3o ao abuso sexual e viol\u00eancia no transporte p\u00fablico e privado"}]},{"@type":"WebSite","@id":"https:\/\/www.p31noticias.com.br\/#website","url":"https:\/\/www.p31noticias.com.br\/","name":"P31","description":"NOT\u00cdCIAS","potentialAction":[{"@type":"SearchAction","target":{"@type":"EntryPoint","urlTemplate":"https:\/\/www.p31noticias.com.br\/?s={search_term_string}"},"query-input":{"@type":"PropertyValueSpecification","valueRequired":true,"valueName":"search_term_string"}}],"inLanguage":"pt-BR"},{"@type":"Person","@id":"https:\/\/www.p31noticias.com.br\/#\/schema\/person\/77d6b186c710ac38937c6ec204fdd387","name":"Reda\u00e7\u00e3o JBN","image":{"@type":"ImageObject","inLanguage":"pt-BR","@id":"https:\/\/secure.gravatar.com\/avatar\/10fcdb93211f98cce3d64c0795b0915a9a4a21dc0f279238995a3dbfafcad090?s=96&d=mm&r=g","url":"https:\/\/secure.gravatar.com\/avatar\/10fcdb93211f98cce3d64c0795b0915a9a4a21dc0f279238995a3dbfafcad090?s=96&d=mm&r=g","contentUrl":"https:\/\/secure.gravatar.com\/avatar\/10fcdb93211f98cce3d64c0795b0915a9a4a21dc0f279238995a3dbfafcad090?s=96&d=mm&r=g","caption":"Reda\u00e7\u00e3o JBN"},"sameAs":["https:\/\/p31noticias.com.br"],"url":"https:\/\/www.p31noticias.com.br\/?author=18"}]}},"amp_enabled":true,"_links":{"self":[{"href":"https:\/\/www.p31noticias.com.br\/index.php?rest_route=\/wp\/v2\/posts\/21810","targetHints":{"allow":["GET"]}}],"collection":[{"href":"https:\/\/www.p31noticias.com.br\/index.php?rest_route=\/wp\/v2\/posts"}],"about":[{"href":"https:\/\/www.p31noticias.com.br\/index.php?rest_route=\/wp\/v2\/types\/post"}],"author":[{"embeddable":true,"href":"https:\/\/www.p31noticias.com.br\/index.php?rest_route=\/wp\/v2\/users\/18"}],"replies":[{"embeddable":true,"href":"https:\/\/www.p31noticias.com.br\/index.php?rest_route=%2Fwp%2Fv2%2Fcomments&post=21810"}],"version-history":[{"count":0,"href":"https:\/\/www.p31noticias.com.br\/index.php?rest_route=\/wp\/v2\/posts\/21810\/revisions"}],"wp:featuredmedia":[{"embeddable":true,"href":"https:\/\/www.p31noticias.com.br\/index.php?rest_route=\/wp\/v2\/media\/21811"}],"wp:attachment":[{"href":"https:\/\/www.p31noticias.com.br\/index.php?rest_route=%2Fwp%2Fv2%2Fmedia&parent=21810"}],"wp:term":[{"taxonomy":"category","embeddable":true,"href":"https:\/\/www.p31noticias.com.br\/index.php?rest_route=%2Fwp%2Fv2%2Fcategories&post=21810"},{"taxonomy":"post_tag","embeddable":true,"href":"https:\/\/www.p31noticias.com.br\/index.php?rest_route=%2Fwp%2Fv2%2Ftags&post=21810"}],"curies":[{"name":"wp","href":"https:\/\/api.w.org\/{rel}","templated":true}]}}