{"id":21794,"date":"2020-04-19T14:32:10","date_gmt":"2020-04-19T17:32:10","guid":{"rendered":"https:\/\/jornaldoplanalto.com.br\/web\/?p=21794"},"modified":"2020-04-19T14:32:10","modified_gmt":"2020-04-19T17:32:10","slug":"entrevista-45","status":"publish","type":"post","link":"https:\/\/www.p31noticias.com.br\/?p=21794","title":{"rendered":"Entrevista"},"content":{"rendered":"<p>&nbsp;<\/p>\n<p><strong>FBHA auxilia<\/strong><strong> na preserva\u00e7\u00e3o dos empregos<br \/>\nno setor de Turismo<\/strong><\/p>\n<p>&nbsp;<\/p>\n<p>A chegada do novo coronav\u00edrus no Brasil, h\u00e1 mais de um m\u00eas, foi determinante para mudar a vida da popula\u00e7\u00e3o brasileira. O setor do turismo, por sua vez, \u00e9 um dos que mais sofrem os efeitos negativos do Covid-19 \u2013 os bares e restaurantes est\u00e3o funcionando apenas por delivery; enquanto os hot\u00e9is, registram pouca ou nenhuma demanda nesse per\u00edodo. Na primeira quinzena de mar\u00e7o, por exemplo, houve preju\u00edzo acima de R$ 2,2 bilh\u00f5es. Para evitar um colapso econ\u00f4mico por conta da pandemia, entidades representativas do setor \u2013 entre elas a Federa\u00e7\u00e3o Brasileira de Hospedagem e Alimenta\u00e7\u00e3o (FBHA) \u2013 se encontraram in\u00fameras vezes, ao longo das \u00faltimas semanas, para buscar alternativas capazes de evitar uma \u201cquebradeira\u201d em massa das empresas, que integram o trade tur\u00edstico. Confira a entrevista do presidente da FBHA, <strong>Alexandre Sampaio<\/strong>, que fala sobre esse novo momento e o que vem sendo feito para minimizar os impactos da doen\u00e7a nos setores de hospedagem e alimenta\u00e7\u00e3o.<\/p>\n<p><strong>H\u00e1 estimativa do impacto do Covid-19 no turismo?\u00a0 <\/strong><\/p>\n<p>No \u00e2mbito mundial, a Organiza\u00e7\u00e3o Mundial do Turismo (OMT) prev\u00ea um retrocesso entre 20 e 30% do turismo internacional, em 2020, devido \u00e0 pandemia. \u00c9 poss\u00edvel que haja uma redu\u00e7\u00e3o do faturamento entre US$ 300 bilh\u00f5es e US$ 450 bilh\u00f5es.<\/p>\n<p>O setor de turismo perdeu R$ 14 bilh\u00f5es em faturamento em mar\u00e7o, na compara\u00e7\u00e3o com igual m\u00eas de 2019, por causa da pandemia do novo coronav\u00edrus, segundo estudo da Confedera\u00e7\u00e3o Nacional do Com\u00e9rcio de Bens, Servi\u00e7os e Turismo (CNC), que ser\u00e1 divulgado nesta quarta-feira, 8. A queda na atividade poderia levar ao fechamento de 295 mil vagas formais de trabalho em at\u00e9 tr\u00eas meses.<\/p>\n<p><strong>Qual ser\u00e1 a principal bandeira do trade quando as atividades forem reestabelecidas?<\/strong><\/p>\n<p>Quando a batalha contra o coronav\u00edrus for vencida, \u00e9 preciso ter em mente que o turismo voltar\u00e1 a movimentar renda naturalmente \u2013 assim como ir\u00e1 gerar empregos \u2013 com o consumo nacional. Ser\u00e1 um momento crucial para motivarmos viagens para dentro do pr\u00f3prio pa\u00eds, de modo que consigamos nos reerguer rapidamente.<\/p>\n<p>\u00c9 sabido que o segmento \u00e9 significativo para a economia, levando em considera\u00e7\u00e3o que, em 2019, a OMT registrou que um em cada dez empregos em todo o mundo s\u00e3o relacionados ao trade.<\/p>\n<p><strong>O setor est\u00e1 preparado para o retorno das atividades?<\/strong><\/p>\n<p>Na rede de hotelaria, por exemplo, orientamos as principais medidas preventivas para os empregados e h\u00f3spedes. H\u00e1, ainda, a preocupa\u00e7\u00e3o em informar a maneira correta de desinfetar objetos. A higiene b\u00e1sica, como \u00e9 refor\u00e7ada diariamente, \u00e9 uma das maiores aliadas no combate a este inimigo invis\u00edvel.<\/p>\n<p>\u00c9 v\u00e1lido lembrar que, assim como em outras pandemias, essa fase \u00e9 passageira. A conscientiza\u00e7\u00e3o e as boas pr\u00e1ticas ser\u00e3o sempre os melhores exemplos.<\/p>\n<p><strong>A FBHA tem feito algo para auxiliar a preserva\u00e7\u00e3o dos empregos no setor? <\/strong><\/p>\n<p>Na \u00faltima segunda (6), apresentamos duas emendas aditivas pleiteadas pela deputada Magda Mofatto (PL-GO), voltada para a Medida Provis\u00f3ria n\u00ba 936, com intuito de proteger empregos e auxiliar a recupera\u00e7\u00e3o do setor do turismo ap\u00f3s a pandemia do coronav\u00edrus.<\/p>\n<p>A primeira solicita a inclus\u00e3o do inciso IV ao art. 17, onde os empregados que possu\u00edrem o contrato de trabalho rescindido poder\u00e3o ser readmitidos a qualquer momento ap\u00f3s o final de calamidade p\u00fablica, decorrente do novo coronav\u00edrus, n\u00e3o sendo necess\u00e1rio obedecer os limites legais da Portaria do Minist\u00e9rio do Trabalho e Emprego (MTE) n\u00ba 384\/1992, onde esta informa que deve ser respeitado o prazo de 90 dias para a recontrata\u00e7\u00e3o de um funcion\u00e1rio.<\/p>\n<p>J\u00e1 a segunda levanta a possibilidade de que as empresas possam usar o Programa Emergencial de Manuten\u00e7\u00e3o do Emprego e da Renda, durante todo o per\u00edodo de decreta\u00e7\u00e3o da epidemia e n\u00e3o somente por 90 dias.<\/p>\n<p>A federa\u00e7\u00e3o ainda pontua a adi\u00e7\u00e3o do art. 8\u00ba da medida, a prorroga\u00e7\u00e3o da suspens\u00e3o tempor\u00e1ria do contrato de trabalho de seus empregados durante a manuten\u00e7\u00e3o do estado extraordin\u00e1rio, de calamidade p\u00fablica. Por ora, possui o prazo m\u00e1ximo para essa a\u00e7\u00e3o \u00e9 apenas de sessenta dias.<\/p>\n<p><strong>Quando o setor ir\u00e1 come\u00e7ar a reagir? <\/strong><\/p>\n<p>O setor do turismo demorar\u00e1 mais tempo a reagir do que o restante da economia, pois depende exclusivamente da normaliza\u00e7\u00e3o do fluxo de pessoas, e isso n\u00e3o ocorrer\u00e1 de forma imediata. A previs\u00e3o \u00e9 que o setor comece a reagir a partir da pr\u00f3xima alta temporada, ou seja, nas festas de fim de ano.<\/p>\n<p>SERVI\u00c7O:<\/p>\n<p><strong>FBHA<\/strong><\/p>\n<p><a href=\"http:\/\/www.fbha.com.br\">www.fbha.com.br<\/a><\/p>\n<p>(61) 3326-6556<\/p>\n<p>_______________________________________________________________<\/p>\n<p><u>Instituo Lojas Renner<\/u><\/p>\n<p><strong>Rede de colabora\u00e7\u00e3o engaja parceiros para fazer o bem<\/strong><\/p>\n<p>A Lojas Renner, por meio de seu bra\u00e7o social, o Instituto Lojas Renner, est\u00e1 mobilizando uma rede de colabora\u00e7\u00e3o que resultar\u00e1 na doa\u00e7\u00e3o de mais de 1,3 milh\u00e3o de unidades de Equipamentos de Prote\u00e7\u00e3o Individual (EPIs) para institui\u00e7\u00f5es de sa\u00fade e profissionais dedicados ao tratamento de pacientes com coronav\u00edrus (Covid-19) em diferentes cidades do Brasil. Para fabricar 1,2 milh\u00e3o de m\u00e1scaras de prote\u00e7\u00e3o e 150 mil aventais hospitalares, foram providenciadas cerca de 16 toneladas de mat\u00e9ria-prima 100% nacional &#8211; uma parte foi comprada pelo Instituto Lojas Renner e a outra foi doada pelas empresas Braskem, petroqu\u00edmica que fabricou a mat\u00e9ria-prima, e Fitesa, que a converteu em n\u00e3o tecido. A varejista de moda desenvolveu os modelos de EPIs em acordo com as orienta\u00e7\u00f5es t\u00e9cnicas vigentes e com a necessidade das institui\u00e7\u00f5es de sa\u00fade. A fabrica\u00e7\u00e3o dos equipamentos est\u00e1 sendo feita por ind\u00fastrias de confec\u00e7\u00e3o que j\u00e1 fazem parte da rede de fornecedores da Renner, e que adaptaram seu processo produtivo para atender \u00e0 demanda.<\/p>\n<p>_______________________________________________________________<\/p>\n<p><u>Agenda<\/u><\/p>\n<p>&nbsp;<\/p>\n<p><strong>Encontro Fraternidade Sem Fronteiras agora ser\u00e1 online<\/strong><\/p>\n<p><a href=\"https:\/\/www.delioandrade.com.br\/wp-content\/uploads\/2020\/04\/Parabolica_abril.jpeg\"><img loading=\"lazy\" decoding=\"async\" class=\"alignnone size-full wp-image-21796\" src=\"https:\/\/www.delioandrade.com.br\/wp-content\/uploads\/2020\/04\/Parabolica_abril.jpeg\" alt=\"\" width=\"904\" height=\"1280\" srcset=\"https:\/\/www.p31noticias.com.br\/wp-content\/uploads\/2020\/04\/Parabolica_abril.jpeg 904w, https:\/\/www.p31noticias.com.br\/wp-content\/uploads\/2020\/04\/Parabolica_abril-212x300.jpeg 212w, https:\/\/www.p31noticias.com.br\/wp-content\/uploads\/2020\/04\/Parabolica_abril-723x1024.jpeg 723w, https:\/\/www.p31noticias.com.br\/wp-content\/uploads\/2020\/04\/Parabolica_abril-768x1087.jpeg 768w, https:\/\/www.p31noticias.com.br\/wp-content\/uploads\/2020\/04\/Parabolica_abril-696x985.jpeg 696w, https:\/\/www.p31noticias.com.br\/wp-content\/uploads\/2020\/04\/Parabolica_abril-297x420.jpeg 297w\" sizes=\"auto, (max-width: 904px) 100vw, 904px\" \/><\/a>O IV Encontro Fraternidade sem Fronteiras, marcado para os dias 17, 18 e 19 de abril (que seria realizado em S\u00e3o Paulo\/SP, no Pavilh\u00e3o de Exposi\u00e7\u00f5es Anhembi e foi cancelado devido ao atual cen\u00e1rio da pandemia de Coronav\u00edrus), ser\u00e1 agora realizado nas mesmas datas, das 9h \u00e0s 19h, por meio de transmiss\u00e3o via m\u00eddias sociais da organiza\u00e7\u00e3o humanit\u00e1ria que realiza o evento: Fraternidade sem Fronteiras (FSF). Com programa\u00e7\u00e3o aberta ao p\u00fablico, a decis\u00e3o foi tomada ap\u00f3s sugest\u00f5es de amigos da causa e apoio de volunt\u00e1rios, artistas e expositores: \u201cPensamos com muito carinho em todas as sugest\u00f5es para que o IV Encontro FSF ainda pudesse acontecer e \u00e9 com alegria que informamos que esse evento t\u00e3o importante ser\u00e1 mantido\u201d, destaca o fundador-presidente da FSF, Wagner Moura Gomes.<\/p>\n<p>_______________________________________________________________<\/p>\n<p><u>Solidariedade<\/u><\/p>\n<p><strong>Natura refor\u00e7a compromisso social na pandemia<\/strong><\/p>\n<p>H\u00e1 marcas que, diante da pandemia da Covid-19, est\u00e3o refor\u00e7ando, ainda mais, o compromisso social e a solidariedade com as popula\u00e7\u00f5es menos favor\u00e1veis economicamente. A Natura \u00e9 um exemplo, ao estabelecer parcerias para produzir \u00e1lcool em gel e l\u00edquido em solu\u00e7\u00e3o 70%. Nas f\u00e1bricas da empresa em Cajamar (SP), a produ\u00e7\u00e3o de \u00e1lcool teve in\u00edcio em abril, em uma primeira onda que prev\u00ea o envase de cerca de 75 mil frascos de \u00e1lcool em gel e cerca de 500 mil frascos de \u00e1lcool l\u00edquido 70%, e tem o apoio de parceiros como BASF, Prakolar, Avery Dennison, Ra\u00edzen, Trizy, Box Print, Gr\u00e1fica 43 e All4labels.Antes disso, a Natura j\u00e1 havia anunciado, em mar\u00e7o, a parceria com a Avon e a S\u00e3o Martinho para doa\u00e7\u00e3o de 15 mil quilos de \u00e1lcool gel e 150 mil litros de \u00e1lcool em solu\u00e7\u00e3o 70% para a Secret\u00e1ria de Sa\u00fade de S\u00e3o Paulo. Juntamente com a Avon, a Natura tamb\u00e9m se comprometeu a doar 2,8 milh\u00f5es de sabonetes na Am\u00e9rica Latina &#8211; mais de um milh\u00e3o de unidades j\u00e1 foram entregues, beneficiando institui\u00e7\u00f5es como a Cruz Vermelha, Hospital S\u00e3o Paulo, CUFA (Central \u00danica de Favelas) e comunidades parcerias da Natura.<\/p>\n<p>_______________________________________________________________<\/p>\n<p><u>Educa\u00e7\u00e3o<\/u><\/p>\n<p><strong>MEC autoriza formatura antecipada de estudantes de Medicina, Enfermagem, Farm\u00e1cia e Fisioterapia<\/strong><\/p>\n<p>Estudantes de Medicina poder\u00e3o se formar ao concluir 75% do internato e alunos de Enfermagem, Farm\u00e1cia e Fisioterapia, no momento em que cursarem a mesma porcentagem do ensino curricular obrigat\u00f3rio. A medida tem car\u00e1ter excepcional, valer\u00e1 enquanto durar a situa\u00e7\u00e3o de emerg\u00eancia na sa\u00fade p\u00fablica e servir\u00e1 exclusivamente para atua\u00e7\u00e3o no combate ao novo coronav\u00edrus. A autoriza\u00e7\u00e3o do Minist\u00e9rio da Educa\u00e7\u00e3o (MEC) consta em\u00a0portaria\u00a0publicada na edi\u00e7\u00e3o do \u00faltimo dia 6 de abril, do\u00a0Di\u00e1rio Oficial da Uni\u00e3o\u00a0(DOU). O normativo regulamenta parte da\u00a0Medida Provis\u00f3ria 934, que\u00a0flexibilizou a quantidade de dias do ano letivo\u00a0e determinou que haja a possibilidade de conclus\u00e3o de curso antecipada para Medicina, Enfermagem, Farm\u00e1cia e Fisioterapia. &#8220;O objetivo dessa medida \u00e9 refor\u00e7ar o combate \u00e0 pandemia do novo coronav\u00edrus. Permitir que mais profissionais possa atuar nessa situa\u00e7\u00e3o de emerg\u00eancia \u00e9 imprescind\u00edvel&#8221;, destacou o secret\u00e1rio de Educa\u00e7\u00e3o Superior do MEC, Wagner Vilas Boas de Souza.<\/p>\n<p>&nbsp;<\/p>\n","protected":false},"excerpt":{"rendered":"<p>&nbsp; FBHA auxilia na preserva\u00e7\u00e3o dos empregos no setor de Turismo &nbsp; A chegada do novo coronav\u00edrus no Brasil, h\u00e1 mais de um m\u00eas, foi determinante para mudar a vida da popula\u00e7\u00e3o brasileira. O setor do turismo, por sua vez, \u00e9 um dos que mais sofrem os efeitos negativos do Covid-19 \u2013 os bares e [&hellip;]<\/p>\n","protected":false},"author":18,"featured_media":21795,"comment_status":"open","ping_status":"open","sticky":false,"template":"","format":"standard","meta":{"footnotes":""},"categories":[1],"tags":[],"class_list":{"0":"post-21794","1":"post","2":"type-post","3":"status-publish","4":"format-standard","5":"has-post-thumbnail","7":"category-outros"},"yoast_head":"<!-- This site is optimized with the Yoast SEO Premium plugin v24.5 (Yoast SEO v27.5) - https:\/\/yoast.com\/product\/yoast-seo-premium-wordpress\/ -->\n<title>Entrevista - P31<\/title>\n<meta name=\"robots\" content=\"index, follow, max-snippet:-1, max-image-preview:large, max-video-preview:-1\" \/>\n<link rel=\"canonical\" href=\"https:\/\/www.p31noticias.com.br\/?p=21794\" \/>\n<meta property=\"og:locale\" content=\"pt_BR\" \/>\n<meta property=\"og:type\" content=\"article\" \/>\n<meta property=\"og:title\" content=\"Entrevista\" \/>\n<meta property=\"og:description\" content=\"&nbsp; FBHA auxilia na preserva\u00e7\u00e3o dos empregos no setor de Turismo &nbsp; A chegada do novo coronav\u00edrus no Brasil, h\u00e1 mais de um m\u00eas, foi determinante para mudar a vida da popula\u00e7\u00e3o brasileira. O setor do turismo, por sua vez, \u00e9 um dos que mais sofrem os efeitos negativos do Covid-19 \u2013 os bares e [&hellip;]\" \/>\n<meta property=\"og:url\" content=\"https:\/\/www.p31noticias.com.br\/?p=21794\" \/>\n<meta property=\"og:site_name\" content=\"P31\" \/>\n<meta property=\"article:published_time\" content=\"2020-04-19T17:32:10+00:00\" \/>\n<meta property=\"og:image\" content=\"https:\/\/www.p31noticias.com.br\/wp-content\/uploads\/2020\/04\/Parabolica_abril_Presidente-FBHA-Alexandre-Sampaio-cr\u00e9dito-Chritina-Bocayuva.jpeg\" \/>\n\t<meta property=\"og:image:width\" content=\"1280\" \/>\n\t<meta property=\"og:image:height\" content=\"859\" \/>\n\t<meta property=\"og:image:type\" content=\"image\/jpeg\" \/>\n<meta name=\"author\" content=\"Reda\u00e7\u00e3o JBN\" \/>\n<meta name=\"twitter:card\" content=\"summary_large_image\" \/>\n<meta name=\"twitter:label1\" content=\"Escrito por\" \/>\n\t<meta name=\"twitter:data1\" content=\"Reda\u00e7\u00e3o JBN\" \/>\n\t<meta name=\"twitter:label2\" content=\"Est. tempo de leitura\" \/>\n\t<meta name=\"twitter:data2\" content=\"8 minutos\" \/>\n<script type=\"application\/ld+json\" class=\"yoast-schema-graph\">{\"@context\":\"https:\\\/\\\/schema.org\",\"@graph\":[{\"@type\":\"Article\",\"@id\":\"https:\\\/\\\/www.p31noticias.com.br\\\/?p=21794#article\",\"isPartOf\":{\"@id\":\"https:\\\/\\\/www.p31noticias.com.br\\\/?p=21794\"},\"author\":{\"name\":\"Reda\u00e7\u00e3o JBN\",\"@id\":\"https:\\\/\\\/www.p31noticias.com.br\\\/#\\\/schema\\\/person\\\/77d6b186c710ac38937c6ec204fdd387\"},\"headline\":\"Entrevista\",\"datePublished\":\"2020-04-19T17:32:10+00:00\",\"mainEntityOfPage\":{\"@id\":\"https:\\\/\\\/www.p31noticias.com.br\\\/?p=21794\"},\"wordCount\":1526,\"commentCount\":0,\"image\":{\"@id\":\"https:\\\/\\\/www.p31noticias.com.br\\\/?p=21794#primaryimage\"},\"thumbnailUrl\":\"https:\\\/\\\/www.p31noticias.com.br\\\/wp-content\\\/uploads\\\/2020\\\/04\\\/Parabolica_abril_Presidente-FBHA-Alexandre-Sampaio-cr\u00e9dito-Chritina-Bocayuva.jpeg\",\"articleSection\":[\"Outros\"],\"inLanguage\":\"pt-BR\",\"potentialAction\":[{\"@type\":\"CommentAction\",\"name\":\"Comment\",\"target\":[\"https:\\\/\\\/www.p31noticias.com.br\\\/?p=21794#respond\"]}],\"copyrightYear\":\"2020\",\"copyrightHolder\":{\"@id\":\"https:\\\/\\\/www.p31noticias.com.br\\\/#organization\"}},{\"@type\":\"WebPage\",\"@id\":\"https:\\\/\\\/www.p31noticias.com.br\\\/?p=21794\",\"url\":\"https:\\\/\\\/www.p31noticias.com.br\\\/?p=21794\",\"name\":\"Entrevista - P31\",\"isPartOf\":{\"@id\":\"https:\\\/\\\/www.p31noticias.com.br\\\/#website\"},\"primaryImageOfPage\":{\"@id\":\"https:\\\/\\\/www.p31noticias.com.br\\\/?p=21794#primaryimage\"},\"image\":{\"@id\":\"https:\\\/\\\/www.p31noticias.com.br\\\/?p=21794#primaryimage\"},\"thumbnailUrl\":\"https:\\\/\\\/www.p31noticias.com.br\\\/wp-content\\\/uploads\\\/2020\\\/04\\\/Parabolica_abril_Presidente-FBHA-Alexandre-Sampaio-cr\u00e9dito-Chritina-Bocayuva.jpeg\",\"datePublished\":\"2020-04-19T17:32:10+00:00\",\"author\":{\"@id\":\"https:\\\/\\\/www.p31noticias.com.br\\\/#\\\/schema\\\/person\\\/77d6b186c710ac38937c6ec204fdd387\"},\"breadcrumb\":{\"@id\":\"https:\\\/\\\/www.p31noticias.com.br\\\/?p=21794#breadcrumb\"},\"inLanguage\":\"pt-BR\",\"potentialAction\":[{\"@type\":\"ReadAction\",\"target\":[\"https:\\\/\\\/www.p31noticias.com.br\\\/?p=21794\"]}]},{\"@type\":\"ImageObject\",\"inLanguage\":\"pt-BR\",\"@id\":\"https:\\\/\\\/www.p31noticias.com.br\\\/?p=21794#primaryimage\",\"url\":\"https:\\\/\\\/www.p31noticias.com.br\\\/wp-content\\\/uploads\\\/2020\\\/04\\\/Parabolica_abril_Presidente-FBHA-Alexandre-Sampaio-cr\u00e9dito-Chritina-Bocayuva.jpeg\",\"contentUrl\":\"https:\\\/\\\/www.p31noticias.com.br\\\/wp-content\\\/uploads\\\/2020\\\/04\\\/Parabolica_abril_Presidente-FBHA-Alexandre-Sampaio-cr\u00e9dito-Chritina-Bocayuva.jpeg\",\"width\":1280,\"height\":859},{\"@type\":\"BreadcrumbList\",\"@id\":\"https:\\\/\\\/www.p31noticias.com.br\\\/?p=21794#breadcrumb\",\"itemListElement\":[{\"@type\":\"ListItem\",\"position\":1,\"name\":\"In\u00edcio\",\"item\":\"https:\\\/\\\/www.p31noticias.com.br\\\/\"},{\"@type\":\"ListItem\",\"position\":2,\"name\":\"Entrevista\"}]},{\"@type\":\"WebSite\",\"@id\":\"https:\\\/\\\/www.p31noticias.com.br\\\/#website\",\"url\":\"https:\\\/\\\/www.p31noticias.com.br\\\/\",\"name\":\"P31\",\"description\":\"NOT\u00cdCIAS\",\"potentialAction\":[{\"@type\":\"SearchAction\",\"target\":{\"@type\":\"EntryPoint\",\"urlTemplate\":\"https:\\\/\\\/www.p31noticias.com.br\\\/?s={search_term_string}\"},\"query-input\":{\"@type\":\"PropertyValueSpecification\",\"valueRequired\":true,\"valueName\":\"search_term_string\"}}],\"inLanguage\":\"pt-BR\"},{\"@type\":\"Person\",\"@id\":\"https:\\\/\\\/www.p31noticias.com.br\\\/#\\\/schema\\\/person\\\/77d6b186c710ac38937c6ec204fdd387\",\"name\":\"Reda\u00e7\u00e3o JBN\",\"image\":{\"@type\":\"ImageObject\",\"inLanguage\":\"pt-BR\",\"@id\":\"https:\\\/\\\/secure.gravatar.com\\\/avatar\\\/10fcdb93211f98cce3d64c0795b0915a9a4a21dc0f279238995a3dbfafcad090?s=96&d=mm&r=g\",\"url\":\"https:\\\/\\\/secure.gravatar.com\\\/avatar\\\/10fcdb93211f98cce3d64c0795b0915a9a4a21dc0f279238995a3dbfafcad090?s=96&d=mm&r=g\",\"contentUrl\":\"https:\\\/\\\/secure.gravatar.com\\\/avatar\\\/10fcdb93211f98cce3d64c0795b0915a9a4a21dc0f279238995a3dbfafcad090?s=96&d=mm&r=g\",\"caption\":\"Reda\u00e7\u00e3o JBN\"},\"sameAs\":[\"https:\\\/\\\/p31noticias.com.br\"],\"url\":\"https:\\\/\\\/www.p31noticias.com.br\\\/?author=18\"}]}<\/script>\n<!-- \/ Yoast SEO Premium plugin. -->","yoast_head_json":{"title":"Entrevista - P31","robots":{"index":"index","follow":"follow","max-snippet":"max-snippet:-1","max-image-preview":"max-image-preview:large","max-video-preview":"max-video-preview:-1"},"canonical":"https:\/\/www.p31noticias.com.br\/?p=21794","og_locale":"pt_BR","og_type":"article","og_title":"Entrevista","og_description":"&nbsp; FBHA auxilia na preserva\u00e7\u00e3o dos empregos no setor de Turismo &nbsp; A chegada do novo coronav\u00edrus no Brasil, h\u00e1 mais de um m\u00eas, foi determinante para mudar a vida da popula\u00e7\u00e3o brasileira. O setor do turismo, por sua vez, \u00e9 um dos que mais sofrem os efeitos negativos do Covid-19 \u2013 os bares e [&hellip;]","og_url":"https:\/\/www.p31noticias.com.br\/?p=21794","og_site_name":"P31","article_published_time":"2020-04-19T17:32:10+00:00","og_image":[{"width":1280,"height":859,"url":"https:\/\/www.p31noticias.com.br\/wp-content\/uploads\/2020\/04\/Parabolica_abril_Presidente-FBHA-Alexandre-Sampaio-cr\u00e9dito-Chritina-Bocayuva.jpeg","type":"image\/jpeg"}],"author":"Reda\u00e7\u00e3o JBN","twitter_card":"summary_large_image","twitter_misc":{"Escrito por":"Reda\u00e7\u00e3o JBN","Est. tempo de leitura":"8 minutos"},"schema":{"@context":"https:\/\/schema.org","@graph":[{"@type":"Article","@id":"https:\/\/www.p31noticias.com.br\/?p=21794#article","isPartOf":{"@id":"https:\/\/www.p31noticias.com.br\/?p=21794"},"author":{"name":"Reda\u00e7\u00e3o JBN","@id":"https:\/\/www.p31noticias.com.br\/#\/schema\/person\/77d6b186c710ac38937c6ec204fdd387"},"headline":"Entrevista","datePublished":"2020-04-19T17:32:10+00:00","mainEntityOfPage":{"@id":"https:\/\/www.p31noticias.com.br\/?p=21794"},"wordCount":1526,"commentCount":0,"image":{"@id":"https:\/\/www.p31noticias.com.br\/?p=21794#primaryimage"},"thumbnailUrl":"https:\/\/www.p31noticias.com.br\/wp-content\/uploads\/2020\/04\/Parabolica_abril_Presidente-FBHA-Alexandre-Sampaio-cr\u00e9dito-Chritina-Bocayuva.jpeg","articleSection":["Outros"],"inLanguage":"pt-BR","potentialAction":[{"@type":"CommentAction","name":"Comment","target":["https:\/\/www.p31noticias.com.br\/?p=21794#respond"]}],"copyrightYear":"2020","copyrightHolder":{"@id":"https:\/\/www.p31noticias.com.br\/#organization"}},{"@type":"WebPage","@id":"https:\/\/www.p31noticias.com.br\/?p=21794","url":"https:\/\/www.p31noticias.com.br\/?p=21794","name":"Entrevista - P31","isPartOf":{"@id":"https:\/\/www.p31noticias.com.br\/#website"},"primaryImageOfPage":{"@id":"https:\/\/www.p31noticias.com.br\/?p=21794#primaryimage"},"image":{"@id":"https:\/\/www.p31noticias.com.br\/?p=21794#primaryimage"},"thumbnailUrl":"https:\/\/www.p31noticias.com.br\/wp-content\/uploads\/2020\/04\/Parabolica_abril_Presidente-FBHA-Alexandre-Sampaio-cr\u00e9dito-Chritina-Bocayuva.jpeg","datePublished":"2020-04-19T17:32:10+00:00","author":{"@id":"https:\/\/www.p31noticias.com.br\/#\/schema\/person\/77d6b186c710ac38937c6ec204fdd387"},"breadcrumb":{"@id":"https:\/\/www.p31noticias.com.br\/?p=21794#breadcrumb"},"inLanguage":"pt-BR","potentialAction":[{"@type":"ReadAction","target":["https:\/\/www.p31noticias.com.br\/?p=21794"]}]},{"@type":"ImageObject","inLanguage":"pt-BR","@id":"https:\/\/www.p31noticias.com.br\/?p=21794#primaryimage","url":"https:\/\/www.p31noticias.com.br\/wp-content\/uploads\/2020\/04\/Parabolica_abril_Presidente-FBHA-Alexandre-Sampaio-cr\u00e9dito-Chritina-Bocayuva.jpeg","contentUrl":"https:\/\/www.p31noticias.com.br\/wp-content\/uploads\/2020\/04\/Parabolica_abril_Presidente-FBHA-Alexandre-Sampaio-cr\u00e9dito-Chritina-Bocayuva.jpeg","width":1280,"height":859},{"@type":"BreadcrumbList","@id":"https:\/\/www.p31noticias.com.br\/?p=21794#breadcrumb","itemListElement":[{"@type":"ListItem","position":1,"name":"In\u00edcio","item":"https:\/\/www.p31noticias.com.br\/"},{"@type":"ListItem","position":2,"name":"Entrevista"}]},{"@type":"WebSite","@id":"https:\/\/www.p31noticias.com.br\/#website","url":"https:\/\/www.p31noticias.com.br\/","name":"P31","description":"NOT\u00cdCIAS","potentialAction":[{"@type":"SearchAction","target":{"@type":"EntryPoint","urlTemplate":"https:\/\/www.p31noticias.com.br\/?s={search_term_string}"},"query-input":{"@type":"PropertyValueSpecification","valueRequired":true,"valueName":"search_term_string"}}],"inLanguage":"pt-BR"},{"@type":"Person","@id":"https:\/\/www.p31noticias.com.br\/#\/schema\/person\/77d6b186c710ac38937c6ec204fdd387","name":"Reda\u00e7\u00e3o JBN","image":{"@type":"ImageObject","inLanguage":"pt-BR","@id":"https:\/\/secure.gravatar.com\/avatar\/10fcdb93211f98cce3d64c0795b0915a9a4a21dc0f279238995a3dbfafcad090?s=96&d=mm&r=g","url":"https:\/\/secure.gravatar.com\/avatar\/10fcdb93211f98cce3d64c0795b0915a9a4a21dc0f279238995a3dbfafcad090?s=96&d=mm&r=g","contentUrl":"https:\/\/secure.gravatar.com\/avatar\/10fcdb93211f98cce3d64c0795b0915a9a4a21dc0f279238995a3dbfafcad090?s=96&d=mm&r=g","caption":"Reda\u00e7\u00e3o JBN"},"sameAs":["https:\/\/p31noticias.com.br"],"url":"https:\/\/www.p31noticias.com.br\/?author=18"}]}},"amp_enabled":true,"_links":{"self":[{"href":"https:\/\/www.p31noticias.com.br\/index.php?rest_route=\/wp\/v2\/posts\/21794","targetHints":{"allow":["GET"]}}],"collection":[{"href":"https:\/\/www.p31noticias.com.br\/index.php?rest_route=\/wp\/v2\/posts"}],"about":[{"href":"https:\/\/www.p31noticias.com.br\/index.php?rest_route=\/wp\/v2\/types\/post"}],"author":[{"embeddable":true,"href":"https:\/\/www.p31noticias.com.br\/index.php?rest_route=\/wp\/v2\/users\/18"}],"replies":[{"embeddable":true,"href":"https:\/\/www.p31noticias.com.br\/index.php?rest_route=%2Fwp%2Fv2%2Fcomments&post=21794"}],"version-history":[{"count":0,"href":"https:\/\/www.p31noticias.com.br\/index.php?rest_route=\/wp\/v2\/posts\/21794\/revisions"}],"wp:featuredmedia":[{"embeddable":true,"href":"https:\/\/www.p31noticias.com.br\/index.php?rest_route=\/wp\/v2\/media\/21795"}],"wp:attachment":[{"href":"https:\/\/www.p31noticias.com.br\/index.php?rest_route=%2Fwp%2Fv2%2Fmedia&parent=21794"}],"wp:term":[{"taxonomy":"category","embeddable":true,"href":"https:\/\/www.p31noticias.com.br\/index.php?rest_route=%2Fwp%2Fv2%2Fcategories&post=21794"},{"taxonomy":"post_tag","embeddable":true,"href":"https:\/\/www.p31noticias.com.br\/index.php?rest_route=%2Fwp%2Fv2%2Ftags&post=21794"}],"curies":[{"name":"wp","href":"https:\/\/api.w.org\/{rel}","templated":true}]}}