{"id":21791,"date":"2020-04-19T14:28:59","date_gmt":"2020-04-19T17:28:59","guid":{"rendered":"https:\/\/jornaldoplanalto.com.br\/web\/?p=21791"},"modified":"2020-04-19T14:28:59","modified_gmt":"2020-04-19T17:28:59","slug":"ficar-em-casa-nao-e-desculpa-para-descuidar-da-saude","status":"publish","type":"post","link":"https:\/\/www.p31noticias.com.br\/?p=21791","title":{"rendered":"Ficar em casa n\u00e3o \u00e9 desculpa para descuidar da sa\u00fade"},"content":{"rendered":"<p><\/a>Talyta Machado \u2013 Nutricionista CRN\/1 15591<br \/>\nAcademia Bodytech \u2013 Setor Sudoeste Quadra 301\/302, Lote 3<br \/>\nInstagram\/Facebook: @talytamac<br \/>\nConsultas: 61 99449-5532<\/p>\n<p>&nbsp;<\/p>\n<p>&nbsp;<\/p>\n<p>&nbsp;<\/p>\n<p>Neste per\u00edodo de isolamento, \u00e9 comum nos despreocuparmos e ignorarmos alguns fatores essenciais para qualidade de vida e sa\u00fade. Mesmo com todo o impacto psicol\u00f3gico que vem junto deste momento, temos que nos fortalecer naquilo que nos faz humanos, e buscar formas de manter a sa\u00fade f\u00edsica e mental, afinal, ningu\u00e9m quer perder o controle, n\u00e3o \u00e9?<\/p>\n<p>Tr\u00eas pontos essenciais destaco aqui:<\/p>\n<p>1 \u2013 Sedentarismo: o fato de estarmos em casa j\u00e1 diminui expressivamente o nosso n\u00edvel de atividade f\u00edsica, mesmo que voc\u00ea n\u00e3o praticasse nenhuma atividade antes. Nossa locomo\u00e7\u00e3o est\u00e1 restrita a andar dentro de casa, e isto causa um impacto negativo em nossa mente e f\u00edsico. Busque realizar algum exerc\u00edcio diariamente, com v\u00eddeos na internet (dan\u00e7a, alongamento, ioga etc.).<\/p>\n<p>2 \u2013 Exposi\u00e7\u00e3o ao sol: mesmo que voc\u00ea n\u00e3o perceba, sua exposi\u00e7\u00e3o ao sol tamb\u00e9m est\u00e1 extremamente restrita. O seu corpo n\u00e3o foi projetado para isto e a falta do contato da sua pele e olhos com raios solares tamb\u00e9m causa altera\u00e7\u00f5es em seu organismo. Separe um momento de manh\u00e3, ao acordar, e v\u00e1 para a frente de casa, varanda do apartamento e se exponha ao sol, sem nenhuma barreira, por 10 a 15 minutos.<\/p>\n<p>3 \u2013 Alimenta\u00e7\u00e3o: este momento pode te levar a dois extremos: excesso, ou falta. Excesso de alimentos ricos em gordura e a\u00e7\u00facar, que levam seu corpo a um ciclo vicioso de recompensa, em que voc\u00ea n\u00e3o consegue parar de comer, se frustra, e isto bem nenhum faz. Do outro lado, a falta de nutrientes essenciais para sua sa\u00fade e sim, imunidade. Afinal, imunidade baixa te coloca em uma situa\u00e7\u00e3o de maior risco para complica\u00e7\u00f5es. Esta falta pode ser por restri\u00e7\u00e3o alimentar, ou por uma alimenta\u00e7\u00e3o inadequada, como a citada nos excessos: com falta, principalmente, de alimentos naturais, frutas, verduras e legumes. N\u00e3o tem problema comer coisas que te agradam, por\u00e9m seu corpo tamb\u00e9m precisa de nutrientes que, muitas vezes, n\u00e3o v\u00e3o estar nestes alimentos industrializados, fast foods etc.<\/p>\n<p>Cuide-se, se precisar, procure ajuda.<\/p>\n<p>Para consultas online: (61) 99449-5532 \u2013 whatsapp<\/p>\n<p>&nbsp;<\/p>\n","protected":false},"excerpt":{"rendered":"<p>Talyta Machado \u2013 Nutricionista CRN\/1 15591 Academia Bodytech \u2013 Setor Sudoeste Quadra 301\/302, Lote 3 Instagram\/Facebook: @talytamac Consultas: 61 99449-5532 &nbsp; &nbsp; &nbsp; Neste per\u00edodo de isolamento, \u00e9 comum nos despreocuparmos e ignorarmos alguns fatores essenciais para qualidade de vida e sa\u00fade. Mesmo com todo o impacto psicol\u00f3gico que vem junto deste momento, temos que [&hellip;]<\/p>\n","protected":false},"author":18,"featured_media":21792,"comment_status":"open","ping_status":"open","sticky":false,"template":"","format":"standard","meta":{"footnotes":""},"categories":[1],"tags":[],"class_list":{"0":"post-21791","1":"post","2":"type-post","3":"status-publish","4":"format-standard","5":"has-post-thumbnail","7":"category-outros"},"yoast_head":"<!-- This site is optimized with the Yoast SEO Premium plugin v24.5 (Yoast SEO v27.5) - https:\/\/yoast.com\/product\/yoast-seo-premium-wordpress\/ -->\n<title>Ficar em casa n\u00e3o \u00e9 desculpa para descuidar da sa\u00fade - P31<\/title>\n<meta name=\"robots\" content=\"index, follow, max-snippet:-1, max-image-preview:large, max-video-preview:-1\" \/>\n<link rel=\"canonical\" href=\"https:\/\/www.p31noticias.com.br\/?p=21791\" \/>\n<meta property=\"og:locale\" content=\"pt_BR\" \/>\n<meta property=\"og:type\" content=\"article\" \/>\n<meta property=\"og:title\" content=\"Ficar em casa n\u00e3o \u00e9 desculpa para descuidar da sa\u00fade\" \/>\n<meta property=\"og:description\" content=\"Talyta Machado \u2013 Nutricionista CRN\/1 15591 Academia Bodytech \u2013 Setor Sudoeste Quadra 301\/302, Lote 3 Instagram\/Facebook: @talytamac Consultas: 61 99449-5532 &nbsp; &nbsp; &nbsp; Neste per\u00edodo de isolamento, \u00e9 comum nos despreocuparmos e ignorarmos alguns fatores essenciais para qualidade de vida e sa\u00fade. Mesmo com todo o impacto psicol\u00f3gico que vem junto deste momento, temos que [&hellip;]\" \/>\n<meta property=\"og:url\" content=\"https:\/\/www.p31noticias.com.br\/?p=21791\" \/>\n<meta property=\"og:site_name\" content=\"P31\" \/>\n<meta property=\"article:published_time\" content=\"2020-04-19T17:28:59+00:00\" \/>\n<meta property=\"og:image\" content=\"https:\/\/www.p31noticias.com.br\/wp-content\/uploads\/2020\/04\/Nutricao_abril.jpg\" \/>\n\t<meta property=\"og:image:width\" content=\"900\" \/>\n\t<meta property=\"og:image:height\" content=\"450\" \/>\n\t<meta property=\"og:image:type\" content=\"image\/jpeg\" \/>\n<meta name=\"author\" content=\"Reda\u00e7\u00e3o JBN\" \/>\n<meta name=\"twitter:card\" content=\"summary_large_image\" \/>\n<meta name=\"twitter:label1\" content=\"Escrito por\" \/>\n\t<meta name=\"twitter:data1\" content=\"Reda\u00e7\u00e3o JBN\" \/>\n\t<meta name=\"twitter:label2\" content=\"Est. tempo de leitura\" \/>\n\t<meta name=\"twitter:data2\" content=\"2 minutos\" \/>\n<script type=\"application\/ld+json\" class=\"yoast-schema-graph\">{\"@context\":\"https:\\\/\\\/schema.org\",\"@graph\":[{\"@type\":\"Article\",\"@id\":\"https:\\\/\\\/www.p31noticias.com.br\\\/?p=21791#article\",\"isPartOf\":{\"@id\":\"https:\\\/\\\/www.p31noticias.com.br\\\/?p=21791\"},\"author\":{\"name\":\"Reda\u00e7\u00e3o JBN\",\"@id\":\"https:\\\/\\\/www.p31noticias.com.br\\\/#\\\/schema\\\/person\\\/77d6b186c710ac38937c6ec204fdd387\"},\"headline\":\"Ficar em casa n\u00e3o \u00e9 desculpa para descuidar da sa\u00fade\",\"datePublished\":\"2020-04-19T17:28:59+00:00\",\"mainEntityOfPage\":{\"@id\":\"https:\\\/\\\/www.p31noticias.com.br\\\/?p=21791\"},\"wordCount\":390,\"commentCount\":0,\"image\":{\"@id\":\"https:\\\/\\\/www.p31noticias.com.br\\\/?p=21791#primaryimage\"},\"thumbnailUrl\":\"https:\\\/\\\/www.p31noticias.com.br\\\/wp-content\\\/uploads\\\/2020\\\/04\\\/Nutricao_abril.jpg\",\"articleSection\":[\"Outros\"],\"inLanguage\":\"pt-BR\",\"potentialAction\":[{\"@type\":\"CommentAction\",\"name\":\"Comment\",\"target\":[\"https:\\\/\\\/www.p31noticias.com.br\\\/?p=21791#respond\"]}],\"copyrightYear\":\"2020\",\"copyrightHolder\":{\"@id\":\"https:\\\/\\\/www.p31noticias.com.br\\\/#organization\"}},{\"@type\":\"WebPage\",\"@id\":\"https:\\\/\\\/www.p31noticias.com.br\\\/?p=21791\",\"url\":\"https:\\\/\\\/www.p31noticias.com.br\\\/?p=21791\",\"name\":\"Ficar em casa n\u00e3o \u00e9 desculpa para descuidar da sa\u00fade - P31\",\"isPartOf\":{\"@id\":\"https:\\\/\\\/www.p31noticias.com.br\\\/#website\"},\"primaryImageOfPage\":{\"@id\":\"https:\\\/\\\/www.p31noticias.com.br\\\/?p=21791#primaryimage\"},\"image\":{\"@id\":\"https:\\\/\\\/www.p31noticias.com.br\\\/?p=21791#primaryimage\"},\"thumbnailUrl\":\"https:\\\/\\\/www.p31noticias.com.br\\\/wp-content\\\/uploads\\\/2020\\\/04\\\/Nutricao_abril.jpg\",\"datePublished\":\"2020-04-19T17:28:59+00:00\",\"author\":{\"@id\":\"https:\\\/\\\/www.p31noticias.com.br\\\/#\\\/schema\\\/person\\\/77d6b186c710ac38937c6ec204fdd387\"},\"breadcrumb\":{\"@id\":\"https:\\\/\\\/www.p31noticias.com.br\\\/?p=21791#breadcrumb\"},\"inLanguage\":\"pt-BR\",\"potentialAction\":[{\"@type\":\"ReadAction\",\"target\":[\"https:\\\/\\\/www.p31noticias.com.br\\\/?p=21791\"]}]},{\"@type\":\"ImageObject\",\"inLanguage\":\"pt-BR\",\"@id\":\"https:\\\/\\\/www.p31noticias.com.br\\\/?p=21791#primaryimage\",\"url\":\"https:\\\/\\\/www.p31noticias.com.br\\\/wp-content\\\/uploads\\\/2020\\\/04\\\/Nutricao_abril.jpg\",\"contentUrl\":\"https:\\\/\\\/www.p31noticias.com.br\\\/wp-content\\\/uploads\\\/2020\\\/04\\\/Nutricao_abril.jpg\",\"width\":900,\"height\":450},{\"@type\":\"BreadcrumbList\",\"@id\":\"https:\\\/\\\/www.p31noticias.com.br\\\/?p=21791#breadcrumb\",\"itemListElement\":[{\"@type\":\"ListItem\",\"position\":1,\"name\":\"In\u00edcio\",\"item\":\"https:\\\/\\\/www.p31noticias.com.br\\\/\"},{\"@type\":\"ListItem\",\"position\":2,\"name\":\"Ficar em casa n\u00e3o \u00e9 desculpa para descuidar da sa\u00fade\"}]},{\"@type\":\"WebSite\",\"@id\":\"https:\\\/\\\/www.p31noticias.com.br\\\/#website\",\"url\":\"https:\\\/\\\/www.p31noticias.com.br\\\/\",\"name\":\"P31\",\"description\":\"NOT\u00cdCIAS\",\"potentialAction\":[{\"@type\":\"SearchAction\",\"target\":{\"@type\":\"EntryPoint\",\"urlTemplate\":\"https:\\\/\\\/www.p31noticias.com.br\\\/?s={search_term_string}\"},\"query-input\":{\"@type\":\"PropertyValueSpecification\",\"valueRequired\":true,\"valueName\":\"search_term_string\"}}],\"inLanguage\":\"pt-BR\"},{\"@type\":\"Person\",\"@id\":\"https:\\\/\\\/www.p31noticias.com.br\\\/#\\\/schema\\\/person\\\/77d6b186c710ac38937c6ec204fdd387\",\"name\":\"Reda\u00e7\u00e3o JBN\",\"image\":{\"@type\":\"ImageObject\",\"inLanguage\":\"pt-BR\",\"@id\":\"https:\\\/\\\/secure.gravatar.com\\\/avatar\\\/10fcdb93211f98cce3d64c0795b0915a9a4a21dc0f279238995a3dbfafcad090?s=96&d=mm&r=g\",\"url\":\"https:\\\/\\\/secure.gravatar.com\\\/avatar\\\/10fcdb93211f98cce3d64c0795b0915a9a4a21dc0f279238995a3dbfafcad090?s=96&d=mm&r=g\",\"contentUrl\":\"https:\\\/\\\/secure.gravatar.com\\\/avatar\\\/10fcdb93211f98cce3d64c0795b0915a9a4a21dc0f279238995a3dbfafcad090?s=96&d=mm&r=g\",\"caption\":\"Reda\u00e7\u00e3o JBN\"},\"sameAs\":[\"https:\\\/\\\/p31noticias.com.br\"],\"url\":\"https:\\\/\\\/www.p31noticias.com.br\\\/?author=18\"}]}<\/script>\n<!-- \/ Yoast SEO Premium plugin. -->","yoast_head_json":{"title":"Ficar em casa n\u00e3o \u00e9 desculpa para descuidar da sa\u00fade - P31","robots":{"index":"index","follow":"follow","max-snippet":"max-snippet:-1","max-image-preview":"max-image-preview:large","max-video-preview":"max-video-preview:-1"},"canonical":"https:\/\/www.p31noticias.com.br\/?p=21791","og_locale":"pt_BR","og_type":"article","og_title":"Ficar em casa n\u00e3o \u00e9 desculpa para descuidar da sa\u00fade","og_description":"Talyta Machado \u2013 Nutricionista CRN\/1 15591 Academia Bodytech \u2013 Setor Sudoeste Quadra 301\/302, Lote 3 Instagram\/Facebook: @talytamac Consultas: 61 99449-5532 &nbsp; &nbsp; &nbsp; Neste per\u00edodo de isolamento, \u00e9 comum nos despreocuparmos e ignorarmos alguns fatores essenciais para qualidade de vida e sa\u00fade. Mesmo com todo o impacto psicol\u00f3gico que vem junto deste momento, temos que [&hellip;]","og_url":"https:\/\/www.p31noticias.com.br\/?p=21791","og_site_name":"P31","article_published_time":"2020-04-19T17:28:59+00:00","og_image":[{"width":900,"height":450,"url":"https:\/\/www.p31noticias.com.br\/wp-content\/uploads\/2020\/04\/Nutricao_abril.jpg","type":"image\/jpeg"}],"author":"Reda\u00e7\u00e3o JBN","twitter_card":"summary_large_image","twitter_misc":{"Escrito por":"Reda\u00e7\u00e3o JBN","Est. tempo de leitura":"2 minutos"},"schema":{"@context":"https:\/\/schema.org","@graph":[{"@type":"Article","@id":"https:\/\/www.p31noticias.com.br\/?p=21791#article","isPartOf":{"@id":"https:\/\/www.p31noticias.com.br\/?p=21791"},"author":{"name":"Reda\u00e7\u00e3o JBN","@id":"https:\/\/www.p31noticias.com.br\/#\/schema\/person\/77d6b186c710ac38937c6ec204fdd387"},"headline":"Ficar em casa n\u00e3o \u00e9 desculpa para descuidar da sa\u00fade","datePublished":"2020-04-19T17:28:59+00:00","mainEntityOfPage":{"@id":"https:\/\/www.p31noticias.com.br\/?p=21791"},"wordCount":390,"commentCount":0,"image":{"@id":"https:\/\/www.p31noticias.com.br\/?p=21791#primaryimage"},"thumbnailUrl":"https:\/\/www.p31noticias.com.br\/wp-content\/uploads\/2020\/04\/Nutricao_abril.jpg","articleSection":["Outros"],"inLanguage":"pt-BR","potentialAction":[{"@type":"CommentAction","name":"Comment","target":["https:\/\/www.p31noticias.com.br\/?p=21791#respond"]}],"copyrightYear":"2020","copyrightHolder":{"@id":"https:\/\/www.p31noticias.com.br\/#organization"}},{"@type":"WebPage","@id":"https:\/\/www.p31noticias.com.br\/?p=21791","url":"https:\/\/www.p31noticias.com.br\/?p=21791","name":"Ficar em casa n\u00e3o \u00e9 desculpa para descuidar da sa\u00fade - P31","isPartOf":{"@id":"https:\/\/www.p31noticias.com.br\/#website"},"primaryImageOfPage":{"@id":"https:\/\/www.p31noticias.com.br\/?p=21791#primaryimage"},"image":{"@id":"https:\/\/www.p31noticias.com.br\/?p=21791#primaryimage"},"thumbnailUrl":"https:\/\/www.p31noticias.com.br\/wp-content\/uploads\/2020\/04\/Nutricao_abril.jpg","datePublished":"2020-04-19T17:28:59+00:00","author":{"@id":"https:\/\/www.p31noticias.com.br\/#\/schema\/person\/77d6b186c710ac38937c6ec204fdd387"},"breadcrumb":{"@id":"https:\/\/www.p31noticias.com.br\/?p=21791#breadcrumb"},"inLanguage":"pt-BR","potentialAction":[{"@type":"ReadAction","target":["https:\/\/www.p31noticias.com.br\/?p=21791"]}]},{"@type":"ImageObject","inLanguage":"pt-BR","@id":"https:\/\/www.p31noticias.com.br\/?p=21791#primaryimage","url":"https:\/\/www.p31noticias.com.br\/wp-content\/uploads\/2020\/04\/Nutricao_abril.jpg","contentUrl":"https:\/\/www.p31noticias.com.br\/wp-content\/uploads\/2020\/04\/Nutricao_abril.jpg","width":900,"height":450},{"@type":"BreadcrumbList","@id":"https:\/\/www.p31noticias.com.br\/?p=21791#breadcrumb","itemListElement":[{"@type":"ListItem","position":1,"name":"In\u00edcio","item":"https:\/\/www.p31noticias.com.br\/"},{"@type":"ListItem","position":2,"name":"Ficar em casa n\u00e3o \u00e9 desculpa para descuidar da sa\u00fade"}]},{"@type":"WebSite","@id":"https:\/\/www.p31noticias.com.br\/#website","url":"https:\/\/www.p31noticias.com.br\/","name":"P31","description":"NOT\u00cdCIAS","potentialAction":[{"@type":"SearchAction","target":{"@type":"EntryPoint","urlTemplate":"https:\/\/www.p31noticias.com.br\/?s={search_term_string}"},"query-input":{"@type":"PropertyValueSpecification","valueRequired":true,"valueName":"search_term_string"}}],"inLanguage":"pt-BR"},{"@type":"Person","@id":"https:\/\/www.p31noticias.com.br\/#\/schema\/person\/77d6b186c710ac38937c6ec204fdd387","name":"Reda\u00e7\u00e3o JBN","image":{"@type":"ImageObject","inLanguage":"pt-BR","@id":"https:\/\/secure.gravatar.com\/avatar\/10fcdb93211f98cce3d64c0795b0915a9a4a21dc0f279238995a3dbfafcad090?s=96&d=mm&r=g","url":"https:\/\/secure.gravatar.com\/avatar\/10fcdb93211f98cce3d64c0795b0915a9a4a21dc0f279238995a3dbfafcad090?s=96&d=mm&r=g","contentUrl":"https:\/\/secure.gravatar.com\/avatar\/10fcdb93211f98cce3d64c0795b0915a9a4a21dc0f279238995a3dbfafcad090?s=96&d=mm&r=g","caption":"Reda\u00e7\u00e3o JBN"},"sameAs":["https:\/\/p31noticias.com.br"],"url":"https:\/\/www.p31noticias.com.br\/?author=18"}]}},"amp_enabled":true,"_links":{"self":[{"href":"https:\/\/www.p31noticias.com.br\/index.php?rest_route=\/wp\/v2\/posts\/21791","targetHints":{"allow":["GET"]}}],"collection":[{"href":"https:\/\/www.p31noticias.com.br\/index.php?rest_route=\/wp\/v2\/posts"}],"about":[{"href":"https:\/\/www.p31noticias.com.br\/index.php?rest_route=\/wp\/v2\/types\/post"}],"author":[{"embeddable":true,"href":"https:\/\/www.p31noticias.com.br\/index.php?rest_route=\/wp\/v2\/users\/18"}],"replies":[{"embeddable":true,"href":"https:\/\/www.p31noticias.com.br\/index.php?rest_route=%2Fwp%2Fv2%2Fcomments&post=21791"}],"version-history":[{"count":0,"href":"https:\/\/www.p31noticias.com.br\/index.php?rest_route=\/wp\/v2\/posts\/21791\/revisions"}],"wp:featuredmedia":[{"embeddable":true,"href":"https:\/\/www.p31noticias.com.br\/index.php?rest_route=\/wp\/v2\/media\/21792"}],"wp:attachment":[{"href":"https:\/\/www.p31noticias.com.br\/index.php?rest_route=%2Fwp%2Fv2%2Fmedia&parent=21791"}],"wp:term":[{"taxonomy":"category","embeddable":true,"href":"https:\/\/www.p31noticias.com.br\/index.php?rest_route=%2Fwp%2Fv2%2Fcategories&post=21791"},{"taxonomy":"post_tag","embeddable":true,"href":"https:\/\/www.p31noticias.com.br\/index.php?rest_route=%2Fwp%2Fv2%2Ftags&post=21791"}],"curies":[{"name":"wp","href":"https:\/\/api.w.org\/{rel}","templated":true}]}}