{"id":21778,"date":"2020-04-19T14:11:35","date_gmt":"2020-04-19T17:11:35","guid":{"rendered":"https:\/\/jornaldoplanalto.com.br\/web\/?p=21778"},"modified":"2020-04-19T14:11:35","modified_gmt":"2020-04-19T17:11:35","slug":"aniversario-solidario-da-camila-com-empatia-e-muita-ajuda","status":"publish","type":"post","link":"https:\/\/www.p31noticias.com.br\/?p=21778","title":{"rendered":"Anivers\u00e1rio solid\u00e1rio da Camila com empatia e muita ajuda!"},"content":{"rendered":"<p>Em \u00e9poca de pandemia, isolamento social \u00e9 privil\u00e9gio. Ent\u00e3o dar suporte a quem precisa tamb\u00e9m \u00e9 nossa parte para conten\u00e7\u00e3o da doen\u00e7a. No dia 03 de abril foi o anivers\u00e1rio da veterin\u00e1ria Camila Maximiano, da Cl\u00ednica Pompeu. Ela realizou um anivers\u00e1rio solid\u00e1rio para ajudar fam\u00edlias carentes, que est\u00e3o impossibilitadas de trabalhar e sofrendo mais com toda essa situa\u00e7\u00e3o. A Creche Vov\u00f3 Luzimar foi a escolhida para receber as cestas doadas. Parab\u00e9ns pela iniciativa.<\/p>\n<p>________________________________________________<\/p>\n<p data-wp-editing=\"1\"><a href=\"https:\/\/www.delioandrade.com.br\/wp-content\/uploads\/2020\/04\/Maurilio_Luiz_Felipe_2-1.png\"><img loading=\"lazy\" decoding=\"async\" class=\"alignleft size-full wp-image-21785\" src=\"https:\/\/www.delioandrade.com.br\/wp-content\/uploads\/2020\/04\/Maurilio_Luiz_Felipe_2-1.png\" alt=\"\" width=\"386\" height=\"503\" srcset=\"https:\/\/www.p31noticias.com.br\/wp-content\/uploads\/2020\/04\/Maurilio_Luiz_Felipe_2-1.png 386w, https:\/\/www.p31noticias.com.br\/wp-content\/uploads\/2020\/04\/Maurilio_Luiz_Felipe_2-1-230x300.png 230w, https:\/\/www.p31noticias.com.br\/wp-content\/uploads\/2020\/04\/Maurilio_Luiz_Felipe_2-1-322x420.png 322w\" sizes=\"auto, (max-width: 386px) 100vw, 386px\" \/><\/a>O jovem Luiz Felipe Vilasboa completou mais um ano de vida no dia 31\/03. Estava tudo programado para vir comemorar com os familiares e amigos, aqui em Bras\u00edlia. No entanto, em fun\u00e7\u00e3o da pandemia do Covid-21, n\u00e3o conseguiu embarcar de Dubai para o Brasil. Mas, mesmo assim, festejou a idade nova, dentro do seu apartamento. Felicidades!<\/p>\n<p>&nbsp;<\/p>\n<p>&nbsp;<\/p>\n<p>&nbsp;<\/p>\n<p>&nbsp;<\/p>\n<p>&nbsp;<\/p>\n<p>&nbsp;<\/p>\n<p>&nbsp;<\/p>\n<p>&nbsp;<\/p>\n<p>________________________________________________<\/p>\n<p><a href=\"https:\/\/www.delioandrade.com.br\/wp-content\/uploads\/2020\/04\/Maurilio_Festeiras_do_Bem-2.jpg\"><img loading=\"lazy\" decoding=\"async\" class=\"alignleft size-thumb_220x220 wp-image-21789\" src=\"https:\/\/www.delioandrade.com.br\/wp-content\/uploads\/2020\/04\/Maurilio_Festeiras_do_Bem-2-220x220.jpg\" alt=\"\" width=\"220\" height=\"220\" \/><\/a>Grupo de festeiras da capital se re\u00fane em prol da campanha: CUIDE AGORA \u2665\ufe0f FESTEJE DEPOIS, na qual v\u00e3o doar parte do valor de novos contratos fechados, para compra de m\u00e1scaras N95 e de alimentos.<br \/>\nUm grupo de pequenas e micro empresas do setor de festas e eventos de Bras\u00edlia, uniram esfor\u00e7os para ajudar pessoas que precisam de apoio em que o mundo sofre as consequ\u00eancias do Covid-19. Cada empresa que faz parte do Clube Festeiras do Bem ir\u00e1 doar 10% do total de seus contratos fechados, durante o isolamento orientado pela OMS e decretado pelo GDF, at\u00e9 que se reestabele\u00e7a a normalidade do fornecimento de produtos e servi\u00e7os dos setores atingidos.<\/p>\n<p>O objetivo \u00e9 arrecadar recursos para importa\u00e7\u00e3o de m\u00e1scaras de prote\u00e7\u00e3o N95, que ser\u00e3o doadas aos profissionais de sa\u00fade que atendem nos Centros de Refer\u00eancias de Combate ao Covid-19. Essas m\u00e1scaras s\u00e3o itens fundamentais para a prote\u00e7\u00e3o dos m\u00e9dicos e enfermeiros que atuam na linha de frente deste combate, e consequentemente est\u00e3o mais suscet\u00edveis \u00e0 doen\u00e7a.<\/p>\n<p>A campanha visa ajudar tamb\u00e9m os diversos profissionais freelancers que executavam servi\u00e7os para as empresas do ramo de eventos. Muitos destes profissionais tinham nessas atividades a sua \u00fanica fonte de renda e, em fun\u00e7\u00e3o do delicado momento e o isolamento recomendado pelas autoridades de sa\u00fade, n\u00e3o est\u00e3o trabalhando.<\/p>\n<p>As empresas participantes do Clube Festeiras do Bem ir\u00e3o doar 10% de cada contrato fechado para uso imediato ou futuro, at\u00e9 que se reestabele\u00e7a a normalidade do fornecimento de produtos e servi\u00e7os dos setores atingidos. Do total arrecadado ser\u00e3o destinados 50% para a compra de m\u00e1scaras N95 e 50% para compra de alimentos para os profissionais freelancers, colaboradores do mercado de eventos.<\/p>\n<p>Vale ressaltar ainda que grande parte das empresas do setor de eventos est\u00e1 preparada para atender, de imediato, as demandas dos pequenos eventos comemorativos conforme novo formato atual que \u00e9 bem intimista e familiar. Entregando os produtos ou servi\u00e7os na casa dos clientes com todos os cuidados e seguran\u00e7a no preparo e sem contato f\u00edsico, para que estes possam comemorar apenas em fam\u00edlia.<\/p>\n<p>Para saber mais sobre a campanha, sobre as empresas participantes do Grupo Festeira do Bem, sobre os servi\u00e7os que cada empresa oferece e como ajudar, acesse o perfil no Instagram @clubefesteirasdobem.?Contatos:<\/p>\n<p><a href=\"https:\/\/www.delioandrade.com.br\/wp-content\/uploads\/2020\/04\/Maurilio_Festeiras_do_Bem_2-1.jpg\"><img loading=\"lazy\" decoding=\"async\" class=\"alignleft size-full wp-image-21787\" src=\"https:\/\/www.delioandrade.com.br\/wp-content\/uploads\/2020\/04\/Maurilio_Festeiras_do_Bem_2-1.jpg\" alt=\"\" width=\"1024\" height=\"684\" srcset=\"https:\/\/www.p31noticias.com.br\/wp-content\/uploads\/2020\/04\/Maurilio_Festeiras_do_Bem_2-1.jpg 1024w, https:\/\/www.p31noticias.com.br\/wp-content\/uploads\/2020\/04\/Maurilio_Festeiras_do_Bem_2-1-300x200.jpg 300w, https:\/\/www.p31noticias.com.br\/wp-content\/uploads\/2020\/04\/Maurilio_Festeiras_do_Bem_2-1-768x513.jpg 768w, https:\/\/www.p31noticias.com.br\/wp-content\/uploads\/2020\/04\/Maurilio_Festeiras_do_Bem_2-1-696x465.jpg 696w, https:\/\/www.p31noticias.com.br\/wp-content\/uploads\/2020\/04\/Maurilio_Festeiras_do_Bem_2-1-629x420.jpg 629w\" sizes=\"auto, (max-width: 1024px) 100vw, 1024px\" \/><\/a><a href=\"https:\/\/www.delioandrade.com.br\/wp-content\/uploads\/2020\/04\/Maurilio_Festeiras_do_Bem_3-1.jpg\"><img loading=\"lazy\" decoding=\"async\" class=\"alignleft size-full wp-image-21788\" src=\"https:\/\/www.delioandrade.com.br\/wp-content\/uploads\/2020\/04\/Maurilio_Festeiras_do_Bem_3-1.jpg\" alt=\"\" width=\"1243\" height=\"929\" srcset=\"https:\/\/www.p31noticias.com.br\/wp-content\/uploads\/2020\/04\/Maurilio_Festeiras_do_Bem_3-1.jpg 1243w, https:\/\/www.p31noticias.com.br\/wp-content\/uploads\/2020\/04\/Maurilio_Festeiras_do_Bem_3-1-300x224.jpg 300w, https:\/\/www.p31noticias.com.br\/wp-content\/uploads\/2020\/04\/Maurilio_Festeiras_do_Bem_3-1-1024x765.jpg 1024w, https:\/\/www.p31noticias.com.br\/wp-content\/uploads\/2020\/04\/Maurilio_Festeiras_do_Bem_3-1-768x574.jpg 768w, https:\/\/www.p31noticias.com.br\/wp-content\/uploads\/2020\/04\/Maurilio_Festeiras_do_Bem_3-1-696x520.jpg 696w, https:\/\/www.p31noticias.com.br\/wp-content\/uploads\/2020\/04\/Maurilio_Festeiras_do_Bem_3-1-1068x798.jpg 1068w, https:\/\/www.p31noticias.com.br\/wp-content\/uploads\/2020\/04\/Maurilio_Festeiras_do_Bem_3-1-562x420.jpg 562w, https:\/\/www.p31noticias.com.br\/wp-content\/uploads\/2020\/04\/Maurilio_Festeiras_do_Bem_3-1-80x60.jpg 80w, https:\/\/www.p31noticias.com.br\/wp-content\/uploads\/2020\/04\/Maurilio_Festeiras_do_Bem_3-1-265x198.jpg 265w\" sizes=\"auto, (max-width: 1243px) 100vw, 1243px\" \/><\/a><br \/>\nFernanda (61) 99208-3117, Gabriela (61) 99614-2323 ou Lillian (61) 99944-3222 E-mail:\u00a0<a href=\"mailto:clubefesteirasdobem@gmail.com\">clubefesteirasdobem@gmail.com<\/a><\/p>\n<p>&nbsp;<\/p>\n","protected":false},"excerpt":{"rendered":"<p>Em \u00e9poca de pandemia, isolamento social \u00e9 privil\u00e9gio. Ent\u00e3o dar suporte a quem precisa tamb\u00e9m \u00e9 nossa parte para conten\u00e7\u00e3o da doen\u00e7a. No dia 03 de abril foi o anivers\u00e1rio da veterin\u00e1ria Camila Maximiano, da Cl\u00ednica Pompeu. Ela realizou um anivers\u00e1rio solid\u00e1rio para ajudar fam\u00edlias carentes, que est\u00e3o impossibilitadas de trabalhar e sofrendo mais com [&hellip;]<\/p>\n","protected":false},"author":18,"featured_media":21779,"comment_status":"open","ping_status":"open","sticky":false,"template":"","format":"standard","meta":{"footnotes":""},"categories":[1],"tags":[],"class_list":{"0":"post-21778","1":"post","2":"type-post","3":"status-publish","4":"format-standard","5":"has-post-thumbnail","7":"category-outros"},"yoast_head":"<!-- This site is optimized with the Yoast SEO Premium plugin v24.5 (Yoast SEO v27.5) - https:\/\/yoast.com\/product\/yoast-seo-premium-wordpress\/ -->\n<title>Anivers\u00e1rio solid\u00e1rio da Camila com empatia e muita ajuda! - P31<\/title>\n<meta name=\"robots\" content=\"index, follow, max-snippet:-1, max-image-preview:large, max-video-preview:-1\" \/>\n<link rel=\"canonical\" href=\"https:\/\/www.p31noticias.com.br\/?p=21778\" \/>\n<meta property=\"og:locale\" content=\"pt_BR\" \/>\n<meta property=\"og:type\" content=\"article\" \/>\n<meta property=\"og:title\" content=\"Anivers\u00e1rio solid\u00e1rio da Camila com empatia e muita ajuda!\" \/>\n<meta property=\"og:description\" content=\"Em \u00e9poca de pandemia, isolamento social \u00e9 privil\u00e9gio. Ent\u00e3o dar suporte a quem precisa tamb\u00e9m \u00e9 nossa parte para conten\u00e7\u00e3o da doen\u00e7a. No dia 03 de abril foi o anivers\u00e1rio da veterin\u00e1ria Camila Maximiano, da Cl\u00ednica Pompeu. Ela realizou um anivers\u00e1rio solid\u00e1rio para ajudar fam\u00edlias carentes, que est\u00e3o impossibilitadas de trabalhar e sofrendo mais com [&hellip;]\" \/>\n<meta property=\"og:url\" content=\"https:\/\/www.p31noticias.com.br\/?p=21778\" \/>\n<meta property=\"og:site_name\" content=\"P31\" \/>\n<meta property=\"article:published_time\" content=\"2020-04-19T17:11:35+00:00\" \/>\n<meta property=\"og:image\" content=\"https:\/\/www.p31noticias.com.br\/wp-content\/uploads\/2020\/04\/Maurilio_Camila_Maximiniano.jpg\" \/>\n\t<meta property=\"og:image:width\" content=\"1280\" \/>\n\t<meta property=\"og:image:height\" content=\"622\" \/>\n\t<meta property=\"og:image:type\" content=\"image\/jpeg\" \/>\n<meta name=\"author\" content=\"Reda\u00e7\u00e3o JBN\" \/>\n<meta name=\"twitter:card\" content=\"summary_large_image\" \/>\n<meta name=\"twitter:label1\" content=\"Escrito por\" \/>\n\t<meta name=\"twitter:data1\" content=\"Reda\u00e7\u00e3o JBN\" \/>\n\t<meta name=\"twitter:label2\" content=\"Est. tempo de leitura\" \/>\n\t<meta name=\"twitter:data2\" content=\"3 minutos\" \/>\n<script type=\"application\/ld+json\" class=\"yoast-schema-graph\">{\"@context\":\"https:\\\/\\\/schema.org\",\"@graph\":[{\"@type\":\"Article\",\"@id\":\"https:\\\/\\\/www.p31noticias.com.br\\\/?p=21778#article\",\"isPartOf\":{\"@id\":\"https:\\\/\\\/www.p31noticias.com.br\\\/?p=21778\"},\"author\":{\"name\":\"Reda\u00e7\u00e3o JBN\",\"@id\":\"https:\\\/\\\/www.p31noticias.com.br\\\/#\\\/schema\\\/person\\\/77d6b186c710ac38937c6ec204fdd387\"},\"headline\":\"Anivers\u00e1rio solid\u00e1rio da Camila com empatia e muita ajuda!\",\"datePublished\":\"2020-04-19T17:11:35+00:00\",\"mainEntityOfPage\":{\"@id\":\"https:\\\/\\\/www.p31noticias.com.br\\\/?p=21778\"},\"wordCount\":575,\"commentCount\":0,\"image\":{\"@id\":\"https:\\\/\\\/www.p31noticias.com.br\\\/?p=21778#primaryimage\"},\"thumbnailUrl\":\"https:\\\/\\\/www.p31noticias.com.br\\\/wp-content\\\/uploads\\\/2020\\\/04\\\/Maurilio_Camila_Maximiniano.jpg\",\"articleSection\":[\"Outros\"],\"inLanguage\":\"pt-BR\",\"potentialAction\":[{\"@type\":\"CommentAction\",\"name\":\"Comment\",\"target\":[\"https:\\\/\\\/www.p31noticias.com.br\\\/?p=21778#respond\"]}],\"copyrightYear\":\"2020\",\"copyrightHolder\":{\"@id\":\"https:\\\/\\\/www.p31noticias.com.br\\\/#organization\"}},{\"@type\":\"WebPage\",\"@id\":\"https:\\\/\\\/www.p31noticias.com.br\\\/?p=21778\",\"url\":\"https:\\\/\\\/www.p31noticias.com.br\\\/?p=21778\",\"name\":\"Anivers\u00e1rio solid\u00e1rio da Camila com empatia e muita ajuda! - P31\",\"isPartOf\":{\"@id\":\"https:\\\/\\\/www.p31noticias.com.br\\\/#website\"},\"primaryImageOfPage\":{\"@id\":\"https:\\\/\\\/www.p31noticias.com.br\\\/?p=21778#primaryimage\"},\"image\":{\"@id\":\"https:\\\/\\\/www.p31noticias.com.br\\\/?p=21778#primaryimage\"},\"thumbnailUrl\":\"https:\\\/\\\/www.p31noticias.com.br\\\/wp-content\\\/uploads\\\/2020\\\/04\\\/Maurilio_Camila_Maximiniano.jpg\",\"datePublished\":\"2020-04-19T17:11:35+00:00\",\"author\":{\"@id\":\"https:\\\/\\\/www.p31noticias.com.br\\\/#\\\/schema\\\/person\\\/77d6b186c710ac38937c6ec204fdd387\"},\"breadcrumb\":{\"@id\":\"https:\\\/\\\/www.p31noticias.com.br\\\/?p=21778#breadcrumb\"},\"inLanguage\":\"pt-BR\",\"potentialAction\":[{\"@type\":\"ReadAction\",\"target\":[\"https:\\\/\\\/www.p31noticias.com.br\\\/?p=21778\"]}]},{\"@type\":\"ImageObject\",\"inLanguage\":\"pt-BR\",\"@id\":\"https:\\\/\\\/www.p31noticias.com.br\\\/?p=21778#primaryimage\",\"url\":\"https:\\\/\\\/www.p31noticias.com.br\\\/wp-content\\\/uploads\\\/2020\\\/04\\\/Maurilio_Camila_Maximiniano.jpg\",\"contentUrl\":\"https:\\\/\\\/www.p31noticias.com.br\\\/wp-content\\\/uploads\\\/2020\\\/04\\\/Maurilio_Camila_Maximiniano.jpg\",\"width\":1280,\"height\":622},{\"@type\":\"BreadcrumbList\",\"@id\":\"https:\\\/\\\/www.p31noticias.com.br\\\/?p=21778#breadcrumb\",\"itemListElement\":[{\"@type\":\"ListItem\",\"position\":1,\"name\":\"In\u00edcio\",\"item\":\"https:\\\/\\\/www.p31noticias.com.br\\\/\"},{\"@type\":\"ListItem\",\"position\":2,\"name\":\"Anivers\u00e1rio solid\u00e1rio da Camila com empatia e muita ajuda!\"}]},{\"@type\":\"WebSite\",\"@id\":\"https:\\\/\\\/www.p31noticias.com.br\\\/#website\",\"url\":\"https:\\\/\\\/www.p31noticias.com.br\\\/\",\"name\":\"P31\",\"description\":\"NOT\u00cdCIAS\",\"potentialAction\":[{\"@type\":\"SearchAction\",\"target\":{\"@type\":\"EntryPoint\",\"urlTemplate\":\"https:\\\/\\\/www.p31noticias.com.br\\\/?s={search_term_string}\"},\"query-input\":{\"@type\":\"PropertyValueSpecification\",\"valueRequired\":true,\"valueName\":\"search_term_string\"}}],\"inLanguage\":\"pt-BR\"},{\"@type\":\"Person\",\"@id\":\"https:\\\/\\\/www.p31noticias.com.br\\\/#\\\/schema\\\/person\\\/77d6b186c710ac38937c6ec204fdd387\",\"name\":\"Reda\u00e7\u00e3o JBN\",\"image\":{\"@type\":\"ImageObject\",\"inLanguage\":\"pt-BR\",\"@id\":\"https:\\\/\\\/secure.gravatar.com\\\/avatar\\\/10fcdb93211f98cce3d64c0795b0915a9a4a21dc0f279238995a3dbfafcad090?s=96&d=mm&r=g\",\"url\":\"https:\\\/\\\/secure.gravatar.com\\\/avatar\\\/10fcdb93211f98cce3d64c0795b0915a9a4a21dc0f279238995a3dbfafcad090?s=96&d=mm&r=g\",\"contentUrl\":\"https:\\\/\\\/secure.gravatar.com\\\/avatar\\\/10fcdb93211f98cce3d64c0795b0915a9a4a21dc0f279238995a3dbfafcad090?s=96&d=mm&r=g\",\"caption\":\"Reda\u00e7\u00e3o JBN\"},\"sameAs\":[\"https:\\\/\\\/p31noticias.com.br\"],\"url\":\"https:\\\/\\\/www.p31noticias.com.br\\\/?author=18\"}]}<\/script>\n<!-- \/ Yoast SEO Premium plugin. -->","yoast_head_json":{"title":"Anivers\u00e1rio solid\u00e1rio da Camila com empatia e muita ajuda! - P31","robots":{"index":"index","follow":"follow","max-snippet":"max-snippet:-1","max-image-preview":"max-image-preview:large","max-video-preview":"max-video-preview:-1"},"canonical":"https:\/\/www.p31noticias.com.br\/?p=21778","og_locale":"pt_BR","og_type":"article","og_title":"Anivers\u00e1rio solid\u00e1rio da Camila com empatia e muita ajuda!","og_description":"Em \u00e9poca de pandemia, isolamento social \u00e9 privil\u00e9gio. Ent\u00e3o dar suporte a quem precisa tamb\u00e9m \u00e9 nossa parte para conten\u00e7\u00e3o da doen\u00e7a. No dia 03 de abril foi o anivers\u00e1rio da veterin\u00e1ria Camila Maximiano, da Cl\u00ednica Pompeu. Ela realizou um anivers\u00e1rio solid\u00e1rio para ajudar fam\u00edlias carentes, que est\u00e3o impossibilitadas de trabalhar e sofrendo mais com [&hellip;]","og_url":"https:\/\/www.p31noticias.com.br\/?p=21778","og_site_name":"P31","article_published_time":"2020-04-19T17:11:35+00:00","og_image":[{"width":1280,"height":622,"url":"https:\/\/www.p31noticias.com.br\/wp-content\/uploads\/2020\/04\/Maurilio_Camila_Maximiniano.jpg","type":"image\/jpeg"}],"author":"Reda\u00e7\u00e3o JBN","twitter_card":"summary_large_image","twitter_misc":{"Escrito por":"Reda\u00e7\u00e3o JBN","Est. tempo de leitura":"3 minutos"},"schema":{"@context":"https:\/\/schema.org","@graph":[{"@type":"Article","@id":"https:\/\/www.p31noticias.com.br\/?p=21778#article","isPartOf":{"@id":"https:\/\/www.p31noticias.com.br\/?p=21778"},"author":{"name":"Reda\u00e7\u00e3o JBN","@id":"https:\/\/www.p31noticias.com.br\/#\/schema\/person\/77d6b186c710ac38937c6ec204fdd387"},"headline":"Anivers\u00e1rio solid\u00e1rio da Camila com empatia e muita ajuda!","datePublished":"2020-04-19T17:11:35+00:00","mainEntityOfPage":{"@id":"https:\/\/www.p31noticias.com.br\/?p=21778"},"wordCount":575,"commentCount":0,"image":{"@id":"https:\/\/www.p31noticias.com.br\/?p=21778#primaryimage"},"thumbnailUrl":"https:\/\/www.p31noticias.com.br\/wp-content\/uploads\/2020\/04\/Maurilio_Camila_Maximiniano.jpg","articleSection":["Outros"],"inLanguage":"pt-BR","potentialAction":[{"@type":"CommentAction","name":"Comment","target":["https:\/\/www.p31noticias.com.br\/?p=21778#respond"]}],"copyrightYear":"2020","copyrightHolder":{"@id":"https:\/\/www.p31noticias.com.br\/#organization"}},{"@type":"WebPage","@id":"https:\/\/www.p31noticias.com.br\/?p=21778","url":"https:\/\/www.p31noticias.com.br\/?p=21778","name":"Anivers\u00e1rio solid\u00e1rio da Camila com empatia e muita ajuda! - P31","isPartOf":{"@id":"https:\/\/www.p31noticias.com.br\/#website"},"primaryImageOfPage":{"@id":"https:\/\/www.p31noticias.com.br\/?p=21778#primaryimage"},"image":{"@id":"https:\/\/www.p31noticias.com.br\/?p=21778#primaryimage"},"thumbnailUrl":"https:\/\/www.p31noticias.com.br\/wp-content\/uploads\/2020\/04\/Maurilio_Camila_Maximiniano.jpg","datePublished":"2020-04-19T17:11:35+00:00","author":{"@id":"https:\/\/www.p31noticias.com.br\/#\/schema\/person\/77d6b186c710ac38937c6ec204fdd387"},"breadcrumb":{"@id":"https:\/\/www.p31noticias.com.br\/?p=21778#breadcrumb"},"inLanguage":"pt-BR","potentialAction":[{"@type":"ReadAction","target":["https:\/\/www.p31noticias.com.br\/?p=21778"]}]},{"@type":"ImageObject","inLanguage":"pt-BR","@id":"https:\/\/www.p31noticias.com.br\/?p=21778#primaryimage","url":"https:\/\/www.p31noticias.com.br\/wp-content\/uploads\/2020\/04\/Maurilio_Camila_Maximiniano.jpg","contentUrl":"https:\/\/www.p31noticias.com.br\/wp-content\/uploads\/2020\/04\/Maurilio_Camila_Maximiniano.jpg","width":1280,"height":622},{"@type":"BreadcrumbList","@id":"https:\/\/www.p31noticias.com.br\/?p=21778#breadcrumb","itemListElement":[{"@type":"ListItem","position":1,"name":"In\u00edcio","item":"https:\/\/www.p31noticias.com.br\/"},{"@type":"ListItem","position":2,"name":"Anivers\u00e1rio solid\u00e1rio da Camila com empatia e muita ajuda!"}]},{"@type":"WebSite","@id":"https:\/\/www.p31noticias.com.br\/#website","url":"https:\/\/www.p31noticias.com.br\/","name":"P31","description":"NOT\u00cdCIAS","potentialAction":[{"@type":"SearchAction","target":{"@type":"EntryPoint","urlTemplate":"https:\/\/www.p31noticias.com.br\/?s={search_term_string}"},"query-input":{"@type":"PropertyValueSpecification","valueRequired":true,"valueName":"search_term_string"}}],"inLanguage":"pt-BR"},{"@type":"Person","@id":"https:\/\/www.p31noticias.com.br\/#\/schema\/person\/77d6b186c710ac38937c6ec204fdd387","name":"Reda\u00e7\u00e3o JBN","image":{"@type":"ImageObject","inLanguage":"pt-BR","@id":"https:\/\/secure.gravatar.com\/avatar\/10fcdb93211f98cce3d64c0795b0915a9a4a21dc0f279238995a3dbfafcad090?s=96&d=mm&r=g","url":"https:\/\/secure.gravatar.com\/avatar\/10fcdb93211f98cce3d64c0795b0915a9a4a21dc0f279238995a3dbfafcad090?s=96&d=mm&r=g","contentUrl":"https:\/\/secure.gravatar.com\/avatar\/10fcdb93211f98cce3d64c0795b0915a9a4a21dc0f279238995a3dbfafcad090?s=96&d=mm&r=g","caption":"Reda\u00e7\u00e3o JBN"},"sameAs":["https:\/\/p31noticias.com.br"],"url":"https:\/\/www.p31noticias.com.br\/?author=18"}]}},"amp_enabled":true,"_links":{"self":[{"href":"https:\/\/www.p31noticias.com.br\/index.php?rest_route=\/wp\/v2\/posts\/21778","targetHints":{"allow":["GET"]}}],"collection":[{"href":"https:\/\/www.p31noticias.com.br\/index.php?rest_route=\/wp\/v2\/posts"}],"about":[{"href":"https:\/\/www.p31noticias.com.br\/index.php?rest_route=\/wp\/v2\/types\/post"}],"author":[{"embeddable":true,"href":"https:\/\/www.p31noticias.com.br\/index.php?rest_route=\/wp\/v2\/users\/18"}],"replies":[{"embeddable":true,"href":"https:\/\/www.p31noticias.com.br\/index.php?rest_route=%2Fwp%2Fv2%2Fcomments&post=21778"}],"version-history":[{"count":0,"href":"https:\/\/www.p31noticias.com.br\/index.php?rest_route=\/wp\/v2\/posts\/21778\/revisions"}],"wp:featuredmedia":[{"embeddable":true,"href":"https:\/\/www.p31noticias.com.br\/index.php?rest_route=\/wp\/v2\/media\/21779"}],"wp:attachment":[{"href":"https:\/\/www.p31noticias.com.br\/index.php?rest_route=%2Fwp%2Fv2%2Fmedia&parent=21778"}],"wp:term":[{"taxonomy":"category","embeddable":true,"href":"https:\/\/www.p31noticias.com.br\/index.php?rest_route=%2Fwp%2Fv2%2Fcategories&post=21778"},{"taxonomy":"post_tag","embeddable":true,"href":"https:\/\/www.p31noticias.com.br\/index.php?rest_route=%2Fwp%2Fv2%2Ftags&post=21778"}],"curies":[{"name":"wp","href":"https:\/\/api.w.org\/{rel}","templated":true}]}}