{"id":21768,"date":"2020-04-19T13:57:06","date_gmt":"2020-04-19T16:57:06","guid":{"rendered":"https:\/\/jornaldoplanalto.com.br\/web\/?p=21768"},"modified":"2020-04-19T13:57:06","modified_gmt":"2020-04-19T16:57:06","slug":"emater-df-comemora-42-anos-com-crescimento-na-producao-agropecuaria-da-capital-2","status":"publish","type":"post","link":"https:\/\/www.p31noticias.com.br\/?p=21768","title":{"rendered":"Emater-DF comemora 42 anos com crescimento na produ\u00e7\u00e3o agropecu\u00e1ria da capital"},"content":{"rendered":"<p>Nascida em 1978, a Empresa de Assist\u00eancia T\u00e9cnica e Extens\u00e3o Rural do Distrito Federal (Emater-DF) completou 42 anos no dia 07\/04, celebrando ao mesmo tempo um aumento de 19% no Valor Bruto de Produ\u00e7\u00e3o (VBP) \u2013 de R$ 2,442 bilh\u00f5es em 2018 para R$ 2,907 bilh\u00f5es em 2019. Conquistas como o aumento de 100 % no n\u00famero de capacita\u00e7\u00f5es realizadas pela Emater-DF em 2019, na compara\u00e7\u00e3o com o ano anterior, tamb\u00e9m s\u00e3o comemoradas com orgulho nesta data.<\/p>\n<p>\u201cEssa \u00e9 uma data superespecial. S\u00e3o 42 anos lutando pelo desenvolvimento rural sustent\u00e1vel do Distrito Federal. Tenho muito orgulho de fazer parte desse quadro de profissionais que fazem acontecer, que vestem a camisa da empresa e transformam vidas nas \u00e1reas rurais da nossa capital\u201d, afirmou a presidente da Emater-DF, Denise Fonseca.<\/p>\n<p>Nestes 42 anos, a Emater-DF, juntamente com diversos parceiros que acreditam na agricultura local, tem atuado na promo\u00e7\u00e3o do desenvolvimento rural sustent\u00e1vel e da seguran\u00e7a alimentar, prestando assist\u00eancia t\u00e9cnica e extens\u00e3o rural a mais de 11 mil produtores do DF, principalmente a pequenos e m\u00e9dios agricultores, respons\u00e1veis por boa parte dos alimentos que chegam \u00e0s mesas dos moradores de Bras\u00edlia.<\/p>\n<p>No \u00faltimo ano, tivemos ainda um recorde no n\u00famero de atendimentos a produtores. Foram 180 mil atendimentos por meio de a\u00e7\u00f5es como oficinas, cursos, visitas t\u00e9cnicas, dias de campo e reuni\u00f5es t\u00e9cnicas.<\/p>\n<p>\u201cA atua\u00e7\u00e3o da Emater-DF, com aux\u00edlio de muitos parceiros, contribui para o desenvolvimento de uma Bras\u00edlia sustent\u00e1vel, com alta produ\u00e7\u00e3o de alimentos de qualidade e contribuindo com o desenvolvimento social no campo\u201d, ressalta Denise. \u201cTodo esse trabalho de nossos extensionistas, colaboradores e produtores rurais se reverte em sa\u00fade, emprego e renda no campo. \u00c9 uma honra fazer parte disso.\u201d<\/p>\n<p>O Distrito Federal tem uma \u00e1rea total de 578 mil hectares, dos quais 404 mil (70% do total) est\u00e3o na \u00e1rea rural e 345 mil s\u00e3o pr\u00f3prios para a agricultura e pecu\u00e1ria. Na \u00e1rea rural, vivem 87,9 mil pessoas. Gra\u00e7as \u00e0 ajuda dos t\u00e9cnicos da empresa, de outros \u00f3rg\u00e3os do governo envolvidos com a agricultura local e das pol\u00edticas p\u00fablicas que fomentam o setor, o DF \u00e9 a unidade da federa\u00e7\u00e3o com uma das maiores produtividades agr\u00edcolas por hectare plantado, mesmo ainda havendo \u00e1rea livre para plantio.<\/p>\n<p>De acordo com o VBP, que \u00e9 um indicador que mostra o desempenho das safras agr\u00edcola e pecu\u00e1ria do DF, a renda com a produ\u00e7\u00e3o de alface, por exemplo, saltou de R$ 67 milh\u00f5es em 2018 para R$ 96 milh\u00f5es em 2019, e a do morango, de R$ 43 milh\u00f5es para R$ 74 milh\u00f5es. Atualmente, 70% da produ\u00e7\u00e3o do DF \u00e9 gerado por pequenos produtores assistidos tamb\u00e9m pela Emater-DF.<\/p>\n<p>A atua\u00e7\u00e3o da empresa, por\u00e9m, vai muito al\u00e9m do aux\u00edlio na produ\u00e7\u00e3o. Os extensionistas atuam no desenvolvimento social, na constru\u00e7\u00e3o e implanta\u00e7\u00e3o de pol\u00edticas p\u00fablicas e na orienta\u00e7\u00e3o para que os produtores adotem pr\u00e1ticas sustent\u00e1veis de preserva\u00e7\u00e3o ambiental. Na implanta\u00e7\u00e3o de energia fotovoltaica em propriedades, por exemplo, a empresa atua com orienta\u00e7\u00e3o, viabiliza\u00e7\u00e3o e assist\u00eancia t\u00e9cnica.<\/p>\n<p>Capacita\u00e7\u00e3o<\/p>\n<p>A Emater-DF aumentou em 100% o n\u00famero de capacita\u00e7\u00f5es em 2019, na compara\u00e7\u00e3o com o ano anterior. Ao todo, com atividades pr\u00f3prias e a\u00e7\u00f5es em parceria com institui\u00e7\u00f5es como Secretaria de Agricultura (Seagri-DF), Ceasa-DF, cooperativas, associa\u00e7\u00f5es, escolas e os escrit\u00f3rios locais da empresa, foram 12 mil produtores, entidades e moradores da \u00e1rea urbana atendidos pela empresa. Em 2018 esse n\u00famero ficou em 5.959.<\/p>\n<p>Por meio do programa Filhos deste Solo, pouco mais de 200 jovens participaram de curso de empreendedorismo visando a sucess\u00e3o de seus pais no campo e garantindo a produ\u00e7\u00e3o de alimento. V\u00e1rias outras iniciativas est\u00e3o em andamento, como projetos para a expans\u00e3o das cadeias de floricultura, piscicultura e fruticultura, por exemplo. Todas as propostas integram o Plano Estrat\u00e9gico do Governo do Distrito Federal.<\/p>\n<p>Todo o trabalho de assist\u00eancia t\u00e9cnica e extens\u00e3o rural junto ao produtor tem contribu\u00eddo para gera\u00e7\u00e3o de emprego e renda no campo. Nos \u00faltimos anos, a empresa tem se empenhado para criar alternativas para atender cada vez mais os assentamentos, fazer a inclus\u00e3o das mulheres no processo produtivo e criar possibilidades de interc\u00e2mbios t\u00e9cnicos como troca de experi\u00eancias e aprendizado.<\/p>\n<p>Seja na horticultura, nos gr\u00e3os, na floricultura ou na avicultura, o DF \u00e9 polo agropecu\u00e1rio que possui altas produtividades em diversas culturas e tem se destacado em produ\u00e7\u00e3o de conhecimento cient\u00edfico para o Brasil e se tornado exemplo para outros pa\u00edses. \u00c9 comum a empresa receber comitivas de embaixadores e t\u00e9cnicos de outros pa\u00edses interessados em conhecer o trabalho da empresa junto aos produtores rurais.<\/p>\n<p>Com uma ampla cobertura da Emater-DF, em todas as regi\u00f5es administrativas, os produtores rurais contam com o apoio de uma equipe multidisciplinar composta por profissionais das ci\u00eancias agr\u00e1rias e ambientais, ci\u00eancias sociais e humanas, tecnologia da informa\u00e7\u00e3o, engenharia, educa\u00e7\u00e3o, comunica\u00e7\u00e3o e de outras \u00e1reas que compartilham as novidades geradas pela pesquisa, inova\u00e7\u00f5es e pol\u00edticas p\u00fablicas aos agricultores, fam\u00edlias e organiza\u00e7\u00f5es.<\/p>\n<p>Mulheres de \u00e1reas rurais se reinventam e passam a produzir m\u00e1scaras para superar a crise<\/p>\n<p><em><a href=\"https:\/\/www.delioandrade.com.br\/wp-content\/uploads\/2020\/04\/DF_Rural_mascaras.jpg\"><img loading=\"lazy\" decoding=\"async\" class=\"alignnone wp-image-21770 size-full\" src=\"https:\/\/www.delioandrade.com.br\/wp-content\/uploads\/2020\/04\/DF_Rural_mascaras.jpg\" alt=\"\" width=\"640\" height=\"363\" srcset=\"https:\/\/www.p31noticias.com.br\/wp-content\/uploads\/2020\/04\/DF_Rural_mascaras.jpg 640w, https:\/\/www.p31noticias.com.br\/wp-content\/uploads\/2020\/04\/DF_Rural_mascaras-300x170.jpg 300w\" sizes=\"auto, (max-width: 640px) 100vw, 640px\" \/><\/a><\/em><\/p>\n<p><em>Josi, Priscila e Alana buscaram alternativa na fabrica\u00e7\u00e3o de m\u00e1scaras de prote\u00e7\u00e3o contra o coronav\u00edrus<\/em><\/p>\n<p><em>\u00a0<\/em>Em busca de continuar o trabalho e trazer renda para dentro de casa, mulheres de \u00e1reas rurais do Distrito Federal est\u00e3o se reinventando e aproveitando os nichos abertos pela crise causada pela pandemia do coronav\u00edrus. Com as not\u00edcias sobre a necessidade do uso de m\u00e1scaras e a aus\u00eancia delas no mercado, essas mulheres, assistidas pela Emater-DF, come\u00e7aram a fabricar e anunciar em suas redes sociais.<\/p>\n<p>Esse \u00e9 o caso de mulheres como a Josi Camargo, 42 anos,\u00a0 moradora do Caub I, \u00e1rea rural do Riacho Fundo I, da Priscila Cutrim Oliveira, 33 anos, de\u00a0Tabatinga, n\u00facleo rural de Planaltina-DF, e da Alane Oliveira, 43 anos, do n\u00facleo rural Cap\u00e3o da Erva, no Parano\u00e1. Todas tiveram que buscar outras formas de garantir renda e encontraram a alternativa na produ\u00e7\u00e3o de m\u00e1scaras de prote\u00e7\u00e3o.<\/p>\n<p>Alane \u00e9 produtora de hortali\u00e7as, faz costuras e artesanato. Com a procura por m\u00e1scaras de prote\u00e7\u00e3o e a escassez do mercado, ela conta ter come\u00e7ado a fazer as pe\u00e7as logo no in\u00edcio da pandemia. Escolheu o tecido tricoline, mas, no in\u00edcio, as pessoas rejeitavam. Ap\u00f3s uma fala de autoridades da sa\u00fade recomendando o t\u00e9cido, viu a demanda pelas m\u00e1scaras aumentar.<\/p>\n<p>\u201cO que me incentivou a fazer m\u00e1scaras foi a qualidade das que estavam sendo oferecidas e os pre\u00e7os muito altos. Como precisei pro meu marido e filhos, que s\u00e3o asm\u00e1ticos, fiz para eles e as pessoas come\u00e7aram a procurar. Montei um Instagram e j\u00e1 tinha a p\u00e1gina do ateli\u00ea\u201d, explica. Com a Alane, os pedidos s\u00e3o realizados pelas redes sociais ou pelo telefone celular, por meio de chamada ou pelo WhatsApp<strong>\u00a0(61-99506-7474)<\/strong>. Por meio da ajuda da sobrinha, as entregas s\u00e3o realizadas no Plano Piloto e no Parano\u00e1. Suas m\u00e1scaras s\u00e3o vendidas a R$ 5 a unidade.<\/p>\n<p><strong>De plantas a m\u00e1scaras<\/strong><\/p>\n<p>Juntamente com a m\u00e3e, dona Nedina Bento, 76 anos, tr\u00eas irm\u00e3s e a filha, Josi, que \u00e9 produtora de plantas suculentas no Caub, viu suas vendas ca\u00edrem drasticamente com a crise. Foi ent\u00e3o que, diante da necessidade, resolveu apostar na produ\u00e7\u00e3o de m\u00e1scaras para comercializar.<\/p>\n<p>As irm\u00e3s de Josi fizeram curso de costura pela Emater-DF e o escrit\u00f3rio da empresa em Vargem Bonita tem se solidarizado com a situa\u00e7\u00e3o e auxiliado na divulga\u00e7\u00e3o.\u00a0\u201cEu tenho uma estufa de produ\u00e7\u00e3o de suculenta e tamb\u00e9m fa\u00e7o pintura em tecido. Como n\u00e3o s\u00e3o produtos de primeira necessidade, est\u00e1 tudo parado. A alternativa foi buscar o que o mercado est\u00e1 precisando e que n\u00f3s podemos fazer\u201d, conta.<\/p>\n<p>Extensionista da Emater-DF em Vargem Bonita, Janaina Dias disse que os funcion\u00e1rios t\u00eam feito encomendas e est\u00e3o mobilizados na divulga\u00e7\u00e3o. \u201cNesse momento dif\u00edcil, estamos ajudando na divulga\u00e7\u00e3o, conseguimos fazer algumas vendas dentro da pr\u00f3pria Emater e estamos auxiliando para ver se a gente as inclui em oportunidades de comercializa\u00e7\u00f5es\u201d, ressalta.<\/p>\n<p>Segundo Josi, as m\u00e1scaras s\u00e3o feitas conforme a recomenda\u00e7\u00e3o da sa\u00fade, em duas camadas de tecido e com detalhes dentro dos padr\u00f5es de seguran\u00e7a.\u00a0Hoje, a fam\u00edlia consegue produzir aproximadamente 50 m\u00e1scaras por dia. Os valores seguem uma m\u00e9dia de R$ 8 a R$ 15. \u201cEstamos prezando muito pela qualidade e pela higiene. Antes de entregar, a gente deixa dez minutos no sab\u00e3o neutro, lava, deixa secar, passa em ferro quente e depois borrifa \u00e1lcool antes de colocar dentro do saquinho\u201d. Os pedidos s\u00e3o realizados pelo telefone da Josi\u00a0<strong>(61-99633-2018).<\/strong><\/p>\n<p><strong>Oportunidade<\/strong><\/p>\n<p>Para a extensionista Selma Tavares, essa adapta\u00e7\u00e3o ao cen\u00e1rio \u00e9 muito importante e as pessoas devem pensar em alternativas diante do momento. \u201cO interessante \u00e9 que essas mulheres na dificuldade est\u00e3o aproveitando o mercado que est\u00e1 se abrindo e buscando se reinventar. \u00c9 importante que as pessoas apoiem e incentivem comprando esses e outros produtos locais\u201d, destaca.<\/p>\n<p>Moradora de Tabatinga, n\u00facleo rural de Planaltina-DF, Priscila Cutrim Oliveira, 33 anos, trabalha como artes\u00e3 confeccionando e vendendo pe\u00e7as\u00a0em tecido, como bolsas, carteiras, necessaire e pe\u00e7as para crian\u00e7as como babados em fraldas e utilit\u00e1rios de bolsas. Com a aus\u00eancia de compradores para os seus produtos, ela conta que o grupo de artes\u00e3os de que ela participa vislumbrou essa oportunidade de venda, j\u00e1 que as m\u00e1scaras descart\u00e1veis estavam em falta.<\/p>\n<p>\u201cO pessoal parou de comprar o que eles viam como sup\u00e9rfluo, ent\u00e3o resolvemos ir para o item de necessidade\u201d, diz.\u00a0De acordo com ela, os pedidos chegam por meio das redes sociais e do WhatsApp\u00a0<strong>(61-98174-1436)<\/strong>. Priscila fica com a parte de confec\u00e7\u00e3o e o marido deixa na cidade, em Planaltina, onde as pessoas buscam as encomendas. Por dia, sua produ\u00e7\u00e3o chega a 20 m\u00e1scaras, que s\u00e3o vendidas a R$ 10 a unidade.<\/p>\n<p>\u201cS\u00f3 estou trabalhando com a m\u00e1scara bico de pato, mais redondinha. Ela \u00e9 mais f\u00e1cil de adaptar a respira\u00e7\u00e3o do que a outra. O que t\u00e1 mais dif\u00edcil agora \u00e9 mat\u00e9ria prima, como tecido e el\u00e1stico. O el\u00e1stico est\u00e1 cinco vezes mais caro. A gente t\u00e1 fechando uma compra emergencial em Goi\u00e2nia porque aqui em Bras\u00edlia t\u00e1 impratic\u00e1vel o pre\u00e7o\u201d, contou.<\/p>\n<p>Priscila afirma que diante da procura, o tecido tamb\u00e9m ficou caro, mas que suas m\u00e1scaras s\u00e3o feitas com o tricoline, em duas camadas e uma entretela feita com um tecido tipo TNT, col\u00e1vel no tecido. \u201cO tecido fica mais firme e n\u00e3o deixa passar o v\u00edrus. Conversei tamb\u00e9m com uma prima que \u00e9 enfermeira para que a gente possa fazer um produto detalhado e de qualidade\u201d, explicou.<\/p>\n<p><strong>Contatos para pedidos:<\/strong><\/p>\n<p><strong>Priscila Cutrim<\/strong><\/p>\n<p>Telefone (61) 98174-1436<\/p>\n<p>Instagram:\u00a0<a href=\"https:\/\/www.instagram.com\/pricutiatelie\/\">@pricutiatelie<\/a><\/p>\n<p><strong>Josi Camargo<\/strong><\/p>\n<p>Telefone: (61) 99633-2063<\/p>\n<p>Instagram:\u00a0<a href=\"https:\/\/www.instagram.com\/josyb.camargo\/\">@josyb.camargo<\/a><\/p>\n<p><strong>Alane Oliveira<\/strong><\/p>\n<p>Telefone: (61) 99506-7474<\/p>\n<p>Instagram:\u00a0<a href=\"https:\/\/www.instagram.com\/mascarasdf\/\">@mascarasdf<\/a><\/p>\n<p>&nbsp;<\/p>\n<p>&nbsp;<\/p>\n","protected":false},"excerpt":{"rendered":"<p>Nascida em 1978, a Empresa de Assist\u00eancia T\u00e9cnica e Extens\u00e3o Rural do Distrito Federal (Emater-DF) completou 42 anos no dia 07\/04, celebrando ao mesmo tempo um aumento de 19% no Valor Bruto de Produ\u00e7\u00e3o (VBP) \u2013 de R$ 2,442 bilh\u00f5es em 2018 para R$ 2,907 bilh\u00f5es em 2019. Conquistas como o aumento de 100 % [&hellip;]<\/p>\n","protected":false},"author":18,"featured_media":21769,"comment_status":"open","ping_status":"open","sticky":false,"template":"","format":"standard","meta":{"footnotes":""},"categories":[1],"tags":[],"class_list":{"0":"post-21768","1":"post","2":"type-post","3":"status-publish","4":"format-standard","5":"has-post-thumbnail","7":"category-outros"},"yoast_head":"<!-- This site is optimized with the Yoast SEO Premium plugin v24.5 (Yoast SEO v27.5) - https:\/\/yoast.com\/product\/yoast-seo-premium-wordpress\/ -->\n<title>Emater-DF comemora 42 anos com crescimento na produ\u00e7\u00e3o agropecu\u00e1ria da capital - P31<\/title>\n<meta name=\"robots\" content=\"index, follow, max-snippet:-1, max-image-preview:large, max-video-preview:-1\" \/>\n<link rel=\"canonical\" href=\"https:\/\/www.p31noticias.com.br\/?p=21768\" \/>\n<meta property=\"og:locale\" content=\"pt_BR\" \/>\n<meta property=\"og:type\" content=\"article\" \/>\n<meta property=\"og:title\" content=\"Emater-DF comemora 42 anos com crescimento na produ\u00e7\u00e3o agropecu\u00e1ria da capital\" \/>\n<meta property=\"og:description\" content=\"Nascida em 1978, a Empresa de Assist\u00eancia T\u00e9cnica e Extens\u00e3o Rural do Distrito Federal (Emater-DF) completou 42 anos no dia 07\/04, celebrando ao mesmo tempo um aumento de 19% no Valor Bruto de Produ\u00e7\u00e3o (VBP) \u2013 de R$ 2,442 bilh\u00f5es em 2018 para R$ 2,907 bilh\u00f5es em 2019. Conquistas como o aumento de 100 % [&hellip;]\" \/>\n<meta property=\"og:url\" content=\"https:\/\/www.p31noticias.com.br\/?p=21768\" \/>\n<meta property=\"og:site_name\" content=\"P31\" \/>\n<meta property=\"article:published_time\" content=\"2020-04-19T16:57:06+00:00\" \/>\n<meta property=\"og:image\" content=\"https:\/\/www.p31noticias.com.br\/wp-content\/uploads\/2020\/04\/DF_Rural_Emater_42_anos_01.jpg\" \/>\n\t<meta property=\"og:image:width\" content=\"480\" \/>\n\t<meta property=\"og:image:height\" content=\"512\" \/>\n\t<meta property=\"og:image:type\" content=\"image\/jpeg\" \/>\n<meta name=\"author\" content=\"Reda\u00e7\u00e3o JBN\" \/>\n<meta name=\"twitter:card\" content=\"summary_large_image\" \/>\n<meta name=\"twitter:label1\" content=\"Escrito por\" \/>\n\t<meta name=\"twitter:data1\" content=\"Reda\u00e7\u00e3o JBN\" \/>\n\t<meta name=\"twitter:label2\" content=\"Est. tempo de leitura\" \/>\n\t<meta name=\"twitter:data2\" content=\"9 minutos\" \/>\n<script type=\"application\/ld+json\" class=\"yoast-schema-graph\">{\"@context\":\"https:\\\/\\\/schema.org\",\"@graph\":[{\"@type\":\"Article\",\"@id\":\"https:\\\/\\\/www.p31noticias.com.br\\\/?p=21768#article\",\"isPartOf\":{\"@id\":\"https:\\\/\\\/www.p31noticias.com.br\\\/?p=21768\"},\"author\":{\"name\":\"Reda\u00e7\u00e3o JBN\",\"@id\":\"https:\\\/\\\/www.p31noticias.com.br\\\/#\\\/schema\\\/person\\\/77d6b186c710ac38937c6ec204fdd387\"},\"headline\":\"Emater-DF comemora 42 anos com crescimento na produ\u00e7\u00e3o agropecu\u00e1ria da capital\",\"datePublished\":\"2020-04-19T16:57:06+00:00\",\"mainEntityOfPage\":{\"@id\":\"https:\\\/\\\/www.p31noticias.com.br\\\/?p=21768\"},\"wordCount\":1911,\"commentCount\":0,\"image\":{\"@id\":\"https:\\\/\\\/www.p31noticias.com.br\\\/?p=21768#primaryimage\"},\"thumbnailUrl\":\"https:\\\/\\\/www.p31noticias.com.br\\\/wp-content\\\/uploads\\\/2020\\\/04\\\/DF_Rural_Emater_42_anos_01.jpg\",\"articleSection\":[\"Outros\"],\"inLanguage\":\"pt-BR\",\"potentialAction\":[{\"@type\":\"CommentAction\",\"name\":\"Comment\",\"target\":[\"https:\\\/\\\/www.p31noticias.com.br\\\/?p=21768#respond\"]}],\"copyrightYear\":\"2020\",\"copyrightHolder\":{\"@id\":\"https:\\\/\\\/www.p31noticias.com.br\\\/#organization\"}},{\"@type\":\"WebPage\",\"@id\":\"https:\\\/\\\/www.p31noticias.com.br\\\/?p=21768\",\"url\":\"https:\\\/\\\/www.p31noticias.com.br\\\/?p=21768\",\"name\":\"Emater-DF comemora 42 anos com crescimento na produ\u00e7\u00e3o agropecu\u00e1ria da capital - P31\",\"isPartOf\":{\"@id\":\"https:\\\/\\\/www.p31noticias.com.br\\\/#website\"},\"primaryImageOfPage\":{\"@id\":\"https:\\\/\\\/www.p31noticias.com.br\\\/?p=21768#primaryimage\"},\"image\":{\"@id\":\"https:\\\/\\\/www.p31noticias.com.br\\\/?p=21768#primaryimage\"},\"thumbnailUrl\":\"https:\\\/\\\/www.p31noticias.com.br\\\/wp-content\\\/uploads\\\/2020\\\/04\\\/DF_Rural_Emater_42_anos_01.jpg\",\"datePublished\":\"2020-04-19T16:57:06+00:00\",\"author\":{\"@id\":\"https:\\\/\\\/www.p31noticias.com.br\\\/#\\\/schema\\\/person\\\/77d6b186c710ac38937c6ec204fdd387\"},\"breadcrumb\":{\"@id\":\"https:\\\/\\\/www.p31noticias.com.br\\\/?p=21768#breadcrumb\"},\"inLanguage\":\"pt-BR\",\"potentialAction\":[{\"@type\":\"ReadAction\",\"target\":[\"https:\\\/\\\/www.p31noticias.com.br\\\/?p=21768\"]}]},{\"@type\":\"ImageObject\",\"inLanguage\":\"pt-BR\",\"@id\":\"https:\\\/\\\/www.p31noticias.com.br\\\/?p=21768#primaryimage\",\"url\":\"https:\\\/\\\/www.p31noticias.com.br\\\/wp-content\\\/uploads\\\/2020\\\/04\\\/DF_Rural_Emater_42_anos_01.jpg\",\"contentUrl\":\"https:\\\/\\\/www.p31noticias.com.br\\\/wp-content\\\/uploads\\\/2020\\\/04\\\/DF_Rural_Emater_42_anos_01.jpg\",\"width\":480,\"height\":512},{\"@type\":\"BreadcrumbList\",\"@id\":\"https:\\\/\\\/www.p31noticias.com.br\\\/?p=21768#breadcrumb\",\"itemListElement\":[{\"@type\":\"ListItem\",\"position\":1,\"name\":\"In\u00edcio\",\"item\":\"https:\\\/\\\/www.p31noticias.com.br\\\/\"},{\"@type\":\"ListItem\",\"position\":2,\"name\":\"Emater-DF comemora 42 anos com crescimento na produ\u00e7\u00e3o agropecu\u00e1ria da capital\"}]},{\"@type\":\"WebSite\",\"@id\":\"https:\\\/\\\/www.p31noticias.com.br\\\/#website\",\"url\":\"https:\\\/\\\/www.p31noticias.com.br\\\/\",\"name\":\"P31\",\"description\":\"NOT\u00cdCIAS\",\"potentialAction\":[{\"@type\":\"SearchAction\",\"target\":{\"@type\":\"EntryPoint\",\"urlTemplate\":\"https:\\\/\\\/www.p31noticias.com.br\\\/?s={search_term_string}\"},\"query-input\":{\"@type\":\"PropertyValueSpecification\",\"valueRequired\":true,\"valueName\":\"search_term_string\"}}],\"inLanguage\":\"pt-BR\"},{\"@type\":\"Person\",\"@id\":\"https:\\\/\\\/www.p31noticias.com.br\\\/#\\\/schema\\\/person\\\/77d6b186c710ac38937c6ec204fdd387\",\"name\":\"Reda\u00e7\u00e3o JBN\",\"image\":{\"@type\":\"ImageObject\",\"inLanguage\":\"pt-BR\",\"@id\":\"https:\\\/\\\/secure.gravatar.com\\\/avatar\\\/10fcdb93211f98cce3d64c0795b0915a9a4a21dc0f279238995a3dbfafcad090?s=96&d=mm&r=g\",\"url\":\"https:\\\/\\\/secure.gravatar.com\\\/avatar\\\/10fcdb93211f98cce3d64c0795b0915a9a4a21dc0f279238995a3dbfafcad090?s=96&d=mm&r=g\",\"contentUrl\":\"https:\\\/\\\/secure.gravatar.com\\\/avatar\\\/10fcdb93211f98cce3d64c0795b0915a9a4a21dc0f279238995a3dbfafcad090?s=96&d=mm&r=g\",\"caption\":\"Reda\u00e7\u00e3o JBN\"},\"sameAs\":[\"https:\\\/\\\/p31noticias.com.br\"],\"url\":\"https:\\\/\\\/www.p31noticias.com.br\\\/?author=18\"}]}<\/script>\n<!-- \/ Yoast SEO Premium plugin. -->","yoast_head_json":{"title":"Emater-DF comemora 42 anos com crescimento na produ\u00e7\u00e3o agropecu\u00e1ria da capital - P31","robots":{"index":"index","follow":"follow","max-snippet":"max-snippet:-1","max-image-preview":"max-image-preview:large","max-video-preview":"max-video-preview:-1"},"canonical":"https:\/\/www.p31noticias.com.br\/?p=21768","og_locale":"pt_BR","og_type":"article","og_title":"Emater-DF comemora 42 anos com crescimento na produ\u00e7\u00e3o agropecu\u00e1ria da capital","og_description":"Nascida em 1978, a Empresa de Assist\u00eancia T\u00e9cnica e Extens\u00e3o Rural do Distrito Federal (Emater-DF) completou 42 anos no dia 07\/04, celebrando ao mesmo tempo um aumento de 19% no Valor Bruto de Produ\u00e7\u00e3o (VBP) \u2013 de R$ 2,442 bilh\u00f5es em 2018 para R$ 2,907 bilh\u00f5es em 2019. Conquistas como o aumento de 100 % [&hellip;]","og_url":"https:\/\/www.p31noticias.com.br\/?p=21768","og_site_name":"P31","article_published_time":"2020-04-19T16:57:06+00:00","og_image":[{"width":480,"height":512,"url":"https:\/\/www.p31noticias.com.br\/wp-content\/uploads\/2020\/04\/DF_Rural_Emater_42_anos_01.jpg","type":"image\/jpeg"}],"author":"Reda\u00e7\u00e3o JBN","twitter_card":"summary_large_image","twitter_misc":{"Escrito por":"Reda\u00e7\u00e3o JBN","Est. tempo de leitura":"9 minutos"},"schema":{"@context":"https:\/\/schema.org","@graph":[{"@type":"Article","@id":"https:\/\/www.p31noticias.com.br\/?p=21768#article","isPartOf":{"@id":"https:\/\/www.p31noticias.com.br\/?p=21768"},"author":{"name":"Reda\u00e7\u00e3o JBN","@id":"https:\/\/www.p31noticias.com.br\/#\/schema\/person\/77d6b186c710ac38937c6ec204fdd387"},"headline":"Emater-DF comemora 42 anos com crescimento na produ\u00e7\u00e3o agropecu\u00e1ria da capital","datePublished":"2020-04-19T16:57:06+00:00","mainEntityOfPage":{"@id":"https:\/\/www.p31noticias.com.br\/?p=21768"},"wordCount":1911,"commentCount":0,"image":{"@id":"https:\/\/www.p31noticias.com.br\/?p=21768#primaryimage"},"thumbnailUrl":"https:\/\/www.p31noticias.com.br\/wp-content\/uploads\/2020\/04\/DF_Rural_Emater_42_anos_01.jpg","articleSection":["Outros"],"inLanguage":"pt-BR","potentialAction":[{"@type":"CommentAction","name":"Comment","target":["https:\/\/www.p31noticias.com.br\/?p=21768#respond"]}],"copyrightYear":"2020","copyrightHolder":{"@id":"https:\/\/www.p31noticias.com.br\/#organization"}},{"@type":"WebPage","@id":"https:\/\/www.p31noticias.com.br\/?p=21768","url":"https:\/\/www.p31noticias.com.br\/?p=21768","name":"Emater-DF comemora 42 anos com crescimento na produ\u00e7\u00e3o agropecu\u00e1ria da capital - P31","isPartOf":{"@id":"https:\/\/www.p31noticias.com.br\/#website"},"primaryImageOfPage":{"@id":"https:\/\/www.p31noticias.com.br\/?p=21768#primaryimage"},"image":{"@id":"https:\/\/www.p31noticias.com.br\/?p=21768#primaryimage"},"thumbnailUrl":"https:\/\/www.p31noticias.com.br\/wp-content\/uploads\/2020\/04\/DF_Rural_Emater_42_anos_01.jpg","datePublished":"2020-04-19T16:57:06+00:00","author":{"@id":"https:\/\/www.p31noticias.com.br\/#\/schema\/person\/77d6b186c710ac38937c6ec204fdd387"},"breadcrumb":{"@id":"https:\/\/www.p31noticias.com.br\/?p=21768#breadcrumb"},"inLanguage":"pt-BR","potentialAction":[{"@type":"ReadAction","target":["https:\/\/www.p31noticias.com.br\/?p=21768"]}]},{"@type":"ImageObject","inLanguage":"pt-BR","@id":"https:\/\/www.p31noticias.com.br\/?p=21768#primaryimage","url":"https:\/\/www.p31noticias.com.br\/wp-content\/uploads\/2020\/04\/DF_Rural_Emater_42_anos_01.jpg","contentUrl":"https:\/\/www.p31noticias.com.br\/wp-content\/uploads\/2020\/04\/DF_Rural_Emater_42_anos_01.jpg","width":480,"height":512},{"@type":"BreadcrumbList","@id":"https:\/\/www.p31noticias.com.br\/?p=21768#breadcrumb","itemListElement":[{"@type":"ListItem","position":1,"name":"In\u00edcio","item":"https:\/\/www.p31noticias.com.br\/"},{"@type":"ListItem","position":2,"name":"Emater-DF comemora 42 anos com crescimento na produ\u00e7\u00e3o agropecu\u00e1ria da capital"}]},{"@type":"WebSite","@id":"https:\/\/www.p31noticias.com.br\/#website","url":"https:\/\/www.p31noticias.com.br\/","name":"P31","description":"NOT\u00cdCIAS","potentialAction":[{"@type":"SearchAction","target":{"@type":"EntryPoint","urlTemplate":"https:\/\/www.p31noticias.com.br\/?s={search_term_string}"},"query-input":{"@type":"PropertyValueSpecification","valueRequired":true,"valueName":"search_term_string"}}],"inLanguage":"pt-BR"},{"@type":"Person","@id":"https:\/\/www.p31noticias.com.br\/#\/schema\/person\/77d6b186c710ac38937c6ec204fdd387","name":"Reda\u00e7\u00e3o JBN","image":{"@type":"ImageObject","inLanguage":"pt-BR","@id":"https:\/\/secure.gravatar.com\/avatar\/10fcdb93211f98cce3d64c0795b0915a9a4a21dc0f279238995a3dbfafcad090?s=96&d=mm&r=g","url":"https:\/\/secure.gravatar.com\/avatar\/10fcdb93211f98cce3d64c0795b0915a9a4a21dc0f279238995a3dbfafcad090?s=96&d=mm&r=g","contentUrl":"https:\/\/secure.gravatar.com\/avatar\/10fcdb93211f98cce3d64c0795b0915a9a4a21dc0f279238995a3dbfafcad090?s=96&d=mm&r=g","caption":"Reda\u00e7\u00e3o JBN"},"sameAs":["https:\/\/p31noticias.com.br"],"url":"https:\/\/www.p31noticias.com.br\/?author=18"}]}},"amp_enabled":true,"_links":{"self":[{"href":"https:\/\/www.p31noticias.com.br\/index.php?rest_route=\/wp\/v2\/posts\/21768","targetHints":{"allow":["GET"]}}],"collection":[{"href":"https:\/\/www.p31noticias.com.br\/index.php?rest_route=\/wp\/v2\/posts"}],"about":[{"href":"https:\/\/www.p31noticias.com.br\/index.php?rest_route=\/wp\/v2\/types\/post"}],"author":[{"embeddable":true,"href":"https:\/\/www.p31noticias.com.br\/index.php?rest_route=\/wp\/v2\/users\/18"}],"replies":[{"embeddable":true,"href":"https:\/\/www.p31noticias.com.br\/index.php?rest_route=%2Fwp%2Fv2%2Fcomments&post=21768"}],"version-history":[{"count":0,"href":"https:\/\/www.p31noticias.com.br\/index.php?rest_route=\/wp\/v2\/posts\/21768\/revisions"}],"wp:featuredmedia":[{"embeddable":true,"href":"https:\/\/www.p31noticias.com.br\/index.php?rest_route=\/wp\/v2\/media\/21769"}],"wp:attachment":[{"href":"https:\/\/www.p31noticias.com.br\/index.php?rest_route=%2Fwp%2Fv2%2Fmedia&parent=21768"}],"wp:term":[{"taxonomy":"category","embeddable":true,"href":"https:\/\/www.p31noticias.com.br\/index.php?rest_route=%2Fwp%2Fv2%2Fcategories&post=21768"},{"taxonomy":"post_tag","embeddable":true,"href":"https:\/\/www.p31noticias.com.br\/index.php?rest_route=%2Fwp%2Fv2%2Ftags&post=21768"}],"curies":[{"name":"wp","href":"https:\/\/api.w.org\/{rel}","templated":true}]}}