{"id":21761,"date":"2020-04-19T13:31:04","date_gmt":"2020-04-19T16:31:04","guid":{"rendered":"https:\/\/jornaldoplanalto.com.br\/web\/?p=21761"},"modified":"2020-04-19T13:31:04","modified_gmt":"2020-04-19T16:31:04","slug":"seguro-de-vida-cobre-indenizacao-no-caso-de-covid-19","status":"publish","type":"post","link":"https:\/\/www.p31noticias.com.br\/?p=21761","title":{"rendered":"Seguro de vida cobre indeniza\u00e7\u00e3o no caso de Covid-19?"},"content":{"rendered":"<p><img decoding=\"async\" src=\"https:\/\/jornaldoplanalto.com.br\/web\/wp-content\/uploads\/2018\/12\/Horacio-Gomes-Rolo-300x93.jpg\" \/><\/p>\n<p>O seguro de vida \u00a0\u00e9 \u00a0um contrato firmado por uma pessoa (segurado) junto a uma seguradora, para buscar garantir seguran\u00e7a e tranquilidade caso ocorra algum imprevisto como um acidente, doen\u00e7a ou falecimento.<br \/>\nMas como fica a cobertura nos casos oriundos da pandemia do coronav\u00edrus?<br \/>\nA Superintend\u00eancia de Seguros Privados &#8211; Susep, \u00f3rg\u00e3o regulador dos seguros no pa\u00eds, por meio da Circular n\u00ba 440\/2012, publicada no DOU de 28 de junho de \u00a02012, autoriza que as seguradoras excluam de cobertura os riscos causados por \u201cepidemia ou pandemia declarada por \u00f3rg\u00e3o competente\u201d.<br \/>\nPor isso, a grande maioria dos contratos de seguro de vida realizados a partir dessa data, seguem essa linha e trazem previs\u00e3o de exclus\u00e3o de riscos nestas condi\u00e7\u00f5es e sustentam que o seguro de vida n\u00e3o cobre pandemia.<br \/>\nNesse sentido, alguns juristas defendem que n\u00e3o cabe indeniza\u00e7\u00e3o para os casos de riscos exclu\u00eddos da apol\u00edce do seguro contratado.<br \/>\nTodavia, cabe lembrar que eventuais limita\u00e7\u00f5es ou exclus\u00f5es de cobertura contratual devem ser analisadas \u00e0 luz do Codigo de Prote\u00e7\u00e3o e Defesa do Consumidor &#8211; CDC (Lei n\u00ba 8.078, de11 de setembro de 1990), que no artigo 51, aponta a nulidade de cl\u00e1usulas contratuais que coloquem o consumidor em situa\u00e7\u00e3o de \u201cdesvantagem exagerada, ou sejam incompat\u00edveis com a boa-f\u00e9 ou a equidade\u201d.<br \/>\nTamb\u00e9m o artigo 765 do C\u00f3digo Civil determina que: \u201cO segurado e o segurador s\u00e3o obrigados a guardar na conclus\u00e3o e na execu\u00e7\u00e3o do contrato, a mais estrita boa-f\u00e9 e veracidade, tanto a respeito do objeto como das circunst\u00e2ncias e declara\u00e7\u00f5es a ele concernentes&#8221;.<br \/>\nAssim, o tema ensejar\u00e1 debates judiciais, por\u00e9m acredito que as seguradoras n\u00e3o podem se isentar do risco inerente \u00e0 sua pr\u00f3pria atividade, \u00a0por meio de cl\u00e1usulas de exclus\u00e3o possivelmente abusivas.<\/p>\n<p>&nbsp;<\/p>\n<p><strong>Faculdade deve indenizar aluna por demora de quase tr\u00eas anos em entrega de diploma<\/strong><\/p>\n<p>O 2\u00ba Juizado Especial C\u00edvel de Bras\u00edlia condenou a Faculdade JK a indenizar, por danos morais, aluna que espera h\u00e1 quase tr\u00eas anos para receber seu diploma de conclus\u00e3o de curso superior.<br \/>\nA autora da a\u00e7\u00e3o contou que concluiu o curso de Sistemas da Informa\u00e7\u00e3o, em junho de 2017, com a quita\u00e7\u00e3o de todas as obriga\u00e7\u00f5es contratuais. Ap\u00f3s a cola\u00e7\u00e3o de grau, entrou, imediatamente, com pedido de emiss\u00e3o do documento e recebeu a informa\u00e7\u00e3o de que seria entregue no prazo de seis meses. No entanto, at\u00e9 o julgamento da a\u00e7\u00e3o, a faculdade n\u00e3o havia cumprido com a obriga\u00e7\u00e3o.<br \/>\nChamada \u00e0 defesa, a institui\u00e7\u00e3o alegou que o atraso na emiss\u00e3o do diploma se d\u00e1 pelo fato de a faculdade ter sido descredenciada pelo Minist\u00e9rio da Educa\u00e7\u00e3o &#8211; MEC. \u201cA responsabilidade pela expedi\u00e7\u00e3o do documento foi transferida para a Universidade de Bras\u00edlia &#8211; UNB, que, por sua vez, n\u00e3o est\u00e1 emitindo os diplomas\u201d, defendeu.<br \/>\nA ju\u00edza declarou que, embora a r\u00e9 tenha sustentado que depende de universidades parceiras para a emiss\u00e3o do diploma, o certo \u00e9 que a obriga\u00e7\u00e3o \u00e9 solid\u00e1ria e pode ser exigida diretamente da requerida. Ressaltou, tamb\u00e9m, que a falha do servi\u00e7o acarreta preju\u00edzo profissional \u00e0 requerente.<br \/>\nDiante disso, a Faculdade JK foi condenada \u00e0 obriga\u00e7\u00e3o de providenciar a entrega do diploma \u00e0 autora, no prazo de dez dias, e a pagar o dano moral de R$ 2 mil. Cabe recurso da senten\u00e7a. (PJe:750913-61.2019.8.07.0016 &#8211; fonte: TJDFT).<\/p>\n","protected":false},"excerpt":{"rendered":"<p>O seguro de vida \u00a0\u00e9 \u00a0um contrato firmado por uma pessoa (segurado) junto a uma seguradora, para buscar garantir seguran\u00e7a e tranquilidade caso ocorra algum imprevisto como um acidente, doen\u00e7a ou falecimento. Mas como fica a cobertura nos casos oriundos da pandemia do coronav\u00edrus? A Superintend\u00eancia de Seguros Privados &#8211; Susep, \u00f3rg\u00e3o regulador dos seguros [&hellip;]<\/p>\n","protected":false},"author":18,"featured_media":0,"comment_status":"open","ping_status":"open","sticky":false,"template":"","format":"standard","meta":{"footnotes":""},"categories":[1],"tags":[],"class_list":{"0":"post-21761","1":"post","2":"type-post","3":"status-publish","4":"format-standard","6":"category-outros"},"yoast_head":"<!-- This site is optimized with the Yoast SEO Premium plugin v24.5 (Yoast SEO v27.5) - https:\/\/yoast.com\/product\/yoast-seo-premium-wordpress\/ -->\n<title>Seguro de vida cobre indeniza\u00e7\u00e3o no caso de Covid-19? - P31<\/title>\n<meta name=\"robots\" content=\"index, follow, max-snippet:-1, max-image-preview:large, max-video-preview:-1\" \/>\n<link rel=\"canonical\" href=\"https:\/\/www.p31noticias.com.br\/?p=21761\" \/>\n<meta property=\"og:locale\" content=\"pt_BR\" \/>\n<meta property=\"og:type\" content=\"article\" \/>\n<meta property=\"og:title\" content=\"Seguro de vida cobre indeniza\u00e7\u00e3o no caso de Covid-19?\" \/>\n<meta property=\"og:description\" content=\"O seguro de vida \u00a0\u00e9 \u00a0um contrato firmado por uma pessoa (segurado) junto a uma seguradora, para buscar garantir seguran\u00e7a e tranquilidade caso ocorra algum imprevisto como um acidente, doen\u00e7a ou falecimento. Mas como fica a cobertura nos casos oriundos da pandemia do coronav\u00edrus? A Superintend\u00eancia de Seguros Privados &#8211; Susep, \u00f3rg\u00e3o regulador dos seguros [&hellip;]\" \/>\n<meta property=\"og:url\" content=\"https:\/\/www.p31noticias.com.br\/?p=21761\" \/>\n<meta property=\"og:site_name\" content=\"P31\" \/>\n<meta property=\"article:published_time\" content=\"2020-04-19T16:31:04+00:00\" \/>\n<meta property=\"og:image\" content=\"https:\/\/jornaldoplanalto.com.br\/web\/wp-content\/uploads\/2018\/12\/Horacio-Gomes-Rolo-300x93.jpg\" \/>\n<meta name=\"author\" content=\"Reda\u00e7\u00e3o JBN\" \/>\n<meta name=\"twitter:card\" content=\"summary_large_image\" \/>\n<meta name=\"twitter:label1\" content=\"Escrito por\" \/>\n\t<meta name=\"twitter:data1\" content=\"Reda\u00e7\u00e3o JBN\" \/>\n\t<meta name=\"twitter:label2\" content=\"Est. tempo de leitura\" \/>\n\t<meta name=\"twitter:data2\" content=\"3 minutos\" \/>\n<script type=\"application\/ld+json\" class=\"yoast-schema-graph\">{\"@context\":\"https:\\\/\\\/schema.org\",\"@graph\":[{\"@type\":\"Article\",\"@id\":\"https:\\\/\\\/www.p31noticias.com.br\\\/?p=21761#article\",\"isPartOf\":{\"@id\":\"https:\\\/\\\/www.p31noticias.com.br\\\/?p=21761\"},\"author\":{\"name\":\"Reda\u00e7\u00e3o JBN\",\"@id\":\"https:\\\/\\\/www.p31noticias.com.br\\\/#\\\/schema\\\/person\\\/77d6b186c710ac38937c6ec204fdd387\"},\"headline\":\"Seguro de vida cobre indeniza\u00e7\u00e3o no caso de Covid-19?\",\"datePublished\":\"2020-04-19T16:31:04+00:00\",\"mainEntityOfPage\":{\"@id\":\"https:\\\/\\\/www.p31noticias.com.br\\\/?p=21761\"},\"wordCount\":594,\"commentCount\":0,\"image\":{\"@id\":\"https:\\\/\\\/www.p31noticias.com.br\\\/?p=21761#primaryimage\"},\"thumbnailUrl\":\"https:\\\/\\\/jornaldoplanalto.com.br\\\/web\\\/wp-content\\\/uploads\\\/2018\\\/12\\\/Horacio-Gomes-Rolo-300x93.jpg\",\"articleSection\":[\"Outros\"],\"inLanguage\":\"pt-BR\",\"potentialAction\":[{\"@type\":\"CommentAction\",\"name\":\"Comment\",\"target\":[\"https:\\\/\\\/www.p31noticias.com.br\\\/?p=21761#respond\"]}],\"copyrightYear\":\"2020\",\"copyrightHolder\":{\"@id\":\"https:\\\/\\\/www.p31noticias.com.br\\\/#organization\"}},{\"@type\":\"WebPage\",\"@id\":\"https:\\\/\\\/www.p31noticias.com.br\\\/?p=21761\",\"url\":\"https:\\\/\\\/www.p31noticias.com.br\\\/?p=21761\",\"name\":\"Seguro de vida cobre indeniza\u00e7\u00e3o no caso de Covid-19? - P31\",\"isPartOf\":{\"@id\":\"https:\\\/\\\/www.p31noticias.com.br\\\/#website\"},\"primaryImageOfPage\":{\"@id\":\"https:\\\/\\\/www.p31noticias.com.br\\\/?p=21761#primaryimage\"},\"image\":{\"@id\":\"https:\\\/\\\/www.p31noticias.com.br\\\/?p=21761#primaryimage\"},\"thumbnailUrl\":\"https:\\\/\\\/jornaldoplanalto.com.br\\\/web\\\/wp-content\\\/uploads\\\/2018\\\/12\\\/Horacio-Gomes-Rolo-300x93.jpg\",\"datePublished\":\"2020-04-19T16:31:04+00:00\",\"author\":{\"@id\":\"https:\\\/\\\/www.p31noticias.com.br\\\/#\\\/schema\\\/person\\\/77d6b186c710ac38937c6ec204fdd387\"},\"breadcrumb\":{\"@id\":\"https:\\\/\\\/www.p31noticias.com.br\\\/?p=21761#breadcrumb\"},\"inLanguage\":\"pt-BR\",\"potentialAction\":[{\"@type\":\"ReadAction\",\"target\":[\"https:\\\/\\\/www.p31noticias.com.br\\\/?p=21761\"]}]},{\"@type\":\"ImageObject\",\"inLanguage\":\"pt-BR\",\"@id\":\"https:\\\/\\\/www.p31noticias.com.br\\\/?p=21761#primaryimage\",\"url\":\"https:\\\/\\\/jornaldoplanalto.com.br\\\/web\\\/wp-content\\\/uploads\\\/2018\\\/12\\\/Horacio-Gomes-Rolo-300x93.jpg\",\"contentUrl\":\"https:\\\/\\\/jornaldoplanalto.com.br\\\/web\\\/wp-content\\\/uploads\\\/2018\\\/12\\\/Horacio-Gomes-Rolo-300x93.jpg\"},{\"@type\":\"BreadcrumbList\",\"@id\":\"https:\\\/\\\/www.p31noticias.com.br\\\/?p=21761#breadcrumb\",\"itemListElement\":[{\"@type\":\"ListItem\",\"position\":1,\"name\":\"In\u00edcio\",\"item\":\"https:\\\/\\\/www.p31noticias.com.br\\\/\"},{\"@type\":\"ListItem\",\"position\":2,\"name\":\"Seguro de vida cobre indeniza\u00e7\u00e3o no caso de Covid-19?\"}]},{\"@type\":\"WebSite\",\"@id\":\"https:\\\/\\\/www.p31noticias.com.br\\\/#website\",\"url\":\"https:\\\/\\\/www.p31noticias.com.br\\\/\",\"name\":\"P31\",\"description\":\"NOT\u00cdCIAS\",\"potentialAction\":[{\"@type\":\"SearchAction\",\"target\":{\"@type\":\"EntryPoint\",\"urlTemplate\":\"https:\\\/\\\/www.p31noticias.com.br\\\/?s={search_term_string}\"},\"query-input\":{\"@type\":\"PropertyValueSpecification\",\"valueRequired\":true,\"valueName\":\"search_term_string\"}}],\"inLanguage\":\"pt-BR\"},{\"@type\":\"Person\",\"@id\":\"https:\\\/\\\/www.p31noticias.com.br\\\/#\\\/schema\\\/person\\\/77d6b186c710ac38937c6ec204fdd387\",\"name\":\"Reda\u00e7\u00e3o JBN\",\"image\":{\"@type\":\"ImageObject\",\"inLanguage\":\"pt-BR\",\"@id\":\"https:\\\/\\\/secure.gravatar.com\\\/avatar\\\/10fcdb93211f98cce3d64c0795b0915a9a4a21dc0f279238995a3dbfafcad090?s=96&d=mm&r=g\",\"url\":\"https:\\\/\\\/secure.gravatar.com\\\/avatar\\\/10fcdb93211f98cce3d64c0795b0915a9a4a21dc0f279238995a3dbfafcad090?s=96&d=mm&r=g\",\"contentUrl\":\"https:\\\/\\\/secure.gravatar.com\\\/avatar\\\/10fcdb93211f98cce3d64c0795b0915a9a4a21dc0f279238995a3dbfafcad090?s=96&d=mm&r=g\",\"caption\":\"Reda\u00e7\u00e3o JBN\"},\"sameAs\":[\"https:\\\/\\\/p31noticias.com.br\"],\"url\":\"https:\\\/\\\/www.p31noticias.com.br\\\/?author=18\"}]}<\/script>\n<!-- \/ Yoast SEO Premium plugin. -->","yoast_head_json":{"title":"Seguro de vida cobre indeniza\u00e7\u00e3o no caso de Covid-19? - P31","robots":{"index":"index","follow":"follow","max-snippet":"max-snippet:-1","max-image-preview":"max-image-preview:large","max-video-preview":"max-video-preview:-1"},"canonical":"https:\/\/www.p31noticias.com.br\/?p=21761","og_locale":"pt_BR","og_type":"article","og_title":"Seguro de vida cobre indeniza\u00e7\u00e3o no caso de Covid-19?","og_description":"O seguro de vida \u00a0\u00e9 \u00a0um contrato firmado por uma pessoa (segurado) junto a uma seguradora, para buscar garantir seguran\u00e7a e tranquilidade caso ocorra algum imprevisto como um acidente, doen\u00e7a ou falecimento. Mas como fica a cobertura nos casos oriundos da pandemia do coronav\u00edrus? A Superintend\u00eancia de Seguros Privados &#8211; Susep, \u00f3rg\u00e3o regulador dos seguros [&hellip;]","og_url":"https:\/\/www.p31noticias.com.br\/?p=21761","og_site_name":"P31","article_published_time":"2020-04-19T16:31:04+00:00","og_image":[{"url":"https:\/\/jornaldoplanalto.com.br\/web\/wp-content\/uploads\/2018\/12\/Horacio-Gomes-Rolo-300x93.jpg","type":"","width":"","height":""}],"author":"Reda\u00e7\u00e3o JBN","twitter_card":"summary_large_image","twitter_misc":{"Escrito por":"Reda\u00e7\u00e3o JBN","Est. tempo de leitura":"3 minutos"},"schema":{"@context":"https:\/\/schema.org","@graph":[{"@type":"Article","@id":"https:\/\/www.p31noticias.com.br\/?p=21761#article","isPartOf":{"@id":"https:\/\/www.p31noticias.com.br\/?p=21761"},"author":{"name":"Reda\u00e7\u00e3o JBN","@id":"https:\/\/www.p31noticias.com.br\/#\/schema\/person\/77d6b186c710ac38937c6ec204fdd387"},"headline":"Seguro de vida cobre indeniza\u00e7\u00e3o no caso de Covid-19?","datePublished":"2020-04-19T16:31:04+00:00","mainEntityOfPage":{"@id":"https:\/\/www.p31noticias.com.br\/?p=21761"},"wordCount":594,"commentCount":0,"image":{"@id":"https:\/\/www.p31noticias.com.br\/?p=21761#primaryimage"},"thumbnailUrl":"https:\/\/jornaldoplanalto.com.br\/web\/wp-content\/uploads\/2018\/12\/Horacio-Gomes-Rolo-300x93.jpg","articleSection":["Outros"],"inLanguage":"pt-BR","potentialAction":[{"@type":"CommentAction","name":"Comment","target":["https:\/\/www.p31noticias.com.br\/?p=21761#respond"]}],"copyrightYear":"2020","copyrightHolder":{"@id":"https:\/\/www.p31noticias.com.br\/#organization"}},{"@type":"WebPage","@id":"https:\/\/www.p31noticias.com.br\/?p=21761","url":"https:\/\/www.p31noticias.com.br\/?p=21761","name":"Seguro de vida cobre indeniza\u00e7\u00e3o no caso de Covid-19? - P31","isPartOf":{"@id":"https:\/\/www.p31noticias.com.br\/#website"},"primaryImageOfPage":{"@id":"https:\/\/www.p31noticias.com.br\/?p=21761#primaryimage"},"image":{"@id":"https:\/\/www.p31noticias.com.br\/?p=21761#primaryimage"},"thumbnailUrl":"https:\/\/jornaldoplanalto.com.br\/web\/wp-content\/uploads\/2018\/12\/Horacio-Gomes-Rolo-300x93.jpg","datePublished":"2020-04-19T16:31:04+00:00","author":{"@id":"https:\/\/www.p31noticias.com.br\/#\/schema\/person\/77d6b186c710ac38937c6ec204fdd387"},"breadcrumb":{"@id":"https:\/\/www.p31noticias.com.br\/?p=21761#breadcrumb"},"inLanguage":"pt-BR","potentialAction":[{"@type":"ReadAction","target":["https:\/\/www.p31noticias.com.br\/?p=21761"]}]},{"@type":"ImageObject","inLanguage":"pt-BR","@id":"https:\/\/www.p31noticias.com.br\/?p=21761#primaryimage","url":"https:\/\/jornaldoplanalto.com.br\/web\/wp-content\/uploads\/2018\/12\/Horacio-Gomes-Rolo-300x93.jpg","contentUrl":"https:\/\/jornaldoplanalto.com.br\/web\/wp-content\/uploads\/2018\/12\/Horacio-Gomes-Rolo-300x93.jpg"},{"@type":"BreadcrumbList","@id":"https:\/\/www.p31noticias.com.br\/?p=21761#breadcrumb","itemListElement":[{"@type":"ListItem","position":1,"name":"In\u00edcio","item":"https:\/\/www.p31noticias.com.br\/"},{"@type":"ListItem","position":2,"name":"Seguro de vida cobre indeniza\u00e7\u00e3o no caso de Covid-19?"}]},{"@type":"WebSite","@id":"https:\/\/www.p31noticias.com.br\/#website","url":"https:\/\/www.p31noticias.com.br\/","name":"P31","description":"NOT\u00cdCIAS","potentialAction":[{"@type":"SearchAction","target":{"@type":"EntryPoint","urlTemplate":"https:\/\/www.p31noticias.com.br\/?s={search_term_string}"},"query-input":{"@type":"PropertyValueSpecification","valueRequired":true,"valueName":"search_term_string"}}],"inLanguage":"pt-BR"},{"@type":"Person","@id":"https:\/\/www.p31noticias.com.br\/#\/schema\/person\/77d6b186c710ac38937c6ec204fdd387","name":"Reda\u00e7\u00e3o JBN","image":{"@type":"ImageObject","inLanguage":"pt-BR","@id":"https:\/\/secure.gravatar.com\/avatar\/10fcdb93211f98cce3d64c0795b0915a9a4a21dc0f279238995a3dbfafcad090?s=96&d=mm&r=g","url":"https:\/\/secure.gravatar.com\/avatar\/10fcdb93211f98cce3d64c0795b0915a9a4a21dc0f279238995a3dbfafcad090?s=96&d=mm&r=g","contentUrl":"https:\/\/secure.gravatar.com\/avatar\/10fcdb93211f98cce3d64c0795b0915a9a4a21dc0f279238995a3dbfafcad090?s=96&d=mm&r=g","caption":"Reda\u00e7\u00e3o JBN"},"sameAs":["https:\/\/p31noticias.com.br"],"url":"https:\/\/www.p31noticias.com.br\/?author=18"}]}},"amp_enabled":true,"_links":{"self":[{"href":"https:\/\/www.p31noticias.com.br\/index.php?rest_route=\/wp\/v2\/posts\/21761","targetHints":{"allow":["GET"]}}],"collection":[{"href":"https:\/\/www.p31noticias.com.br\/index.php?rest_route=\/wp\/v2\/posts"}],"about":[{"href":"https:\/\/www.p31noticias.com.br\/index.php?rest_route=\/wp\/v2\/types\/post"}],"author":[{"embeddable":true,"href":"https:\/\/www.p31noticias.com.br\/index.php?rest_route=\/wp\/v2\/users\/18"}],"replies":[{"embeddable":true,"href":"https:\/\/www.p31noticias.com.br\/index.php?rest_route=%2Fwp%2Fv2%2Fcomments&post=21761"}],"version-history":[{"count":0,"href":"https:\/\/www.p31noticias.com.br\/index.php?rest_route=\/wp\/v2\/posts\/21761\/revisions"}],"wp:attachment":[{"href":"https:\/\/www.p31noticias.com.br\/index.php?rest_route=%2Fwp%2Fv2%2Fmedia&parent=21761"}],"wp:term":[{"taxonomy":"category","embeddable":true,"href":"https:\/\/www.p31noticias.com.br\/index.php?rest_route=%2Fwp%2Fv2%2Fcategories&post=21761"},{"taxonomy":"post_tag","embeddable":true,"href":"https:\/\/www.p31noticias.com.br\/index.php?rest_route=%2Fwp%2Fv2%2Ftags&post=21761"}],"curies":[{"name":"wp","href":"https:\/\/api.w.org\/{rel}","templated":true}]}}