{"id":21743,"date":"2020-04-21T09:25:54","date_gmt":"2020-04-21T12:25:54","guid":{"rendered":"https:\/\/jornaldoplanalto.com.br\/web\/?p=21743"},"modified":"2020-04-21T09:25:54","modified_gmt":"2020-04-21T12:25:54","slug":"programacao-digital-marca-comemoracao-dos-60-anos-de-brasilia-parte-da-celebracao-migrou-para-internet","status":"publish","type":"post","link":"https:\/\/www.p31noticias.com.br\/?p=21743","title":{"rendered":"Programa\u00e7\u00e3o digital marca comemora\u00e7\u00e3o dos 60 anos de Bras\u00edlia Parte da celebra\u00e7\u00e3o migrou para internet"},"content":{"rendered":"<p>Com o distanciamento social provocado pela pandemia do novo coronav\u00edrus, a festa prevista na Esplanada dos Minist\u00e9rios para comemorar os 60 anos de Bras\u00edlia, completados hoje\u00a0(21), acabou sendo adiada pelo governo do Distrito Federal, mas boa parte da celebra\u00e7\u00e3o migrou para a internet.<\/p>\n<p>A Secretaria de Estado de Cultura e Economia Criativa (Secec), por exemplo, montou uma programa\u00e7\u00e3o com 15 horas de apresenta\u00e7\u00f5es online somente com artistas locais, no festival Cantando para Bras\u00edlia (programa\u00e7\u00e3o abaixo).<\/p>\n<p>Tamb\u00e9m nesta ter\u00e7a (21), de modo completamente digital, come\u00e7a o 7\u00ba Festival Internacional de Cinema de Bras\u00edlia (BIFF, na sigla em ingl\u00eas), focado na produ\u00e7\u00e3o de jovens diretores e que conta com uma mostra competitiva de oito longas-metragens in\u00e9ditos, entre brasileiros e estrangeiros.<\/p>\n<p>Somando-se \u00e0 programa\u00e7\u00e3o online, segue em andamento o festival cultural No Seu Quadrado, com mais de 200 apresenta\u00e7\u00f5es art\u00edsticas e 70 atividades informativas. S\u00e3o representadas as linguagens de audiovisual, artes visuais, circo, dan\u00e7a, fotografia, gastronomia, literatura, m\u00fasica e performance, entre outras. H\u00e1 tamb\u00e9m atividades infantis como conta\u00e7\u00e3o de hist\u00f3rias e teatro infantil.<\/p>\n<p>O Centro Cultural Banco do Brasil (CCBB), por sua vez, preparou uma playlist especial em homenagem aos 60 anos de Bras\u00edlia. S\u00e3o 60 m\u00fasicas de artistas que marcaram a cena cultural da cidade, com nomes como Legi\u00e3o Urbana, Plebe Rude, GOG e Natiruts, entre os mais antigos, e Rios Voadores, Let\u00edcia Fialho e Ellen Ol\u00e9ria, entre os mais recentes.\u00a0<a href=\"https:\/\/open.spotify.com\/playlist\/146Yr4qjeffgRlbqB67pyV\" target=\"_blank\" rel=\"noopener noreferrer\">Acesse a playlist aqui<\/a>.<\/p>\n<h2>Confira abaixo\u00a0a programa\u00e7\u00e3o:<\/h2>\n<h2>Cantando para Bras\u00edlia<\/h2>\n<p>O festival Cantando para Bras\u00edlia come\u00e7a \u00e0s 10h com uma missa celebrada pelo arcebispo de Bras\u00edlia, dom S\u00e9rgio da Rocha, e se segue at\u00e9 as 23h, quando est\u00e1 previsto o t\u00e9rmino da \u00faltima apresenta\u00e7\u00e3o, da banda Bar\u00e3o e Mau\u00e1.<\/p>\n<p>Durante a manh\u00e3, a programa\u00e7\u00e3o conta com a leitura de contos voltados ao p\u00fablico infantil, em parceria com o programa Mala de Livros. \u00c0s 11h30, a escritora e contadora de hist\u00f3rias F\u00e1tima Venzi ler\u00e1 pela primeira vez sua hist\u00f3ria \u201cA menina e o Ip\u00ea Amarelo\u201d, e a partir do meio-dia ser\u00e1 contada a hist\u00f3ria de pioneiros por Maria Bonita, da Vila Planalto.<\/p>\n<p>A programa\u00e7\u00e3o musical come\u00e7a \u00e0s 13h com o cantor Vin\u00edcius de Oliveira e segue por 15h de atra\u00e7\u00f5es musicais, incluindo ritmos como samba, ax\u00e9, forr\u00f3, pop rock, MPB e sertanejo.\u00a0As transmiss\u00f5es ser\u00e3o feitas pelo Instagram.<\/p>\n<p>Veja a programa\u00e7\u00e3o* completa:<\/p>\n<p>10h: missa celebrada pelo Arcebispo Bras\u00edlia, dom S\u00e9rgio da Rocha<\/p>\n<p>Transmiss\u00e3o ao vivo no\u00a0<a href=\"http:\/\/%3Chttps\/\/www.youtube.com\/arqbrasilia%3E\" target=\"_blank\" rel=\"noopener noreferrer\">canal da Arquidiocese de Bras\u00edlia no Youtube<\/a><\/p>\n<p>&nbsp;<\/p>\n<p><strong>Conta\u00e7\u00e3o de hist\u00f3rias (para crian\u00e7as) \u2013 parceria Programa Mala do Livro<\/strong><\/p>\n<p>Perfis no Instagram<\/p>\n<p>11h30: A menina e o Ip\u00ea Amarelo \u2013 @fvenzi<\/p>\n<p>12h A hist\u00f3ria dos Pioneiros \u2013 @mariabonitacerrado<\/p>\n<p>&nbsp;<\/p>\n<p><strong>Festival Cantando para Bras\u00edlia \u2013 60 Anos<\/strong><\/p>\n<p>Perfis das atra\u00e7\u00f5es musicais no Instagram<\/p>\n<p>13h \u00e0s 13h40: Vin\u00edcius Oliveira \u2013 @viniciusdeoliveiraoficial<\/p>\n<p>13h40 \u00e0s 14h20: T\u00falio Borges \u2013 @tulio_borges<\/p>\n<p>14h20 \u00e0s 15h: Milsinho \u2013 @milsinhooficial<\/p>\n<p>15h \u00e0s 15h40: Luciano Ibiapina \u2013 @luciano_ibiapina_oficial<\/p>\n<p>15h40 \u00e0s 16h20: Renata Jambeiro \u2013 @renatajambeirooficial<\/p>\n<p>16h20 \u00e0s 17h: Roni &amp; Ricardo \u2013 @roniericardo<\/p>\n<p>17h \u00e0s 17h40: Collo de Mainha \u2013 @collodemainha<\/p>\n<p>17h40 \u00e0s 18h20: Bebeto Cerqueira \u2013 @bebetocerqueira<\/p>\n<p>18h20 \u00e0s 19h: Marcelo Sena \u2013 @cantormarcelosena<\/p>\n<p>19h \u00e0s 19h40: Banda Imagem \u2013 @bandaimagem<\/p>\n<p>19h40 \u00e0s 20h20: Dhi Ribeiro \u2013 @dhiribeirooficial<\/p>\n<p>20h20 \u00e0s 21h: Marcelo Caf\u00e9 \u2013 @marcelocafeoficial<\/p>\n<p>21h \u00e0s 21h40: Nego Rainer \u2013 @negorainner<\/p>\n<p>21h40 \u00e0s 22h20: Banda Crazy \u2013 @bandacrazy<\/p>\n<p>22h20 \u00e0s 23h: Bar\u00e3o &amp; Mau\u00e1 \u2013 @baraoemaua<\/p>\n<p><em>* Programa\u00e7\u00e3o sujeita a altera\u00e7\u00f5es<\/em><\/p>\n<h2>BIFF<\/h2>\n<p>A diretora-geral e curadora do Festival Internacional de Cinema de Bras\u00edlia, Anna Karina de Carvalho, chegou a cogitar o cancelamento da edi\u00e7\u00e3o deste ano, mas ao final, em parceira com a plataforma de\u00a0streaming\u00a0Looke, conseguiu transferir toda a programa\u00e7\u00e3o para a internet.<\/p>\n<p>Para assistir aos filmes,\u00a0<a href=\"http:\/\/www.biffestival.com\/\" target=\"_blank\" rel=\"noopener noreferrer\">basta fazer um cadastro no site do BIFF<\/a>\u00a0e\u00a0ter\u00a0acesso gr\u00e1tis a toda programa\u00e7\u00e3o di\u00e1ria do festival. A mostra competitiva conta com filmes in\u00e9ditos, entre eles,\u00a0<em>Libert\u00e9<\/em>, longa mais recente do espanhol Albert Serra e vencedor do Pr\u00eamio Especial do J\u00fari na mostra Um Certo Olhas, do Festival de Cannes.<\/p>\n<p>Estar\u00e1 em cartaz tamb\u00e9m o polon\u00eas\u00a0<em>Corpus Christi<\/em>, de Jan Komasa, um dos indicados ao Oscar de Melhor Filme Estrangeiro neste ano. H\u00e1 ainda filmes em homenagem ao ator Kirk Douglas, falecido em fevereiro, e uma mostra especial para o p\u00fablico adolescente.<\/p>\n<h2>No Seu Quadrado<\/h2>\n<p>Diante do adiamento de diversos eventos culturais e o fechamento tempor\u00e1rio de centros culturais, em decorr\u00eancia das diretrizes de distanciamento social, o festival No Seu Quadrado foi criado para movimentar a cadeia produtiva da cultura no Distrito Federal, com extensa programa\u00e7\u00e3o via internet.<\/p>\n<p>Com o mote de comemorar os 60 anos de Bras\u00edlia, o festival busca dar espa\u00e7o virtual para artistas da cidade exporem seu trabalho e apresentarem conte\u00fados formativos, tudo por meio de\u00a0lives\u00a0transmitidas pelo Instagram. O festival, que tamb\u00e9m conta com o apoio da Secretaria de Cultura, come\u00e7ou em\u00a017 de abril\u00a0e segue at\u00e9 a pr\u00f3xima\u00a0segunda-feira (24).<\/p>\n<p>A programa\u00e7\u00e3o completa pode ser encontrada no\u00a0<a href=\"https:\/\/www.festivalnoseuquadrado.com.br\/programacao\/\" target=\"_blank\" rel=\"noopener noreferrer\">site do festival<\/a>.<\/p>\n<p><em>(Por Felipe Pontes \u2013 Rep\u00f3rter da Ag\u00eancia Brasil &#8211; Bras\u00edlia. Foto: Elza Fi\u00faza\/Ag\u00eancia Brasil)<\/em><\/p>\n","protected":false},"excerpt":{"rendered":"<p>Com o distanciamento social provocado pela pandemia do novo coronav\u00edrus, a festa prevista na Esplanada dos Minist\u00e9rios para comemorar os 60 anos de Bras\u00edlia, completados hoje\u00a0(21), acabou sendo adiada pelo governo do Distrito Federal, mas boa parte da celebra\u00e7\u00e3o migrou para a internet. A Secretaria de Estado de Cultura e Economia Criativa (Secec), por exemplo, [&hellip;]<\/p>\n","protected":false},"author":18,"featured_media":21744,"comment_status":"open","ping_status":"open","sticky":false,"template":"","format":"standard","meta":{"footnotes":""},"categories":[68],"tags":[],"class_list":{"0":"post-21743","1":"post","2":"type-post","3":"status-publish","4":"format-standard","5":"has-post-thumbnail","7":"category-brasil"},"yoast_head":"<!-- This site is optimized with the Yoast SEO Premium plugin v24.5 (Yoast SEO v27.5) - https:\/\/yoast.com\/product\/yoast-seo-premium-wordpress\/ -->\n<title>Programa\u00e7\u00e3o digital marca comemora\u00e7\u00e3o dos 60 anos de Bras\u00edlia Parte da celebra\u00e7\u00e3o migrou para internet - P31<\/title>\n<meta name=\"robots\" content=\"index, follow, max-snippet:-1, max-image-preview:large, max-video-preview:-1\" \/>\n<link rel=\"canonical\" href=\"https:\/\/www.p31noticias.com.br\/?p=21743\" \/>\n<meta property=\"og:locale\" content=\"pt_BR\" \/>\n<meta property=\"og:type\" content=\"article\" \/>\n<meta property=\"og:title\" content=\"Programa\u00e7\u00e3o digital marca comemora\u00e7\u00e3o dos 60 anos de Bras\u00edlia Parte da celebra\u00e7\u00e3o migrou para internet\" \/>\n<meta property=\"og:description\" content=\"Com o distanciamento social provocado pela pandemia do novo coronav\u00edrus, a festa prevista na Esplanada dos Minist\u00e9rios para comemorar os 60 anos de Bras\u00edlia, completados hoje\u00a0(21), acabou sendo adiada pelo governo do Distrito Federal, mas boa parte da celebra\u00e7\u00e3o migrou para a internet. A Secretaria de Estado de Cultura e Economia Criativa (Secec), por exemplo, [&hellip;]\" \/>\n<meta property=\"og:url\" content=\"https:\/\/www.p31noticias.com.br\/?p=21743\" \/>\n<meta property=\"og:site_name\" content=\"P31\" \/>\n<meta property=\"article:published_time\" content=\"2020-04-21T12:25:54+00:00\" \/>\n<meta property=\"og:image\" content=\"https:\/\/www.p31noticias.com.br\/wp-content\/uploads\/2020\/04\/Brasilia.jpg\" \/>\n\t<meta property=\"og:image:width\" content=\"800\" \/>\n\t<meta property=\"og:image:height\" content=\"479\" \/>\n\t<meta property=\"og:image:type\" content=\"image\/jpeg\" \/>\n<meta name=\"author\" content=\"Reda\u00e7\u00e3o JBN\" \/>\n<meta name=\"twitter:card\" content=\"summary_large_image\" \/>\n<meta name=\"twitter:label1\" content=\"Escrito por\" \/>\n\t<meta name=\"twitter:data1\" content=\"Reda\u00e7\u00e3o JBN\" \/>\n\t<meta name=\"twitter:label2\" content=\"Est. tempo de leitura\" \/>\n\t<meta name=\"twitter:data2\" content=\"4 minutos\" \/>\n<script type=\"application\/ld+json\" class=\"yoast-schema-graph\">{\"@context\":\"https:\\\/\\\/schema.org\",\"@graph\":[{\"@type\":\"Article\",\"@id\":\"https:\\\/\\\/www.p31noticias.com.br\\\/?p=21743#article\",\"isPartOf\":{\"@id\":\"https:\\\/\\\/www.p31noticias.com.br\\\/?p=21743\"},\"author\":{\"name\":\"Reda\u00e7\u00e3o JBN\",\"@id\":\"https:\\\/\\\/www.p31noticias.com.br\\\/#\\\/schema\\\/person\\\/77d6b186c710ac38937c6ec204fdd387\"},\"headline\":\"Programa\u00e7\u00e3o digital marca comemora\u00e7\u00e3o dos 60 anos de Bras\u00edlia Parte da celebra\u00e7\u00e3o migrou para internet\",\"datePublished\":\"2020-04-21T12:25:54+00:00\",\"mainEntityOfPage\":{\"@id\":\"https:\\\/\\\/www.p31noticias.com.br\\\/?p=21743\"},\"wordCount\":911,\"commentCount\":0,\"image\":{\"@id\":\"https:\\\/\\\/www.p31noticias.com.br\\\/?p=21743#primaryimage\"},\"thumbnailUrl\":\"https:\\\/\\\/www.p31noticias.com.br\\\/wp-content\\\/uploads\\\/2020\\\/04\\\/Brasilia.jpg\",\"articleSection\":[\"Brasil\"],\"inLanguage\":\"pt-BR\",\"potentialAction\":[{\"@type\":\"CommentAction\",\"name\":\"Comment\",\"target\":[\"https:\\\/\\\/www.p31noticias.com.br\\\/?p=21743#respond\"]}],\"copyrightYear\":\"2020\",\"copyrightHolder\":{\"@id\":\"https:\\\/\\\/www.p31noticias.com.br\\\/#organization\"}},{\"@type\":\"WebPage\",\"@id\":\"https:\\\/\\\/www.p31noticias.com.br\\\/?p=21743\",\"url\":\"https:\\\/\\\/www.p31noticias.com.br\\\/?p=21743\",\"name\":\"Programa\u00e7\u00e3o digital marca comemora\u00e7\u00e3o dos 60 anos de Bras\u00edlia Parte da celebra\u00e7\u00e3o migrou para internet - P31\",\"isPartOf\":{\"@id\":\"https:\\\/\\\/www.p31noticias.com.br\\\/#website\"},\"primaryImageOfPage\":{\"@id\":\"https:\\\/\\\/www.p31noticias.com.br\\\/?p=21743#primaryimage\"},\"image\":{\"@id\":\"https:\\\/\\\/www.p31noticias.com.br\\\/?p=21743#primaryimage\"},\"thumbnailUrl\":\"https:\\\/\\\/www.p31noticias.com.br\\\/wp-content\\\/uploads\\\/2020\\\/04\\\/Brasilia.jpg\",\"datePublished\":\"2020-04-21T12:25:54+00:00\",\"author\":{\"@id\":\"https:\\\/\\\/www.p31noticias.com.br\\\/#\\\/schema\\\/person\\\/77d6b186c710ac38937c6ec204fdd387\"},\"breadcrumb\":{\"@id\":\"https:\\\/\\\/www.p31noticias.com.br\\\/?p=21743#breadcrumb\"},\"inLanguage\":\"pt-BR\",\"potentialAction\":[{\"@type\":\"ReadAction\",\"target\":[\"https:\\\/\\\/www.p31noticias.com.br\\\/?p=21743\"]}]},{\"@type\":\"ImageObject\",\"inLanguage\":\"pt-BR\",\"@id\":\"https:\\\/\\\/www.p31noticias.com.br\\\/?p=21743#primaryimage\",\"url\":\"https:\\\/\\\/www.p31noticias.com.br\\\/wp-content\\\/uploads\\\/2020\\\/04\\\/Brasilia.jpg\",\"contentUrl\":\"https:\\\/\\\/www.p31noticias.com.br\\\/wp-content\\\/uploads\\\/2020\\\/04\\\/Brasilia.jpg\",\"width\":800,\"height\":479,\"caption\":\"Bras\u00edlia - S\u00e1bado ensolarado e regado a m\u00fasica durante evento na Torre de TV que reuniu violeiros de todo o pa\u00eds para apresenta\u00e7\u00f5es gratuitas ao p\u00fablico (Elza Fiuza \\\/Ag\u00eancia Brasil)\"},{\"@type\":\"BreadcrumbList\",\"@id\":\"https:\\\/\\\/www.p31noticias.com.br\\\/?p=21743#breadcrumb\",\"itemListElement\":[{\"@type\":\"ListItem\",\"position\":1,\"name\":\"In\u00edcio\",\"item\":\"https:\\\/\\\/www.p31noticias.com.br\\\/\"},{\"@type\":\"ListItem\",\"position\":2,\"name\":\"Programa\u00e7\u00e3o digital marca comemora\u00e7\u00e3o dos 60 anos de Bras\u00edlia Parte da celebra\u00e7\u00e3o migrou para internet\"}]},{\"@type\":\"WebSite\",\"@id\":\"https:\\\/\\\/www.p31noticias.com.br\\\/#website\",\"url\":\"https:\\\/\\\/www.p31noticias.com.br\\\/\",\"name\":\"P31\",\"description\":\"NOT\u00cdCIAS\",\"potentialAction\":[{\"@type\":\"SearchAction\",\"target\":{\"@type\":\"EntryPoint\",\"urlTemplate\":\"https:\\\/\\\/www.p31noticias.com.br\\\/?s={search_term_string}\"},\"query-input\":{\"@type\":\"PropertyValueSpecification\",\"valueRequired\":true,\"valueName\":\"search_term_string\"}}],\"inLanguage\":\"pt-BR\"},{\"@type\":\"Person\",\"@id\":\"https:\\\/\\\/www.p31noticias.com.br\\\/#\\\/schema\\\/person\\\/77d6b186c710ac38937c6ec204fdd387\",\"name\":\"Reda\u00e7\u00e3o JBN\",\"image\":{\"@type\":\"ImageObject\",\"inLanguage\":\"pt-BR\",\"@id\":\"https:\\\/\\\/secure.gravatar.com\\\/avatar\\\/10fcdb93211f98cce3d64c0795b0915a9a4a21dc0f279238995a3dbfafcad090?s=96&d=mm&r=g\",\"url\":\"https:\\\/\\\/secure.gravatar.com\\\/avatar\\\/10fcdb93211f98cce3d64c0795b0915a9a4a21dc0f279238995a3dbfafcad090?s=96&d=mm&r=g\",\"contentUrl\":\"https:\\\/\\\/secure.gravatar.com\\\/avatar\\\/10fcdb93211f98cce3d64c0795b0915a9a4a21dc0f279238995a3dbfafcad090?s=96&d=mm&r=g\",\"caption\":\"Reda\u00e7\u00e3o JBN\"},\"sameAs\":[\"https:\\\/\\\/p31noticias.com.br\"],\"url\":\"https:\\\/\\\/www.p31noticias.com.br\\\/?author=18\"}]}<\/script>\n<!-- \/ Yoast SEO Premium plugin. -->","yoast_head_json":{"title":"Programa\u00e7\u00e3o digital marca comemora\u00e7\u00e3o dos 60 anos de Bras\u00edlia Parte da celebra\u00e7\u00e3o migrou para internet - P31","robots":{"index":"index","follow":"follow","max-snippet":"max-snippet:-1","max-image-preview":"max-image-preview:large","max-video-preview":"max-video-preview:-1"},"canonical":"https:\/\/www.p31noticias.com.br\/?p=21743","og_locale":"pt_BR","og_type":"article","og_title":"Programa\u00e7\u00e3o digital marca comemora\u00e7\u00e3o dos 60 anos de Bras\u00edlia Parte da celebra\u00e7\u00e3o migrou para internet","og_description":"Com o distanciamento social provocado pela pandemia do novo coronav\u00edrus, a festa prevista na Esplanada dos Minist\u00e9rios para comemorar os 60 anos de Bras\u00edlia, completados hoje\u00a0(21), acabou sendo adiada pelo governo do Distrito Federal, mas boa parte da celebra\u00e7\u00e3o migrou para a internet. A Secretaria de Estado de Cultura e Economia Criativa (Secec), por exemplo, [&hellip;]","og_url":"https:\/\/www.p31noticias.com.br\/?p=21743","og_site_name":"P31","article_published_time":"2020-04-21T12:25:54+00:00","og_image":[{"width":800,"height":479,"url":"https:\/\/www.p31noticias.com.br\/wp-content\/uploads\/2020\/04\/Brasilia.jpg","type":"image\/jpeg"}],"author":"Reda\u00e7\u00e3o JBN","twitter_card":"summary_large_image","twitter_misc":{"Escrito por":"Reda\u00e7\u00e3o JBN","Est. tempo de leitura":"4 minutos"},"schema":{"@context":"https:\/\/schema.org","@graph":[{"@type":"Article","@id":"https:\/\/www.p31noticias.com.br\/?p=21743#article","isPartOf":{"@id":"https:\/\/www.p31noticias.com.br\/?p=21743"},"author":{"name":"Reda\u00e7\u00e3o JBN","@id":"https:\/\/www.p31noticias.com.br\/#\/schema\/person\/77d6b186c710ac38937c6ec204fdd387"},"headline":"Programa\u00e7\u00e3o digital marca comemora\u00e7\u00e3o dos 60 anos de Bras\u00edlia Parte da celebra\u00e7\u00e3o migrou para internet","datePublished":"2020-04-21T12:25:54+00:00","mainEntityOfPage":{"@id":"https:\/\/www.p31noticias.com.br\/?p=21743"},"wordCount":911,"commentCount":0,"image":{"@id":"https:\/\/www.p31noticias.com.br\/?p=21743#primaryimage"},"thumbnailUrl":"https:\/\/www.p31noticias.com.br\/wp-content\/uploads\/2020\/04\/Brasilia.jpg","articleSection":["Brasil"],"inLanguage":"pt-BR","potentialAction":[{"@type":"CommentAction","name":"Comment","target":["https:\/\/www.p31noticias.com.br\/?p=21743#respond"]}],"copyrightYear":"2020","copyrightHolder":{"@id":"https:\/\/www.p31noticias.com.br\/#organization"}},{"@type":"WebPage","@id":"https:\/\/www.p31noticias.com.br\/?p=21743","url":"https:\/\/www.p31noticias.com.br\/?p=21743","name":"Programa\u00e7\u00e3o digital marca comemora\u00e7\u00e3o dos 60 anos de Bras\u00edlia Parte da celebra\u00e7\u00e3o migrou para internet - P31","isPartOf":{"@id":"https:\/\/www.p31noticias.com.br\/#website"},"primaryImageOfPage":{"@id":"https:\/\/www.p31noticias.com.br\/?p=21743#primaryimage"},"image":{"@id":"https:\/\/www.p31noticias.com.br\/?p=21743#primaryimage"},"thumbnailUrl":"https:\/\/www.p31noticias.com.br\/wp-content\/uploads\/2020\/04\/Brasilia.jpg","datePublished":"2020-04-21T12:25:54+00:00","author":{"@id":"https:\/\/www.p31noticias.com.br\/#\/schema\/person\/77d6b186c710ac38937c6ec204fdd387"},"breadcrumb":{"@id":"https:\/\/www.p31noticias.com.br\/?p=21743#breadcrumb"},"inLanguage":"pt-BR","potentialAction":[{"@type":"ReadAction","target":["https:\/\/www.p31noticias.com.br\/?p=21743"]}]},{"@type":"ImageObject","inLanguage":"pt-BR","@id":"https:\/\/www.p31noticias.com.br\/?p=21743#primaryimage","url":"https:\/\/www.p31noticias.com.br\/wp-content\/uploads\/2020\/04\/Brasilia.jpg","contentUrl":"https:\/\/www.p31noticias.com.br\/wp-content\/uploads\/2020\/04\/Brasilia.jpg","width":800,"height":479,"caption":"Bras\u00edlia - S\u00e1bado ensolarado e regado a m\u00fasica durante evento na Torre de TV que reuniu violeiros de todo o pa\u00eds para apresenta\u00e7\u00f5es gratuitas ao p\u00fablico (Elza Fiuza \/Ag\u00eancia Brasil)"},{"@type":"BreadcrumbList","@id":"https:\/\/www.p31noticias.com.br\/?p=21743#breadcrumb","itemListElement":[{"@type":"ListItem","position":1,"name":"In\u00edcio","item":"https:\/\/www.p31noticias.com.br\/"},{"@type":"ListItem","position":2,"name":"Programa\u00e7\u00e3o digital marca comemora\u00e7\u00e3o dos 60 anos de Bras\u00edlia Parte da celebra\u00e7\u00e3o migrou para internet"}]},{"@type":"WebSite","@id":"https:\/\/www.p31noticias.com.br\/#website","url":"https:\/\/www.p31noticias.com.br\/","name":"P31","description":"NOT\u00cdCIAS","potentialAction":[{"@type":"SearchAction","target":{"@type":"EntryPoint","urlTemplate":"https:\/\/www.p31noticias.com.br\/?s={search_term_string}"},"query-input":{"@type":"PropertyValueSpecification","valueRequired":true,"valueName":"search_term_string"}}],"inLanguage":"pt-BR"},{"@type":"Person","@id":"https:\/\/www.p31noticias.com.br\/#\/schema\/person\/77d6b186c710ac38937c6ec204fdd387","name":"Reda\u00e7\u00e3o JBN","image":{"@type":"ImageObject","inLanguage":"pt-BR","@id":"https:\/\/secure.gravatar.com\/avatar\/10fcdb93211f98cce3d64c0795b0915a9a4a21dc0f279238995a3dbfafcad090?s=96&d=mm&r=g","url":"https:\/\/secure.gravatar.com\/avatar\/10fcdb93211f98cce3d64c0795b0915a9a4a21dc0f279238995a3dbfafcad090?s=96&d=mm&r=g","contentUrl":"https:\/\/secure.gravatar.com\/avatar\/10fcdb93211f98cce3d64c0795b0915a9a4a21dc0f279238995a3dbfafcad090?s=96&d=mm&r=g","caption":"Reda\u00e7\u00e3o JBN"},"sameAs":["https:\/\/p31noticias.com.br"],"url":"https:\/\/www.p31noticias.com.br\/?author=18"}]}},"amp_enabled":true,"_links":{"self":[{"href":"https:\/\/www.p31noticias.com.br\/index.php?rest_route=\/wp\/v2\/posts\/21743","targetHints":{"allow":["GET"]}}],"collection":[{"href":"https:\/\/www.p31noticias.com.br\/index.php?rest_route=\/wp\/v2\/posts"}],"about":[{"href":"https:\/\/www.p31noticias.com.br\/index.php?rest_route=\/wp\/v2\/types\/post"}],"author":[{"embeddable":true,"href":"https:\/\/www.p31noticias.com.br\/index.php?rest_route=\/wp\/v2\/users\/18"}],"replies":[{"embeddable":true,"href":"https:\/\/www.p31noticias.com.br\/index.php?rest_route=%2Fwp%2Fv2%2Fcomments&post=21743"}],"version-history":[{"count":0,"href":"https:\/\/www.p31noticias.com.br\/index.php?rest_route=\/wp\/v2\/posts\/21743\/revisions"}],"wp:featuredmedia":[{"embeddable":true,"href":"https:\/\/www.p31noticias.com.br\/index.php?rest_route=\/wp\/v2\/media\/21744"}],"wp:attachment":[{"href":"https:\/\/www.p31noticias.com.br\/index.php?rest_route=%2Fwp%2Fv2%2Fmedia&parent=21743"}],"wp:term":[{"taxonomy":"category","embeddable":true,"href":"https:\/\/www.p31noticias.com.br\/index.php?rest_route=%2Fwp%2Fv2%2Fcategories&post=21743"},{"taxonomy":"post_tag","embeddable":true,"href":"https:\/\/www.p31noticias.com.br\/index.php?rest_route=%2Fwp%2Fv2%2Ftags&post=21743"}],"curies":[{"name":"wp","href":"https:\/\/api.w.org\/{rel}","templated":true}]}}