{"id":21724,"date":"2020-04-19T09:15:24","date_gmt":"2020-04-19T12:15:24","guid":{"rendered":"https:\/\/jornaldoplanalto.com.br\/web\/?p=21724"},"modified":"2020-04-19T09:15:24","modified_gmt":"2020-04-19T12:15:24","slug":"bolsonaro-falta-orcamento-para-repor-perdas-de-estados-e-municipios","status":"publish","type":"post","link":"https:\/\/www.p31noticias.com.br\/?p=21724","title":{"rendered":"Bolsonaro: falta or\u00e7amento para repor perdas de estados e munic\u00edpios"},"content":{"rendered":"<p><em><strong>Presidente fez live direto da rampa do Pal\u00e1cio do Planalto<\/strong><\/em><\/p>\n<p>Durante uma transmiss\u00e3o feita pelas redes sociais direto da rampa do Pal\u00e1cio do Planalto, o presidente Jair Bolsonaro disse que falta or\u00e7amento para repor as perdas de arrecada\u00e7\u00e3o de estados e munic\u00edpios, causadas pela crise do novo coronav\u00edrus.<\/p>\n<p>\u201cN\u00e3o sabemos quanto vai chegar a conta do ICMS e ISS. Estamos calculando muito a cima de R$ 100 bilh\u00f5es. N\u00e3o tem espa\u00e7o para isso no Or\u00e7amento. N\u00e3o \u00e9 que se vire o chefe do Executivo. Se aqui n\u00f3s quebrarmos, quebra o Brasil. Os estados est\u00e3o muito mal das pernas\u201d, afirmou.<\/p>\n<p>O presidente defendeu medidas de sa\u00fade para evitar o cont\u00e1gio em massa da popula\u00e7\u00e3o, como uso de m\u00e1scaras, luvas, \u00e1lcool em gel e campanhas educativas, e afirmou que as consequ\u00eancias econ\u00f4micas da pandemia podem ser graves.<\/p>\n<p>Bolsonaro voltou a falar sobre a decis\u00e3o de governadores e de prefeitos que determinaram o fechamento total do com\u00e9rcio nos estados e munic\u00edpios do pa\u00eds devido \u00e0 pandemia do novo coronav\u00edrus. Segundo o presidente, as autoridades est\u00e3o fazendo o que \u201cbem entendem\u201d e sem levar em conta a possibilidade de muitos trabalhadores ficarem desempregados e de queda na arrecada\u00e7\u00e3o de impostos.<\/p>\n<p>O presidente tamb\u00e9m pediu \u201chumildade\u201d das autoridades para reconhecerem que o fechamento total n\u00e3o \u00e9 o caminho adequado. Segundo Bolsonaro, no que depender dele, o isolamento da popula\u00e7\u00e3o ser\u00e1 flexibilizado.<\/p>\n<p>\u201cEssas pessoas que est\u00e3o sendo demitidas n\u00e3o pagam conta de luz, compram o essencial na pra\u00e7a. Estamos em uma situa\u00e7\u00e3o complicada. Ser\u00e1 que o pessoal n\u00e3o enxerga isso? Vai continuar me atacando, ofendendo, me chamando de tudo, at\u00e9 me acusando de genoc\u00eddio. N\u00e3o d\u00e1 para entender que o que vai matar as pessoas para valer vai ser as consequ\u00eancias do desemprego? Acordem para isso.&#8221;<\/p>\n<p>Ap\u00f3s a transmiss\u00e3o, Bolsonaro desceu a rampa do Pal\u00e1cio do Planalto e conversou com um grupo de apoiadores que estava na Pra\u00e7a dos Tr\u00eas Poderes. As pessoas e o presidente estavam separados por uma grade de seguran\u00e7a que fica de forma permanente em frente do pal\u00e1cio.<\/p>\n<p><em>(Por Andr\u00e9 Richter \u2013 Rep\u00f3rter da Ag\u00eancia Brasil &#8211; Bras\u00edlia. Foto: Marcello Casal Jr\/Ag\u00eancia Brasil)<\/em><\/p>\n","protected":false},"excerpt":{"rendered":"<p>Presidente fez live direto da rampa do Pal\u00e1cio do Planalto Durante uma transmiss\u00e3o feita pelas redes sociais direto da rampa do Pal\u00e1cio do Planalto, o presidente Jair Bolsonaro disse que falta or\u00e7amento para repor as perdas de arrecada\u00e7\u00e3o de estados e munic\u00edpios, causadas pela crise do novo coronav\u00edrus. \u201cN\u00e3o sabemos quanto vai chegar a conta [&hellip;]<\/p>\n","protected":false},"author":18,"featured_media":21725,"comment_status":"open","ping_status":"open","sticky":false,"template":"","format":"standard","meta":{"footnotes":""},"categories":[68],"tags":[],"class_list":{"0":"post-21724","1":"post","2":"type-post","3":"status-publish","4":"format-standard","5":"has-post-thumbnail","7":"category-brasil"},"yoast_head":"<!-- This site is optimized with the Yoast SEO Premium plugin v24.5 (Yoast SEO v27.5) - https:\/\/yoast.com\/product\/yoast-seo-premium-wordpress\/ -->\n<title>Bolsonaro: falta or\u00e7amento para repor perdas de estados e munic\u00edpios - P31<\/title>\n<meta name=\"robots\" content=\"index, follow, max-snippet:-1, max-image-preview:large, max-video-preview:-1\" \/>\n<link rel=\"canonical\" href=\"https:\/\/www.p31noticias.com.br\/?p=21724\" \/>\n<meta property=\"og:locale\" content=\"pt_BR\" \/>\n<meta property=\"og:type\" content=\"article\" \/>\n<meta property=\"og:title\" content=\"Bolsonaro: falta or\u00e7amento para repor perdas de estados e munic\u00edpios\" \/>\n<meta property=\"og:description\" content=\"Presidente fez live direto da rampa do Pal\u00e1cio do Planalto Durante uma transmiss\u00e3o feita pelas redes sociais direto da rampa do Pal\u00e1cio do Planalto, o presidente Jair Bolsonaro disse que falta or\u00e7amento para repor as perdas de arrecada\u00e7\u00e3o de estados e munic\u00edpios, causadas pela crise do novo coronav\u00edrus. \u201cN\u00e3o sabemos quanto vai chegar a conta [&hellip;]\" \/>\n<meta property=\"og:url\" content=\"https:\/\/www.p31noticias.com.br\/?p=21724\" \/>\n<meta property=\"og:site_name\" content=\"P31\" \/>\n<meta property=\"article:published_time\" content=\"2020-04-19T12:15:24+00:00\" \/>\n<meta property=\"og:image\" content=\"https:\/\/www.p31noticias.com.br\/wp-content\/uploads\/2020\/04\/Bolsonaro.jpg\" \/>\n\t<meta property=\"og:image:width\" content=\"640\" \/>\n\t<meta property=\"og:image:height\" content=\"383\" \/>\n\t<meta property=\"og:image:type\" content=\"image\/jpeg\" \/>\n<meta name=\"author\" content=\"Reda\u00e7\u00e3o JBN\" \/>\n<meta name=\"twitter:card\" content=\"summary_large_image\" \/>\n<meta name=\"twitter:label1\" content=\"Escrito por\" \/>\n\t<meta name=\"twitter:data1\" content=\"Reda\u00e7\u00e3o JBN\" \/>\n\t<meta name=\"twitter:label2\" content=\"Est. tempo de leitura\" \/>\n\t<meta name=\"twitter:data2\" content=\"2 minutos\" \/>\n<script type=\"application\/ld+json\" class=\"yoast-schema-graph\">{\"@context\":\"https:\\\/\\\/schema.org\",\"@graph\":[{\"@type\":\"Article\",\"@id\":\"https:\\\/\\\/www.p31noticias.com.br\\\/?p=21724#article\",\"isPartOf\":{\"@id\":\"https:\\\/\\\/www.p31noticias.com.br\\\/?p=21724\"},\"author\":{\"name\":\"Reda\u00e7\u00e3o JBN\",\"@id\":\"https:\\\/\\\/www.p31noticias.com.br\\\/#\\\/schema\\\/person\\\/77d6b186c710ac38937c6ec204fdd387\"},\"headline\":\"Bolsonaro: falta or\u00e7amento para repor perdas de estados e munic\u00edpios\",\"datePublished\":\"2020-04-19T12:15:24+00:00\",\"mainEntityOfPage\":{\"@id\":\"https:\\\/\\\/www.p31noticias.com.br\\\/?p=21724\"},\"wordCount\":409,\"commentCount\":0,\"image\":{\"@id\":\"https:\\\/\\\/www.p31noticias.com.br\\\/?p=21724#primaryimage\"},\"thumbnailUrl\":\"https:\\\/\\\/www.p31noticias.com.br\\\/wp-content\\\/uploads\\\/2020\\\/04\\\/Bolsonaro.jpg\",\"articleSection\":[\"Brasil\"],\"inLanguage\":\"pt-BR\",\"potentialAction\":[{\"@type\":\"CommentAction\",\"name\":\"Comment\",\"target\":[\"https:\\\/\\\/www.p31noticias.com.br\\\/?p=21724#respond\"]}],\"copyrightYear\":\"2020\",\"copyrightHolder\":{\"@id\":\"https:\\\/\\\/www.p31noticias.com.br\\\/#organization\"}},{\"@type\":\"WebPage\",\"@id\":\"https:\\\/\\\/www.p31noticias.com.br\\\/?p=21724\",\"url\":\"https:\\\/\\\/www.p31noticias.com.br\\\/?p=21724\",\"name\":\"Bolsonaro: falta or\u00e7amento para repor perdas de estados e munic\u00edpios - P31\",\"isPartOf\":{\"@id\":\"https:\\\/\\\/www.p31noticias.com.br\\\/#website\"},\"primaryImageOfPage\":{\"@id\":\"https:\\\/\\\/www.p31noticias.com.br\\\/?p=21724#primaryimage\"},\"image\":{\"@id\":\"https:\\\/\\\/www.p31noticias.com.br\\\/?p=21724#primaryimage\"},\"thumbnailUrl\":\"https:\\\/\\\/www.p31noticias.com.br\\\/wp-content\\\/uploads\\\/2020\\\/04\\\/Bolsonaro.jpg\",\"datePublished\":\"2020-04-19T12:15:24+00:00\",\"author\":{\"@id\":\"https:\\\/\\\/www.p31noticias.com.br\\\/#\\\/schema\\\/person\\\/77d6b186c710ac38937c6ec204fdd387\"},\"breadcrumb\":{\"@id\":\"https:\\\/\\\/www.p31noticias.com.br\\\/?p=21724#breadcrumb\"},\"inLanguage\":\"pt-BR\",\"potentialAction\":[{\"@type\":\"ReadAction\",\"target\":[\"https:\\\/\\\/www.p31noticias.com.br\\\/?p=21724\"]}]},{\"@type\":\"ImageObject\",\"inLanguage\":\"pt-BR\",\"@id\":\"https:\\\/\\\/www.p31noticias.com.br\\\/?p=21724#primaryimage\",\"url\":\"https:\\\/\\\/www.p31noticias.com.br\\\/wp-content\\\/uploads\\\/2020\\\/04\\\/Bolsonaro.jpg\",\"contentUrl\":\"https:\\\/\\\/www.p31noticias.com.br\\\/wp-content\\\/uploads\\\/2020\\\/04\\\/Bolsonaro.jpg\",\"width\":640,\"height\":383,\"caption\":\"O presidente da Rep\u00fablica, Jair Bolsonaro, durante solenidade de posse do novo ministro da Sa\u00fade, Nelson Teich, no Pal\u00e1cio do Planalto\"},{\"@type\":\"BreadcrumbList\",\"@id\":\"https:\\\/\\\/www.p31noticias.com.br\\\/?p=21724#breadcrumb\",\"itemListElement\":[{\"@type\":\"ListItem\",\"position\":1,\"name\":\"In\u00edcio\",\"item\":\"https:\\\/\\\/www.p31noticias.com.br\\\/\"},{\"@type\":\"ListItem\",\"position\":2,\"name\":\"Bolsonaro: falta or\u00e7amento para repor perdas de estados e munic\u00edpios\"}]},{\"@type\":\"WebSite\",\"@id\":\"https:\\\/\\\/www.p31noticias.com.br\\\/#website\",\"url\":\"https:\\\/\\\/www.p31noticias.com.br\\\/\",\"name\":\"P31\",\"description\":\"NOT\u00cdCIAS\",\"potentialAction\":[{\"@type\":\"SearchAction\",\"target\":{\"@type\":\"EntryPoint\",\"urlTemplate\":\"https:\\\/\\\/www.p31noticias.com.br\\\/?s={search_term_string}\"},\"query-input\":{\"@type\":\"PropertyValueSpecification\",\"valueRequired\":true,\"valueName\":\"search_term_string\"}}],\"inLanguage\":\"pt-BR\"},{\"@type\":\"Person\",\"@id\":\"https:\\\/\\\/www.p31noticias.com.br\\\/#\\\/schema\\\/person\\\/77d6b186c710ac38937c6ec204fdd387\",\"name\":\"Reda\u00e7\u00e3o JBN\",\"image\":{\"@type\":\"ImageObject\",\"inLanguage\":\"pt-BR\",\"@id\":\"https:\\\/\\\/secure.gravatar.com\\\/avatar\\\/10fcdb93211f98cce3d64c0795b0915a9a4a21dc0f279238995a3dbfafcad090?s=96&d=mm&r=g\",\"url\":\"https:\\\/\\\/secure.gravatar.com\\\/avatar\\\/10fcdb93211f98cce3d64c0795b0915a9a4a21dc0f279238995a3dbfafcad090?s=96&d=mm&r=g\",\"contentUrl\":\"https:\\\/\\\/secure.gravatar.com\\\/avatar\\\/10fcdb93211f98cce3d64c0795b0915a9a4a21dc0f279238995a3dbfafcad090?s=96&d=mm&r=g\",\"caption\":\"Reda\u00e7\u00e3o JBN\"},\"sameAs\":[\"https:\\\/\\\/p31noticias.com.br\"],\"url\":\"https:\\\/\\\/www.p31noticias.com.br\\\/?author=18\"}]}<\/script>\n<!-- \/ Yoast SEO Premium plugin. -->","yoast_head_json":{"title":"Bolsonaro: falta or\u00e7amento para repor perdas de estados e munic\u00edpios - P31","robots":{"index":"index","follow":"follow","max-snippet":"max-snippet:-1","max-image-preview":"max-image-preview:large","max-video-preview":"max-video-preview:-1"},"canonical":"https:\/\/www.p31noticias.com.br\/?p=21724","og_locale":"pt_BR","og_type":"article","og_title":"Bolsonaro: falta or\u00e7amento para repor perdas de estados e munic\u00edpios","og_description":"Presidente fez live direto da rampa do Pal\u00e1cio do Planalto Durante uma transmiss\u00e3o feita pelas redes sociais direto da rampa do Pal\u00e1cio do Planalto, o presidente Jair Bolsonaro disse que falta or\u00e7amento para repor as perdas de arrecada\u00e7\u00e3o de estados e munic\u00edpios, causadas pela crise do novo coronav\u00edrus. \u201cN\u00e3o sabemos quanto vai chegar a conta [&hellip;]","og_url":"https:\/\/www.p31noticias.com.br\/?p=21724","og_site_name":"P31","article_published_time":"2020-04-19T12:15:24+00:00","og_image":[{"width":640,"height":383,"url":"https:\/\/www.p31noticias.com.br\/wp-content\/uploads\/2020\/04\/Bolsonaro.jpg","type":"image\/jpeg"}],"author":"Reda\u00e7\u00e3o JBN","twitter_card":"summary_large_image","twitter_misc":{"Escrito por":"Reda\u00e7\u00e3o JBN","Est. tempo de leitura":"2 minutos"},"schema":{"@context":"https:\/\/schema.org","@graph":[{"@type":"Article","@id":"https:\/\/www.p31noticias.com.br\/?p=21724#article","isPartOf":{"@id":"https:\/\/www.p31noticias.com.br\/?p=21724"},"author":{"name":"Reda\u00e7\u00e3o JBN","@id":"https:\/\/www.p31noticias.com.br\/#\/schema\/person\/77d6b186c710ac38937c6ec204fdd387"},"headline":"Bolsonaro: falta or\u00e7amento para repor perdas de estados e munic\u00edpios","datePublished":"2020-04-19T12:15:24+00:00","mainEntityOfPage":{"@id":"https:\/\/www.p31noticias.com.br\/?p=21724"},"wordCount":409,"commentCount":0,"image":{"@id":"https:\/\/www.p31noticias.com.br\/?p=21724#primaryimage"},"thumbnailUrl":"https:\/\/www.p31noticias.com.br\/wp-content\/uploads\/2020\/04\/Bolsonaro.jpg","articleSection":["Brasil"],"inLanguage":"pt-BR","potentialAction":[{"@type":"CommentAction","name":"Comment","target":["https:\/\/www.p31noticias.com.br\/?p=21724#respond"]}],"copyrightYear":"2020","copyrightHolder":{"@id":"https:\/\/www.p31noticias.com.br\/#organization"}},{"@type":"WebPage","@id":"https:\/\/www.p31noticias.com.br\/?p=21724","url":"https:\/\/www.p31noticias.com.br\/?p=21724","name":"Bolsonaro: falta or\u00e7amento para repor perdas de estados e munic\u00edpios - P31","isPartOf":{"@id":"https:\/\/www.p31noticias.com.br\/#website"},"primaryImageOfPage":{"@id":"https:\/\/www.p31noticias.com.br\/?p=21724#primaryimage"},"image":{"@id":"https:\/\/www.p31noticias.com.br\/?p=21724#primaryimage"},"thumbnailUrl":"https:\/\/www.p31noticias.com.br\/wp-content\/uploads\/2020\/04\/Bolsonaro.jpg","datePublished":"2020-04-19T12:15:24+00:00","author":{"@id":"https:\/\/www.p31noticias.com.br\/#\/schema\/person\/77d6b186c710ac38937c6ec204fdd387"},"breadcrumb":{"@id":"https:\/\/www.p31noticias.com.br\/?p=21724#breadcrumb"},"inLanguage":"pt-BR","potentialAction":[{"@type":"ReadAction","target":["https:\/\/www.p31noticias.com.br\/?p=21724"]}]},{"@type":"ImageObject","inLanguage":"pt-BR","@id":"https:\/\/www.p31noticias.com.br\/?p=21724#primaryimage","url":"https:\/\/www.p31noticias.com.br\/wp-content\/uploads\/2020\/04\/Bolsonaro.jpg","contentUrl":"https:\/\/www.p31noticias.com.br\/wp-content\/uploads\/2020\/04\/Bolsonaro.jpg","width":640,"height":383,"caption":"O presidente da Rep\u00fablica, Jair Bolsonaro, durante solenidade de posse do novo ministro da Sa\u00fade, Nelson Teich, no Pal\u00e1cio do Planalto"},{"@type":"BreadcrumbList","@id":"https:\/\/www.p31noticias.com.br\/?p=21724#breadcrumb","itemListElement":[{"@type":"ListItem","position":1,"name":"In\u00edcio","item":"https:\/\/www.p31noticias.com.br\/"},{"@type":"ListItem","position":2,"name":"Bolsonaro: falta or\u00e7amento para repor perdas de estados e munic\u00edpios"}]},{"@type":"WebSite","@id":"https:\/\/www.p31noticias.com.br\/#website","url":"https:\/\/www.p31noticias.com.br\/","name":"P31","description":"NOT\u00cdCIAS","potentialAction":[{"@type":"SearchAction","target":{"@type":"EntryPoint","urlTemplate":"https:\/\/www.p31noticias.com.br\/?s={search_term_string}"},"query-input":{"@type":"PropertyValueSpecification","valueRequired":true,"valueName":"search_term_string"}}],"inLanguage":"pt-BR"},{"@type":"Person","@id":"https:\/\/www.p31noticias.com.br\/#\/schema\/person\/77d6b186c710ac38937c6ec204fdd387","name":"Reda\u00e7\u00e3o JBN","image":{"@type":"ImageObject","inLanguage":"pt-BR","@id":"https:\/\/secure.gravatar.com\/avatar\/10fcdb93211f98cce3d64c0795b0915a9a4a21dc0f279238995a3dbfafcad090?s=96&d=mm&r=g","url":"https:\/\/secure.gravatar.com\/avatar\/10fcdb93211f98cce3d64c0795b0915a9a4a21dc0f279238995a3dbfafcad090?s=96&d=mm&r=g","contentUrl":"https:\/\/secure.gravatar.com\/avatar\/10fcdb93211f98cce3d64c0795b0915a9a4a21dc0f279238995a3dbfafcad090?s=96&d=mm&r=g","caption":"Reda\u00e7\u00e3o JBN"},"sameAs":["https:\/\/p31noticias.com.br"],"url":"https:\/\/www.p31noticias.com.br\/?author=18"}]}},"amp_enabled":true,"_links":{"self":[{"href":"https:\/\/www.p31noticias.com.br\/index.php?rest_route=\/wp\/v2\/posts\/21724","targetHints":{"allow":["GET"]}}],"collection":[{"href":"https:\/\/www.p31noticias.com.br\/index.php?rest_route=\/wp\/v2\/posts"}],"about":[{"href":"https:\/\/www.p31noticias.com.br\/index.php?rest_route=\/wp\/v2\/types\/post"}],"author":[{"embeddable":true,"href":"https:\/\/www.p31noticias.com.br\/index.php?rest_route=\/wp\/v2\/users\/18"}],"replies":[{"embeddable":true,"href":"https:\/\/www.p31noticias.com.br\/index.php?rest_route=%2Fwp%2Fv2%2Fcomments&post=21724"}],"version-history":[{"count":0,"href":"https:\/\/www.p31noticias.com.br\/index.php?rest_route=\/wp\/v2\/posts\/21724\/revisions"}],"wp:featuredmedia":[{"embeddable":true,"href":"https:\/\/www.p31noticias.com.br\/index.php?rest_route=\/wp\/v2\/media\/21725"}],"wp:attachment":[{"href":"https:\/\/www.p31noticias.com.br\/index.php?rest_route=%2Fwp%2Fv2%2Fmedia&parent=21724"}],"wp:term":[{"taxonomy":"category","embeddable":true,"href":"https:\/\/www.p31noticias.com.br\/index.php?rest_route=%2Fwp%2Fv2%2Fcategories&post=21724"},{"taxonomy":"post_tag","embeddable":true,"href":"https:\/\/www.p31noticias.com.br\/index.php?rest_route=%2Fwp%2Fv2%2Ftags&post=21724"}],"curies":[{"name":"wp","href":"https:\/\/api.w.org\/{rel}","templated":true}]}}