{"id":21715,"date":"2020-04-19T09:04:42","date_gmt":"2020-04-19T12:04:42","guid":{"rendered":"https:\/\/jornaldoplanalto.com.br\/web\/?p=21715"},"modified":"2020-04-19T09:04:42","modified_gmt":"2020-04-19T12:04:42","slug":"aniversario-de-brasilia-a-engenharia-por-tras-das-curvas-do-distrito-federal","status":"publish","type":"post","link":"https:\/\/www.p31noticias.com.br\/?p=21715","title":{"rendered":"Anivers\u00e1rio de Bras\u00edlia: a engenharia por tr\u00e1s das curvas do Distrito Federal"},"content":{"rendered":"<p dir=\"ltr\"><em><strong>Cidade se inspira nos projetos iniciais em constru\u00e7\u00f5es recentes\u00a0<\/strong><\/em><\/p>\n<p dir=\"ltr\"><a href=\"https:\/\/www.delioandrade.com.br\/wp-content\/uploads\/2020\/04\/brasilia-Torre_DIVULGA\u00c7\u00c3O.jpg\"><img loading=\"lazy\" decoding=\"async\" class=\"alignright  wp-image-21718\" src=\"https:\/\/www.delioandrade.com.br\/wp-content\/uploads\/2020\/04\/brasilia-Torre_DIVULGA\u00c7\u00c3O.jpg\" alt=\"\" width=\"400\" height=\"533\" srcset=\"https:\/\/www.p31noticias.com.br\/wp-content\/uploads\/2020\/04\/brasilia-Torre_DIVULGA\u00c7\u00c3O.jpg 480w, https:\/\/www.p31noticias.com.br\/wp-content\/uploads\/2020\/04\/brasilia-Torre_DIVULGA\u00c7\u00c3O-225x300.jpg 225w, https:\/\/www.p31noticias.com.br\/wp-content\/uploads\/2020\/04\/brasilia-Torre_DIVULGA\u00c7\u00c3O-315x420.jpg 315w\" sizes=\"auto, (max-width: 400px) 100vw, 400px\" \/><\/a>A cidade de curvas, pr\u00e9dios baixos e pilotis. Bras\u00edlia completa 60 anos no pr\u00f3ximo dia 21 de abril e, at\u00e9 hoje, as constru\u00e7\u00f5es da capital s\u00e3o inspiradas nos modelos dos projetos iniciais da inaugura\u00e7\u00e3o. Para o engenheiro civil Marcos Penna, o resgate dos moldes da constru\u00e7\u00e3o da cidade \u00e9 uma forma de homenagear e preservar a cultura brasiliense.<\/p>\n<p dir=\"ltr\">\u201cQuem nunca brincou embaixo dos pr\u00e9dios ou ficou encantado com a Catedral? Tudo isso simboliza sobre o que \u00e9 morar em Bras\u00edlia. Todo o projeto arquitet\u00f4nico e de engenharia tamb\u00e9m, \u00e9 claro, influencia sobre a nossa forma de viver na cidade. \u00c9 muito legal andar pelo Distrito Federal e perceber que existem constru\u00e7\u00f5es novas ainda com essas caracter\u00edsticas\u201d, afirma.<\/p>\n<p dir=\"ltr\">Na cidade sat\u00e9lite de Taguatinga, por exemplo, a 21km do Plano Piloto, muitos pr\u00e9dios ainda cultivam os pilotis. \u201cEsse \u00e9 um sistema construtivo em que uma edifica\u00e7\u00e3o \u00e9 sustentada por meio de uma grelha de pilares (ou colunas) no t\u00e9rreo. Em Bras\u00edlia, crescemos com essa refer\u00eancia de pr\u00e9dio. Faz parte da nossa hist\u00f3ria\u201d, explica Penna.<\/p>\n<p dir=\"ltr\"><a href=\"https:\/\/www.delioandrade.com.br\/wp-content\/uploads\/2020\/04\/Bras\u00edlia-bras\u00edlia-shopping_divulga\u00e7\u00e3o.jpg\"><img loading=\"lazy\" decoding=\"async\" class=\"alignleft  wp-image-21720\" src=\"https:\/\/www.delioandrade.com.br\/wp-content\/uploads\/2020\/04\/Bras\u00edlia-bras\u00edlia-shopping_divulga\u00e7\u00e3o.jpg\" alt=\"\" width=\"516\" height=\"344\" srcset=\"https:\/\/www.p31noticias.com.br\/wp-content\/uploads\/2020\/04\/Bras\u00edlia-bras\u00edlia-shopping_divulga\u00e7\u00e3o.jpg 640w, https:\/\/www.p31noticias.com.br\/wp-content\/uploads\/2020\/04\/Bras\u00edlia-bras\u00edlia-shopping_divulga\u00e7\u00e3o-300x200.jpg 300w, https:\/\/www.p31noticias.com.br\/wp-content\/uploads\/2020\/04\/Bras\u00edlia-bras\u00edlia-shopping_divulga\u00e7\u00e3o-630x420.jpg 630w\" sizes=\"auto, (max-width: 516px) 100vw, 516px\" \/><\/a>Outras constru\u00e7\u00f5es mais novas tamb\u00e9m preservam as curvas t\u00e3o famosas da capital. O Bras\u00edlia Shopping, por exemplo, na entrada da W3 Norte, uma constru\u00e7\u00e3o recente, mas \u00e9 claramente inspirada em nos primeiros modelos de constru\u00e7\u00e3o da cidade. Inaugurado em 21 de abril de 1997, essa \u00e9 uma das obras mais novas e charmosas da capital, com v\u00e1rias curvas e formas.<\/p>\n<p dir=\"ltr\">Com 60 anos, a capital tamb\u00e9m cresce em outro nicho de obras: as constru\u00e7\u00f5es sustent\u00e1veis. Tendo como base o respeito ao meio ambiente.\u00a0 Essa realidade j\u00e1 \u00e9 refer\u00eancia no mercado. S\u00e3o muitos os motivos para apostar nos projetos, que equilibram o ecologicamente correto e designs modernos. Cada vez mais presentes, esses empreendimentos tamb\u00e9m exploram as inova\u00e7\u00f5es tecnol\u00f3gicas e o uso inteligente dos recursos.<\/p>\n<p dir=\"ltr\">Marcos Penna, que tamb\u00e9m \u00e9 s\u00f3cio da PRONTA Construtora, especializada em im\u00f3veis sustent\u00e1veis, aponta como a economia \u00e9 pensada a m\u00e9dio prazo. \u201cAs casas s\u00e3o planejadas para exigir menos manuten\u00e7\u00e3o e material. O sistema de gera\u00e7\u00e3o de energia solar, por exemplo, pode ter um custo inicial mais elevado, mas todo esse investimento \u00e9 recuperado com o tempo\u201d, explica Penna.<\/p>\n<p dir=\"ltr\">A empresa tamb\u00e9m trabalha com outro sistema que est\u00e1 relacionado ao reaproveitamento de \u00e1gua cinza. S\u00e3o reunidos os res\u00edduos de pias, m\u00e1quinas de lavar e chuveiros. Esse l\u00edquido \u00e9 tratado e retorna para a lavagem de pisos externos e regagem de jardins.<\/p>\n","protected":false},"excerpt":{"rendered":"<p>Cidade se inspira nos projetos iniciais em constru\u00e7\u00f5es recentes\u00a0 A cidade de curvas, pr\u00e9dios baixos e pilotis. Bras\u00edlia completa 60 anos no pr\u00f3ximo dia 21 de abril e, at\u00e9 hoje, as constru\u00e7\u00f5es da capital s\u00e3o inspiradas nos modelos dos projetos iniciais da inaugura\u00e7\u00e3o. Para o engenheiro civil Marcos Penna, o resgate dos moldes da constru\u00e7\u00e3o [&hellip;]<\/p>\n","protected":false},"author":18,"featured_media":21716,"comment_status":"open","ping_status":"open","sticky":false,"template":"","format":"standard","meta":{"footnotes":""},"categories":[1],"tags":[],"class_list":{"0":"post-21715","1":"post","2":"type-post","3":"status-publish","4":"format-standard","5":"has-post-thumbnail","7":"category-outros"},"yoast_head":"<!-- This site is optimized with the Yoast SEO Premium plugin v24.5 (Yoast SEO v27.5) - https:\/\/yoast.com\/product\/yoast-seo-premium-wordpress\/ -->\n<title>Anivers\u00e1rio de Bras\u00edlia: a engenharia por tr\u00e1s das curvas do Distrito Federal - P31<\/title>\n<meta name=\"robots\" content=\"index, follow, max-snippet:-1, max-image-preview:large, max-video-preview:-1\" \/>\n<link rel=\"canonical\" href=\"https:\/\/www.p31noticias.com.br\/?p=21715\" \/>\n<meta property=\"og:locale\" content=\"pt_BR\" \/>\n<meta property=\"og:type\" content=\"article\" \/>\n<meta property=\"og:title\" content=\"Anivers\u00e1rio de Bras\u00edlia: a engenharia por tr\u00e1s das curvas do Distrito Federal\" \/>\n<meta property=\"og:description\" content=\"Cidade se inspira nos projetos iniciais em constru\u00e7\u00f5es recentes\u00a0 A cidade de curvas, pr\u00e9dios baixos e pilotis. Bras\u00edlia completa 60 anos no pr\u00f3ximo dia 21 de abril e, at\u00e9 hoje, as constru\u00e7\u00f5es da capital s\u00e3o inspiradas nos modelos dos projetos iniciais da inaugura\u00e7\u00e3o. Para o engenheiro civil Marcos Penna, o resgate dos moldes da constru\u00e7\u00e3o [&hellip;]\" \/>\n<meta property=\"og:url\" content=\"https:\/\/www.p31noticias.com.br\/?p=21715\" \/>\n<meta property=\"og:site_name\" content=\"P31\" \/>\n<meta property=\"article:published_time\" content=\"2020-04-19T12:04:42+00:00\" \/>\n<meta property=\"og:image\" content=\"https:\/\/www.p31noticias.com.br\/wp-content\/uploads\/2020\/04\/brasilia-Catedral_divulga\u00e7\u00e3o.jpg\" \/>\n\t<meta property=\"og:image:width\" content=\"640\" \/>\n\t<meta property=\"og:image:height\" content=\"425\" \/>\n\t<meta property=\"og:image:type\" content=\"image\/jpeg\" \/>\n<meta name=\"author\" content=\"Reda\u00e7\u00e3o JBN\" \/>\n<meta name=\"twitter:card\" content=\"summary_large_image\" \/>\n<meta name=\"twitter:label1\" content=\"Escrito por\" \/>\n\t<meta name=\"twitter:data1\" content=\"Reda\u00e7\u00e3o JBN\" \/>\n\t<meta name=\"twitter:label2\" content=\"Est. tempo de leitura\" \/>\n\t<meta name=\"twitter:data2\" content=\"2 minutos\" \/>\n<script type=\"application\/ld+json\" class=\"yoast-schema-graph\">{\"@context\":\"https:\\\/\\\/schema.org\",\"@graph\":[{\"@type\":\"Article\",\"@id\":\"https:\\\/\\\/www.p31noticias.com.br\\\/?p=21715#article\",\"isPartOf\":{\"@id\":\"https:\\\/\\\/www.p31noticias.com.br\\\/?p=21715\"},\"author\":{\"name\":\"Reda\u00e7\u00e3o JBN\",\"@id\":\"https:\\\/\\\/www.p31noticias.com.br\\\/#\\\/schema\\\/person\\\/77d6b186c710ac38937c6ec204fdd387\"},\"headline\":\"Anivers\u00e1rio de Bras\u00edlia: a engenharia por tr\u00e1s das curvas do Distrito Federal\",\"datePublished\":\"2020-04-19T12:04:42+00:00\",\"mainEntityOfPage\":{\"@id\":\"https:\\\/\\\/www.p31noticias.com.br\\\/?p=21715\"},\"wordCount\":452,\"commentCount\":0,\"image\":{\"@id\":\"https:\\\/\\\/www.p31noticias.com.br\\\/?p=21715#primaryimage\"},\"thumbnailUrl\":\"https:\\\/\\\/www.p31noticias.com.br\\\/wp-content\\\/uploads\\\/2020\\\/04\\\/brasilia-Catedral_divulga\u00e7\u00e3o.jpg\",\"articleSection\":[\"Outros\"],\"inLanguage\":\"pt-BR\",\"potentialAction\":[{\"@type\":\"CommentAction\",\"name\":\"Comment\",\"target\":[\"https:\\\/\\\/www.p31noticias.com.br\\\/?p=21715#respond\"]}],\"copyrightYear\":\"2020\",\"copyrightHolder\":{\"@id\":\"https:\\\/\\\/www.p31noticias.com.br\\\/#organization\"}},{\"@type\":\"WebPage\",\"@id\":\"https:\\\/\\\/www.p31noticias.com.br\\\/?p=21715\",\"url\":\"https:\\\/\\\/www.p31noticias.com.br\\\/?p=21715\",\"name\":\"Anivers\u00e1rio de Bras\u00edlia: a engenharia por tr\u00e1s das curvas do Distrito Federal - P31\",\"isPartOf\":{\"@id\":\"https:\\\/\\\/www.p31noticias.com.br\\\/#website\"},\"primaryImageOfPage\":{\"@id\":\"https:\\\/\\\/www.p31noticias.com.br\\\/?p=21715#primaryimage\"},\"image\":{\"@id\":\"https:\\\/\\\/www.p31noticias.com.br\\\/?p=21715#primaryimage\"},\"thumbnailUrl\":\"https:\\\/\\\/www.p31noticias.com.br\\\/wp-content\\\/uploads\\\/2020\\\/04\\\/brasilia-Catedral_divulga\u00e7\u00e3o.jpg\",\"datePublished\":\"2020-04-19T12:04:42+00:00\",\"author\":{\"@id\":\"https:\\\/\\\/www.p31noticias.com.br\\\/#\\\/schema\\\/person\\\/77d6b186c710ac38937c6ec204fdd387\"},\"breadcrumb\":{\"@id\":\"https:\\\/\\\/www.p31noticias.com.br\\\/?p=21715#breadcrumb\"},\"inLanguage\":\"pt-BR\",\"potentialAction\":[{\"@type\":\"ReadAction\",\"target\":[\"https:\\\/\\\/www.p31noticias.com.br\\\/?p=21715\"]}]},{\"@type\":\"ImageObject\",\"inLanguage\":\"pt-BR\",\"@id\":\"https:\\\/\\\/www.p31noticias.com.br\\\/?p=21715#primaryimage\",\"url\":\"https:\\\/\\\/www.p31noticias.com.br\\\/wp-content\\\/uploads\\\/2020\\\/04\\\/brasilia-Catedral_divulga\u00e7\u00e3o.jpg\",\"contentUrl\":\"https:\\\/\\\/www.p31noticias.com.br\\\/wp-content\\\/uploads\\\/2020\\\/04\\\/brasilia-Catedral_divulga\u00e7\u00e3o.jpg\",\"width\":640,\"height\":425},{\"@type\":\"BreadcrumbList\",\"@id\":\"https:\\\/\\\/www.p31noticias.com.br\\\/?p=21715#breadcrumb\",\"itemListElement\":[{\"@type\":\"ListItem\",\"position\":1,\"name\":\"In\u00edcio\",\"item\":\"https:\\\/\\\/www.p31noticias.com.br\\\/\"},{\"@type\":\"ListItem\",\"position\":2,\"name\":\"Anivers\u00e1rio de Bras\u00edlia: a engenharia por tr\u00e1s das curvas do Distrito Federal\"}]},{\"@type\":\"WebSite\",\"@id\":\"https:\\\/\\\/www.p31noticias.com.br\\\/#website\",\"url\":\"https:\\\/\\\/www.p31noticias.com.br\\\/\",\"name\":\"P31\",\"description\":\"NOT\u00cdCIAS\",\"potentialAction\":[{\"@type\":\"SearchAction\",\"target\":{\"@type\":\"EntryPoint\",\"urlTemplate\":\"https:\\\/\\\/www.p31noticias.com.br\\\/?s={search_term_string}\"},\"query-input\":{\"@type\":\"PropertyValueSpecification\",\"valueRequired\":true,\"valueName\":\"search_term_string\"}}],\"inLanguage\":\"pt-BR\"},{\"@type\":\"Person\",\"@id\":\"https:\\\/\\\/www.p31noticias.com.br\\\/#\\\/schema\\\/person\\\/77d6b186c710ac38937c6ec204fdd387\",\"name\":\"Reda\u00e7\u00e3o JBN\",\"image\":{\"@type\":\"ImageObject\",\"inLanguage\":\"pt-BR\",\"@id\":\"https:\\\/\\\/secure.gravatar.com\\\/avatar\\\/10fcdb93211f98cce3d64c0795b0915a9a4a21dc0f279238995a3dbfafcad090?s=96&d=mm&r=g\",\"url\":\"https:\\\/\\\/secure.gravatar.com\\\/avatar\\\/10fcdb93211f98cce3d64c0795b0915a9a4a21dc0f279238995a3dbfafcad090?s=96&d=mm&r=g\",\"contentUrl\":\"https:\\\/\\\/secure.gravatar.com\\\/avatar\\\/10fcdb93211f98cce3d64c0795b0915a9a4a21dc0f279238995a3dbfafcad090?s=96&d=mm&r=g\",\"caption\":\"Reda\u00e7\u00e3o JBN\"},\"sameAs\":[\"https:\\\/\\\/p31noticias.com.br\"],\"url\":\"https:\\\/\\\/www.p31noticias.com.br\\\/?author=18\"}]}<\/script>\n<!-- \/ Yoast SEO Premium plugin. -->","yoast_head_json":{"title":"Anivers\u00e1rio de Bras\u00edlia: a engenharia por tr\u00e1s das curvas do Distrito Federal - P31","robots":{"index":"index","follow":"follow","max-snippet":"max-snippet:-1","max-image-preview":"max-image-preview:large","max-video-preview":"max-video-preview:-1"},"canonical":"https:\/\/www.p31noticias.com.br\/?p=21715","og_locale":"pt_BR","og_type":"article","og_title":"Anivers\u00e1rio de Bras\u00edlia: a engenharia por tr\u00e1s das curvas do Distrito Federal","og_description":"Cidade se inspira nos projetos iniciais em constru\u00e7\u00f5es recentes\u00a0 A cidade de curvas, pr\u00e9dios baixos e pilotis. Bras\u00edlia completa 60 anos no pr\u00f3ximo dia 21 de abril e, at\u00e9 hoje, as constru\u00e7\u00f5es da capital s\u00e3o inspiradas nos modelos dos projetos iniciais da inaugura\u00e7\u00e3o. Para o engenheiro civil Marcos Penna, o resgate dos moldes da constru\u00e7\u00e3o [&hellip;]","og_url":"https:\/\/www.p31noticias.com.br\/?p=21715","og_site_name":"P31","article_published_time":"2020-04-19T12:04:42+00:00","og_image":[{"width":640,"height":425,"url":"https:\/\/www.p31noticias.com.br\/wp-content\/uploads\/2020\/04\/brasilia-Catedral_divulga\u00e7\u00e3o.jpg","type":"image\/jpeg"}],"author":"Reda\u00e7\u00e3o JBN","twitter_card":"summary_large_image","twitter_misc":{"Escrito por":"Reda\u00e7\u00e3o JBN","Est. tempo de leitura":"2 minutos"},"schema":{"@context":"https:\/\/schema.org","@graph":[{"@type":"Article","@id":"https:\/\/www.p31noticias.com.br\/?p=21715#article","isPartOf":{"@id":"https:\/\/www.p31noticias.com.br\/?p=21715"},"author":{"name":"Reda\u00e7\u00e3o JBN","@id":"https:\/\/www.p31noticias.com.br\/#\/schema\/person\/77d6b186c710ac38937c6ec204fdd387"},"headline":"Anivers\u00e1rio de Bras\u00edlia: a engenharia por tr\u00e1s das curvas do Distrito Federal","datePublished":"2020-04-19T12:04:42+00:00","mainEntityOfPage":{"@id":"https:\/\/www.p31noticias.com.br\/?p=21715"},"wordCount":452,"commentCount":0,"image":{"@id":"https:\/\/www.p31noticias.com.br\/?p=21715#primaryimage"},"thumbnailUrl":"https:\/\/www.p31noticias.com.br\/wp-content\/uploads\/2020\/04\/brasilia-Catedral_divulga\u00e7\u00e3o.jpg","articleSection":["Outros"],"inLanguage":"pt-BR","potentialAction":[{"@type":"CommentAction","name":"Comment","target":["https:\/\/www.p31noticias.com.br\/?p=21715#respond"]}],"copyrightYear":"2020","copyrightHolder":{"@id":"https:\/\/www.p31noticias.com.br\/#organization"}},{"@type":"WebPage","@id":"https:\/\/www.p31noticias.com.br\/?p=21715","url":"https:\/\/www.p31noticias.com.br\/?p=21715","name":"Anivers\u00e1rio de Bras\u00edlia: a engenharia por tr\u00e1s das curvas do Distrito Federal - P31","isPartOf":{"@id":"https:\/\/www.p31noticias.com.br\/#website"},"primaryImageOfPage":{"@id":"https:\/\/www.p31noticias.com.br\/?p=21715#primaryimage"},"image":{"@id":"https:\/\/www.p31noticias.com.br\/?p=21715#primaryimage"},"thumbnailUrl":"https:\/\/www.p31noticias.com.br\/wp-content\/uploads\/2020\/04\/brasilia-Catedral_divulga\u00e7\u00e3o.jpg","datePublished":"2020-04-19T12:04:42+00:00","author":{"@id":"https:\/\/www.p31noticias.com.br\/#\/schema\/person\/77d6b186c710ac38937c6ec204fdd387"},"breadcrumb":{"@id":"https:\/\/www.p31noticias.com.br\/?p=21715#breadcrumb"},"inLanguage":"pt-BR","potentialAction":[{"@type":"ReadAction","target":["https:\/\/www.p31noticias.com.br\/?p=21715"]}]},{"@type":"ImageObject","inLanguage":"pt-BR","@id":"https:\/\/www.p31noticias.com.br\/?p=21715#primaryimage","url":"https:\/\/www.p31noticias.com.br\/wp-content\/uploads\/2020\/04\/brasilia-Catedral_divulga\u00e7\u00e3o.jpg","contentUrl":"https:\/\/www.p31noticias.com.br\/wp-content\/uploads\/2020\/04\/brasilia-Catedral_divulga\u00e7\u00e3o.jpg","width":640,"height":425},{"@type":"BreadcrumbList","@id":"https:\/\/www.p31noticias.com.br\/?p=21715#breadcrumb","itemListElement":[{"@type":"ListItem","position":1,"name":"In\u00edcio","item":"https:\/\/www.p31noticias.com.br\/"},{"@type":"ListItem","position":2,"name":"Anivers\u00e1rio de Bras\u00edlia: a engenharia por tr\u00e1s das curvas do Distrito Federal"}]},{"@type":"WebSite","@id":"https:\/\/www.p31noticias.com.br\/#website","url":"https:\/\/www.p31noticias.com.br\/","name":"P31","description":"NOT\u00cdCIAS","potentialAction":[{"@type":"SearchAction","target":{"@type":"EntryPoint","urlTemplate":"https:\/\/www.p31noticias.com.br\/?s={search_term_string}"},"query-input":{"@type":"PropertyValueSpecification","valueRequired":true,"valueName":"search_term_string"}}],"inLanguage":"pt-BR"},{"@type":"Person","@id":"https:\/\/www.p31noticias.com.br\/#\/schema\/person\/77d6b186c710ac38937c6ec204fdd387","name":"Reda\u00e7\u00e3o JBN","image":{"@type":"ImageObject","inLanguage":"pt-BR","@id":"https:\/\/secure.gravatar.com\/avatar\/10fcdb93211f98cce3d64c0795b0915a9a4a21dc0f279238995a3dbfafcad090?s=96&d=mm&r=g","url":"https:\/\/secure.gravatar.com\/avatar\/10fcdb93211f98cce3d64c0795b0915a9a4a21dc0f279238995a3dbfafcad090?s=96&d=mm&r=g","contentUrl":"https:\/\/secure.gravatar.com\/avatar\/10fcdb93211f98cce3d64c0795b0915a9a4a21dc0f279238995a3dbfafcad090?s=96&d=mm&r=g","caption":"Reda\u00e7\u00e3o JBN"},"sameAs":["https:\/\/p31noticias.com.br"],"url":"https:\/\/www.p31noticias.com.br\/?author=18"}]}},"amp_enabled":true,"_links":{"self":[{"href":"https:\/\/www.p31noticias.com.br\/index.php?rest_route=\/wp\/v2\/posts\/21715","targetHints":{"allow":["GET"]}}],"collection":[{"href":"https:\/\/www.p31noticias.com.br\/index.php?rest_route=\/wp\/v2\/posts"}],"about":[{"href":"https:\/\/www.p31noticias.com.br\/index.php?rest_route=\/wp\/v2\/types\/post"}],"author":[{"embeddable":true,"href":"https:\/\/www.p31noticias.com.br\/index.php?rest_route=\/wp\/v2\/users\/18"}],"replies":[{"embeddable":true,"href":"https:\/\/www.p31noticias.com.br\/index.php?rest_route=%2Fwp%2Fv2%2Fcomments&post=21715"}],"version-history":[{"count":0,"href":"https:\/\/www.p31noticias.com.br\/index.php?rest_route=\/wp\/v2\/posts\/21715\/revisions"}],"wp:featuredmedia":[{"embeddable":true,"href":"https:\/\/www.p31noticias.com.br\/index.php?rest_route=\/wp\/v2\/media\/21716"}],"wp:attachment":[{"href":"https:\/\/www.p31noticias.com.br\/index.php?rest_route=%2Fwp%2Fv2%2Fmedia&parent=21715"}],"wp:term":[{"taxonomy":"category","embeddable":true,"href":"https:\/\/www.p31noticias.com.br\/index.php?rest_route=%2Fwp%2Fv2%2Fcategories&post=21715"},{"taxonomy":"post_tag","embeddable":true,"href":"https:\/\/www.p31noticias.com.br\/index.php?rest_route=%2Fwp%2Fv2%2Ftags&post=21715"}],"curies":[{"name":"wp","href":"https:\/\/api.w.org\/{rel}","templated":true}]}}