{"id":21712,"date":"2020-04-18T09:57:11","date_gmt":"2020-04-18T12:57:11","guid":{"rendered":"https:\/\/jornaldoplanalto.com.br\/web\/?p=21712"},"modified":"2020-04-18T09:57:11","modified_gmt":"2020-04-18T12:57:11","slug":"stf-maioria-vota-contra-aval-de-sindicatos-para-suspensao-de-contrato","status":"publish","type":"post","link":"https:\/\/www.p31noticias.com.br\/?p=21712","title":{"rendered":"STF: maioria vota contra aval de sindicatos para suspens\u00e3o de contrato"},"content":{"rendered":"<p>Por 7 votos a 3, o Supremo Tribunal Federal (STF) decidiu, nesta sexta-feira (17), que a validade dos acordos individuais entre empresas e empregados para redu\u00e7\u00e3o de jornada e sal\u00e1rios n\u00e3o depende do aval de sindicatos.<\/p>\n<p>Os acordos est\u00e3o previstos na Medida Provis\u00f3ria (MP) 936\/2020, editada para preservar o v\u00ednculo empregat\u00edcio e permitir acesso a benef\u00edcios durante os efeitos da pandemia do novo coronav\u00edrus na economia.<\/p>\n<p>Com a decis\u00e3o, a Corte derrubou a liminar do ministro Ricardo Lewandowski, proferida no dia 6 de abril, para garantir que os sindicatos n\u00e3o fossem exclu\u00eddos das negocia\u00e7\u00f5es individuais e precisariam ser comunicados em at\u00e9 dez dias para analisarem os acordos. O ministro atendeu pedido da Rede Sustentabilidade para considerar ilegal parte da interpreta\u00e7\u00e3o jur\u00eddica da MP e assegurar a participa\u00e7\u00e3o das entidades.<\/p>\n<p>No julgamento, prevaleceu o voto divergente do ministro Alexandre de Moraes. Para o ministro, se o acordo depender do aval dos sindicatos, os contratos poder\u00e3o ser cancelados e provocar demiss\u00f5es em massa.<\/p>\n<p>\u201cQual a inseguran\u00e7a jur\u00eddica que o empregador teria para fazer os acordos podendo ter que complementar [os sal\u00e1rios]. Mas, complementar como se as horas trabalhadas n\u00e3o foram as horas integrais?\u201d, questionou o ministro.<\/p>\n<p>Lu\u00eds Roberto Barroso tamb\u00e9m votou pela manuten\u00e7\u00e3o do texto da MP por entender que \u00e9 desej\u00e1vel que os acordos individuais sejam intermediados pelos sindicatos, mas diante do impacto da pandemia na economia, as entidades n\u00e3o ter\u00e3o agilidade para evitar as demiss\u00f5es.<\/p>\n<p>\u201cN\u00e3o h\u00e1 uma estrutura sindical no Brasil capaz de atender as demandas de urg\u00eancia e de redu\u00e7\u00e3o de jornada e suspens\u00e3o de contratos de trabalho. Se se der esse protagonismo aos sindicatos, as empresas v\u00e3o optar pelo caminho mais f\u00e1cil, que \u00e9 o da demiss\u00e3o\u201d, afirmou.<\/p>\n<p>Os ministros Luiz Fux, C\u00e1rmen Lucia, Marco Aur\u00e9lio, Gilmar Mendes e Dias Toffoli tamb\u00e9m votaram no mesmo sentido.<\/p>\n<p>Al\u00e9m de Lewandowski, os ministros Edson Fachin e Rosa Weber tamb\u00e9m ficaram vencidos por defenderem a participa\u00e7\u00e3o dos sindicatos.<\/p>\n<p>Segundo o Minist\u00e9rio da Economia, cerca de 2,5 milh\u00e3o de acordos individuais entre empresas e empregados para redu\u00e7\u00e3o de jornada e sal\u00e1rios j\u00e1 foram registrados ap\u00f3s a edi\u00e7\u00e3o da MP.<\/p>\n<p><em>(Por Andr\u00e9 Richter &#8211; Rep\u00f3rter da Ag\u00eancia Brasil &#8211; Bras\u00edlia)<\/em><\/p>\n","protected":false},"excerpt":{"rendered":"<p>Por 7 votos a 3, o Supremo Tribunal Federal (STF) decidiu, nesta sexta-feira (17), que a validade dos acordos individuais entre empresas e empregados para redu\u00e7\u00e3o de jornada e sal\u00e1rios n\u00e3o depende do aval de sindicatos. Os acordos est\u00e3o previstos na Medida Provis\u00f3ria (MP) 936\/2020, editada para preservar o v\u00ednculo empregat\u00edcio e permitir acesso a [&hellip;]<\/p>\n","protected":false},"author":18,"featured_media":21700,"comment_status":"open","ping_status":"open","sticky":false,"template":"","format":"standard","meta":{"footnotes":""},"categories":[68],"tags":[],"class_list":{"0":"post-21712","1":"post","2":"type-post","3":"status-publish","4":"format-standard","5":"has-post-thumbnail","7":"category-brasil"},"yoast_head":"<!-- This site is optimized with the Yoast SEO Premium plugin v24.5 (Yoast SEO v27.5) - https:\/\/yoast.com\/product\/yoast-seo-premium-wordpress\/ -->\n<title>STF: maioria vota contra aval de sindicatos para suspens\u00e3o de contrato - P31<\/title>\n<meta name=\"robots\" content=\"index, follow, max-snippet:-1, max-image-preview:large, max-video-preview:-1\" \/>\n<link rel=\"canonical\" href=\"https:\/\/www.p31noticias.com.br\/?p=21712\" \/>\n<meta property=\"og:locale\" content=\"pt_BR\" \/>\n<meta property=\"og:type\" content=\"article\" \/>\n<meta property=\"og:title\" content=\"STF: maioria vota contra aval de sindicatos para suspens\u00e3o de contrato\" \/>\n<meta property=\"og:description\" content=\"Por 7 votos a 3, o Supremo Tribunal Federal (STF) decidiu, nesta sexta-feira (17), que a validade dos acordos individuais entre empresas e empregados para redu\u00e7\u00e3o de jornada e sal\u00e1rios n\u00e3o depende do aval de sindicatos. Os acordos est\u00e3o previstos na Medida Provis\u00f3ria (MP) 936\/2020, editada para preservar o v\u00ednculo empregat\u00edcio e permitir acesso a [&hellip;]\" \/>\n<meta property=\"og:url\" content=\"https:\/\/www.p31noticias.com.br\/?p=21712\" \/>\n<meta property=\"og:site_name\" content=\"P31\" \/>\n<meta property=\"article:published_time\" content=\"2020-04-18T12:57:11+00:00\" \/>\n<meta property=\"og:image\" content=\"https:\/\/www.p31noticias.com.br\/wp-content\/uploads\/2020\/04\/stf2-1.jpg\" \/>\n\t<meta property=\"og:image:width\" content=\"650\" \/>\n\t<meta property=\"og:image:height\" content=\"388\" \/>\n\t<meta property=\"og:image:type\" content=\"image\/jpeg\" \/>\n<meta name=\"author\" content=\"Reda\u00e7\u00e3o JBN\" \/>\n<meta name=\"twitter:card\" content=\"summary_large_image\" \/>\n<meta name=\"twitter:label1\" content=\"Escrito por\" \/>\n\t<meta name=\"twitter:data1\" content=\"Reda\u00e7\u00e3o JBN\" \/>\n\t<meta name=\"twitter:label2\" content=\"Est. tempo de leitura\" \/>\n\t<meta name=\"twitter:data2\" content=\"2 minutos\" \/>\n<script type=\"application\/ld+json\" class=\"yoast-schema-graph\">{\"@context\":\"https:\\\/\\\/schema.org\",\"@graph\":[{\"@type\":\"Article\",\"@id\":\"https:\\\/\\\/www.p31noticias.com.br\\\/?p=21712#article\",\"isPartOf\":{\"@id\":\"https:\\\/\\\/www.p31noticias.com.br\\\/?p=21712\"},\"author\":{\"name\":\"Reda\u00e7\u00e3o JBN\",\"@id\":\"https:\\\/\\\/www.p31noticias.com.br\\\/#\\\/schema\\\/person\\\/77d6b186c710ac38937c6ec204fdd387\"},\"headline\":\"STF: maioria vota contra aval de sindicatos para suspens\u00e3o de contrato\",\"datePublished\":\"2020-04-18T12:57:11+00:00\",\"mainEntityOfPage\":{\"@id\":\"https:\\\/\\\/www.p31noticias.com.br\\\/?p=21712\"},\"wordCount\":413,\"commentCount\":0,\"image\":{\"@id\":\"https:\\\/\\\/www.p31noticias.com.br\\\/?p=21712#primaryimage\"},\"thumbnailUrl\":\"https:\\\/\\\/www.p31noticias.com.br\\\/wp-content\\\/uploads\\\/2020\\\/04\\\/stf2-1.jpg\",\"articleSection\":[\"Brasil\"],\"inLanguage\":\"pt-BR\",\"potentialAction\":[{\"@type\":\"CommentAction\",\"name\":\"Comment\",\"target\":[\"https:\\\/\\\/www.p31noticias.com.br\\\/?p=21712#respond\"]}],\"copyrightYear\":\"2020\",\"copyrightHolder\":{\"@id\":\"https:\\\/\\\/www.p31noticias.com.br\\\/#organization\"}},{\"@type\":\"WebPage\",\"@id\":\"https:\\\/\\\/www.p31noticias.com.br\\\/?p=21712\",\"url\":\"https:\\\/\\\/www.p31noticias.com.br\\\/?p=21712\",\"name\":\"STF: maioria vota contra aval de sindicatos para suspens\u00e3o de contrato - P31\",\"isPartOf\":{\"@id\":\"https:\\\/\\\/www.p31noticias.com.br\\\/#website\"},\"primaryImageOfPage\":{\"@id\":\"https:\\\/\\\/www.p31noticias.com.br\\\/?p=21712#primaryimage\"},\"image\":{\"@id\":\"https:\\\/\\\/www.p31noticias.com.br\\\/?p=21712#primaryimage\"},\"thumbnailUrl\":\"https:\\\/\\\/www.p31noticias.com.br\\\/wp-content\\\/uploads\\\/2020\\\/04\\\/stf2-1.jpg\",\"datePublished\":\"2020-04-18T12:57:11+00:00\",\"author\":{\"@id\":\"https:\\\/\\\/www.p31noticias.com.br\\\/#\\\/schema\\\/person\\\/77d6b186c710ac38937c6ec204fdd387\"},\"breadcrumb\":{\"@id\":\"https:\\\/\\\/www.p31noticias.com.br\\\/?p=21712#breadcrumb\"},\"inLanguage\":\"pt-BR\",\"potentialAction\":[{\"@type\":\"ReadAction\",\"target\":[\"https:\\\/\\\/www.p31noticias.com.br\\\/?p=21712\"]}]},{\"@type\":\"ImageObject\",\"inLanguage\":\"pt-BR\",\"@id\":\"https:\\\/\\\/www.p31noticias.com.br\\\/?p=21712#primaryimage\",\"url\":\"https:\\\/\\\/www.p31noticias.com.br\\\/wp-content\\\/uploads\\\/2020\\\/04\\\/stf2-1.jpg\",\"contentUrl\":\"https:\\\/\\\/www.p31noticias.com.br\\\/wp-content\\\/uploads\\\/2020\\\/04\\\/stf2-1.jpg\",\"width\":650,\"height\":388,\"caption\":\"Fachada do Supremo Ttribunal Federal\"},{\"@type\":\"BreadcrumbList\",\"@id\":\"https:\\\/\\\/www.p31noticias.com.br\\\/?p=21712#breadcrumb\",\"itemListElement\":[{\"@type\":\"ListItem\",\"position\":1,\"name\":\"In\u00edcio\",\"item\":\"https:\\\/\\\/www.p31noticias.com.br\\\/\"},{\"@type\":\"ListItem\",\"position\":2,\"name\":\"STF: maioria vota contra aval de sindicatos para suspens\u00e3o de contrato\"}]},{\"@type\":\"WebSite\",\"@id\":\"https:\\\/\\\/www.p31noticias.com.br\\\/#website\",\"url\":\"https:\\\/\\\/www.p31noticias.com.br\\\/\",\"name\":\"P31\",\"description\":\"NOT\u00cdCIAS\",\"potentialAction\":[{\"@type\":\"SearchAction\",\"target\":{\"@type\":\"EntryPoint\",\"urlTemplate\":\"https:\\\/\\\/www.p31noticias.com.br\\\/?s={search_term_string}\"},\"query-input\":{\"@type\":\"PropertyValueSpecification\",\"valueRequired\":true,\"valueName\":\"search_term_string\"}}],\"inLanguage\":\"pt-BR\"},{\"@type\":\"Person\",\"@id\":\"https:\\\/\\\/www.p31noticias.com.br\\\/#\\\/schema\\\/person\\\/77d6b186c710ac38937c6ec204fdd387\",\"name\":\"Reda\u00e7\u00e3o JBN\",\"image\":{\"@type\":\"ImageObject\",\"inLanguage\":\"pt-BR\",\"@id\":\"https:\\\/\\\/secure.gravatar.com\\\/avatar\\\/10fcdb93211f98cce3d64c0795b0915a9a4a21dc0f279238995a3dbfafcad090?s=96&d=mm&r=g\",\"url\":\"https:\\\/\\\/secure.gravatar.com\\\/avatar\\\/10fcdb93211f98cce3d64c0795b0915a9a4a21dc0f279238995a3dbfafcad090?s=96&d=mm&r=g\",\"contentUrl\":\"https:\\\/\\\/secure.gravatar.com\\\/avatar\\\/10fcdb93211f98cce3d64c0795b0915a9a4a21dc0f279238995a3dbfafcad090?s=96&d=mm&r=g\",\"caption\":\"Reda\u00e7\u00e3o JBN\"},\"sameAs\":[\"https:\\\/\\\/p31noticias.com.br\"],\"url\":\"https:\\\/\\\/www.p31noticias.com.br\\\/?author=18\"}]}<\/script>\n<!-- \/ Yoast SEO Premium plugin. -->","yoast_head_json":{"title":"STF: maioria vota contra aval de sindicatos para suspens\u00e3o de contrato - P31","robots":{"index":"index","follow":"follow","max-snippet":"max-snippet:-1","max-image-preview":"max-image-preview:large","max-video-preview":"max-video-preview:-1"},"canonical":"https:\/\/www.p31noticias.com.br\/?p=21712","og_locale":"pt_BR","og_type":"article","og_title":"STF: maioria vota contra aval de sindicatos para suspens\u00e3o de contrato","og_description":"Por 7 votos a 3, o Supremo Tribunal Federal (STF) decidiu, nesta sexta-feira (17), que a validade dos acordos individuais entre empresas e empregados para redu\u00e7\u00e3o de jornada e sal\u00e1rios n\u00e3o depende do aval de sindicatos. Os acordos est\u00e3o previstos na Medida Provis\u00f3ria (MP) 936\/2020, editada para preservar o v\u00ednculo empregat\u00edcio e permitir acesso a [&hellip;]","og_url":"https:\/\/www.p31noticias.com.br\/?p=21712","og_site_name":"P31","article_published_time":"2020-04-18T12:57:11+00:00","og_image":[{"width":650,"height":388,"url":"https:\/\/www.p31noticias.com.br\/wp-content\/uploads\/2020\/04\/stf2-1.jpg","type":"image\/jpeg"}],"author":"Reda\u00e7\u00e3o JBN","twitter_card":"summary_large_image","twitter_misc":{"Escrito por":"Reda\u00e7\u00e3o JBN","Est. tempo de leitura":"2 minutos"},"schema":{"@context":"https:\/\/schema.org","@graph":[{"@type":"Article","@id":"https:\/\/www.p31noticias.com.br\/?p=21712#article","isPartOf":{"@id":"https:\/\/www.p31noticias.com.br\/?p=21712"},"author":{"name":"Reda\u00e7\u00e3o JBN","@id":"https:\/\/www.p31noticias.com.br\/#\/schema\/person\/77d6b186c710ac38937c6ec204fdd387"},"headline":"STF: maioria vota contra aval de sindicatos para suspens\u00e3o de contrato","datePublished":"2020-04-18T12:57:11+00:00","mainEntityOfPage":{"@id":"https:\/\/www.p31noticias.com.br\/?p=21712"},"wordCount":413,"commentCount":0,"image":{"@id":"https:\/\/www.p31noticias.com.br\/?p=21712#primaryimage"},"thumbnailUrl":"https:\/\/www.p31noticias.com.br\/wp-content\/uploads\/2020\/04\/stf2-1.jpg","articleSection":["Brasil"],"inLanguage":"pt-BR","potentialAction":[{"@type":"CommentAction","name":"Comment","target":["https:\/\/www.p31noticias.com.br\/?p=21712#respond"]}],"copyrightYear":"2020","copyrightHolder":{"@id":"https:\/\/www.p31noticias.com.br\/#organization"}},{"@type":"WebPage","@id":"https:\/\/www.p31noticias.com.br\/?p=21712","url":"https:\/\/www.p31noticias.com.br\/?p=21712","name":"STF: maioria vota contra aval de sindicatos para suspens\u00e3o de contrato - P31","isPartOf":{"@id":"https:\/\/www.p31noticias.com.br\/#website"},"primaryImageOfPage":{"@id":"https:\/\/www.p31noticias.com.br\/?p=21712#primaryimage"},"image":{"@id":"https:\/\/www.p31noticias.com.br\/?p=21712#primaryimage"},"thumbnailUrl":"https:\/\/www.p31noticias.com.br\/wp-content\/uploads\/2020\/04\/stf2-1.jpg","datePublished":"2020-04-18T12:57:11+00:00","author":{"@id":"https:\/\/www.p31noticias.com.br\/#\/schema\/person\/77d6b186c710ac38937c6ec204fdd387"},"breadcrumb":{"@id":"https:\/\/www.p31noticias.com.br\/?p=21712#breadcrumb"},"inLanguage":"pt-BR","potentialAction":[{"@type":"ReadAction","target":["https:\/\/www.p31noticias.com.br\/?p=21712"]}]},{"@type":"ImageObject","inLanguage":"pt-BR","@id":"https:\/\/www.p31noticias.com.br\/?p=21712#primaryimage","url":"https:\/\/www.p31noticias.com.br\/wp-content\/uploads\/2020\/04\/stf2-1.jpg","contentUrl":"https:\/\/www.p31noticias.com.br\/wp-content\/uploads\/2020\/04\/stf2-1.jpg","width":650,"height":388,"caption":"Fachada do Supremo Ttribunal Federal"},{"@type":"BreadcrumbList","@id":"https:\/\/www.p31noticias.com.br\/?p=21712#breadcrumb","itemListElement":[{"@type":"ListItem","position":1,"name":"In\u00edcio","item":"https:\/\/www.p31noticias.com.br\/"},{"@type":"ListItem","position":2,"name":"STF: maioria vota contra aval de sindicatos para suspens\u00e3o de contrato"}]},{"@type":"WebSite","@id":"https:\/\/www.p31noticias.com.br\/#website","url":"https:\/\/www.p31noticias.com.br\/","name":"P31","description":"NOT\u00cdCIAS","potentialAction":[{"@type":"SearchAction","target":{"@type":"EntryPoint","urlTemplate":"https:\/\/www.p31noticias.com.br\/?s={search_term_string}"},"query-input":{"@type":"PropertyValueSpecification","valueRequired":true,"valueName":"search_term_string"}}],"inLanguage":"pt-BR"},{"@type":"Person","@id":"https:\/\/www.p31noticias.com.br\/#\/schema\/person\/77d6b186c710ac38937c6ec204fdd387","name":"Reda\u00e7\u00e3o JBN","image":{"@type":"ImageObject","inLanguage":"pt-BR","@id":"https:\/\/secure.gravatar.com\/avatar\/10fcdb93211f98cce3d64c0795b0915a9a4a21dc0f279238995a3dbfafcad090?s=96&d=mm&r=g","url":"https:\/\/secure.gravatar.com\/avatar\/10fcdb93211f98cce3d64c0795b0915a9a4a21dc0f279238995a3dbfafcad090?s=96&d=mm&r=g","contentUrl":"https:\/\/secure.gravatar.com\/avatar\/10fcdb93211f98cce3d64c0795b0915a9a4a21dc0f279238995a3dbfafcad090?s=96&d=mm&r=g","caption":"Reda\u00e7\u00e3o JBN"},"sameAs":["https:\/\/p31noticias.com.br"],"url":"https:\/\/www.p31noticias.com.br\/?author=18"}]}},"amp_enabled":true,"_links":{"self":[{"href":"https:\/\/www.p31noticias.com.br\/index.php?rest_route=\/wp\/v2\/posts\/21712","targetHints":{"allow":["GET"]}}],"collection":[{"href":"https:\/\/www.p31noticias.com.br\/index.php?rest_route=\/wp\/v2\/posts"}],"about":[{"href":"https:\/\/www.p31noticias.com.br\/index.php?rest_route=\/wp\/v2\/types\/post"}],"author":[{"embeddable":true,"href":"https:\/\/www.p31noticias.com.br\/index.php?rest_route=\/wp\/v2\/users\/18"}],"replies":[{"embeddable":true,"href":"https:\/\/www.p31noticias.com.br\/index.php?rest_route=%2Fwp%2Fv2%2Fcomments&post=21712"}],"version-history":[{"count":0,"href":"https:\/\/www.p31noticias.com.br\/index.php?rest_route=\/wp\/v2\/posts\/21712\/revisions"}],"wp:featuredmedia":[{"embeddable":true,"href":"https:\/\/www.p31noticias.com.br\/index.php?rest_route=\/wp\/v2\/media\/21700"}],"wp:attachment":[{"href":"https:\/\/www.p31noticias.com.br\/index.php?rest_route=%2Fwp%2Fv2%2Fmedia&parent=21712"}],"wp:term":[{"taxonomy":"category","embeddable":true,"href":"https:\/\/www.p31noticias.com.br\/index.php?rest_route=%2Fwp%2Fv2%2Fcategories&post=21712"},{"taxonomy":"post_tag","embeddable":true,"href":"https:\/\/www.p31noticias.com.br\/index.php?rest_route=%2Fwp%2Fv2%2Ftags&post=21712"}],"curies":[{"name":"wp","href":"https:\/\/api.w.org\/{rel}","templated":true}]}}