{"id":21708,"date":"2020-04-18T09:48:21","date_gmt":"2020-04-18T12:48:21","guid":{"rendered":"https:\/\/jornaldoplanalto.com.br\/web\/?p=21708"},"modified":"2020-04-18T09:48:21","modified_gmt":"2020-04-18T12:48:21","slug":"organizacao-humanitaria-lanca-campanha-de-arrecadacao-de-66-mil-cestas-basicas","status":"publish","type":"post","link":"https:\/\/www.p31noticias.com.br\/?p=21708","title":{"rendered":"Organiza\u00e7\u00e3o humanit\u00e1ria lan\u00e7a campanha de arrecada\u00e7\u00e3o de 66 mil cestas b\u00e1sicas"},"content":{"rendered":"<p style=\"font-weight: 400;\"><em>A a\u00e7\u00e3o da ONG Fraternidade sem Fronteiras vai beneficiar 52 institui\u00e7\u00f5es brasileiras e 39 centros de acolhimento na \u00c1frica, com alimenta\u00e7\u00e3o e aux\u00edlio emergencial de pessoas em situa\u00e7\u00e3o de vulnerabilidade<\/em><\/p>\n<p><a href=\"https:\/\/www.delioandrade.com.br\/wp-content\/uploads\/2020\/04\/fraternidade.png\"><img loading=\"lazy\" decoding=\"async\" class=\"size-full wp-image-21710 aligncenter\" src=\"https:\/\/www.delioandrade.com.br\/wp-content\/uploads\/2020\/04\/fraternidade.png\" alt=\"\" width=\"618\" height=\"480\" srcset=\"https:\/\/www.p31noticias.com.br\/wp-content\/uploads\/2020\/04\/fraternidade.png 618w, https:\/\/www.p31noticias.com.br\/wp-content\/uploads\/2020\/04\/fraternidade-300x233.png 300w, https:\/\/www.p31noticias.com.br\/wp-content\/uploads\/2020\/04\/fraternidade-541x420.png 541w\" sizes=\"auto, (max-width: 618px) 100vw, 618px\" \/><\/a>A Organiza\u00e7\u00e3o humanit\u00e1ria Fraternidade sem Fronteiras (FSF) lan\u00e7ou, nesta sexta-feira (17), a Campanha Viver Fraternidade, durante o primeiro dia do IV Encontro Fraternidade sem Fronteiras &#8211; evento transmitido ao vivo em suas redes sociais. A iniciativa visa arrecadar doa\u00e7\u00f5es para a compra de 66 mil cestas b\u00e1sicas destinadas a 52 institui\u00e7\u00f5es brasileiras, dentre elas, projetos da pr\u00f3pria FSF; e 39 centros de acolhimento mantidos pela Organiza\u00e7\u00e3o.<\/p>\n<p>A meta \u00e9 fornecer durante dois meses, suporte a um total de 51 mil pessoas &#8211; sendo 36 mil fam\u00edlias residentes no Brasil e 15 mil crian\u00e7as na \u00c1frica, que est\u00e3o em situa\u00e7\u00e3o de grande vulnerabilidade, durante a crise ocasionada pelo coronav\u00edrus (Covid-19). Todas elas est\u00e3o cadastradas nas institui\u00e7\u00f5es parceiras e projetos beneficiados pela Fraternidade sem Fronteiras.<\/p>\n<p>\u201cAtravessamos um momento delicado para a humanidade, no qual a \u00fanica sa\u00edda \u00e9 a solidariedade e a uni\u00e3o. Temos institui\u00e7\u00f5es sociais cadastradas em todos os lugares do Brasil e tamb\u00e9m da \u00c1frica, e queremos nos juntar nessa a\u00e7\u00e3o coletiva, sobretudo de muito amor\u201d, explica o fundador-presidente da FSF, Wagner Moura Gomes.<\/p>\n<p>At\u00e9 o momento, a campanha arrecadou o valor equivalente a 1.963 cestas b\u00e1sicas, durante o IV Encontro FSF, que aconteceria presencialmente em S\u00e3o Paulo\/SP. O evento adotou medidas de seguran\u00e7a e manteve a realiza\u00e7\u00e3o no formato online, com apresenta\u00e7\u00f5es, di\u00e1logos e relatos programados at\u00e9 o pr\u00f3ximo domingo (19), das 9h \u00e0s 19h (hor\u00e1rio de Bras\u00edlia).<\/p>\n<p><strong>Campanha Viver Fraternidade &#8211;<\/strong>\u00a0Para participar da campanha e conferir os projetos beneficiados, basta acessar\u00a0<a href=\"http:\/\/www.fraternidadesemfronteiras.org.br\/viverfraternidade\" data-saferedirecturl=\"https:\/\/www.google.com\/url?q=http:\/\/www.fraternidadesemfronteiras.org.br\/viverfraternidade&amp;source=gmail&amp;ust=1587240355909000&amp;usg=AFQjCNGPz4YzGS6TgxWdJOfg_PF4pluuAw\">www.fraternidadesemfronteiras.org.br\/viverfraternidade<\/a>\u00a0e fazer sua doa\u00e7\u00e3o, escolhendo o pa\u00eds de destina\u00e7\u00e3o da cesta b\u00e1sica: Brasil ou \u00c1frica.<\/p>\n<p><strong>IV Encontro FSF &#8211;<\/strong>\u00a0Trata-se de um evento anual da Organiza\u00e7\u00e3o Fraternidade sem Fronteiras, com objetivo de falar, refletir e vivenciar a fraternidade, por meio de\u00a0 palestras, pain\u00e9is e relatos de coordenadores e assistidos pelos projetos da institui\u00e7\u00e3o.<\/p>\n<p>A manh\u00e3 de hoje foi marcada pela presen\u00e7a do ator Bruno Gagliasso, que contou sobre suas experi\u00eancias na \u00c1frica e sua rela\u00e7\u00e3o com a causa; reflex\u00f5es com o fundador-presidente Wagner Moura Gomes e Clarissa Paz, coordenadora do projeto Na\u00e7\u00e3o Ubuntu, da FSF, que abordaram principalmente experi\u00eancias Ubuntu (filosofia africana). Al\u00e9m disso, tr\u00eas l\u00edderes comunit\u00e1rios da Organiza\u00e7\u00e3o, residentes hoje no Malawi e Madagascar, na \u00c1frica, mais conhecidos como &#8220;l\u00edderes Ubuntu&#8221;, participaram do painel \u201cValores que transformam o mundo \u2013 o de dentro e o de fora\u201d; e houve ainda apresenta\u00e7\u00e3o musical de Anatasha Meckena, que abriu esta edi\u00e7\u00e3o.<\/p>\n<p>J\u00e1 o per\u00edodo da tarde, contou com a participa\u00e7\u00e3o de Monja Coen &#8211;\u00a0 no painel \u201cO que Deus espera de n\u00f3s?\u201d; Wendel de Carvalho e Karina Peloi; e ainda est\u00e3o previstas reflex\u00f5es incentivadas pelo m\u00e9dium e orador esp\u00edrita Divaldo Franco, presen\u00e7a de Xuxa Meneghel e Junno Andrade; e apresenta\u00e7\u00e3o musical de Evandro Olivah. Para acompanhar o evento, basta acessar uma de nossas redes:\u00a0<a href=\"https:\/\/www.instagram.com\/fraternidadesemfronteiras\/\" data-saferedirecturl=\"https:\/\/www.google.com\/url?q=https:\/\/www.instagram.com\/fraternidadesemfronteiras\/&amp;source=gmail&amp;ust=1587240355909000&amp;usg=AFQjCNFehs12not5Z_izAziSqxVj3JIYwA\">Instagram<\/a>,\u00a0<a href=\"https:\/\/www.youtube.com\/channel\/UCiguLtZtA3IVy52bEg2R7hw\" data-saferedirecturl=\"https:\/\/www.google.com\/url?q=https:\/\/www.youtube.com\/channel\/UCiguLtZtA3IVy52bEg2R7hw&amp;source=gmail&amp;ust=1587240355909000&amp;usg=AFQjCNHbX0CNTnl5Pj-1AVnRRznZ2w4hnA\">YouTube\u00a0<\/a>ou\u00a0<a href=\"https:\/\/www.facebook.com\/fraternidadesemfronteiras\/\" data-saferedirecturl=\"https:\/\/www.google.com\/url?q=https:\/\/www.facebook.com\/fraternidadesemfronteiras\/&amp;source=gmail&amp;ust=1587240355909000&amp;usg=AFQjCNF8KxeNaz1n5egd6dqOJL6V54CFsw\">Facebook<\/a>.<\/p>\n<p><strong>Sobre a Fraternidade sem Fronteiras\u00a0<\/strong>\u2013 A FSF \u00e9 uma Organiza\u00e7\u00e3o humanit\u00e1ria e N\u00e3o-Governamental, com sede em Campo Grande (MS) e atua\u00e7\u00e3o brasileira e internacional. A institui\u00e7\u00e3o possui 45 polos de trabalho, mant\u00e9m centros de acolhimento, oferece alimenta\u00e7\u00e3o, sa\u00fade, forma\u00e7\u00e3o profissionalizante, educa\u00e7\u00e3o, cultivo sustent\u00e1vel, constru\u00e7\u00e3o de casas e ainda, abra\u00e7a projetos de crian\u00e7as com microcefalia e doen\u00e7a rara.<\/p>\n<p>Todos os trabalhos s\u00e3o mantidos por meio de doa\u00e7\u00f5es e principalmente pelo apadrinhamento. Com R$ 50 mensais \u00e9 poss\u00edvel contribuir com um projeto e fazer a diferen\u00e7a na vida de muitas pessoas. Mais informa\u00e7\u00f5es podem ser obtidas pelo site\u00a0<a href=\"http:\/\/www.fraternidadesemfronteiras.org.br\/\" target=\"_blank\" rel=\"noopener noreferrer\" data-saferedirecturl=\"https:\/\/www.google.com\/url?q=http:\/\/www.fraternidadesemfronteiras.org.br&amp;source=gmail&amp;ust=1587240355910000&amp;usg=AFQjCNFRy0djHRTX0qVglJRBs5lJf1mOKw\">www.fraternidadesemfronteiras.<wbr \/>org.br<\/a>\u00a0e pelas redes sociais:\u00a0<a href=\"https:\/\/www.instagram.com\/fraternidadesemfronteiras\/\" target=\"_blank\" rel=\"noopener noreferrer\" data-saferedirecturl=\"https:\/\/www.google.com\/url?q=https:\/\/www.instagram.com\/fraternidadesemfronteiras\/&amp;source=gmail&amp;ust=1587240355910000&amp;usg=AFQjCNENv6-oMoNjLkjxWizWP8qiFiBe1g\">Instagram<\/a>,\u00a0<a href=\"https:\/\/www.facebook.com\/fraternidadesemfronteiras\" target=\"_blank\" rel=\"noopener noreferrer\" data-saferedirecturl=\"https:\/\/www.google.com\/url?q=https:\/\/www.facebook.com\/fraternidadesemfronteiras&amp;source=gmail&amp;ust=1587240355910000&amp;usg=AFQjCNG8u_QjDPmTQuPuZLfaOzW95TDF4g\">Facebook<\/a>,\u00a0<a href=\"https:\/\/www.youtube.com\/fraternidadesemfronteiras\" target=\"_blank\" rel=\"noopener noreferrer\" data-saferedirecturl=\"https:\/\/www.google.com\/url?q=https:\/\/www.youtube.com\/fraternidadesemfronteiras&amp;source=gmail&amp;ust=1587240355910000&amp;usg=AFQjCNHSY8ssHFZ4NJXaWqaowjhoU3QHaw\">Youtube<\/a>\u00a0e\u00a0<a href=\"https:\/\/twitter.com\/fraternidadefsf\" target=\"_blank\" rel=\"noopener noreferrer\" data-saferedirecturl=\"https:\/\/www.google.com\/url?q=https:\/\/twitter.com\/fraternidadefsf&amp;source=gmail&amp;ust=1587240355910000&amp;usg=AFQjCNHDabntYrMqMvw6Cz6TMcKboxiXSQ\">Twitter<\/a>.<\/p>\n<p><em>(Por: Giovanna Percio\/estagi\u00e1ria e Marcele Aroca Camy. Fotos: divulga\u00e7\u00e3o)<\/em><\/p>\n","protected":false},"excerpt":{"rendered":"<p>A a\u00e7\u00e3o da ONG Fraternidade sem Fronteiras vai beneficiar 52 institui\u00e7\u00f5es brasileiras e 39 centros de acolhimento na \u00c1frica, com alimenta\u00e7\u00e3o e aux\u00edlio emergencial de pessoas em situa\u00e7\u00e3o de vulnerabilidade A Organiza\u00e7\u00e3o humanit\u00e1ria Fraternidade sem Fronteiras (FSF) lan\u00e7ou, nesta sexta-feira (17), a Campanha Viver Fraternidade, durante o primeiro dia do IV Encontro Fraternidade sem Fronteiras [&hellip;]<\/p>\n","protected":false},"author":18,"featured_media":21709,"comment_status":"open","ping_status":"open","sticky":false,"template":"","format":"standard","meta":{"footnotes":""},"categories":[68],"tags":[],"class_list":{"0":"post-21708","1":"post","2":"type-post","3":"status-publish","4":"format-standard","5":"has-post-thumbnail","7":"category-brasil"},"yoast_head":"<!-- This site is optimized with the Yoast SEO Premium plugin v24.5 (Yoast SEO v27.5) - https:\/\/yoast.com\/product\/yoast-seo-premium-wordpress\/ -->\n<title>Organiza\u00e7\u00e3o humanit\u00e1ria lan\u00e7a campanha de arrecada\u00e7\u00e3o de 66 mil cestas b\u00e1sicas - P31<\/title>\n<meta name=\"robots\" content=\"index, follow, max-snippet:-1, max-image-preview:large, max-video-preview:-1\" \/>\n<link rel=\"canonical\" href=\"https:\/\/www.p31noticias.com.br\/?p=21708\" \/>\n<meta property=\"og:locale\" content=\"pt_BR\" \/>\n<meta property=\"og:type\" content=\"article\" \/>\n<meta property=\"og:title\" content=\"Organiza\u00e7\u00e3o humanit\u00e1ria lan\u00e7a campanha de arrecada\u00e7\u00e3o de 66 mil cestas b\u00e1sicas\" \/>\n<meta property=\"og:description\" content=\"A a\u00e7\u00e3o da ONG Fraternidade sem Fronteiras vai beneficiar 52 institui\u00e7\u00f5es brasileiras e 39 centros de acolhimento na \u00c1frica, com alimenta\u00e7\u00e3o e aux\u00edlio emergencial de pessoas em situa\u00e7\u00e3o de vulnerabilidade A Organiza\u00e7\u00e3o humanit\u00e1ria Fraternidade sem Fronteiras (FSF) lan\u00e7ou, nesta sexta-feira (17), a Campanha Viver Fraternidade, durante o primeiro dia do IV Encontro Fraternidade sem Fronteiras [&hellip;]\" \/>\n<meta property=\"og:url\" content=\"https:\/\/www.p31noticias.com.br\/?p=21708\" \/>\n<meta property=\"og:site_name\" content=\"P31\" \/>\n<meta property=\"article:published_time\" content=\"2020-04-18T12:48:21+00:00\" \/>\n<meta property=\"og:image\" content=\"https:\/\/www.p31noticias.com.br\/wp-content\/uploads\/2020\/04\/fraternidade.2.jpg\" \/>\n\t<meta property=\"og:image:width\" content=\"640\" \/>\n\t<meta property=\"og:image:height\" content=\"363\" \/>\n\t<meta property=\"og:image:type\" content=\"image\/jpeg\" \/>\n<meta name=\"author\" content=\"Reda\u00e7\u00e3o JBN\" \/>\n<meta name=\"twitter:card\" content=\"summary_large_image\" \/>\n<meta name=\"twitter:label1\" content=\"Escrito por\" \/>\n\t<meta name=\"twitter:data1\" content=\"Reda\u00e7\u00e3o JBN\" \/>\n\t<meta name=\"twitter:label2\" content=\"Est. tempo de leitura\" \/>\n\t<meta name=\"twitter:data2\" content=\"3 minutos\" \/>\n<script type=\"application\/ld+json\" class=\"yoast-schema-graph\">{\"@context\":\"https:\\\/\\\/schema.org\",\"@graph\":[{\"@type\":\"Article\",\"@id\":\"https:\\\/\\\/www.p31noticias.com.br\\\/?p=21708#article\",\"isPartOf\":{\"@id\":\"https:\\\/\\\/www.p31noticias.com.br\\\/?p=21708\"},\"author\":{\"name\":\"Reda\u00e7\u00e3o JBN\",\"@id\":\"https:\\\/\\\/www.p31noticias.com.br\\\/#\\\/schema\\\/person\\\/77d6b186c710ac38937c6ec204fdd387\"},\"headline\":\"Organiza\u00e7\u00e3o humanit\u00e1ria lan\u00e7a campanha de arrecada\u00e7\u00e3o de 66 mil cestas b\u00e1sicas\",\"datePublished\":\"2020-04-18T12:48:21+00:00\",\"mainEntityOfPage\":{\"@id\":\"https:\\\/\\\/www.p31noticias.com.br\\\/?p=21708\"},\"wordCount\":699,\"commentCount\":0,\"image\":{\"@id\":\"https:\\\/\\\/www.p31noticias.com.br\\\/?p=21708#primaryimage\"},\"thumbnailUrl\":\"https:\\\/\\\/www.p31noticias.com.br\\\/wp-content\\\/uploads\\\/2020\\\/04\\\/fraternidade.2.jpg\",\"articleSection\":[\"Brasil\"],\"inLanguage\":\"pt-BR\",\"potentialAction\":[{\"@type\":\"CommentAction\",\"name\":\"Comment\",\"target\":[\"https:\\\/\\\/www.p31noticias.com.br\\\/?p=21708#respond\"]}],\"copyrightYear\":\"2020\",\"copyrightHolder\":{\"@id\":\"https:\\\/\\\/www.p31noticias.com.br\\\/#organization\"}},{\"@type\":\"WebPage\",\"@id\":\"https:\\\/\\\/www.p31noticias.com.br\\\/?p=21708\",\"url\":\"https:\\\/\\\/www.p31noticias.com.br\\\/?p=21708\",\"name\":\"Organiza\u00e7\u00e3o humanit\u00e1ria lan\u00e7a campanha de arrecada\u00e7\u00e3o de 66 mil cestas b\u00e1sicas - P31\",\"isPartOf\":{\"@id\":\"https:\\\/\\\/www.p31noticias.com.br\\\/#website\"},\"primaryImageOfPage\":{\"@id\":\"https:\\\/\\\/www.p31noticias.com.br\\\/?p=21708#primaryimage\"},\"image\":{\"@id\":\"https:\\\/\\\/www.p31noticias.com.br\\\/?p=21708#primaryimage\"},\"thumbnailUrl\":\"https:\\\/\\\/www.p31noticias.com.br\\\/wp-content\\\/uploads\\\/2020\\\/04\\\/fraternidade.2.jpg\",\"datePublished\":\"2020-04-18T12:48:21+00:00\",\"author\":{\"@id\":\"https:\\\/\\\/www.p31noticias.com.br\\\/#\\\/schema\\\/person\\\/77d6b186c710ac38937c6ec204fdd387\"},\"breadcrumb\":{\"@id\":\"https:\\\/\\\/www.p31noticias.com.br\\\/?p=21708#breadcrumb\"},\"inLanguage\":\"pt-BR\",\"potentialAction\":[{\"@type\":\"ReadAction\",\"target\":[\"https:\\\/\\\/www.p31noticias.com.br\\\/?p=21708\"]}]},{\"@type\":\"ImageObject\",\"inLanguage\":\"pt-BR\",\"@id\":\"https:\\\/\\\/www.p31noticias.com.br\\\/?p=21708#primaryimage\",\"url\":\"https:\\\/\\\/www.p31noticias.com.br\\\/wp-content\\\/uploads\\\/2020\\\/04\\\/fraternidade.2.jpg\",\"contentUrl\":\"https:\\\/\\\/www.p31noticias.com.br\\\/wp-content\\\/uploads\\\/2020\\\/04\\\/fraternidade.2.jpg\",\"width\":640,\"height\":363},{\"@type\":\"BreadcrumbList\",\"@id\":\"https:\\\/\\\/www.p31noticias.com.br\\\/?p=21708#breadcrumb\",\"itemListElement\":[{\"@type\":\"ListItem\",\"position\":1,\"name\":\"In\u00edcio\",\"item\":\"https:\\\/\\\/www.p31noticias.com.br\\\/\"},{\"@type\":\"ListItem\",\"position\":2,\"name\":\"Organiza\u00e7\u00e3o humanit\u00e1ria lan\u00e7a campanha de arrecada\u00e7\u00e3o de 66 mil cestas b\u00e1sicas\"}]},{\"@type\":\"WebSite\",\"@id\":\"https:\\\/\\\/www.p31noticias.com.br\\\/#website\",\"url\":\"https:\\\/\\\/www.p31noticias.com.br\\\/\",\"name\":\"P31\",\"description\":\"NOT\u00cdCIAS\",\"potentialAction\":[{\"@type\":\"SearchAction\",\"target\":{\"@type\":\"EntryPoint\",\"urlTemplate\":\"https:\\\/\\\/www.p31noticias.com.br\\\/?s={search_term_string}\"},\"query-input\":{\"@type\":\"PropertyValueSpecification\",\"valueRequired\":true,\"valueName\":\"search_term_string\"}}],\"inLanguage\":\"pt-BR\"},{\"@type\":\"Person\",\"@id\":\"https:\\\/\\\/www.p31noticias.com.br\\\/#\\\/schema\\\/person\\\/77d6b186c710ac38937c6ec204fdd387\",\"name\":\"Reda\u00e7\u00e3o JBN\",\"image\":{\"@type\":\"ImageObject\",\"inLanguage\":\"pt-BR\",\"@id\":\"https:\\\/\\\/secure.gravatar.com\\\/avatar\\\/10fcdb93211f98cce3d64c0795b0915a9a4a21dc0f279238995a3dbfafcad090?s=96&d=mm&r=g\",\"url\":\"https:\\\/\\\/secure.gravatar.com\\\/avatar\\\/10fcdb93211f98cce3d64c0795b0915a9a4a21dc0f279238995a3dbfafcad090?s=96&d=mm&r=g\",\"contentUrl\":\"https:\\\/\\\/secure.gravatar.com\\\/avatar\\\/10fcdb93211f98cce3d64c0795b0915a9a4a21dc0f279238995a3dbfafcad090?s=96&d=mm&r=g\",\"caption\":\"Reda\u00e7\u00e3o JBN\"},\"sameAs\":[\"https:\\\/\\\/p31noticias.com.br\"],\"url\":\"https:\\\/\\\/www.p31noticias.com.br\\\/?author=18\"}]}<\/script>\n<!-- \/ Yoast SEO Premium plugin. -->","yoast_head_json":{"title":"Organiza\u00e7\u00e3o humanit\u00e1ria lan\u00e7a campanha de arrecada\u00e7\u00e3o de 66 mil cestas b\u00e1sicas - P31","robots":{"index":"index","follow":"follow","max-snippet":"max-snippet:-1","max-image-preview":"max-image-preview:large","max-video-preview":"max-video-preview:-1"},"canonical":"https:\/\/www.p31noticias.com.br\/?p=21708","og_locale":"pt_BR","og_type":"article","og_title":"Organiza\u00e7\u00e3o humanit\u00e1ria lan\u00e7a campanha de arrecada\u00e7\u00e3o de 66 mil cestas b\u00e1sicas","og_description":"A a\u00e7\u00e3o da ONG Fraternidade sem Fronteiras vai beneficiar 52 institui\u00e7\u00f5es brasileiras e 39 centros de acolhimento na \u00c1frica, com alimenta\u00e7\u00e3o e aux\u00edlio emergencial de pessoas em situa\u00e7\u00e3o de vulnerabilidade A Organiza\u00e7\u00e3o humanit\u00e1ria Fraternidade sem Fronteiras (FSF) lan\u00e7ou, nesta sexta-feira (17), a Campanha Viver Fraternidade, durante o primeiro dia do IV Encontro Fraternidade sem Fronteiras [&hellip;]","og_url":"https:\/\/www.p31noticias.com.br\/?p=21708","og_site_name":"P31","article_published_time":"2020-04-18T12:48:21+00:00","og_image":[{"width":640,"height":363,"url":"https:\/\/www.p31noticias.com.br\/wp-content\/uploads\/2020\/04\/fraternidade.2.jpg","type":"image\/jpeg"}],"author":"Reda\u00e7\u00e3o JBN","twitter_card":"summary_large_image","twitter_misc":{"Escrito por":"Reda\u00e7\u00e3o JBN","Est. tempo de leitura":"3 minutos"},"schema":{"@context":"https:\/\/schema.org","@graph":[{"@type":"Article","@id":"https:\/\/www.p31noticias.com.br\/?p=21708#article","isPartOf":{"@id":"https:\/\/www.p31noticias.com.br\/?p=21708"},"author":{"name":"Reda\u00e7\u00e3o JBN","@id":"https:\/\/www.p31noticias.com.br\/#\/schema\/person\/77d6b186c710ac38937c6ec204fdd387"},"headline":"Organiza\u00e7\u00e3o humanit\u00e1ria lan\u00e7a campanha de arrecada\u00e7\u00e3o de 66 mil cestas b\u00e1sicas","datePublished":"2020-04-18T12:48:21+00:00","mainEntityOfPage":{"@id":"https:\/\/www.p31noticias.com.br\/?p=21708"},"wordCount":699,"commentCount":0,"image":{"@id":"https:\/\/www.p31noticias.com.br\/?p=21708#primaryimage"},"thumbnailUrl":"https:\/\/www.p31noticias.com.br\/wp-content\/uploads\/2020\/04\/fraternidade.2.jpg","articleSection":["Brasil"],"inLanguage":"pt-BR","potentialAction":[{"@type":"CommentAction","name":"Comment","target":["https:\/\/www.p31noticias.com.br\/?p=21708#respond"]}],"copyrightYear":"2020","copyrightHolder":{"@id":"https:\/\/www.p31noticias.com.br\/#organization"}},{"@type":"WebPage","@id":"https:\/\/www.p31noticias.com.br\/?p=21708","url":"https:\/\/www.p31noticias.com.br\/?p=21708","name":"Organiza\u00e7\u00e3o humanit\u00e1ria lan\u00e7a campanha de arrecada\u00e7\u00e3o de 66 mil cestas b\u00e1sicas - P31","isPartOf":{"@id":"https:\/\/www.p31noticias.com.br\/#website"},"primaryImageOfPage":{"@id":"https:\/\/www.p31noticias.com.br\/?p=21708#primaryimage"},"image":{"@id":"https:\/\/www.p31noticias.com.br\/?p=21708#primaryimage"},"thumbnailUrl":"https:\/\/www.p31noticias.com.br\/wp-content\/uploads\/2020\/04\/fraternidade.2.jpg","datePublished":"2020-04-18T12:48:21+00:00","author":{"@id":"https:\/\/www.p31noticias.com.br\/#\/schema\/person\/77d6b186c710ac38937c6ec204fdd387"},"breadcrumb":{"@id":"https:\/\/www.p31noticias.com.br\/?p=21708#breadcrumb"},"inLanguage":"pt-BR","potentialAction":[{"@type":"ReadAction","target":["https:\/\/www.p31noticias.com.br\/?p=21708"]}]},{"@type":"ImageObject","inLanguage":"pt-BR","@id":"https:\/\/www.p31noticias.com.br\/?p=21708#primaryimage","url":"https:\/\/www.p31noticias.com.br\/wp-content\/uploads\/2020\/04\/fraternidade.2.jpg","contentUrl":"https:\/\/www.p31noticias.com.br\/wp-content\/uploads\/2020\/04\/fraternidade.2.jpg","width":640,"height":363},{"@type":"BreadcrumbList","@id":"https:\/\/www.p31noticias.com.br\/?p=21708#breadcrumb","itemListElement":[{"@type":"ListItem","position":1,"name":"In\u00edcio","item":"https:\/\/www.p31noticias.com.br\/"},{"@type":"ListItem","position":2,"name":"Organiza\u00e7\u00e3o humanit\u00e1ria lan\u00e7a campanha de arrecada\u00e7\u00e3o de 66 mil cestas b\u00e1sicas"}]},{"@type":"WebSite","@id":"https:\/\/www.p31noticias.com.br\/#website","url":"https:\/\/www.p31noticias.com.br\/","name":"P31","description":"NOT\u00cdCIAS","potentialAction":[{"@type":"SearchAction","target":{"@type":"EntryPoint","urlTemplate":"https:\/\/www.p31noticias.com.br\/?s={search_term_string}"},"query-input":{"@type":"PropertyValueSpecification","valueRequired":true,"valueName":"search_term_string"}}],"inLanguage":"pt-BR"},{"@type":"Person","@id":"https:\/\/www.p31noticias.com.br\/#\/schema\/person\/77d6b186c710ac38937c6ec204fdd387","name":"Reda\u00e7\u00e3o JBN","image":{"@type":"ImageObject","inLanguage":"pt-BR","@id":"https:\/\/secure.gravatar.com\/avatar\/10fcdb93211f98cce3d64c0795b0915a9a4a21dc0f279238995a3dbfafcad090?s=96&d=mm&r=g","url":"https:\/\/secure.gravatar.com\/avatar\/10fcdb93211f98cce3d64c0795b0915a9a4a21dc0f279238995a3dbfafcad090?s=96&d=mm&r=g","contentUrl":"https:\/\/secure.gravatar.com\/avatar\/10fcdb93211f98cce3d64c0795b0915a9a4a21dc0f279238995a3dbfafcad090?s=96&d=mm&r=g","caption":"Reda\u00e7\u00e3o JBN"},"sameAs":["https:\/\/p31noticias.com.br"],"url":"https:\/\/www.p31noticias.com.br\/?author=18"}]}},"amp_enabled":true,"_links":{"self":[{"href":"https:\/\/www.p31noticias.com.br\/index.php?rest_route=\/wp\/v2\/posts\/21708","targetHints":{"allow":["GET"]}}],"collection":[{"href":"https:\/\/www.p31noticias.com.br\/index.php?rest_route=\/wp\/v2\/posts"}],"about":[{"href":"https:\/\/www.p31noticias.com.br\/index.php?rest_route=\/wp\/v2\/types\/post"}],"author":[{"embeddable":true,"href":"https:\/\/www.p31noticias.com.br\/index.php?rest_route=\/wp\/v2\/users\/18"}],"replies":[{"embeddable":true,"href":"https:\/\/www.p31noticias.com.br\/index.php?rest_route=%2Fwp%2Fv2%2Fcomments&post=21708"}],"version-history":[{"count":0,"href":"https:\/\/www.p31noticias.com.br\/index.php?rest_route=\/wp\/v2\/posts\/21708\/revisions"}],"wp:featuredmedia":[{"embeddable":true,"href":"https:\/\/www.p31noticias.com.br\/index.php?rest_route=\/wp\/v2\/media\/21709"}],"wp:attachment":[{"href":"https:\/\/www.p31noticias.com.br\/index.php?rest_route=%2Fwp%2Fv2%2Fmedia&parent=21708"}],"wp:term":[{"taxonomy":"category","embeddable":true,"href":"https:\/\/www.p31noticias.com.br\/index.php?rest_route=%2Fwp%2Fv2%2Fcategories&post=21708"},{"taxonomy":"post_tag","embeddable":true,"href":"https:\/\/www.p31noticias.com.br\/index.php?rest_route=%2Fwp%2Fv2%2Ftags&post=21708"}],"curies":[{"name":"wp","href":"https:\/\/api.w.org\/{rel}","templated":true}]}}