{"id":21705,"date":"2020-04-17T09:43:27","date_gmt":"2020-04-17T12:43:27","guid":{"rendered":"https:\/\/jornaldoplanalto.com.br\/web\/?p=21705"},"modified":"2020-04-17T09:43:27","modified_gmt":"2020-04-17T12:43:27","slug":"df-se-destaca-com-menor-taxa-de-letalidade-policial-do-pais","status":"publish","type":"post","link":"https:\/\/www.p31noticias.com.br\/?p=21705","title":{"rendered":"DF se destaca com menor taxa de letalidade policial do pa\u00eds"},"content":{"rendered":"<header class=\"single__topo \">\n<div class=\"single__topo--titulo\">\n<h1 class=\"bold h2\"><em><span style=\"font-size: 16px;\">Resultado, dentre outras medidas, da maior integra\u00e7\u00e3o entre as for\u00e7as de seguran\u00e7a<\/span><\/em><\/h1>\n<\/div>\n<div class=\"single__topo--assinatura bold text-uppercase\">O Distrito Federal apresentou a menor taxa de mortes cometidas por policiais no ano de 2019. O levantamento \u2013 que mostra a quantidade de mortes a cada 100 mil habitantes \u2013 \u00a0faz parte do Monitor da Viol\u00eancia, uma parceria do portal de not\u00edcias G1 com o N\u00facleo de Estudos da Viol\u00eancia da USP e o F\u00f3rum Brasileiro de Seguran\u00e7a P\u00fablica (FBSP).<\/div>\n<\/header>\n<div class=\"single__conteudo noticia\">\n<p>O \u00edndice do DF ficou em 0,3 mortes por 100 mil habitantes, o menor do pa\u00eds; sendo que a m\u00e9dia nacional marcou 2,9 a cada 100 mil.<\/p>\n<p>Esse baixo \u00edndice de letalidade veio acompanhado de outro dado ainda mais significativo no ano passado: o menor \u00edndice de homic\u00eddios dos \u00faltimos 35 anos. Essa combina\u00e7\u00e3o de resultados segue em linha com an\u00e1lise do FBSP, a qual afirma que \u00e9 poss\u00edvel combater o crime e reduzir as mortes violentas com pol\u00edticas baseadas em evid\u00eancias e intelig\u00eancia.<\/p>\n<p>Para o secret\u00e1rio de Seguran\u00e7a P\u00fablica, delegado Anderson Torres, a maior integra\u00e7\u00e3o entre as for\u00e7as de seguran\u00e7a, com aumento de a\u00e7\u00f5es pontuais e opera\u00e7\u00f5es, contribuiu para o resultado positivo. \u201cA\u00e7\u00f5es integradas, capacita\u00e7\u00e3o e uso da intelig\u00eancia foram a nossa t\u00f4nica em 2019.\u00a0 Igualmente implementamos medidas estrat\u00e9gicas na SSP para conter a criminalidade, estipulando metas e monitorando resultados, com reavalia\u00e7\u00f5es peri\u00f3dicas e proje\u00e7\u00f5es at\u00e9 o ano de 2022. Para 2019, nosso objetivo era fechar o ano com uma taxa de 13,4 mortes para cada 100 mil habitantes, por\u00e9m, a taxa foi ainda menor: 13\/100 mil\u201d.<\/p>\n<p>Refor\u00e7ando a operacionalidade do seu efetivo, somente em 2019, a SSP\/DF capacitou 9.120 servidores da pasta e das for\u00e7as de seguran\u00e7a. Foram instru\u00e7\u00f5es como introdu\u00e7\u00e3o \u00e0 atividade de intelig\u00eancia policial, atendimento policial e \u00e0 Lei Maria da penha e condutores de emerg\u00eancia.<\/p>\n<p>Outras medidas importantes foram a reabertura de delegacias, aumento no quadro de policiais militares, civis e policiais penais; regulamenta\u00e7\u00e3o do servi\u00e7o volunt\u00e1rio das for\u00e7as de seguran\u00e7a e aumento da frota de viaturas operacionais, entre outras a\u00e7\u00f5es.<\/p>\n<p>\u201cTodas as a\u00e7\u00f5es realizadas foram poss\u00edveis devido \u00e0 autonomia que nos foi dada pelo governador Ibaneis Rocha. Agora, em 2020, seguimos nos empenhando para melhorar, ainda mais, as condi\u00e7\u00f5es dos profissionais de seguran\u00e7a p\u00fablica e, consequentemente, a seguran\u00e7a da popula\u00e7\u00e3o\u201d, destacou o secret\u00e1rio.<\/p>\n<p>A Pol\u00edcia Militar do Distrito Federal (PMDF) tamb\u00e9m investiu na capacita\u00e7\u00e3o e aprimoramento t\u00e9cnico profissional de seu efetivo. Em 2019, mais de 4.000 policiais passaram por algum tipo de especializa\u00e7\u00e3o. \u201cAtuamos na padroniza\u00e7\u00e3o de procedimentos operacionais e na valoriza\u00e7\u00e3o dos profissionais, o que refletiu no aumento significativo da produtividade policial, na redu\u00e7\u00e3o dos \u00edndices criminais e uma menor letalidade dos policiais em a\u00e7\u00e3o\u201d, avaliou o comandante-feral da corpora\u00e7\u00e3o, coronel Julian Pontes.<\/p>\n<p><em>(Foto: Toninho Tavares\/Ag\u00eancia Bras\u00edlia)<\/em><\/p>\n<\/div>\n","protected":false},"excerpt":{"rendered":"<p>Resultado, dentre outras medidas, da maior integra\u00e7\u00e3o entre as for\u00e7as de seguran\u00e7a O Distrito Federal apresentou a menor taxa de mortes cometidas por policiais no ano de 2019. O levantamento \u2013 que mostra a quantidade de mortes a cada 100 mil habitantes \u2013 \u00a0faz parte do Monitor da Viol\u00eancia, uma parceria do portal de not\u00edcias [&hellip;]<\/p>\n","protected":false},"author":18,"featured_media":21706,"comment_status":"open","ping_status":"open","sticky":false,"template":"","format":"standard","meta":{"footnotes":""},"categories":[1],"tags":[],"class_list":{"0":"post-21705","1":"post","2":"type-post","3":"status-publish","4":"format-standard","5":"has-post-thumbnail","7":"category-outros"},"yoast_head":"<!-- This site is optimized with the Yoast SEO Premium plugin v24.5 (Yoast SEO v27.5) - https:\/\/yoast.com\/product\/yoast-seo-premium-wordpress\/ -->\n<title>DF se destaca com menor taxa de letalidade policial do pa\u00eds - P31<\/title>\n<meta name=\"robots\" content=\"index, follow, max-snippet:-1, max-image-preview:large, max-video-preview:-1\" \/>\n<link rel=\"canonical\" href=\"https:\/\/www.p31noticias.com.br\/?p=21705\" \/>\n<meta property=\"og:locale\" content=\"pt_BR\" \/>\n<meta property=\"og:type\" content=\"article\" \/>\n<meta property=\"og:title\" content=\"DF se destaca com menor taxa de letalidade policial do pa\u00eds\" \/>\n<meta property=\"og:description\" content=\"Resultado, dentre outras medidas, da maior integra\u00e7\u00e3o entre as for\u00e7as de seguran\u00e7a O Distrito Federal apresentou a menor taxa de mortes cometidas por policiais no ano de 2019. O levantamento \u2013 que mostra a quantidade de mortes a cada 100 mil habitantes \u2013 \u00a0faz parte do Monitor da Viol\u00eancia, uma parceria do portal de not\u00edcias [&hellip;]\" \/>\n<meta property=\"og:url\" content=\"https:\/\/www.p31noticias.com.br\/?p=21705\" \/>\n<meta property=\"og:site_name\" content=\"P31\" \/>\n<meta property=\"article:published_time\" content=\"2020-04-17T12:43:27+00:00\" \/>\n<meta property=\"og:image\" content=\"https:\/\/www.p31noticias.com.br\/wp-content\/uploads\/2020\/04\/Policiais.jpg\" \/>\n\t<meta property=\"og:image:width\" content=\"640\" \/>\n\t<meta property=\"og:image:height\" content=\"413\" \/>\n\t<meta property=\"og:image:type\" content=\"image\/jpeg\" \/>\n<meta name=\"author\" content=\"Reda\u00e7\u00e3o JBN\" \/>\n<meta name=\"twitter:card\" content=\"summary_large_image\" \/>\n<meta name=\"twitter:label1\" content=\"Escrito por\" \/>\n\t<meta name=\"twitter:data1\" content=\"Reda\u00e7\u00e3o JBN\" \/>\n\t<meta name=\"twitter:label2\" content=\"Est. tempo de leitura\" \/>\n\t<meta name=\"twitter:data2\" content=\"2 minutos\" \/>\n<script type=\"application\/ld+json\" class=\"yoast-schema-graph\">{\"@context\":\"https:\\\/\\\/schema.org\",\"@graph\":[{\"@type\":\"Article\",\"@id\":\"https:\\\/\\\/www.p31noticias.com.br\\\/?p=21705#article\",\"isPartOf\":{\"@id\":\"https:\\\/\\\/www.p31noticias.com.br\\\/?p=21705\"},\"author\":{\"name\":\"Reda\u00e7\u00e3o JBN\",\"@id\":\"https:\\\/\\\/www.p31noticias.com.br\\\/#\\\/schema\\\/person\\\/77d6b186c710ac38937c6ec204fdd387\"},\"headline\":\"DF se destaca com menor taxa de letalidade policial do pa\u00eds\",\"datePublished\":\"2020-04-17T12:43:27+00:00\",\"mainEntityOfPage\":{\"@id\":\"https:\\\/\\\/www.p31noticias.com.br\\\/?p=21705\"},\"wordCount\":506,\"commentCount\":0,\"image\":{\"@id\":\"https:\\\/\\\/www.p31noticias.com.br\\\/?p=21705#primaryimage\"},\"thumbnailUrl\":\"https:\\\/\\\/www.p31noticias.com.br\\\/wp-content\\\/uploads\\\/2020\\\/04\\\/Policiais.jpg\",\"articleSection\":[\"Outros\"],\"inLanguage\":\"pt-BR\",\"potentialAction\":[{\"@type\":\"CommentAction\",\"name\":\"Comment\",\"target\":[\"https:\\\/\\\/www.p31noticias.com.br\\\/?p=21705#respond\"]}],\"copyrightYear\":\"2020\",\"copyrightHolder\":{\"@id\":\"https:\\\/\\\/www.p31noticias.com.br\\\/#organization\"}},{\"@type\":\"WebPage\",\"@id\":\"https:\\\/\\\/www.p31noticias.com.br\\\/?p=21705\",\"url\":\"https:\\\/\\\/www.p31noticias.com.br\\\/?p=21705\",\"name\":\"DF se destaca com menor taxa de letalidade policial do pa\u00eds - P31\",\"isPartOf\":{\"@id\":\"https:\\\/\\\/www.p31noticias.com.br\\\/#website\"},\"primaryImageOfPage\":{\"@id\":\"https:\\\/\\\/www.p31noticias.com.br\\\/?p=21705#primaryimage\"},\"image\":{\"@id\":\"https:\\\/\\\/www.p31noticias.com.br\\\/?p=21705#primaryimage\"},\"thumbnailUrl\":\"https:\\\/\\\/www.p31noticias.com.br\\\/wp-content\\\/uploads\\\/2020\\\/04\\\/Policiais.jpg\",\"datePublished\":\"2020-04-17T12:43:27+00:00\",\"author\":{\"@id\":\"https:\\\/\\\/www.p31noticias.com.br\\\/#\\\/schema\\\/person\\\/77d6b186c710ac38937c6ec204fdd387\"},\"breadcrumb\":{\"@id\":\"https:\\\/\\\/www.p31noticias.com.br\\\/?p=21705#breadcrumb\"},\"inLanguage\":\"pt-BR\",\"potentialAction\":[{\"@type\":\"ReadAction\",\"target\":[\"https:\\\/\\\/www.p31noticias.com.br\\\/?p=21705\"]}]},{\"@type\":\"ImageObject\",\"inLanguage\":\"pt-BR\",\"@id\":\"https:\\\/\\\/www.p31noticias.com.br\\\/?p=21705#primaryimage\",\"url\":\"https:\\\/\\\/www.p31noticias.com.br\\\/wp-content\\\/uploads\\\/2020\\\/04\\\/Policiais.jpg\",\"contentUrl\":\"https:\\\/\\\/www.p31noticias.com.br\\\/wp-content\\\/uploads\\\/2020\\\/04\\\/Policiais.jpg\",\"width\":640,\"height\":413},{\"@type\":\"BreadcrumbList\",\"@id\":\"https:\\\/\\\/www.p31noticias.com.br\\\/?p=21705#breadcrumb\",\"itemListElement\":[{\"@type\":\"ListItem\",\"position\":1,\"name\":\"In\u00edcio\",\"item\":\"https:\\\/\\\/www.p31noticias.com.br\\\/\"},{\"@type\":\"ListItem\",\"position\":2,\"name\":\"DF se destaca com menor taxa de letalidade policial do pa\u00eds\"}]},{\"@type\":\"WebSite\",\"@id\":\"https:\\\/\\\/www.p31noticias.com.br\\\/#website\",\"url\":\"https:\\\/\\\/www.p31noticias.com.br\\\/\",\"name\":\"P31\",\"description\":\"NOT\u00cdCIAS\",\"potentialAction\":[{\"@type\":\"SearchAction\",\"target\":{\"@type\":\"EntryPoint\",\"urlTemplate\":\"https:\\\/\\\/www.p31noticias.com.br\\\/?s={search_term_string}\"},\"query-input\":{\"@type\":\"PropertyValueSpecification\",\"valueRequired\":true,\"valueName\":\"search_term_string\"}}],\"inLanguage\":\"pt-BR\"},{\"@type\":\"Person\",\"@id\":\"https:\\\/\\\/www.p31noticias.com.br\\\/#\\\/schema\\\/person\\\/77d6b186c710ac38937c6ec204fdd387\",\"name\":\"Reda\u00e7\u00e3o JBN\",\"image\":{\"@type\":\"ImageObject\",\"inLanguage\":\"pt-BR\",\"@id\":\"https:\\\/\\\/secure.gravatar.com\\\/avatar\\\/10fcdb93211f98cce3d64c0795b0915a9a4a21dc0f279238995a3dbfafcad090?s=96&d=mm&r=g\",\"url\":\"https:\\\/\\\/secure.gravatar.com\\\/avatar\\\/10fcdb93211f98cce3d64c0795b0915a9a4a21dc0f279238995a3dbfafcad090?s=96&d=mm&r=g\",\"contentUrl\":\"https:\\\/\\\/secure.gravatar.com\\\/avatar\\\/10fcdb93211f98cce3d64c0795b0915a9a4a21dc0f279238995a3dbfafcad090?s=96&d=mm&r=g\",\"caption\":\"Reda\u00e7\u00e3o JBN\"},\"sameAs\":[\"https:\\\/\\\/p31noticias.com.br\"],\"url\":\"https:\\\/\\\/www.p31noticias.com.br\\\/?author=18\"}]}<\/script>\n<!-- \/ Yoast SEO Premium plugin. -->","yoast_head_json":{"title":"DF se destaca com menor taxa de letalidade policial do pa\u00eds - P31","robots":{"index":"index","follow":"follow","max-snippet":"max-snippet:-1","max-image-preview":"max-image-preview:large","max-video-preview":"max-video-preview:-1"},"canonical":"https:\/\/www.p31noticias.com.br\/?p=21705","og_locale":"pt_BR","og_type":"article","og_title":"DF se destaca com menor taxa de letalidade policial do pa\u00eds","og_description":"Resultado, dentre outras medidas, da maior integra\u00e7\u00e3o entre as for\u00e7as de seguran\u00e7a O Distrito Federal apresentou a menor taxa de mortes cometidas por policiais no ano de 2019. O levantamento \u2013 que mostra a quantidade de mortes a cada 100 mil habitantes \u2013 \u00a0faz parte do Monitor da Viol\u00eancia, uma parceria do portal de not\u00edcias [&hellip;]","og_url":"https:\/\/www.p31noticias.com.br\/?p=21705","og_site_name":"P31","article_published_time":"2020-04-17T12:43:27+00:00","og_image":[{"width":640,"height":413,"url":"https:\/\/www.p31noticias.com.br\/wp-content\/uploads\/2020\/04\/Policiais.jpg","type":"image\/jpeg"}],"author":"Reda\u00e7\u00e3o JBN","twitter_card":"summary_large_image","twitter_misc":{"Escrito por":"Reda\u00e7\u00e3o JBN","Est. tempo de leitura":"2 minutos"},"schema":{"@context":"https:\/\/schema.org","@graph":[{"@type":"Article","@id":"https:\/\/www.p31noticias.com.br\/?p=21705#article","isPartOf":{"@id":"https:\/\/www.p31noticias.com.br\/?p=21705"},"author":{"name":"Reda\u00e7\u00e3o JBN","@id":"https:\/\/www.p31noticias.com.br\/#\/schema\/person\/77d6b186c710ac38937c6ec204fdd387"},"headline":"DF se destaca com menor taxa de letalidade policial do pa\u00eds","datePublished":"2020-04-17T12:43:27+00:00","mainEntityOfPage":{"@id":"https:\/\/www.p31noticias.com.br\/?p=21705"},"wordCount":506,"commentCount":0,"image":{"@id":"https:\/\/www.p31noticias.com.br\/?p=21705#primaryimage"},"thumbnailUrl":"https:\/\/www.p31noticias.com.br\/wp-content\/uploads\/2020\/04\/Policiais.jpg","articleSection":["Outros"],"inLanguage":"pt-BR","potentialAction":[{"@type":"CommentAction","name":"Comment","target":["https:\/\/www.p31noticias.com.br\/?p=21705#respond"]}],"copyrightYear":"2020","copyrightHolder":{"@id":"https:\/\/www.p31noticias.com.br\/#organization"}},{"@type":"WebPage","@id":"https:\/\/www.p31noticias.com.br\/?p=21705","url":"https:\/\/www.p31noticias.com.br\/?p=21705","name":"DF se destaca com menor taxa de letalidade policial do pa\u00eds - P31","isPartOf":{"@id":"https:\/\/www.p31noticias.com.br\/#website"},"primaryImageOfPage":{"@id":"https:\/\/www.p31noticias.com.br\/?p=21705#primaryimage"},"image":{"@id":"https:\/\/www.p31noticias.com.br\/?p=21705#primaryimage"},"thumbnailUrl":"https:\/\/www.p31noticias.com.br\/wp-content\/uploads\/2020\/04\/Policiais.jpg","datePublished":"2020-04-17T12:43:27+00:00","author":{"@id":"https:\/\/www.p31noticias.com.br\/#\/schema\/person\/77d6b186c710ac38937c6ec204fdd387"},"breadcrumb":{"@id":"https:\/\/www.p31noticias.com.br\/?p=21705#breadcrumb"},"inLanguage":"pt-BR","potentialAction":[{"@type":"ReadAction","target":["https:\/\/www.p31noticias.com.br\/?p=21705"]}]},{"@type":"ImageObject","inLanguage":"pt-BR","@id":"https:\/\/www.p31noticias.com.br\/?p=21705#primaryimage","url":"https:\/\/www.p31noticias.com.br\/wp-content\/uploads\/2020\/04\/Policiais.jpg","contentUrl":"https:\/\/www.p31noticias.com.br\/wp-content\/uploads\/2020\/04\/Policiais.jpg","width":640,"height":413},{"@type":"BreadcrumbList","@id":"https:\/\/www.p31noticias.com.br\/?p=21705#breadcrumb","itemListElement":[{"@type":"ListItem","position":1,"name":"In\u00edcio","item":"https:\/\/www.p31noticias.com.br\/"},{"@type":"ListItem","position":2,"name":"DF se destaca com menor taxa de letalidade policial do pa\u00eds"}]},{"@type":"WebSite","@id":"https:\/\/www.p31noticias.com.br\/#website","url":"https:\/\/www.p31noticias.com.br\/","name":"P31","description":"NOT\u00cdCIAS","potentialAction":[{"@type":"SearchAction","target":{"@type":"EntryPoint","urlTemplate":"https:\/\/www.p31noticias.com.br\/?s={search_term_string}"},"query-input":{"@type":"PropertyValueSpecification","valueRequired":true,"valueName":"search_term_string"}}],"inLanguage":"pt-BR"},{"@type":"Person","@id":"https:\/\/www.p31noticias.com.br\/#\/schema\/person\/77d6b186c710ac38937c6ec204fdd387","name":"Reda\u00e7\u00e3o JBN","image":{"@type":"ImageObject","inLanguage":"pt-BR","@id":"https:\/\/secure.gravatar.com\/avatar\/10fcdb93211f98cce3d64c0795b0915a9a4a21dc0f279238995a3dbfafcad090?s=96&d=mm&r=g","url":"https:\/\/secure.gravatar.com\/avatar\/10fcdb93211f98cce3d64c0795b0915a9a4a21dc0f279238995a3dbfafcad090?s=96&d=mm&r=g","contentUrl":"https:\/\/secure.gravatar.com\/avatar\/10fcdb93211f98cce3d64c0795b0915a9a4a21dc0f279238995a3dbfafcad090?s=96&d=mm&r=g","caption":"Reda\u00e7\u00e3o JBN"},"sameAs":["https:\/\/p31noticias.com.br"],"url":"https:\/\/www.p31noticias.com.br\/?author=18"}]}},"amp_enabled":true,"_links":{"self":[{"href":"https:\/\/www.p31noticias.com.br\/index.php?rest_route=\/wp\/v2\/posts\/21705","targetHints":{"allow":["GET"]}}],"collection":[{"href":"https:\/\/www.p31noticias.com.br\/index.php?rest_route=\/wp\/v2\/posts"}],"about":[{"href":"https:\/\/www.p31noticias.com.br\/index.php?rest_route=\/wp\/v2\/types\/post"}],"author":[{"embeddable":true,"href":"https:\/\/www.p31noticias.com.br\/index.php?rest_route=\/wp\/v2\/users\/18"}],"replies":[{"embeddable":true,"href":"https:\/\/www.p31noticias.com.br\/index.php?rest_route=%2Fwp%2Fv2%2Fcomments&post=21705"}],"version-history":[{"count":0,"href":"https:\/\/www.p31noticias.com.br\/index.php?rest_route=\/wp\/v2\/posts\/21705\/revisions"}],"wp:featuredmedia":[{"embeddable":true,"href":"https:\/\/www.p31noticias.com.br\/index.php?rest_route=\/wp\/v2\/media\/21706"}],"wp:attachment":[{"href":"https:\/\/www.p31noticias.com.br\/index.php?rest_route=%2Fwp%2Fv2%2Fmedia&parent=21705"}],"wp:term":[{"taxonomy":"category","embeddable":true,"href":"https:\/\/www.p31noticias.com.br\/index.php?rest_route=%2Fwp%2Fv2%2Fcategories&post=21705"},{"taxonomy":"post_tag","embeddable":true,"href":"https:\/\/www.p31noticias.com.br\/index.php?rest_route=%2Fwp%2Fv2%2Ftags&post=21705"}],"curies":[{"name":"wp","href":"https:\/\/api.w.org\/{rel}","templated":true}]}}