{"id":21699,"date":"2020-04-16T09:15:47","date_gmt":"2020-04-16T12:15:47","guid":{"rendered":"https:\/\/jornaldoplanalto.com.br\/web\/?p=21699"},"modified":"2020-04-16T09:15:47","modified_gmt":"2020-04-16T12:15:47","slug":"para-stf-prefeito-ou-governador-faz-o-que-quiser","status":"publish","type":"post","link":"https:\/\/www.p31noticias.com.br\/?p=21699","title":{"rendered":"Para STF, prefeito ou governador faz o que quiser"},"content":{"rendered":"<p>O Supremo Tribunal Federal (STF) decidiu que estados e munic\u00edpios podem tomar as medidas que acharem necess\u00e1rias para combater o novo coronav\u00edrus, como isolamento social, fechamento do com\u00e9rcio e outras restri\u00e7\u00f5es.\u00a0Com a decis\u00e3o, os governadores e prefeitos tamb\u00e9m poder\u00e3o definir os servi\u00e7os essenciais que podem funcionar durante o per\u00edodo da pandemia. Antes, somente um decreto do presidente Jair Bolsonaro poderia fazer a\u00a0defini\u00e7\u00e3o.<\/p>\n<p>Por maioria de votos, o plen\u00e1rio referendou liminar proferida no m\u00eas passado pelo ministro Marco Aur\u00e9lio, relator do caso, considerando que os governos federal, estadual e municipal\u00a0t\u00eam compet\u00eancia concorrente para estabelecer medidas na \u00e1rea da Sa\u00fade.<\/p>\n<p>O caso foi julgado pelo Supremo a partir de uma a\u00e7\u00e3o protocolada pelo PDT. O partido alegou que a Medida Provis\u00f3ria (MP) 926\/2020, editada pelo presidente, \u00e9 inconstitucional.<\/p>\n<p>Pelo texto da norma, autoridades poder\u00e3o adotar restri\u00e7\u00f5es excepcionais e tempor\u00e1rias durante a pandemia, conforme recomenda\u00e7\u00e3o t\u00e9cnica da Ag\u00eancia Nacional de Vigil\u00e2ncia Sanit\u00e1ria (Anvisa). Dessa forma, segundo a legenda, os entes federados dependeriam do aval de legisla\u00e7\u00e3o federal para estabelecer as medidas.<\/p>\n<h2>Votos<\/h2>\n<p>No in\u00edcio da sess\u00e3o, o ministro Marco Aur\u00e9lio reafirmou seu voto e disse que a Constitui\u00e7\u00e3o definiu que a Uni\u00e3o, os estados e munic\u00edpios podem editar medidas em defesa da sa\u00fade e sem o aval da Uni\u00e3o.<\/p>\n<p>Em seguida, Alexandre de Moraes afirmou que os governos federal, estadual e municipal devem atuar de forma coordenada para reduzir os efeitos da pandemia, mas dentro de suas compet\u00eancias.<\/p>\n<p>De acordo com Moraes, um governador n\u00e3o pode determinar o fechamento de um aeroporto internacional, gerido pela Uni\u00e3o, ou de rodovias essenciais ao abastecimento, e o governo federal n\u00e3o estabelecer medidas para fechar bares e restaurantes locais, por exemplo.<\/p>\n<p>O entendimento tamb\u00e9m foi seguido pelos ministros Edson Fachin, Rosa Weber, Luiz Fux, C\u00e1rmen Lucia, Ricardo Lewandowski, Gilmar Mendes e o presidente da Corte, Dias Toffoli.<\/p>\n<p>Durante o julgamento, o advogado-geral da Uni\u00e3o, Andr\u00e9 Mendon\u00e7a, disse que o pa\u00eds n\u00e3o vive somente uma crise de\u00a0sa\u00fade, mas uma crise interdisciplinar que afeta v\u00e1rias \u00e1reas.<\/p>\n<p>Segundo Mendon\u00e7a, as recomenda\u00e7\u00f5es sanit\u00e1rias do Minist\u00e9rio da Sa\u00fade para enfrentamento \u00e0\u00a0covid-19 devem ser seguidas,\u00a0mas\u00a0decis\u00f5es isoladas de estados e munic\u00edpios, fechando estradas e proibindo a explora\u00e7\u00e3o de petr\u00f3leo, por exemplo, provocaram o caos e afetaram os servi\u00e7os essenciais.<\/p>\n<p>\u201cO que tem acontecido na pr\u00e1tica \u00e9 um caos jur\u00eddico, decis\u00f5es isoladas de munic\u00edpios e estados\u201d, afirmou.<\/p>\n<p><em>(ABr\/EBC)<\/em><\/p>\n","protected":false},"excerpt":{"rendered":"<p>O Supremo Tribunal Federal (STF) decidiu que estados e munic\u00edpios podem tomar as medidas que acharem necess\u00e1rias para combater o novo coronav\u00edrus, como isolamento social, fechamento do com\u00e9rcio e outras restri\u00e7\u00f5es.\u00a0Com a decis\u00e3o, os governadores e prefeitos tamb\u00e9m poder\u00e3o definir os servi\u00e7os essenciais que podem funcionar durante o per\u00edodo da pandemia. Antes, somente um decreto [&hellip;]<\/p>\n","protected":false},"author":18,"featured_media":21700,"comment_status":"open","ping_status":"open","sticky":false,"template":"","format":"standard","meta":{"footnotes":""},"categories":[68],"tags":[],"class_list":{"0":"post-21699","1":"post","2":"type-post","3":"status-publish","4":"format-standard","5":"has-post-thumbnail","7":"category-brasil"},"yoast_head":"<!-- This site is optimized with the Yoast SEO Premium plugin v24.5 (Yoast SEO v27.5) - https:\/\/yoast.com\/product\/yoast-seo-premium-wordpress\/ -->\n<title>Para STF, prefeito ou governador faz o que quiser - P31<\/title>\n<meta name=\"robots\" content=\"index, follow, max-snippet:-1, max-image-preview:large, max-video-preview:-1\" \/>\n<link rel=\"canonical\" href=\"https:\/\/www.p31noticias.com.br\/?p=21699\" \/>\n<meta property=\"og:locale\" content=\"pt_BR\" \/>\n<meta property=\"og:type\" content=\"article\" \/>\n<meta property=\"og:title\" content=\"Para STF, prefeito ou governador faz o que quiser\" \/>\n<meta property=\"og:description\" content=\"O Supremo Tribunal Federal (STF) decidiu que estados e munic\u00edpios podem tomar as medidas que acharem necess\u00e1rias para combater o novo coronav\u00edrus, como isolamento social, fechamento do com\u00e9rcio e outras restri\u00e7\u00f5es.\u00a0Com a decis\u00e3o, os governadores e prefeitos tamb\u00e9m poder\u00e3o definir os servi\u00e7os essenciais que podem funcionar durante o per\u00edodo da pandemia. Antes, somente um decreto [&hellip;]\" \/>\n<meta property=\"og:url\" content=\"https:\/\/www.p31noticias.com.br\/?p=21699\" \/>\n<meta property=\"og:site_name\" content=\"P31\" \/>\n<meta property=\"article:published_time\" content=\"2020-04-16T12:15:47+00:00\" \/>\n<meta property=\"og:image\" content=\"https:\/\/www.p31noticias.com.br\/wp-content\/uploads\/2020\/04\/stf2-1.jpg\" \/>\n\t<meta property=\"og:image:width\" content=\"650\" \/>\n\t<meta property=\"og:image:height\" content=\"388\" \/>\n\t<meta property=\"og:image:type\" content=\"image\/jpeg\" \/>\n<meta name=\"author\" content=\"Reda\u00e7\u00e3o JBN\" \/>\n<meta name=\"twitter:card\" content=\"summary_large_image\" \/>\n<meta name=\"twitter:label1\" content=\"Escrito por\" \/>\n\t<meta name=\"twitter:data1\" content=\"Reda\u00e7\u00e3o JBN\" \/>\n\t<meta name=\"twitter:label2\" content=\"Est. tempo de leitura\" \/>\n\t<meta name=\"twitter:data2\" content=\"2 minutos\" \/>\n<script type=\"application\/ld+json\" class=\"yoast-schema-graph\">{\"@context\":\"https:\\\/\\\/schema.org\",\"@graph\":[{\"@type\":\"Article\",\"@id\":\"https:\\\/\\\/www.p31noticias.com.br\\\/?p=21699#article\",\"isPartOf\":{\"@id\":\"https:\\\/\\\/www.p31noticias.com.br\\\/?p=21699\"},\"author\":{\"name\":\"Reda\u00e7\u00e3o JBN\",\"@id\":\"https:\\\/\\\/www.p31noticias.com.br\\\/#\\\/schema\\\/person\\\/77d6b186c710ac38937c6ec204fdd387\"},\"headline\":\"Para STF, prefeito ou governador faz o que quiser\",\"datePublished\":\"2020-04-16T12:15:47+00:00\",\"mainEntityOfPage\":{\"@id\":\"https:\\\/\\\/www.p31noticias.com.br\\\/?p=21699\"},\"wordCount\":458,\"commentCount\":0,\"image\":{\"@id\":\"https:\\\/\\\/www.p31noticias.com.br\\\/?p=21699#primaryimage\"},\"thumbnailUrl\":\"https:\\\/\\\/www.p31noticias.com.br\\\/wp-content\\\/uploads\\\/2020\\\/04\\\/stf2-1.jpg\",\"articleSection\":[\"Brasil\"],\"inLanguage\":\"pt-BR\",\"potentialAction\":[{\"@type\":\"CommentAction\",\"name\":\"Comment\",\"target\":[\"https:\\\/\\\/www.p31noticias.com.br\\\/?p=21699#respond\"]}],\"copyrightYear\":\"2020\",\"copyrightHolder\":{\"@id\":\"https:\\\/\\\/www.p31noticias.com.br\\\/#organization\"}},{\"@type\":\"WebPage\",\"@id\":\"https:\\\/\\\/www.p31noticias.com.br\\\/?p=21699\",\"url\":\"https:\\\/\\\/www.p31noticias.com.br\\\/?p=21699\",\"name\":\"Para STF, prefeito ou governador faz o que quiser - P31\",\"isPartOf\":{\"@id\":\"https:\\\/\\\/www.p31noticias.com.br\\\/#website\"},\"primaryImageOfPage\":{\"@id\":\"https:\\\/\\\/www.p31noticias.com.br\\\/?p=21699#primaryimage\"},\"image\":{\"@id\":\"https:\\\/\\\/www.p31noticias.com.br\\\/?p=21699#primaryimage\"},\"thumbnailUrl\":\"https:\\\/\\\/www.p31noticias.com.br\\\/wp-content\\\/uploads\\\/2020\\\/04\\\/stf2-1.jpg\",\"datePublished\":\"2020-04-16T12:15:47+00:00\",\"author\":{\"@id\":\"https:\\\/\\\/www.p31noticias.com.br\\\/#\\\/schema\\\/person\\\/77d6b186c710ac38937c6ec204fdd387\"},\"breadcrumb\":{\"@id\":\"https:\\\/\\\/www.p31noticias.com.br\\\/?p=21699#breadcrumb\"},\"inLanguage\":\"pt-BR\",\"potentialAction\":[{\"@type\":\"ReadAction\",\"target\":[\"https:\\\/\\\/www.p31noticias.com.br\\\/?p=21699\"]}]},{\"@type\":\"ImageObject\",\"inLanguage\":\"pt-BR\",\"@id\":\"https:\\\/\\\/www.p31noticias.com.br\\\/?p=21699#primaryimage\",\"url\":\"https:\\\/\\\/www.p31noticias.com.br\\\/wp-content\\\/uploads\\\/2020\\\/04\\\/stf2-1.jpg\",\"contentUrl\":\"https:\\\/\\\/www.p31noticias.com.br\\\/wp-content\\\/uploads\\\/2020\\\/04\\\/stf2-1.jpg\",\"width\":650,\"height\":388,\"caption\":\"Fachada do Supremo Ttribunal Federal\"},{\"@type\":\"BreadcrumbList\",\"@id\":\"https:\\\/\\\/www.p31noticias.com.br\\\/?p=21699#breadcrumb\",\"itemListElement\":[{\"@type\":\"ListItem\",\"position\":1,\"name\":\"In\u00edcio\",\"item\":\"https:\\\/\\\/www.p31noticias.com.br\\\/\"},{\"@type\":\"ListItem\",\"position\":2,\"name\":\"Para STF, prefeito ou governador faz o que quiser\"}]},{\"@type\":\"WebSite\",\"@id\":\"https:\\\/\\\/www.p31noticias.com.br\\\/#website\",\"url\":\"https:\\\/\\\/www.p31noticias.com.br\\\/\",\"name\":\"P31\",\"description\":\"NOT\u00cdCIAS\",\"potentialAction\":[{\"@type\":\"SearchAction\",\"target\":{\"@type\":\"EntryPoint\",\"urlTemplate\":\"https:\\\/\\\/www.p31noticias.com.br\\\/?s={search_term_string}\"},\"query-input\":{\"@type\":\"PropertyValueSpecification\",\"valueRequired\":true,\"valueName\":\"search_term_string\"}}],\"inLanguage\":\"pt-BR\"},{\"@type\":\"Person\",\"@id\":\"https:\\\/\\\/www.p31noticias.com.br\\\/#\\\/schema\\\/person\\\/77d6b186c710ac38937c6ec204fdd387\",\"name\":\"Reda\u00e7\u00e3o JBN\",\"image\":{\"@type\":\"ImageObject\",\"inLanguage\":\"pt-BR\",\"@id\":\"https:\\\/\\\/secure.gravatar.com\\\/avatar\\\/10fcdb93211f98cce3d64c0795b0915a9a4a21dc0f279238995a3dbfafcad090?s=96&d=mm&r=g\",\"url\":\"https:\\\/\\\/secure.gravatar.com\\\/avatar\\\/10fcdb93211f98cce3d64c0795b0915a9a4a21dc0f279238995a3dbfafcad090?s=96&d=mm&r=g\",\"contentUrl\":\"https:\\\/\\\/secure.gravatar.com\\\/avatar\\\/10fcdb93211f98cce3d64c0795b0915a9a4a21dc0f279238995a3dbfafcad090?s=96&d=mm&r=g\",\"caption\":\"Reda\u00e7\u00e3o JBN\"},\"sameAs\":[\"https:\\\/\\\/p31noticias.com.br\"],\"url\":\"https:\\\/\\\/www.p31noticias.com.br\\\/?author=18\"}]}<\/script>\n<!-- \/ Yoast SEO Premium plugin. -->","yoast_head_json":{"title":"Para STF, prefeito ou governador faz o que quiser - P31","robots":{"index":"index","follow":"follow","max-snippet":"max-snippet:-1","max-image-preview":"max-image-preview:large","max-video-preview":"max-video-preview:-1"},"canonical":"https:\/\/www.p31noticias.com.br\/?p=21699","og_locale":"pt_BR","og_type":"article","og_title":"Para STF, prefeito ou governador faz o que quiser","og_description":"O Supremo Tribunal Federal (STF) decidiu que estados e munic\u00edpios podem tomar as medidas que acharem necess\u00e1rias para combater o novo coronav\u00edrus, como isolamento social, fechamento do com\u00e9rcio e outras restri\u00e7\u00f5es.\u00a0Com a decis\u00e3o, os governadores e prefeitos tamb\u00e9m poder\u00e3o definir os servi\u00e7os essenciais que podem funcionar durante o per\u00edodo da pandemia. Antes, somente um decreto [&hellip;]","og_url":"https:\/\/www.p31noticias.com.br\/?p=21699","og_site_name":"P31","article_published_time":"2020-04-16T12:15:47+00:00","og_image":[{"width":650,"height":388,"url":"https:\/\/www.p31noticias.com.br\/wp-content\/uploads\/2020\/04\/stf2-1.jpg","type":"image\/jpeg"}],"author":"Reda\u00e7\u00e3o JBN","twitter_card":"summary_large_image","twitter_misc":{"Escrito por":"Reda\u00e7\u00e3o JBN","Est. tempo de leitura":"2 minutos"},"schema":{"@context":"https:\/\/schema.org","@graph":[{"@type":"Article","@id":"https:\/\/www.p31noticias.com.br\/?p=21699#article","isPartOf":{"@id":"https:\/\/www.p31noticias.com.br\/?p=21699"},"author":{"name":"Reda\u00e7\u00e3o JBN","@id":"https:\/\/www.p31noticias.com.br\/#\/schema\/person\/77d6b186c710ac38937c6ec204fdd387"},"headline":"Para STF, prefeito ou governador faz o que quiser","datePublished":"2020-04-16T12:15:47+00:00","mainEntityOfPage":{"@id":"https:\/\/www.p31noticias.com.br\/?p=21699"},"wordCount":458,"commentCount":0,"image":{"@id":"https:\/\/www.p31noticias.com.br\/?p=21699#primaryimage"},"thumbnailUrl":"https:\/\/www.p31noticias.com.br\/wp-content\/uploads\/2020\/04\/stf2-1.jpg","articleSection":["Brasil"],"inLanguage":"pt-BR","potentialAction":[{"@type":"CommentAction","name":"Comment","target":["https:\/\/www.p31noticias.com.br\/?p=21699#respond"]}],"copyrightYear":"2020","copyrightHolder":{"@id":"https:\/\/www.p31noticias.com.br\/#organization"}},{"@type":"WebPage","@id":"https:\/\/www.p31noticias.com.br\/?p=21699","url":"https:\/\/www.p31noticias.com.br\/?p=21699","name":"Para STF, prefeito ou governador faz o que quiser - P31","isPartOf":{"@id":"https:\/\/www.p31noticias.com.br\/#website"},"primaryImageOfPage":{"@id":"https:\/\/www.p31noticias.com.br\/?p=21699#primaryimage"},"image":{"@id":"https:\/\/www.p31noticias.com.br\/?p=21699#primaryimage"},"thumbnailUrl":"https:\/\/www.p31noticias.com.br\/wp-content\/uploads\/2020\/04\/stf2-1.jpg","datePublished":"2020-04-16T12:15:47+00:00","author":{"@id":"https:\/\/www.p31noticias.com.br\/#\/schema\/person\/77d6b186c710ac38937c6ec204fdd387"},"breadcrumb":{"@id":"https:\/\/www.p31noticias.com.br\/?p=21699#breadcrumb"},"inLanguage":"pt-BR","potentialAction":[{"@type":"ReadAction","target":["https:\/\/www.p31noticias.com.br\/?p=21699"]}]},{"@type":"ImageObject","inLanguage":"pt-BR","@id":"https:\/\/www.p31noticias.com.br\/?p=21699#primaryimage","url":"https:\/\/www.p31noticias.com.br\/wp-content\/uploads\/2020\/04\/stf2-1.jpg","contentUrl":"https:\/\/www.p31noticias.com.br\/wp-content\/uploads\/2020\/04\/stf2-1.jpg","width":650,"height":388,"caption":"Fachada do Supremo Ttribunal Federal"},{"@type":"BreadcrumbList","@id":"https:\/\/www.p31noticias.com.br\/?p=21699#breadcrumb","itemListElement":[{"@type":"ListItem","position":1,"name":"In\u00edcio","item":"https:\/\/www.p31noticias.com.br\/"},{"@type":"ListItem","position":2,"name":"Para STF, prefeito ou governador faz o que quiser"}]},{"@type":"WebSite","@id":"https:\/\/www.p31noticias.com.br\/#website","url":"https:\/\/www.p31noticias.com.br\/","name":"P31","description":"NOT\u00cdCIAS","potentialAction":[{"@type":"SearchAction","target":{"@type":"EntryPoint","urlTemplate":"https:\/\/www.p31noticias.com.br\/?s={search_term_string}"},"query-input":{"@type":"PropertyValueSpecification","valueRequired":true,"valueName":"search_term_string"}}],"inLanguage":"pt-BR"},{"@type":"Person","@id":"https:\/\/www.p31noticias.com.br\/#\/schema\/person\/77d6b186c710ac38937c6ec204fdd387","name":"Reda\u00e7\u00e3o JBN","image":{"@type":"ImageObject","inLanguage":"pt-BR","@id":"https:\/\/secure.gravatar.com\/avatar\/10fcdb93211f98cce3d64c0795b0915a9a4a21dc0f279238995a3dbfafcad090?s=96&d=mm&r=g","url":"https:\/\/secure.gravatar.com\/avatar\/10fcdb93211f98cce3d64c0795b0915a9a4a21dc0f279238995a3dbfafcad090?s=96&d=mm&r=g","contentUrl":"https:\/\/secure.gravatar.com\/avatar\/10fcdb93211f98cce3d64c0795b0915a9a4a21dc0f279238995a3dbfafcad090?s=96&d=mm&r=g","caption":"Reda\u00e7\u00e3o JBN"},"sameAs":["https:\/\/p31noticias.com.br"],"url":"https:\/\/www.p31noticias.com.br\/?author=18"}]}},"amp_enabled":true,"_links":{"self":[{"href":"https:\/\/www.p31noticias.com.br\/index.php?rest_route=\/wp\/v2\/posts\/21699","targetHints":{"allow":["GET"]}}],"collection":[{"href":"https:\/\/www.p31noticias.com.br\/index.php?rest_route=\/wp\/v2\/posts"}],"about":[{"href":"https:\/\/www.p31noticias.com.br\/index.php?rest_route=\/wp\/v2\/types\/post"}],"author":[{"embeddable":true,"href":"https:\/\/www.p31noticias.com.br\/index.php?rest_route=\/wp\/v2\/users\/18"}],"replies":[{"embeddable":true,"href":"https:\/\/www.p31noticias.com.br\/index.php?rest_route=%2Fwp%2Fv2%2Fcomments&post=21699"}],"version-history":[{"count":0,"href":"https:\/\/www.p31noticias.com.br\/index.php?rest_route=\/wp\/v2\/posts\/21699\/revisions"}],"wp:featuredmedia":[{"embeddable":true,"href":"https:\/\/www.p31noticias.com.br\/index.php?rest_route=\/wp\/v2\/media\/21700"}],"wp:attachment":[{"href":"https:\/\/www.p31noticias.com.br\/index.php?rest_route=%2Fwp%2Fv2%2Fmedia&parent=21699"}],"wp:term":[{"taxonomy":"category","embeddable":true,"href":"https:\/\/www.p31noticias.com.br\/index.php?rest_route=%2Fwp%2Fv2%2Fcategories&post=21699"},{"taxonomy":"post_tag","embeddable":true,"href":"https:\/\/www.p31noticias.com.br\/index.php?rest_route=%2Fwp%2Fv2%2Ftags&post=21699"}],"curies":[{"name":"wp","href":"https:\/\/api.w.org\/{rel}","templated":true}]}}