{"id":21693,"date":"2020-04-15T11:47:09","date_gmt":"2020-04-15T14:47:09","guid":{"rendered":"https:\/\/jornaldoplanalto.com.br\/web\/?p=21693"},"modified":"2020-04-15T11:47:09","modified_gmt":"2020-04-15T14:47:09","slug":"pesquisa-medira-nivel-de-propagacao-do-coronavirus-no-brasil","status":"publish","type":"post","link":"https:\/\/www.p31noticias.com.br\/?p=21693","title":{"rendered":"Pesquisa medir\u00e1 n\u00edvel de propaga\u00e7\u00e3o do coronav\u00edrus no Brasil"},"content":{"rendered":"<p><em><strong>Projeto piloto teve in\u00edcio no dia 6 de abril, no Rio Grande do Sul<\/strong><\/em><\/p>\n<p>O Centro de Epidemiologia da Universidade Federal de Pelotas (UFPel) medir\u00e1 o n\u00edvel de imuniza\u00e7\u00e3o da popula\u00e7\u00e3o brasileira ao coronav\u00edrus, para identificar de que forma o v\u00edrus est\u00e1 se propagando pelo pa\u00eds. A pesquisa tem o apoio do Minist\u00e9rio da Sa\u00fade, que disponibilizar\u00e1 testes r\u00e1pidos de coronav\u00edrus para a institui\u00e7\u00e3o, al\u00e9m de apoio para contrata\u00e7\u00e3o de uma empresa de pesquisa que far\u00e1 as entrevistas.<\/p>\n<p>De acordo com o \u00f3rg\u00e3o, com o resultado do estudo ser\u00e1 poss\u00edvel criar pol\u00edticas p\u00fablicas mais eficientes e baseadas em crit\u00e9rios cient\u00edficos sobre o comportamento do coronav\u00edrus no territ\u00f3rio brasileiro.<\/p>\n<p>Cerca de 33 mil pessoas de 133 munic\u00edpios brasileiros ser\u00e3o submetidas ao teste ra\u0301pido que detecta a presen\u00e7a de anticorpos IgM (de infecc\u0327a\u0303o mais recente) e IgC (de infecc\u0327a\u0303o mais antiga) a partir de amostras de sangue coletadas. De acordo com o minist\u00e9rio, o trabalho deve esclarecer tr\u00eas quest\u00f5es sobre o v\u00edrus no Brasil: o n\u00famero de infectados, a velocidade com que o v\u00edrus tem se espalhado e a taxa de letalidade da covid-19 na regi\u00e3o.<\/p>\n<p>Ontem (14), o ministro da Sa\u00fade, Henrique Mandetta, explicou que o objetivo da pesquisa \u00e9 estabelecer agora um marco zero da presen\u00e7a de anticorpos e, com outros estudos mais \u00e0 frente, saber com que velocidade a popula\u00e7\u00e3o est\u00e1 alcan\u00e7ando a imunidade. \u201cPara que a gente tenha confian\u00e7a de saber que a nossa popula\u00e7\u00e3o esta andando no ritmo de autovacina\u00e7\u00e3o. Tem muita gente assintom\u00e1tica que ganha anticorpos, tem muita gente com forma leve, temos as formas intensas, graves e cr\u00edticas. \u00c9 o somat\u00f3rio disso que vai nos dar imunidade\u201d, disse.<\/p>\n<p><strong>Projeto piloto<\/strong><br \/>\nO projeto piloto teve in\u00edcio no dia 6 de abril, no Rio Grande do Sul. Os pesquisadores dividiram o territ\u00f3rio ga\u00facho em oito regi\u00f5es intermedi\u00e1rias definidas pelo Instituto Brasileiro de Geografia e Estat\u00edstica (IBGE): Porto Alegre e Regi\u00e3o Metropolitana, Pelotas, Santa Maria, Uruguaiana, Iju\u00ed, Passo Fundo, Caxias e Santa Cruz do Sul\/Lajeado.<\/p>\n<p>J\u00e1 come\u00e7aram a ser entrevistadas 18 mil pessoas, que far\u00e3o o teste r\u00e1pido para o coronav\u00edrus. Em cada munici\u0301pio, a pesquisa sorteara\u0301 aleatoriamente 25 setores para coleta de dados. Em seguida, sorteara\u0301 dez reside\u0302ncias em cada setor e um morador de cada casa, totalizando 250 pessoas por munici\u0301pio.<\/p>\n<p>Enquanto aguardam pelo resultado, os entrevistados tamb\u00e9m responder\u00e3o a um questiona\u0301rio sociodemogra\u0301fico e indicar\u00e3o se est\u00e3o sentindo sintomas caracter\u00edsticos da covid-19. Al\u00e9m disso, todos os participantes receber\u00e3o orienta\u00e7\u00f5es sobre assiste\u0302ncia me\u0301dica e isolamento social.<\/p>\n<p><em>(Por Andreia Verd\u00e9lio &#8211; Rep\u00f3rter da Ag\u00eancia Brasil &#8211; Bras\u00edlia. Foto: Sayonara Moreno\/Ag\u00eancia Brasil)<\/em><\/p>\n","protected":false},"excerpt":{"rendered":"<p>Projeto piloto teve in\u00edcio no dia 6 de abril, no Rio Grande do Sul O Centro de Epidemiologia da Universidade Federal de Pelotas (UFPel) medir\u00e1 o n\u00edvel de imuniza\u00e7\u00e3o da popula\u00e7\u00e3o brasileira ao coronav\u00edrus, para identificar de que forma o v\u00edrus est\u00e1 se propagando pelo pa\u00eds. A pesquisa tem o apoio do Minist\u00e9rio da Sa\u00fade, [&hellip;]<\/p>\n","protected":false},"author":18,"featured_media":21694,"comment_status":"open","ping_status":"open","sticky":false,"template":"","format":"standard","meta":{"footnotes":""},"categories":[68,124],"tags":[],"class_list":{"0":"post-21693","1":"post","2":"type-post","3":"status-publish","4":"format-standard","5":"has-post-thumbnail","7":"category-brasil","8":"category-saude"},"yoast_head":"<!-- This site is optimized with the Yoast SEO Premium plugin v24.5 (Yoast SEO v27.5) - https:\/\/yoast.com\/product\/yoast-seo-premium-wordpress\/ -->\n<title>Pesquisa medir\u00e1 n\u00edvel de propaga\u00e7\u00e3o do coronav\u00edrus no Brasil - P31<\/title>\n<meta name=\"robots\" content=\"index, follow, max-snippet:-1, max-image-preview:large, max-video-preview:-1\" \/>\n<link rel=\"canonical\" href=\"https:\/\/www.p31noticias.com.br\/?p=21693\" \/>\n<meta property=\"og:locale\" content=\"pt_BR\" \/>\n<meta property=\"og:type\" content=\"article\" \/>\n<meta property=\"og:title\" content=\"Pesquisa medir\u00e1 n\u00edvel de propaga\u00e7\u00e3o do coronav\u00edrus no Brasil\" \/>\n<meta property=\"og:description\" content=\"Projeto piloto teve in\u00edcio no dia 6 de abril, no Rio Grande do Sul O Centro de Epidemiologia da Universidade Federal de Pelotas (UFPel) medir\u00e1 o n\u00edvel de imuniza\u00e7\u00e3o da popula\u00e7\u00e3o brasileira ao coronav\u00edrus, para identificar de que forma o v\u00edrus est\u00e1 se propagando pelo pa\u00eds. A pesquisa tem o apoio do Minist\u00e9rio da Sa\u00fade, [&hellip;]\" \/>\n<meta property=\"og:url\" content=\"https:\/\/www.p31noticias.com.br\/?p=21693\" \/>\n<meta property=\"og:site_name\" content=\"P31\" \/>\n<meta property=\"article:published_time\" content=\"2020-04-15T14:47:09+00:00\" \/>\n<meta property=\"og:image\" content=\"https:\/\/www.p31noticias.com.br\/wp-content\/uploads\/2020\/04\/coronavirus.jpg\" \/>\n\t<meta property=\"og:image:width\" content=\"640\" \/>\n\t<meta property=\"og:image:height\" content=\"339\" \/>\n\t<meta property=\"og:image:type\" content=\"image\/jpeg\" \/>\n<meta name=\"author\" content=\"Reda\u00e7\u00e3o JBN\" \/>\n<meta name=\"twitter:card\" content=\"summary_large_image\" \/>\n<meta name=\"twitter:label1\" content=\"Escrito por\" \/>\n\t<meta name=\"twitter:data1\" content=\"Reda\u00e7\u00e3o JBN\" \/>\n\t<meta name=\"twitter:label2\" content=\"Est. tempo de leitura\" \/>\n\t<meta name=\"twitter:data2\" content=\"2 minutos\" \/>\n<script type=\"application\/ld+json\" class=\"yoast-schema-graph\">{\"@context\":\"https:\\\/\\\/schema.org\",\"@graph\":[{\"@type\":\"Article\",\"@id\":\"https:\\\/\\\/www.p31noticias.com.br\\\/?p=21693#article\",\"isPartOf\":{\"@id\":\"https:\\\/\\\/www.p31noticias.com.br\\\/?p=21693\"},\"author\":{\"name\":\"Reda\u00e7\u00e3o JBN\",\"@id\":\"https:\\\/\\\/www.p31noticias.com.br\\\/#\\\/schema\\\/person\\\/77d6b186c710ac38937c6ec204fdd387\"},\"headline\":\"Pesquisa medir\u00e1 n\u00edvel de propaga\u00e7\u00e3o do coronav\u00edrus no Brasil\",\"datePublished\":\"2020-04-15T14:47:09+00:00\",\"mainEntityOfPage\":{\"@id\":\"https:\\\/\\\/www.p31noticias.com.br\\\/?p=21693\"},\"wordCount\":504,\"commentCount\":0,\"image\":{\"@id\":\"https:\\\/\\\/www.p31noticias.com.br\\\/?p=21693#primaryimage\"},\"thumbnailUrl\":\"https:\\\/\\\/www.p31noticias.com.br\\\/wp-content\\\/uploads\\\/2020\\\/04\\\/coronavirus.jpg\",\"articleSection\":[\"Brasil\",\"Sa\u00fade\"],\"inLanguage\":\"pt-BR\",\"potentialAction\":[{\"@type\":\"CommentAction\",\"name\":\"Comment\",\"target\":[\"https:\\\/\\\/www.p31noticias.com.br\\\/?p=21693#respond\"]}],\"copyrightYear\":\"2020\",\"copyrightHolder\":{\"@id\":\"https:\\\/\\\/www.p31noticias.com.br\\\/#organization\"}},{\"@type\":\"WebPage\",\"@id\":\"https:\\\/\\\/www.p31noticias.com.br\\\/?p=21693\",\"url\":\"https:\\\/\\\/www.p31noticias.com.br\\\/?p=21693\",\"name\":\"Pesquisa medir\u00e1 n\u00edvel de propaga\u00e7\u00e3o do coronav\u00edrus no Brasil - P31\",\"isPartOf\":{\"@id\":\"https:\\\/\\\/www.p31noticias.com.br\\\/#website\"},\"primaryImageOfPage\":{\"@id\":\"https:\\\/\\\/www.p31noticias.com.br\\\/?p=21693#primaryimage\"},\"image\":{\"@id\":\"https:\\\/\\\/www.p31noticias.com.br\\\/?p=21693#primaryimage\"},\"thumbnailUrl\":\"https:\\\/\\\/www.p31noticias.com.br\\\/wp-content\\\/uploads\\\/2020\\\/04\\\/coronavirus.jpg\",\"datePublished\":\"2020-04-15T14:47:09+00:00\",\"author\":{\"@id\":\"https:\\\/\\\/www.p31noticias.com.br\\\/#\\\/schema\\\/person\\\/77d6b186c710ac38937c6ec204fdd387\"},\"breadcrumb\":{\"@id\":\"https:\\\/\\\/www.p31noticias.com.br\\\/?p=21693#breadcrumb\"},\"inLanguage\":\"pt-BR\",\"potentialAction\":[{\"@type\":\"ReadAction\",\"target\":[\"https:\\\/\\\/www.p31noticias.com.br\\\/?p=21693\"]}]},{\"@type\":\"ImageObject\",\"inLanguage\":\"pt-BR\",\"@id\":\"https:\\\/\\\/www.p31noticias.com.br\\\/?p=21693#primaryimage\",\"url\":\"https:\\\/\\\/www.p31noticias.com.br\\\/wp-content\\\/uploads\\\/2020\\\/04\\\/coronavirus.jpg\",\"contentUrl\":\"https:\\\/\\\/www.p31noticias.com.br\\\/wp-content\\\/uploads\\\/2020\\\/04\\\/coronavirus.jpg\",\"width\":640,\"height\":339},{\"@type\":\"BreadcrumbList\",\"@id\":\"https:\\\/\\\/www.p31noticias.com.br\\\/?p=21693#breadcrumb\",\"itemListElement\":[{\"@type\":\"ListItem\",\"position\":1,\"name\":\"In\u00edcio\",\"item\":\"https:\\\/\\\/www.p31noticias.com.br\\\/\"},{\"@type\":\"ListItem\",\"position\":2,\"name\":\"Pesquisa medir\u00e1 n\u00edvel de propaga\u00e7\u00e3o do coronav\u00edrus no Brasil\"}]},{\"@type\":\"WebSite\",\"@id\":\"https:\\\/\\\/www.p31noticias.com.br\\\/#website\",\"url\":\"https:\\\/\\\/www.p31noticias.com.br\\\/\",\"name\":\"P31\",\"description\":\"NOT\u00cdCIAS\",\"potentialAction\":[{\"@type\":\"SearchAction\",\"target\":{\"@type\":\"EntryPoint\",\"urlTemplate\":\"https:\\\/\\\/www.p31noticias.com.br\\\/?s={search_term_string}\"},\"query-input\":{\"@type\":\"PropertyValueSpecification\",\"valueRequired\":true,\"valueName\":\"search_term_string\"}}],\"inLanguage\":\"pt-BR\"},{\"@type\":\"Person\",\"@id\":\"https:\\\/\\\/www.p31noticias.com.br\\\/#\\\/schema\\\/person\\\/77d6b186c710ac38937c6ec204fdd387\",\"name\":\"Reda\u00e7\u00e3o JBN\",\"image\":{\"@type\":\"ImageObject\",\"inLanguage\":\"pt-BR\",\"@id\":\"https:\\\/\\\/secure.gravatar.com\\\/avatar\\\/10fcdb93211f98cce3d64c0795b0915a9a4a21dc0f279238995a3dbfafcad090?s=96&d=mm&r=g\",\"url\":\"https:\\\/\\\/secure.gravatar.com\\\/avatar\\\/10fcdb93211f98cce3d64c0795b0915a9a4a21dc0f279238995a3dbfafcad090?s=96&d=mm&r=g\",\"contentUrl\":\"https:\\\/\\\/secure.gravatar.com\\\/avatar\\\/10fcdb93211f98cce3d64c0795b0915a9a4a21dc0f279238995a3dbfafcad090?s=96&d=mm&r=g\",\"caption\":\"Reda\u00e7\u00e3o JBN\"},\"sameAs\":[\"https:\\\/\\\/p31noticias.com.br\"],\"url\":\"https:\\\/\\\/www.p31noticias.com.br\\\/?author=18\"}]}<\/script>\n<!-- \/ Yoast SEO Premium plugin. -->","yoast_head_json":{"title":"Pesquisa medir\u00e1 n\u00edvel de propaga\u00e7\u00e3o do coronav\u00edrus no Brasil - P31","robots":{"index":"index","follow":"follow","max-snippet":"max-snippet:-1","max-image-preview":"max-image-preview:large","max-video-preview":"max-video-preview:-1"},"canonical":"https:\/\/www.p31noticias.com.br\/?p=21693","og_locale":"pt_BR","og_type":"article","og_title":"Pesquisa medir\u00e1 n\u00edvel de propaga\u00e7\u00e3o do coronav\u00edrus no Brasil","og_description":"Projeto piloto teve in\u00edcio no dia 6 de abril, no Rio Grande do Sul O Centro de Epidemiologia da Universidade Federal de Pelotas (UFPel) medir\u00e1 o n\u00edvel de imuniza\u00e7\u00e3o da popula\u00e7\u00e3o brasileira ao coronav\u00edrus, para identificar de que forma o v\u00edrus est\u00e1 se propagando pelo pa\u00eds. A pesquisa tem o apoio do Minist\u00e9rio da Sa\u00fade, [&hellip;]","og_url":"https:\/\/www.p31noticias.com.br\/?p=21693","og_site_name":"P31","article_published_time":"2020-04-15T14:47:09+00:00","og_image":[{"width":640,"height":339,"url":"https:\/\/www.p31noticias.com.br\/wp-content\/uploads\/2020\/04\/coronavirus.jpg","type":"image\/jpeg"}],"author":"Reda\u00e7\u00e3o JBN","twitter_card":"summary_large_image","twitter_misc":{"Escrito por":"Reda\u00e7\u00e3o JBN","Est. tempo de leitura":"2 minutos"},"schema":{"@context":"https:\/\/schema.org","@graph":[{"@type":"Article","@id":"https:\/\/www.p31noticias.com.br\/?p=21693#article","isPartOf":{"@id":"https:\/\/www.p31noticias.com.br\/?p=21693"},"author":{"name":"Reda\u00e7\u00e3o JBN","@id":"https:\/\/www.p31noticias.com.br\/#\/schema\/person\/77d6b186c710ac38937c6ec204fdd387"},"headline":"Pesquisa medir\u00e1 n\u00edvel de propaga\u00e7\u00e3o do coronav\u00edrus no Brasil","datePublished":"2020-04-15T14:47:09+00:00","mainEntityOfPage":{"@id":"https:\/\/www.p31noticias.com.br\/?p=21693"},"wordCount":504,"commentCount":0,"image":{"@id":"https:\/\/www.p31noticias.com.br\/?p=21693#primaryimage"},"thumbnailUrl":"https:\/\/www.p31noticias.com.br\/wp-content\/uploads\/2020\/04\/coronavirus.jpg","articleSection":["Brasil","Sa\u00fade"],"inLanguage":"pt-BR","potentialAction":[{"@type":"CommentAction","name":"Comment","target":["https:\/\/www.p31noticias.com.br\/?p=21693#respond"]}],"copyrightYear":"2020","copyrightHolder":{"@id":"https:\/\/www.p31noticias.com.br\/#organization"}},{"@type":"WebPage","@id":"https:\/\/www.p31noticias.com.br\/?p=21693","url":"https:\/\/www.p31noticias.com.br\/?p=21693","name":"Pesquisa medir\u00e1 n\u00edvel de propaga\u00e7\u00e3o do coronav\u00edrus no Brasil - P31","isPartOf":{"@id":"https:\/\/www.p31noticias.com.br\/#website"},"primaryImageOfPage":{"@id":"https:\/\/www.p31noticias.com.br\/?p=21693#primaryimage"},"image":{"@id":"https:\/\/www.p31noticias.com.br\/?p=21693#primaryimage"},"thumbnailUrl":"https:\/\/www.p31noticias.com.br\/wp-content\/uploads\/2020\/04\/coronavirus.jpg","datePublished":"2020-04-15T14:47:09+00:00","author":{"@id":"https:\/\/www.p31noticias.com.br\/#\/schema\/person\/77d6b186c710ac38937c6ec204fdd387"},"breadcrumb":{"@id":"https:\/\/www.p31noticias.com.br\/?p=21693#breadcrumb"},"inLanguage":"pt-BR","potentialAction":[{"@type":"ReadAction","target":["https:\/\/www.p31noticias.com.br\/?p=21693"]}]},{"@type":"ImageObject","inLanguage":"pt-BR","@id":"https:\/\/www.p31noticias.com.br\/?p=21693#primaryimage","url":"https:\/\/www.p31noticias.com.br\/wp-content\/uploads\/2020\/04\/coronavirus.jpg","contentUrl":"https:\/\/www.p31noticias.com.br\/wp-content\/uploads\/2020\/04\/coronavirus.jpg","width":640,"height":339},{"@type":"BreadcrumbList","@id":"https:\/\/www.p31noticias.com.br\/?p=21693#breadcrumb","itemListElement":[{"@type":"ListItem","position":1,"name":"In\u00edcio","item":"https:\/\/www.p31noticias.com.br\/"},{"@type":"ListItem","position":2,"name":"Pesquisa medir\u00e1 n\u00edvel de propaga\u00e7\u00e3o do coronav\u00edrus no Brasil"}]},{"@type":"WebSite","@id":"https:\/\/www.p31noticias.com.br\/#website","url":"https:\/\/www.p31noticias.com.br\/","name":"P31","description":"NOT\u00cdCIAS","potentialAction":[{"@type":"SearchAction","target":{"@type":"EntryPoint","urlTemplate":"https:\/\/www.p31noticias.com.br\/?s={search_term_string}"},"query-input":{"@type":"PropertyValueSpecification","valueRequired":true,"valueName":"search_term_string"}}],"inLanguage":"pt-BR"},{"@type":"Person","@id":"https:\/\/www.p31noticias.com.br\/#\/schema\/person\/77d6b186c710ac38937c6ec204fdd387","name":"Reda\u00e7\u00e3o JBN","image":{"@type":"ImageObject","inLanguage":"pt-BR","@id":"https:\/\/secure.gravatar.com\/avatar\/10fcdb93211f98cce3d64c0795b0915a9a4a21dc0f279238995a3dbfafcad090?s=96&d=mm&r=g","url":"https:\/\/secure.gravatar.com\/avatar\/10fcdb93211f98cce3d64c0795b0915a9a4a21dc0f279238995a3dbfafcad090?s=96&d=mm&r=g","contentUrl":"https:\/\/secure.gravatar.com\/avatar\/10fcdb93211f98cce3d64c0795b0915a9a4a21dc0f279238995a3dbfafcad090?s=96&d=mm&r=g","caption":"Reda\u00e7\u00e3o JBN"},"sameAs":["https:\/\/p31noticias.com.br"],"url":"https:\/\/www.p31noticias.com.br\/?author=18"}]}},"amp_enabled":true,"_links":{"self":[{"href":"https:\/\/www.p31noticias.com.br\/index.php?rest_route=\/wp\/v2\/posts\/21693","targetHints":{"allow":["GET"]}}],"collection":[{"href":"https:\/\/www.p31noticias.com.br\/index.php?rest_route=\/wp\/v2\/posts"}],"about":[{"href":"https:\/\/www.p31noticias.com.br\/index.php?rest_route=\/wp\/v2\/types\/post"}],"author":[{"embeddable":true,"href":"https:\/\/www.p31noticias.com.br\/index.php?rest_route=\/wp\/v2\/users\/18"}],"replies":[{"embeddable":true,"href":"https:\/\/www.p31noticias.com.br\/index.php?rest_route=%2Fwp%2Fv2%2Fcomments&post=21693"}],"version-history":[{"count":0,"href":"https:\/\/www.p31noticias.com.br\/index.php?rest_route=\/wp\/v2\/posts\/21693\/revisions"}],"wp:featuredmedia":[{"embeddable":true,"href":"https:\/\/www.p31noticias.com.br\/index.php?rest_route=\/wp\/v2\/media\/21694"}],"wp:attachment":[{"href":"https:\/\/www.p31noticias.com.br\/index.php?rest_route=%2Fwp%2Fv2%2Fmedia&parent=21693"}],"wp:term":[{"taxonomy":"category","embeddable":true,"href":"https:\/\/www.p31noticias.com.br\/index.php?rest_route=%2Fwp%2Fv2%2Fcategories&post=21693"},{"taxonomy":"post_tag","embeddable":true,"href":"https:\/\/www.p31noticias.com.br\/index.php?rest_route=%2Fwp%2Fv2%2Ftags&post=21693"}],"curies":[{"name":"wp","href":"https:\/\/api.w.org\/{rel}","templated":true}]}}