{"id":21691,"date":"2020-04-15T11:40:35","date_gmt":"2020-04-15T14:40:35","guid":{"rendered":"https:\/\/jornaldoplanalto.com.br\/web\/?p=21691"},"modified":"2020-04-15T11:40:35","modified_gmt":"2020-04-15T14:40:35","slug":"mais-de-16-mil-desempregados-por-causa-do-coronavirus-receberao-salario-minimo-no-df","status":"publish","type":"post","link":"https:\/\/www.p31noticias.com.br\/?p=21691","title":{"rendered":"Mais de 16 mil desempregados, por causa do coronav\u00edrus, receber\u00e3o sal\u00e1rio m\u00ednimo no DF"},"content":{"rendered":"<div dir=\"auto\"><em><strong>Durante tr\u00eas meses os trabalhadores contar\u00e3o com o aux\u00edlio emergencial<\/strong><\/em><\/div>\n<div dir=\"auto\"><\/div>\n<div dir=\"auto\">\n<figure id=\"attachment_21636\" aria-describedby=\"caption-attachment-21636\" style=\"width: 250px\" class=\"wp-caption alignleft\"><a href=\"https:\/\/www.delioandrade.com.br\/wp-content\/uploads\/2020\/04\/Foto-Roge\u0301rio-Lopes-e1587558149576.jpeg\"><img loading=\"lazy\" decoding=\"async\" class=\" wp-image-21636\" src=\"https:\/\/www.delioandrade.com.br\/wp-content\/uploads\/2020\/04\/Foto-Roge\u0301rio-Lopes-e1587558149576.jpeg\" alt=\"\" width=\"250\" height=\"304\" srcset=\"https:\/\/www.p31noticias.com.br\/wp-content\/uploads\/2020\/04\/Foto-Roge\u0301rio-Lopes-e1587558149576.jpeg 370w, https:\/\/www.p31noticias.com.br\/wp-content\/uploads\/2020\/04\/Foto-Roge\u0301rio-Lopes-e1587558149576-247x300.jpeg 247w, https:\/\/www.p31noticias.com.br\/wp-content\/uploads\/2020\/04\/Foto-Roge\u0301rio-Lopes-e1587558149576-345x420.jpeg 345w\" sizes=\"auto, (max-width: 250px) 100vw, 250px\" \/><\/a><figcaption id=\"caption-attachment-21636\" class=\"wp-caption-text\">Deputado Delmasso, autor da Lei. Foto: Rog\u00e9rio Lopes<\/figcaption><\/figure>\n<p>Nesta ter\u00e7a-feira (14) foi aprovado em segundo turno no plen\u00e1rio da C\u00e2mara Legislativa o projeto de lei complementar 35\/2020, de autoria do vice-presidente da Casa, deputado Delmasso (Republicanos-DF). O projeto cria o Benef\u00edcio Emergencial de Preserva\u00e7\u00e3o da Renda para os trabalhadores que foram demitidos em fun\u00e7\u00e3o da crise financeira advinda da pandemia de Covid-19 .<\/p><\/div>\n<div dir=\"auto\"><\/div>\n<div dir=\"auto\">Agora o projeto segue para a san\u00e7\u00e3o do governador, Ibaneis Rocha. Diferentemente do coronavoucher e outros aux\u00edlios do governo que amparam aut\u00f4nomos, pessoas de baixa renda, inscritos no cadastro \u00fanico e microempreendedores, o benef\u00edcio proposto pelo deputado Delmasso ser\u00e1 exclusivamente pessoas que perderam o emprego em fun\u00e7\u00e3o da pandemia de coronav\u00edrus. A medida vai beneficiar 16.586 pessoas que perderam os empregos no Distrito Federal.<\/div>\n<div dir=\"auto\"><\/div>\n<div dir=\"auto\">O valor do benef\u00edcio ser\u00e1 de um sal\u00e1rio m\u00ednimo, R$ 1.045,00, repassado em tr\u00eas parcelas. A Secretaria de Ci\u00eancia, Tecnologia e Inova\u00e7\u00e3o desenvolver\u00e1 um aplicativo para os cadastros dos desempregados, a Secretaria do Trabalho vai validar as informa\u00e7\u00f5es e a Secretaria de Economia efetuar\u00e1 os pagamentos via Banco de Bras\u00edlia (BRB).<\/div>\n<div dir=\"auto\"><\/div>\n<div dir=\"auto\">Elber Santana Alves, de 21 anos, ex-agente de neg\u00f3cios da Motorola foi dispensado do trabalho, dia 1\u00ba de abril. Segundo Elber, outros cinco colegas tamb\u00e9m foram mandados embora. \u201cEsse aux\u00edlio ser\u00e1 muito importante para n\u00f3s, pois depend\u00edamos do nosso sal\u00e1rio e n\u00e3o sabemos agora quanto tempo vai durar esta quarentena. Minha m\u00e3e tamb\u00e9m est\u00e1 afastada do trabalho pelo mesmo motivo, ent\u00e3o este benef\u00edcio proposto pelo deputado Delmasso vai ajudar muito\u201d.<\/div>\n<div dir=\"auto\"><\/div>\n<div dir=\"auto\">O Plano Emergencial de Manuten\u00e7\u00e3o da Renda tem os objetivos de: preservar a renda das fam\u00edlias e reduzir o impacto social por causa das consequ\u00eancias do estado de calamidade p\u00fablica e de emerg\u00eancia da sa\u00fade p\u00fablica. O benef\u00edcio ser\u00e1 custeado com R$ 52 milh\u00f5es oriundos do Fundo de Apoio \u00e0 Pesquisa (FAP-DF).<\/div>\n","protected":false},"excerpt":{"rendered":"<p>Durante tr\u00eas meses os trabalhadores contar\u00e3o com o aux\u00edlio emergencial Nesta ter\u00e7a-feira (14) foi aprovado em segundo turno no plen\u00e1rio da C\u00e2mara Legislativa o projeto de lei complementar 35\/2020, de autoria do vice-presidente da Casa, deputado Delmasso (Republicanos-DF). O projeto cria o Benef\u00edcio Emergencial de Preserva\u00e7\u00e3o da Renda para os trabalhadores que foram demitidos em [&hellip;]<\/p>\n","protected":false},"author":18,"featured_media":21610,"comment_status":"open","ping_status":"open","sticky":false,"template":"","format":"standard","meta":{"footnotes":""},"categories":[1],"tags":[],"class_list":{"0":"post-21691","1":"post","2":"type-post","3":"status-publish","4":"format-standard","5":"has-post-thumbnail","7":"category-outros"},"yoast_head":"<!-- This site is optimized with the Yoast SEO Premium plugin v24.5 (Yoast SEO v27.5) - https:\/\/yoast.com\/product\/yoast-seo-premium-wordpress\/ -->\n<title>Mais de 16 mil desempregados, por causa do coronav\u00edrus, receber\u00e3o sal\u00e1rio m\u00ednimo no DF - P31<\/title>\n<meta name=\"robots\" content=\"index, follow, max-snippet:-1, max-image-preview:large, max-video-preview:-1\" \/>\n<link rel=\"canonical\" href=\"https:\/\/www.p31noticias.com.br\/?p=21691\" \/>\n<meta property=\"og:locale\" content=\"pt_BR\" \/>\n<meta property=\"og:type\" content=\"article\" \/>\n<meta property=\"og:title\" content=\"Mais de 16 mil desempregados, por causa do coronav\u00edrus, receber\u00e3o sal\u00e1rio m\u00ednimo no DF\" \/>\n<meta property=\"og:description\" content=\"Durante tr\u00eas meses os trabalhadores contar\u00e3o com o aux\u00edlio emergencial Nesta ter\u00e7a-feira (14) foi aprovado em segundo turno no plen\u00e1rio da C\u00e2mara Legislativa o projeto de lei complementar 35\/2020, de autoria do vice-presidente da Casa, deputado Delmasso (Republicanos-DF). O projeto cria o Benef\u00edcio Emergencial de Preserva\u00e7\u00e3o da Renda para os trabalhadores que foram demitidos em [&hellip;]\" \/>\n<meta property=\"og:url\" content=\"https:\/\/www.p31noticias.com.br\/?p=21691\" \/>\n<meta property=\"og:site_name\" content=\"P31\" \/>\n<meta property=\"article:published_time\" content=\"2020-04-15T14:40:35+00:00\" \/>\n<meta property=\"og:image\" content=\"https:\/\/www.p31noticias.com.br\/wp-content\/uploads\/2020\/04\/real_moeda.jpg\" \/>\n\t<meta property=\"og:image:width\" content=\"640\" \/>\n\t<meta property=\"og:image:height\" content=\"345\" \/>\n\t<meta property=\"og:image:type\" content=\"image\/jpeg\" \/>\n<meta name=\"author\" content=\"Reda\u00e7\u00e3o JBN\" \/>\n<meta name=\"twitter:card\" content=\"summary_large_image\" \/>\n<meta name=\"twitter:label1\" content=\"Escrito por\" \/>\n\t<meta name=\"twitter:data1\" content=\"Reda\u00e7\u00e3o JBN\" \/>\n\t<meta name=\"twitter:label2\" content=\"Est. tempo de leitura\" \/>\n\t<meta name=\"twitter:data2\" content=\"2 minutos\" \/>\n<script type=\"application\/ld+json\" class=\"yoast-schema-graph\">{\"@context\":\"https:\\\/\\\/schema.org\",\"@graph\":[{\"@type\":\"Article\",\"@id\":\"https:\\\/\\\/www.p31noticias.com.br\\\/?p=21691#article\",\"isPartOf\":{\"@id\":\"https:\\\/\\\/www.p31noticias.com.br\\\/?p=21691\"},\"author\":{\"name\":\"Reda\u00e7\u00e3o JBN\",\"@id\":\"https:\\\/\\\/www.p31noticias.com.br\\\/#\\\/schema\\\/person\\\/77d6b186c710ac38937c6ec204fdd387\"},\"headline\":\"Mais de 16 mil desempregados, por causa do coronav\u00edrus, receber\u00e3o sal\u00e1rio m\u00ednimo no DF\",\"datePublished\":\"2020-04-15T14:40:35+00:00\",\"mainEntityOfPage\":{\"@id\":\"https:\\\/\\\/www.p31noticias.com.br\\\/?p=21691\"},\"wordCount\":369,\"commentCount\":0,\"image\":{\"@id\":\"https:\\\/\\\/www.p31noticias.com.br\\\/?p=21691#primaryimage\"},\"thumbnailUrl\":\"https:\\\/\\\/www.p31noticias.com.br\\\/wp-content\\\/uploads\\\/2020\\\/04\\\/real_moeda.jpg\",\"articleSection\":[\"Outros\"],\"inLanguage\":\"pt-BR\",\"potentialAction\":[{\"@type\":\"CommentAction\",\"name\":\"Comment\",\"target\":[\"https:\\\/\\\/www.p31noticias.com.br\\\/?p=21691#respond\"]}],\"copyrightYear\":\"2020\",\"copyrightHolder\":{\"@id\":\"https:\\\/\\\/www.p31noticias.com.br\\\/#organization\"}},{\"@type\":\"WebPage\",\"@id\":\"https:\\\/\\\/www.p31noticias.com.br\\\/?p=21691\",\"url\":\"https:\\\/\\\/www.p31noticias.com.br\\\/?p=21691\",\"name\":\"Mais de 16 mil desempregados, por causa do coronav\u00edrus, receber\u00e3o sal\u00e1rio m\u00ednimo no DF - P31\",\"isPartOf\":{\"@id\":\"https:\\\/\\\/www.p31noticias.com.br\\\/#website\"},\"primaryImageOfPage\":{\"@id\":\"https:\\\/\\\/www.p31noticias.com.br\\\/?p=21691#primaryimage\"},\"image\":{\"@id\":\"https:\\\/\\\/www.p31noticias.com.br\\\/?p=21691#primaryimage\"},\"thumbnailUrl\":\"https:\\\/\\\/www.p31noticias.com.br\\\/wp-content\\\/uploads\\\/2020\\\/04\\\/real_moeda.jpg\",\"datePublished\":\"2020-04-15T14:40:35+00:00\",\"author\":{\"@id\":\"https:\\\/\\\/www.p31noticias.com.br\\\/#\\\/schema\\\/person\\\/77d6b186c710ac38937c6ec204fdd387\"},\"breadcrumb\":{\"@id\":\"https:\\\/\\\/www.p31noticias.com.br\\\/?p=21691#breadcrumb\"},\"inLanguage\":\"pt-BR\",\"potentialAction\":[{\"@type\":\"ReadAction\",\"target\":[\"https:\\\/\\\/www.p31noticias.com.br\\\/?p=21691\"]}]},{\"@type\":\"ImageObject\",\"inLanguage\":\"pt-BR\",\"@id\":\"https:\\\/\\\/www.p31noticias.com.br\\\/?p=21691#primaryimage\",\"url\":\"https:\\\/\\\/www.p31noticias.com.br\\\/wp-content\\\/uploads\\\/2020\\\/04\\\/real_moeda.jpg\",\"contentUrl\":\"https:\\\/\\\/www.p31noticias.com.br\\\/wp-content\\\/uploads\\\/2020\\\/04\\\/real_moeda.jpg\",\"width\":640,\"height\":345,\"caption\":\"Moeda Nacional, Real, Dinheiro, notas de real\"},{\"@type\":\"BreadcrumbList\",\"@id\":\"https:\\\/\\\/www.p31noticias.com.br\\\/?p=21691#breadcrumb\",\"itemListElement\":[{\"@type\":\"ListItem\",\"position\":1,\"name\":\"In\u00edcio\",\"item\":\"https:\\\/\\\/www.p31noticias.com.br\\\/\"},{\"@type\":\"ListItem\",\"position\":2,\"name\":\"Mais de 16 mil desempregados, por causa do coronav\u00edrus, receber\u00e3o sal\u00e1rio m\u00ednimo no DF\"}]},{\"@type\":\"WebSite\",\"@id\":\"https:\\\/\\\/www.p31noticias.com.br\\\/#website\",\"url\":\"https:\\\/\\\/www.p31noticias.com.br\\\/\",\"name\":\"P31\",\"description\":\"NOT\u00cdCIAS\",\"potentialAction\":[{\"@type\":\"SearchAction\",\"target\":{\"@type\":\"EntryPoint\",\"urlTemplate\":\"https:\\\/\\\/www.p31noticias.com.br\\\/?s={search_term_string}\"},\"query-input\":{\"@type\":\"PropertyValueSpecification\",\"valueRequired\":true,\"valueName\":\"search_term_string\"}}],\"inLanguage\":\"pt-BR\"},{\"@type\":\"Person\",\"@id\":\"https:\\\/\\\/www.p31noticias.com.br\\\/#\\\/schema\\\/person\\\/77d6b186c710ac38937c6ec204fdd387\",\"name\":\"Reda\u00e7\u00e3o JBN\",\"image\":{\"@type\":\"ImageObject\",\"inLanguage\":\"pt-BR\",\"@id\":\"https:\\\/\\\/secure.gravatar.com\\\/avatar\\\/10fcdb93211f98cce3d64c0795b0915a9a4a21dc0f279238995a3dbfafcad090?s=96&d=mm&r=g\",\"url\":\"https:\\\/\\\/secure.gravatar.com\\\/avatar\\\/10fcdb93211f98cce3d64c0795b0915a9a4a21dc0f279238995a3dbfafcad090?s=96&d=mm&r=g\",\"contentUrl\":\"https:\\\/\\\/secure.gravatar.com\\\/avatar\\\/10fcdb93211f98cce3d64c0795b0915a9a4a21dc0f279238995a3dbfafcad090?s=96&d=mm&r=g\",\"caption\":\"Reda\u00e7\u00e3o JBN\"},\"sameAs\":[\"https:\\\/\\\/p31noticias.com.br\"],\"url\":\"https:\\\/\\\/www.p31noticias.com.br\\\/?author=18\"}]}<\/script>\n<!-- \/ Yoast SEO Premium plugin. -->","yoast_head_json":{"title":"Mais de 16 mil desempregados, por causa do coronav\u00edrus, receber\u00e3o sal\u00e1rio m\u00ednimo no DF - P31","robots":{"index":"index","follow":"follow","max-snippet":"max-snippet:-1","max-image-preview":"max-image-preview:large","max-video-preview":"max-video-preview:-1"},"canonical":"https:\/\/www.p31noticias.com.br\/?p=21691","og_locale":"pt_BR","og_type":"article","og_title":"Mais de 16 mil desempregados, por causa do coronav\u00edrus, receber\u00e3o sal\u00e1rio m\u00ednimo no DF","og_description":"Durante tr\u00eas meses os trabalhadores contar\u00e3o com o aux\u00edlio emergencial Nesta ter\u00e7a-feira (14) foi aprovado em segundo turno no plen\u00e1rio da C\u00e2mara Legislativa o projeto de lei complementar 35\/2020, de autoria do vice-presidente da Casa, deputado Delmasso (Republicanos-DF). O projeto cria o Benef\u00edcio Emergencial de Preserva\u00e7\u00e3o da Renda para os trabalhadores que foram demitidos em [&hellip;]","og_url":"https:\/\/www.p31noticias.com.br\/?p=21691","og_site_name":"P31","article_published_time":"2020-04-15T14:40:35+00:00","og_image":[{"width":640,"height":345,"url":"https:\/\/www.p31noticias.com.br\/wp-content\/uploads\/2020\/04\/real_moeda.jpg","type":"image\/jpeg"}],"author":"Reda\u00e7\u00e3o JBN","twitter_card":"summary_large_image","twitter_misc":{"Escrito por":"Reda\u00e7\u00e3o JBN","Est. tempo de leitura":"2 minutos"},"schema":{"@context":"https:\/\/schema.org","@graph":[{"@type":"Article","@id":"https:\/\/www.p31noticias.com.br\/?p=21691#article","isPartOf":{"@id":"https:\/\/www.p31noticias.com.br\/?p=21691"},"author":{"name":"Reda\u00e7\u00e3o JBN","@id":"https:\/\/www.p31noticias.com.br\/#\/schema\/person\/77d6b186c710ac38937c6ec204fdd387"},"headline":"Mais de 16 mil desempregados, por causa do coronav\u00edrus, receber\u00e3o sal\u00e1rio m\u00ednimo no DF","datePublished":"2020-04-15T14:40:35+00:00","mainEntityOfPage":{"@id":"https:\/\/www.p31noticias.com.br\/?p=21691"},"wordCount":369,"commentCount":0,"image":{"@id":"https:\/\/www.p31noticias.com.br\/?p=21691#primaryimage"},"thumbnailUrl":"https:\/\/www.p31noticias.com.br\/wp-content\/uploads\/2020\/04\/real_moeda.jpg","articleSection":["Outros"],"inLanguage":"pt-BR","potentialAction":[{"@type":"CommentAction","name":"Comment","target":["https:\/\/www.p31noticias.com.br\/?p=21691#respond"]}],"copyrightYear":"2020","copyrightHolder":{"@id":"https:\/\/www.p31noticias.com.br\/#organization"}},{"@type":"WebPage","@id":"https:\/\/www.p31noticias.com.br\/?p=21691","url":"https:\/\/www.p31noticias.com.br\/?p=21691","name":"Mais de 16 mil desempregados, por causa do coronav\u00edrus, receber\u00e3o sal\u00e1rio m\u00ednimo no DF - P31","isPartOf":{"@id":"https:\/\/www.p31noticias.com.br\/#website"},"primaryImageOfPage":{"@id":"https:\/\/www.p31noticias.com.br\/?p=21691#primaryimage"},"image":{"@id":"https:\/\/www.p31noticias.com.br\/?p=21691#primaryimage"},"thumbnailUrl":"https:\/\/www.p31noticias.com.br\/wp-content\/uploads\/2020\/04\/real_moeda.jpg","datePublished":"2020-04-15T14:40:35+00:00","author":{"@id":"https:\/\/www.p31noticias.com.br\/#\/schema\/person\/77d6b186c710ac38937c6ec204fdd387"},"breadcrumb":{"@id":"https:\/\/www.p31noticias.com.br\/?p=21691#breadcrumb"},"inLanguage":"pt-BR","potentialAction":[{"@type":"ReadAction","target":["https:\/\/www.p31noticias.com.br\/?p=21691"]}]},{"@type":"ImageObject","inLanguage":"pt-BR","@id":"https:\/\/www.p31noticias.com.br\/?p=21691#primaryimage","url":"https:\/\/www.p31noticias.com.br\/wp-content\/uploads\/2020\/04\/real_moeda.jpg","contentUrl":"https:\/\/www.p31noticias.com.br\/wp-content\/uploads\/2020\/04\/real_moeda.jpg","width":640,"height":345,"caption":"Moeda Nacional, Real, Dinheiro, notas de real"},{"@type":"BreadcrumbList","@id":"https:\/\/www.p31noticias.com.br\/?p=21691#breadcrumb","itemListElement":[{"@type":"ListItem","position":1,"name":"In\u00edcio","item":"https:\/\/www.p31noticias.com.br\/"},{"@type":"ListItem","position":2,"name":"Mais de 16 mil desempregados, por causa do coronav\u00edrus, receber\u00e3o sal\u00e1rio m\u00ednimo no DF"}]},{"@type":"WebSite","@id":"https:\/\/www.p31noticias.com.br\/#website","url":"https:\/\/www.p31noticias.com.br\/","name":"P31","description":"NOT\u00cdCIAS","potentialAction":[{"@type":"SearchAction","target":{"@type":"EntryPoint","urlTemplate":"https:\/\/www.p31noticias.com.br\/?s={search_term_string}"},"query-input":{"@type":"PropertyValueSpecification","valueRequired":true,"valueName":"search_term_string"}}],"inLanguage":"pt-BR"},{"@type":"Person","@id":"https:\/\/www.p31noticias.com.br\/#\/schema\/person\/77d6b186c710ac38937c6ec204fdd387","name":"Reda\u00e7\u00e3o JBN","image":{"@type":"ImageObject","inLanguage":"pt-BR","@id":"https:\/\/secure.gravatar.com\/avatar\/10fcdb93211f98cce3d64c0795b0915a9a4a21dc0f279238995a3dbfafcad090?s=96&d=mm&r=g","url":"https:\/\/secure.gravatar.com\/avatar\/10fcdb93211f98cce3d64c0795b0915a9a4a21dc0f279238995a3dbfafcad090?s=96&d=mm&r=g","contentUrl":"https:\/\/secure.gravatar.com\/avatar\/10fcdb93211f98cce3d64c0795b0915a9a4a21dc0f279238995a3dbfafcad090?s=96&d=mm&r=g","caption":"Reda\u00e7\u00e3o JBN"},"sameAs":["https:\/\/p31noticias.com.br"],"url":"https:\/\/www.p31noticias.com.br\/?author=18"}]}},"amp_enabled":true,"_links":{"self":[{"href":"https:\/\/www.p31noticias.com.br\/index.php?rest_route=\/wp\/v2\/posts\/21691","targetHints":{"allow":["GET"]}}],"collection":[{"href":"https:\/\/www.p31noticias.com.br\/index.php?rest_route=\/wp\/v2\/posts"}],"about":[{"href":"https:\/\/www.p31noticias.com.br\/index.php?rest_route=\/wp\/v2\/types\/post"}],"author":[{"embeddable":true,"href":"https:\/\/www.p31noticias.com.br\/index.php?rest_route=\/wp\/v2\/users\/18"}],"replies":[{"embeddable":true,"href":"https:\/\/www.p31noticias.com.br\/index.php?rest_route=%2Fwp%2Fv2%2Fcomments&post=21691"}],"version-history":[{"count":0,"href":"https:\/\/www.p31noticias.com.br\/index.php?rest_route=\/wp\/v2\/posts\/21691\/revisions"}],"wp:featuredmedia":[{"embeddable":true,"href":"https:\/\/www.p31noticias.com.br\/index.php?rest_route=\/wp\/v2\/media\/21610"}],"wp:attachment":[{"href":"https:\/\/www.p31noticias.com.br\/index.php?rest_route=%2Fwp%2Fv2%2Fmedia&parent=21691"}],"wp:term":[{"taxonomy":"category","embeddable":true,"href":"https:\/\/www.p31noticias.com.br\/index.php?rest_route=%2Fwp%2Fv2%2Fcategories&post=21691"},{"taxonomy":"post_tag","embeddable":true,"href":"https:\/\/www.p31noticias.com.br\/index.php?rest_route=%2Fwp%2Fv2%2Ftags&post=21691"}],"curies":[{"name":"wp","href":"https:\/\/api.w.org\/{rel}","templated":true}]}}