{"id":21688,"date":"2020-04-14T09:11:38","date_gmt":"2020-04-14T12:11:38","guid":{"rendered":"https:\/\/jornaldoplanalto.com.br\/web\/?p=21688"},"modified":"2020-04-14T09:11:38","modified_gmt":"2020-04-14T12:11:38","slug":"segunda-fase-da-campanha-contra-gripe-tem-inicio-nesta-quinta-feira-16","status":"publish","type":"post","link":"https:\/\/www.p31noticias.com.br\/?p=21688","title":{"rendered":"Segunda fase da campanha contra gripe tem inicio nesta quinta-feira (16)"},"content":{"rendered":"<p><em><strong>Nova etapa vai at\u00e9 9 de maio; professores ser\u00e3o vacinados posteriormente<\/strong><\/em><\/p>\n<p>A segunda fase da campanha de vacina\u00e7\u00e3o contra a gripe come\u00e7a na pr\u00f3xima quinta-feira (16).\u00a0Desta vez, fazem parte dos grupos priorit\u00e1rios: os profissionais das for\u00e7as de seguran\u00e7a e salvamento; caminhoneiros; motoristas de transporte coletivo; portadores de doen\u00e7as cr\u00f4nicas n\u00e3o transmiss\u00edveis (comorbidades) e outras condi\u00e7\u00f5es cl\u00ednicas especiais; pessoas privadas de liberdade; profissionais do sistema prisional; adolescentes e jovens de 12 a 21 anos sob medidas socioeducativas.<\/p>\n<p>Antes, os professores tamb\u00e9m estavam inclu\u00eddos nesta etapa da campanha. Contudo, de acordo com a orienta\u00e7\u00e3o do Minist\u00e9rio da Sa\u00fade, seguida pela Secretaria de Sa\u00fade, eles ser\u00e3o contemplados a partir da terceira fase da iniciativa.<\/p>\n<p>\u201cComo as aulas n\u00e3o est\u00e3o ocorrendo, devido\u00a0as\u00a0medidas de enfrentamento ao coronav\u00edrus e para evitar aglomera\u00e7\u00f5es, os professores ser\u00e3o atendidos na pr\u00f3xima fase, a partir de 9 de maio\u201d, informou o subsecret\u00e1rio de Vigil\u00e2ncia em Sa\u00fade, Eduardo Hage.<\/p>\n<p>A partir do dia 9 de maio, os grupos priorit\u00e1rios ser\u00e3o crian\u00e7as de 6 meses a menores de 6 anos, gestantes, pu\u00e9rperas (at\u00e9 45 dias ap\u00f3s o parto), povos ind\u00edgenas, adultos de 55 a 59 anos de idade, pessoas com defici\u00eancia e, agora, os professores. A campanha continuar\u00e1 at\u00e9 22 de maio.<\/p>\n<p><b>Vacina\u00e7\u00e3o<\/b><\/p>\n<p>Na primeira etapa da campanha, o Distrito Federal vacinou 339.260 pessoas, at\u00e9 o in\u00edcio da tarde desta segunda-feira (13).\u00a0Do total de pessoas do p\u00fablico-alvo vacinadas, 261.651 s\u00e3o idosos, chegando a 128,49% da meta proposta. J\u00e1 os profissionais de sa\u00fade somaram 71.451, o que representou 70,05% desse grupo.<\/p>\n<p><b>Casos<\/b><\/p>\n<p>Em 2020, foram realizadas 137 coletas pelas unidades sentinelas\u00a0da\u00a0s\u00edndrome gripal no DF. Dessas, 11% (15\/137) foram positivas para v\u00edrus respirat\u00f3rios, 8% (11\/137) foram negativas e 81% (111\/137) aguardam resultado laboratorial.<\/p>\n<p>Dentre os casos positivos, 20% (3\/15) foram por influenza A (H1N1), 20% (3\/15) por influenza B, 40% (6\/15) por rinov\u00edrus, 6,7% (1\/15) por v\u00edrus sincicial respirat\u00f3rio (VSR), 6,7% (1\/15) por metapneumov\u00edrus e 6,6% (1\/15) por parainfluenza 3.<\/p>\n<p><em>* Com informa\u00e7\u00f5es da Secretaria de Sa\u00fade<\/em><\/p>\n","protected":false},"excerpt":{"rendered":"<p>Nova etapa vai at\u00e9 9 de maio; professores ser\u00e3o vacinados posteriormente A segunda fase da campanha de vacina\u00e7\u00e3o contra a gripe come\u00e7a na pr\u00f3xima quinta-feira (16).\u00a0Desta vez, fazem parte dos grupos priorit\u00e1rios: os profissionais das for\u00e7as de seguran\u00e7a e salvamento; caminhoneiros; motoristas de transporte coletivo; portadores de doen\u00e7as cr\u00f4nicas n\u00e3o transmiss\u00edveis (comorbidades) e outras condi\u00e7\u00f5es [&hellip;]<\/p>\n","protected":false},"author":18,"featured_media":21689,"comment_status":"open","ping_status":"open","sticky":false,"template":"","format":"standard","meta":{"footnotes":""},"categories":[68,124],"tags":[],"class_list":{"0":"post-21688","1":"post","2":"type-post","3":"status-publish","4":"format-standard","5":"has-post-thumbnail","7":"category-brasil","8":"category-saude"},"yoast_head":"<!-- This site is optimized with the Yoast SEO Premium plugin v24.5 (Yoast SEO v27.5) - https:\/\/yoast.com\/product\/yoast-seo-premium-wordpress\/ -->\n<title>Segunda fase da campanha contra gripe tem inicio nesta quinta-feira (16) - P31<\/title>\n<meta name=\"robots\" content=\"index, follow, max-snippet:-1, max-image-preview:large, max-video-preview:-1\" \/>\n<link rel=\"canonical\" href=\"https:\/\/www.p31noticias.com.br\/?p=21688\" \/>\n<meta property=\"og:locale\" content=\"pt_BR\" \/>\n<meta property=\"og:type\" content=\"article\" \/>\n<meta property=\"og:title\" content=\"Segunda fase da campanha contra gripe tem inicio nesta quinta-feira (16)\" \/>\n<meta property=\"og:description\" content=\"Nova etapa vai at\u00e9 9 de maio; professores ser\u00e3o vacinados posteriormente A segunda fase da campanha de vacina\u00e7\u00e3o contra a gripe come\u00e7a na pr\u00f3xima quinta-feira (16).\u00a0Desta vez, fazem parte dos grupos priorit\u00e1rios: os profissionais das for\u00e7as de seguran\u00e7a e salvamento; caminhoneiros; motoristas de transporte coletivo; portadores de doen\u00e7as cr\u00f4nicas n\u00e3o transmiss\u00edveis (comorbidades) e outras condi\u00e7\u00f5es [&hellip;]\" \/>\n<meta property=\"og:url\" content=\"https:\/\/www.p31noticias.com.br\/?p=21688\" \/>\n<meta property=\"og:site_name\" content=\"P31\" \/>\n<meta property=\"article:published_time\" content=\"2020-04-14T12:11:38+00:00\" \/>\n<meta property=\"og:image\" content=\"https:\/\/www.p31noticias.com.br\/wp-content\/uploads\/2020\/04\/gripe.jpeg\" \/>\n\t<meta property=\"og:image:width\" content=\"660\" \/>\n\t<meta property=\"og:image:height\" content=\"360\" \/>\n\t<meta property=\"og:image:type\" content=\"image\/jpeg\" \/>\n<meta name=\"author\" content=\"Reda\u00e7\u00e3o JBN\" \/>\n<meta name=\"twitter:card\" content=\"summary_large_image\" \/>\n<meta name=\"twitter:label1\" content=\"Escrito por\" \/>\n\t<meta name=\"twitter:data1\" content=\"Reda\u00e7\u00e3o JBN\" \/>\n\t<meta name=\"twitter:label2\" content=\"Est. tempo de leitura\" \/>\n\t<meta name=\"twitter:data2\" content=\"2 minutos\" \/>\n<script type=\"application\/ld+json\" class=\"yoast-schema-graph\">{\"@context\":\"https:\\\/\\\/schema.org\",\"@graph\":[{\"@type\":\"Article\",\"@id\":\"https:\\\/\\\/www.p31noticias.com.br\\\/?p=21688#article\",\"isPartOf\":{\"@id\":\"https:\\\/\\\/www.p31noticias.com.br\\\/?p=21688\"},\"author\":{\"name\":\"Reda\u00e7\u00e3o JBN\",\"@id\":\"https:\\\/\\\/www.p31noticias.com.br\\\/#\\\/schema\\\/person\\\/77d6b186c710ac38937c6ec204fdd387\"},\"headline\":\"Segunda fase da campanha contra gripe tem inicio nesta quinta-feira (16)\",\"datePublished\":\"2020-04-14T12:11:38+00:00\",\"mainEntityOfPage\":{\"@id\":\"https:\\\/\\\/www.p31noticias.com.br\\\/?p=21688\"},\"wordCount\":350,\"commentCount\":0,\"image\":{\"@id\":\"https:\\\/\\\/www.p31noticias.com.br\\\/?p=21688#primaryimage\"},\"thumbnailUrl\":\"https:\\\/\\\/www.p31noticias.com.br\\\/wp-content\\\/uploads\\\/2020\\\/04\\\/gripe.jpeg\",\"articleSection\":[\"Brasil\",\"Sa\u00fade\"],\"inLanguage\":\"pt-BR\",\"potentialAction\":[{\"@type\":\"CommentAction\",\"name\":\"Comment\",\"target\":[\"https:\\\/\\\/www.p31noticias.com.br\\\/?p=21688#respond\"]}],\"copyrightYear\":\"2020\",\"copyrightHolder\":{\"@id\":\"https:\\\/\\\/www.p31noticias.com.br\\\/#organization\"}},{\"@type\":\"WebPage\",\"@id\":\"https:\\\/\\\/www.p31noticias.com.br\\\/?p=21688\",\"url\":\"https:\\\/\\\/www.p31noticias.com.br\\\/?p=21688\",\"name\":\"Segunda fase da campanha contra gripe tem inicio nesta quinta-feira (16) - P31\",\"isPartOf\":{\"@id\":\"https:\\\/\\\/www.p31noticias.com.br\\\/#website\"},\"primaryImageOfPage\":{\"@id\":\"https:\\\/\\\/www.p31noticias.com.br\\\/?p=21688#primaryimage\"},\"image\":{\"@id\":\"https:\\\/\\\/www.p31noticias.com.br\\\/?p=21688#primaryimage\"},\"thumbnailUrl\":\"https:\\\/\\\/www.p31noticias.com.br\\\/wp-content\\\/uploads\\\/2020\\\/04\\\/gripe.jpeg\",\"datePublished\":\"2020-04-14T12:11:38+00:00\",\"author\":{\"@id\":\"https:\\\/\\\/www.p31noticias.com.br\\\/#\\\/schema\\\/person\\\/77d6b186c710ac38937c6ec204fdd387\"},\"breadcrumb\":{\"@id\":\"https:\\\/\\\/www.p31noticias.com.br\\\/?p=21688#breadcrumb\"},\"inLanguage\":\"pt-BR\",\"potentialAction\":[{\"@type\":\"ReadAction\",\"target\":[\"https:\\\/\\\/www.p31noticias.com.br\\\/?p=21688\"]}]},{\"@type\":\"ImageObject\",\"inLanguage\":\"pt-BR\",\"@id\":\"https:\\\/\\\/www.p31noticias.com.br\\\/?p=21688#primaryimage\",\"url\":\"https:\\\/\\\/www.p31noticias.com.br\\\/wp-content\\\/uploads\\\/2020\\\/04\\\/gripe.jpeg\",\"contentUrl\":\"https:\\\/\\\/www.p31noticias.com.br\\\/wp-content\\\/uploads\\\/2020\\\/04\\\/gripe.jpeg\",\"width\":660,\"height\":360},{\"@type\":\"BreadcrumbList\",\"@id\":\"https:\\\/\\\/www.p31noticias.com.br\\\/?p=21688#breadcrumb\",\"itemListElement\":[{\"@type\":\"ListItem\",\"position\":1,\"name\":\"In\u00edcio\",\"item\":\"https:\\\/\\\/www.p31noticias.com.br\\\/\"},{\"@type\":\"ListItem\",\"position\":2,\"name\":\"Segunda fase da campanha contra gripe tem inicio nesta quinta-feira (16)\"}]},{\"@type\":\"WebSite\",\"@id\":\"https:\\\/\\\/www.p31noticias.com.br\\\/#website\",\"url\":\"https:\\\/\\\/www.p31noticias.com.br\\\/\",\"name\":\"P31\",\"description\":\"NOT\u00cdCIAS\",\"potentialAction\":[{\"@type\":\"SearchAction\",\"target\":{\"@type\":\"EntryPoint\",\"urlTemplate\":\"https:\\\/\\\/www.p31noticias.com.br\\\/?s={search_term_string}\"},\"query-input\":{\"@type\":\"PropertyValueSpecification\",\"valueRequired\":true,\"valueName\":\"search_term_string\"}}],\"inLanguage\":\"pt-BR\"},{\"@type\":\"Person\",\"@id\":\"https:\\\/\\\/www.p31noticias.com.br\\\/#\\\/schema\\\/person\\\/77d6b186c710ac38937c6ec204fdd387\",\"name\":\"Reda\u00e7\u00e3o JBN\",\"image\":{\"@type\":\"ImageObject\",\"inLanguage\":\"pt-BR\",\"@id\":\"https:\\\/\\\/secure.gravatar.com\\\/avatar\\\/10fcdb93211f98cce3d64c0795b0915a9a4a21dc0f279238995a3dbfafcad090?s=96&d=mm&r=g\",\"url\":\"https:\\\/\\\/secure.gravatar.com\\\/avatar\\\/10fcdb93211f98cce3d64c0795b0915a9a4a21dc0f279238995a3dbfafcad090?s=96&d=mm&r=g\",\"contentUrl\":\"https:\\\/\\\/secure.gravatar.com\\\/avatar\\\/10fcdb93211f98cce3d64c0795b0915a9a4a21dc0f279238995a3dbfafcad090?s=96&d=mm&r=g\",\"caption\":\"Reda\u00e7\u00e3o JBN\"},\"sameAs\":[\"https:\\\/\\\/p31noticias.com.br\"],\"url\":\"https:\\\/\\\/www.p31noticias.com.br\\\/?author=18\"}]}<\/script>\n<!-- \/ Yoast SEO Premium plugin. -->","yoast_head_json":{"title":"Segunda fase da campanha contra gripe tem inicio nesta quinta-feira (16) - P31","robots":{"index":"index","follow":"follow","max-snippet":"max-snippet:-1","max-image-preview":"max-image-preview:large","max-video-preview":"max-video-preview:-1"},"canonical":"https:\/\/www.p31noticias.com.br\/?p=21688","og_locale":"pt_BR","og_type":"article","og_title":"Segunda fase da campanha contra gripe tem inicio nesta quinta-feira (16)","og_description":"Nova etapa vai at\u00e9 9 de maio; professores ser\u00e3o vacinados posteriormente A segunda fase da campanha de vacina\u00e7\u00e3o contra a gripe come\u00e7a na pr\u00f3xima quinta-feira (16).\u00a0Desta vez, fazem parte dos grupos priorit\u00e1rios: os profissionais das for\u00e7as de seguran\u00e7a e salvamento; caminhoneiros; motoristas de transporte coletivo; portadores de doen\u00e7as cr\u00f4nicas n\u00e3o transmiss\u00edveis (comorbidades) e outras condi\u00e7\u00f5es [&hellip;]","og_url":"https:\/\/www.p31noticias.com.br\/?p=21688","og_site_name":"P31","article_published_time":"2020-04-14T12:11:38+00:00","og_image":[{"width":660,"height":360,"url":"https:\/\/www.p31noticias.com.br\/wp-content\/uploads\/2020\/04\/gripe.jpeg","type":"image\/jpeg"}],"author":"Reda\u00e7\u00e3o JBN","twitter_card":"summary_large_image","twitter_misc":{"Escrito por":"Reda\u00e7\u00e3o JBN","Est. tempo de leitura":"2 minutos"},"schema":{"@context":"https:\/\/schema.org","@graph":[{"@type":"Article","@id":"https:\/\/www.p31noticias.com.br\/?p=21688#article","isPartOf":{"@id":"https:\/\/www.p31noticias.com.br\/?p=21688"},"author":{"name":"Reda\u00e7\u00e3o JBN","@id":"https:\/\/www.p31noticias.com.br\/#\/schema\/person\/77d6b186c710ac38937c6ec204fdd387"},"headline":"Segunda fase da campanha contra gripe tem inicio nesta quinta-feira (16)","datePublished":"2020-04-14T12:11:38+00:00","mainEntityOfPage":{"@id":"https:\/\/www.p31noticias.com.br\/?p=21688"},"wordCount":350,"commentCount":0,"image":{"@id":"https:\/\/www.p31noticias.com.br\/?p=21688#primaryimage"},"thumbnailUrl":"https:\/\/www.p31noticias.com.br\/wp-content\/uploads\/2020\/04\/gripe.jpeg","articleSection":["Brasil","Sa\u00fade"],"inLanguage":"pt-BR","potentialAction":[{"@type":"CommentAction","name":"Comment","target":["https:\/\/www.p31noticias.com.br\/?p=21688#respond"]}],"copyrightYear":"2020","copyrightHolder":{"@id":"https:\/\/www.p31noticias.com.br\/#organization"}},{"@type":"WebPage","@id":"https:\/\/www.p31noticias.com.br\/?p=21688","url":"https:\/\/www.p31noticias.com.br\/?p=21688","name":"Segunda fase da campanha contra gripe tem inicio nesta quinta-feira (16) - P31","isPartOf":{"@id":"https:\/\/www.p31noticias.com.br\/#website"},"primaryImageOfPage":{"@id":"https:\/\/www.p31noticias.com.br\/?p=21688#primaryimage"},"image":{"@id":"https:\/\/www.p31noticias.com.br\/?p=21688#primaryimage"},"thumbnailUrl":"https:\/\/www.p31noticias.com.br\/wp-content\/uploads\/2020\/04\/gripe.jpeg","datePublished":"2020-04-14T12:11:38+00:00","author":{"@id":"https:\/\/www.p31noticias.com.br\/#\/schema\/person\/77d6b186c710ac38937c6ec204fdd387"},"breadcrumb":{"@id":"https:\/\/www.p31noticias.com.br\/?p=21688#breadcrumb"},"inLanguage":"pt-BR","potentialAction":[{"@type":"ReadAction","target":["https:\/\/www.p31noticias.com.br\/?p=21688"]}]},{"@type":"ImageObject","inLanguage":"pt-BR","@id":"https:\/\/www.p31noticias.com.br\/?p=21688#primaryimage","url":"https:\/\/www.p31noticias.com.br\/wp-content\/uploads\/2020\/04\/gripe.jpeg","contentUrl":"https:\/\/www.p31noticias.com.br\/wp-content\/uploads\/2020\/04\/gripe.jpeg","width":660,"height":360},{"@type":"BreadcrumbList","@id":"https:\/\/www.p31noticias.com.br\/?p=21688#breadcrumb","itemListElement":[{"@type":"ListItem","position":1,"name":"In\u00edcio","item":"https:\/\/www.p31noticias.com.br\/"},{"@type":"ListItem","position":2,"name":"Segunda fase da campanha contra gripe tem inicio nesta quinta-feira (16)"}]},{"@type":"WebSite","@id":"https:\/\/www.p31noticias.com.br\/#website","url":"https:\/\/www.p31noticias.com.br\/","name":"P31","description":"NOT\u00cdCIAS","potentialAction":[{"@type":"SearchAction","target":{"@type":"EntryPoint","urlTemplate":"https:\/\/www.p31noticias.com.br\/?s={search_term_string}"},"query-input":{"@type":"PropertyValueSpecification","valueRequired":true,"valueName":"search_term_string"}}],"inLanguage":"pt-BR"},{"@type":"Person","@id":"https:\/\/www.p31noticias.com.br\/#\/schema\/person\/77d6b186c710ac38937c6ec204fdd387","name":"Reda\u00e7\u00e3o JBN","image":{"@type":"ImageObject","inLanguage":"pt-BR","@id":"https:\/\/secure.gravatar.com\/avatar\/10fcdb93211f98cce3d64c0795b0915a9a4a21dc0f279238995a3dbfafcad090?s=96&d=mm&r=g","url":"https:\/\/secure.gravatar.com\/avatar\/10fcdb93211f98cce3d64c0795b0915a9a4a21dc0f279238995a3dbfafcad090?s=96&d=mm&r=g","contentUrl":"https:\/\/secure.gravatar.com\/avatar\/10fcdb93211f98cce3d64c0795b0915a9a4a21dc0f279238995a3dbfafcad090?s=96&d=mm&r=g","caption":"Reda\u00e7\u00e3o JBN"},"sameAs":["https:\/\/p31noticias.com.br"],"url":"https:\/\/www.p31noticias.com.br\/?author=18"}]}},"amp_enabled":true,"_links":{"self":[{"href":"https:\/\/www.p31noticias.com.br\/index.php?rest_route=\/wp\/v2\/posts\/21688","targetHints":{"allow":["GET"]}}],"collection":[{"href":"https:\/\/www.p31noticias.com.br\/index.php?rest_route=\/wp\/v2\/posts"}],"about":[{"href":"https:\/\/www.p31noticias.com.br\/index.php?rest_route=\/wp\/v2\/types\/post"}],"author":[{"embeddable":true,"href":"https:\/\/www.p31noticias.com.br\/index.php?rest_route=\/wp\/v2\/users\/18"}],"replies":[{"embeddable":true,"href":"https:\/\/www.p31noticias.com.br\/index.php?rest_route=%2Fwp%2Fv2%2Fcomments&post=21688"}],"version-history":[{"count":0,"href":"https:\/\/www.p31noticias.com.br\/index.php?rest_route=\/wp\/v2\/posts\/21688\/revisions"}],"wp:featuredmedia":[{"embeddable":true,"href":"https:\/\/www.p31noticias.com.br\/index.php?rest_route=\/wp\/v2\/media\/21689"}],"wp:attachment":[{"href":"https:\/\/www.p31noticias.com.br\/index.php?rest_route=%2Fwp%2Fv2%2Fmedia&parent=21688"}],"wp:term":[{"taxonomy":"category","embeddable":true,"href":"https:\/\/www.p31noticias.com.br\/index.php?rest_route=%2Fwp%2Fv2%2Fcategories&post=21688"},{"taxonomy":"post_tag","embeddable":true,"href":"https:\/\/www.p31noticias.com.br\/index.php?rest_route=%2Fwp%2Fv2%2Ftags&post=21688"}],"curies":[{"name":"wp","href":"https:\/\/api.w.org\/{rel}","templated":true}]}}