{"id":21674,"date":"2020-04-13T08:29:01","date_gmt":"2020-04-13T11:29:01","guid":{"rendered":"https:\/\/jornaldoplanalto.com.br\/web\/?p=21674"},"modified":"2020-04-13T08:29:01","modified_gmt":"2020-04-13T11:29:01","slug":"gigantes-da-saude-a-luta-dos-profissionais-contra-o-coronavirus","status":"publish","type":"post","link":"https:\/\/www.p31noticias.com.br\/?p=21674","title":{"rendered":"Gigantes da sa\u00fade: a luta dos profissionais contra o coronav\u00edrus"},"content":{"rendered":"<p><em><strong>Ha sete anos no Samu e no Aerom\u00e9dico, a m\u00e9dica Gabriela Bot\u00e1r v\u00ea a oportunidade de crescer pessoal, espiritual e profissionalmente diante da dificuldade: \u201c\u00c9 preciso apreender, desaprender, ressignificar. Acredito que depois do coronav\u00edrus seremos humanos e profissionais melhores\u201d\u00a0<\/strong><\/em><\/p>\n<p>Medo e saudade. Dois sentimentos que se misturam \u00e0 for\u00e7a e \u00e0 coragem de quem precisa lidar, diariamente, com pacientes diagnosticados ou com suspeita de infec\u00e7\u00e3o de\u00a0<a href=\"https:\/\/www.agenciabrasilia.df.gov.br\/topicos\/covid-19\/\" target=\"_blank\" rel=\"noopener noreferrer\"><strong>coronav\u00edrus<\/strong><\/a>. Profissionais que precisaram abrir m\u00e3o da fam\u00edlia, de cuidados pessoais, da quarentena em favor da seguran\u00e7a daqueles que amam e em nome do atendimento r\u00e1pido e eficaz a quem precisa ser tratado.<\/p>\n<p>For\u00e7a e coragem, ali\u00e1s, s\u00e3o duas coisas que a m\u00e9dica Milene Dantas Diogo tenta repassar, diariamente, aos 64 m\u00e9dicos que ela coordena como chefe substituta do servi\u00e7o de cl\u00ednica m\u00e9dica do Hospital de Base, uma das unidades de refer\u00eancia para atendimento de pacientes com coronav\u00edrus.<\/p>\n<p>\u201cMontei um grupo no WhatsApp para tentar solucionar problemas que apare\u00e7am e atualizar os profissionais sobre mudan\u00e7as operacionais e de log\u00edstica. Quando quem est\u00e1 na ponta tem apoio imediato, as coisas ficam mais f\u00e1ceis de serem carregadas\u201d, observa.<\/p>\n<figure id=\"attachment_21676\" aria-describedby=\"caption-attachment-21676\" style=\"width: 800px\" class=\"wp-caption aligncenter\"><a href=\"https:\/\/www.delioandrade.com.br\/wp-content\/uploads\/2020\/04\/Saude2.jpeg\"><img loading=\"lazy\" decoding=\"async\" class=\"size-full wp-image-21676\" src=\"https:\/\/www.delioandrade.com.br\/wp-content\/uploads\/2020\/04\/Saude2.jpeg\" alt=\"\" width=\"800\" height=\"533\" srcset=\"https:\/\/www.p31noticias.com.br\/wp-content\/uploads\/2020\/04\/Saude2.jpeg 800w, https:\/\/www.p31noticias.com.br\/wp-content\/uploads\/2020\/04\/Saude2-300x200.jpeg 300w, https:\/\/www.p31noticias.com.br\/wp-content\/uploads\/2020\/04\/Saude2-768x512.jpeg 768w, https:\/\/www.p31noticias.com.br\/wp-content\/uploads\/2020\/04\/Saude2-696x464.jpeg 696w, https:\/\/www.p31noticias.com.br\/wp-content\/uploads\/2020\/04\/Saude2-630x420.jpeg 630w\" sizes=\"auto, (max-width: 800px) 100vw, 800px\" \/><\/a><figcaption id=\"caption-attachment-21676\" class=\"wp-caption-text\">\u00c0 frente do servi\u00e7o de cl\u00ednica m\u00e9dica do Base, Milene Dantas desabafa: \u201cEstou mais fragilizada como m\u00e3e do que como m\u00e9dica\u201d<\/figcaption><\/figure>\n<p>A m\u00e9dica fala com muita seguran\u00e7a sobre o processo de trabalho. Mas, ao comentar sobre as mudan\u00e7as que precisou fazer no ciclo familiar, n\u00e3o consegue conter o choro. \u201cEstou mais fragilizada como m\u00e3e do que como m\u00e9dica. Porque, no trabalho, a gente monta o cen\u00e1rio, tra\u00e7a as estrat\u00e9gias e vai para cima. Em casa, com filhos adolescentes sempre proativos, n\u00e3o sei como est\u00e3o processando isso e me preocupo do ponto de vista emocional e psicol\u00f3gico\u201d, desabafa.<\/p>\n<p>M\u00e3e de tr\u00eas filhos, com idades de 8, 13 e 16 anos, Milena conta que precisou reorganizar tudo em casa. Ficou com apenas uma das empregadas, a que cuida das crian\u00e7as, j\u00e1 que o marido tamb\u00e9m \u00e9 m\u00e9dico e atua no Hospital de Base. A saudade da m\u00e3e tamb\u00e9m aperta.<\/p>\n<p>\u201cToda sexta-feira ela buscava meus filhos na escola e ia almo\u00e7ar com a gente. Agora, s\u00f3 podemos nos ver pelas chamadas de v\u00eddeo\u201d, conta, com a voz embargada.<\/p>\n<p>Em casa, precisou desenvolver novas tarefas, como cuidar do jardim, da piscina e at\u00e9 mesmo cortar os cabelos dos filhos.<\/p>\n<h2><strong>Longe de quem ama<\/strong><\/h2>\n<p>A enfermeira Gabriela Alves Rodrigues tomou uma atitude ainda mais severa: est\u00e1 longe do marido e dos filhos h\u00e1 pouco mais de 20 dias. Ela est\u00e1 em casa, sozinha, enquanto o restante da fam\u00edlia foi morar com a sogra. \u201cN\u00e3o tem sido f\u00e1cil\u201d, resume.<\/p>\n<p>Ela conta que, no trabalho, muita coisa tamb\u00e9m mudou. Al\u00e9m dos treinamentos constantes, o medo e a ang\u00fastia passaram a fazer parte da rotina. \u201cPensamos, o tempo todo, que nossos familiares e colegas de trabalho podem adoecer e at\u00e9 morrer por isso\u201d, destaca, acrescentando que recebe apoio psicol\u00f3gico no Hospital de Base, onde trabalha.<\/p>\n<h2><strong>Refer\u00eancia<\/strong><\/h2>\n<p>Gerente de Assist\u00eancia Cl\u00ednica no Hospital Regional da Asa Norte, refer\u00eancia para atendimento da Covid-19, a m\u00e9dica Francielle Pulcinelli Martins conta que oscila os pensamentos entre a normalidade e o medo.<\/p>\n<p>\u201cA rotina no Hran sempre foi pesada, com muitos atendimentos. Mas, agora tem o medo como agravante, pois sabemos que o v\u00edrus \u00e9 extremamente contagioso. Temos medo, mesmo tomando todos os cuidados\u201d, observa.<\/p>\n<figure id=\"attachment_21677\" aria-describedby=\"caption-attachment-21677\" style=\"width: 800px\" class=\"wp-caption aligncenter\"><a href=\"https:\/\/www.delioandrade.com.br\/wp-content\/uploads\/2020\/04\/Saude3.jpeg\"><img loading=\"lazy\" decoding=\"async\" class=\"size-full wp-image-21677\" src=\"https:\/\/www.delioandrade.com.br\/wp-content\/uploads\/2020\/04\/Saude3.jpeg\" alt=\"\" width=\"800\" height=\"533\" srcset=\"https:\/\/www.p31noticias.com.br\/wp-content\/uploads\/2020\/04\/Saude3.jpeg 800w, https:\/\/www.p31noticias.com.br\/wp-content\/uploads\/2020\/04\/Saude3-300x200.jpeg 300w, https:\/\/www.p31noticias.com.br\/wp-content\/uploads\/2020\/04\/Saude3-768x512.jpeg 768w, https:\/\/www.p31noticias.com.br\/wp-content\/uploads\/2020\/04\/Saude3-696x464.jpeg 696w, https:\/\/www.p31noticias.com.br\/wp-content\/uploads\/2020\/04\/Saude3-630x420.jpeg 630w\" sizes=\"auto, (max-width: 800px) 100vw, 800px\" \/><\/a><figcaption id=\"caption-attachment-21677\" class=\"wp-caption-text\">Francielli Pulcinelli: \u201cTento relaxar fazendo brincadeiras com as crian\u00e7as em casa\u201d<\/figcaption><\/figure>\n<p>Mesmo com esse sentimento, em casa ela tenta tranquilizar os dois filhos, de 4 e 6 anos de idade. \u201cTento relaxar fazendo brincadeiras com as crian\u00e7as em casa\u201d, conta a m\u00e9dica. Ela diz que sempre deu muito valor aos momentos em fam\u00edlia e \u00e0s reuni\u00f5es com pais, irm\u00e3os, sobrinhos e amigos. \u201cHoje, vejo ainda mais o valor imenso que isso tem\u201d, frisa.<\/p>\n<p>Tamb\u00e9m na linha de frente no atendimento, a enfermeira Gabrielle Pessoa mostra as marcas que ficam no rosto ao fim de um plant\u00e3o. \u201cS\u00e3o horas e horas paramentada. Muitas vezes n\u00e3o vamos ao banheiro, n\u00e3o bebemos \u00e1gua, esquecemos de n\u00f3s em prol dos outros\u201d, destaca.<\/p>\n<p>Para amenizar a carga, Gabrielle busca fazer coisas de que gosta para se desligar de tudo o que v\u00ea no hospital. \u201cAmo minha profiss\u00e3o, estou empenhada e disposta para enfrentar tudo isso. Mas, de algum modo, toda essa instabilidade nos comove como ser humano\u201d, destaca.<\/p>\n<p>A enfermeira conta que anda\u00a0mais sens\u00edvel\u00a0desde que come\u00e7aram a surgir os primeiros casos no DF. \u201cChoro com mais frequ\u00eancia, estou ansiosa. Querendo ou n\u00e3o temos\u00a0sentimento de medo, incerteza, inseguran\u00e7a, por ser algo novo\u201d, diz ela, que acrescenta: \u201cHoje, valorizo ainda mais o abra\u00e7o, como demonstra\u00e7\u00e3o de afeto. Sinto falta do contato com o outro, do aperto de m\u00e3o, do beijo no rosto, das conversas mais pr\u00f3ximas. Detalhes que antes passavam despercebidos.\u201d<\/p>\n<p>Apesar de todo esse sentimento misturado, Gabrielle diz se sentir lisonjeada em estar na linha de frente. \u201cIsso ir\u00e1 me acrescentar muito profissionalmente. \u00c9 um momento hist\u00f3rico, em que todos est\u00e3o empenhados, desde servi\u00e7os gerais at\u00e9 a alta complexidade\u201d, destaca.<\/p>\n<h2><strong>Atendimento remoto<\/strong><\/h2>\n<p>A m\u00e9dica reguladora e intervencionista do Samu e do Aerom\u00e9dico, Gabriela Bot\u00e1r atua no servi\u00e7o h\u00e1 sete anos. Ela conta j\u00e1 ter vivido situa\u00e7\u00f5es extremas no trabalho, com v\u00e1rios atendimentos seguidos durante o plant\u00e3o, em locais de dif\u00edcil acesso e que exigiam resili\u00eancia, mas nada comparado ao que tem vivido hoje.<\/p>\n<p>Para ela, uma das grandes dificuldades \u00e9 precisar se atualizar rapidamente para os atendimentos, pois a doen\u00e7a \u00e9 nova. \u201cE, por se tratar de um v\u00edrus altamente contagioso, precisamos tomar os cuidados especiais em rela\u00e7\u00e3o ao uso de EPIs [equipamentos de prote\u00e7\u00e3o individual], higieniza\u00e7\u00e3o da viatura e de materiais.\u201d<\/p>\n<figure id=\"attachment_21678\" aria-describedby=\"caption-attachment-21678\" style=\"width: 800px\" class=\"wp-caption aligncenter\"><a href=\"https:\/\/www.delioandrade.com.br\/wp-content\/uploads\/2020\/04\/Saude4.jpeg\"><img loading=\"lazy\" decoding=\"async\" class=\"size-full wp-image-21678\" src=\"https:\/\/www.delioandrade.com.br\/wp-content\/uploads\/2020\/04\/Saude4.jpeg\" alt=\"\" width=\"800\" height=\"531\" srcset=\"https:\/\/www.p31noticias.com.br\/wp-content\/uploads\/2020\/04\/Saude4.jpeg 800w, https:\/\/www.p31noticias.com.br\/wp-content\/uploads\/2020\/04\/Saude4-300x199.jpeg 300w, https:\/\/www.p31noticias.com.br\/wp-content\/uploads\/2020\/04\/Saude4-768x510.jpeg 768w, https:\/\/www.p31noticias.com.br\/wp-content\/uploads\/2020\/04\/Saude4-696x462.jpeg 696w, https:\/\/www.p31noticias.com.br\/wp-content\/uploads\/2020\/04\/Saude4-633x420.jpeg 633w\" sizes=\"auto, (max-width: 800px) 100vw, 800px\" \/><\/a><figcaption id=\"caption-attachment-21678\" class=\"wp-caption-text\">Doa\u00e7\u00e3o e seguran\u00e7a: profissionais de sa\u00fade agem como verdadeiros anjos da guarda quando o assunto \u00e9 preservar e salvar vidas<\/figcaption><\/figure>\n<p>Ela conta que se distanciou de familiares e amigos. \u201cFoi a decis\u00e3o mais sensata, j\u00e1 que estou na linha de frente. Para amenizar essa situa\u00e7\u00e3o, fa\u00e7o v\u00eddeo chamada para eles quando estou de folga. N\u00e3o \u00e9 a mesma coisa de t\u00ea-los pessoalmente, mas \u00e9 o que tem me ajudado no quesito saudade\u201d, conta.<\/p>\n<p>Para diminuir a press\u00e3o, ela diz que tem buscado al\u00edvio na espiritualidade, contato com plantas e animais, lendo sobre assuntos diversos. \u201cFa\u00e7o terapia online, exerc\u00edcios f\u00edsicos em casa e tento refletir sobre o que tudo isso tem a nos ensinar. O momento \u00e9 delicado e exige serenidade e equil\u00edbrio dos profissionais de sa\u00fade. \u00c9 preciso apreender, desaprender, construir, reconstruir, inventar, reinventar e, principalmente, ressignificar. Acredito que depois do coronav\u00edrus seremos humanos e profissionais melhores\u201d, finaliza.<\/p>\n<p>Tamb\u00e9m no Samu, o condutor de viaturas Cleiton Souza conta que a rotina de trabalho mudou com a chegada do novo v\u00edrus. \u201cO n\u00facleo de educa\u00e7\u00e3o sempre abordou uso de equipamento de prote\u00e7\u00e3o individual, mas agora aumentou a preocupa\u00e7\u00e3o no retorno \u00e0 base, preocupando com a higieniza\u00e7\u00e3o de utens\u00edlios e m\u00f3veis\u201d, conta.<\/p>\n<p>O retorno para casa, onde mora com esposa e uma filha, tamb\u00e9m passou a ter cuidados a mais. \u201cTroco a roupa, ainda na base, ao fim do expediente e levo para casa, separada em uma sacola. E j\u00e1 coloco para lavar imediatamente\u201d, detalha. Ele conta que tamb\u00e9m tem buscado coisas para aumentar a imunidade, como melhorar alimenta\u00e7\u00e3o.<\/p>\n<p><em>(Secretaria de Sa\u00fade. Fotos: Breno Esaki e Geovana Albuquerque\/ Secretaria de Sa\u00fade)<\/em><\/p>\n","protected":false},"excerpt":{"rendered":"<p>Ha sete anos no Samu e no Aerom\u00e9dico, a m\u00e9dica Gabriela Bot\u00e1r v\u00ea a oportunidade de crescer pessoal, espiritual e profissionalmente diante da dificuldade: \u201c\u00c9 preciso apreender, desaprender, ressignificar. Acredito que depois do coronav\u00edrus seremos humanos e profissionais melhores\u201d\u00a0 Medo e saudade. Dois sentimentos que se misturam \u00e0 for\u00e7a e \u00e0 coragem de quem precisa [&hellip;]<\/p>\n","protected":false},"author":18,"featured_media":21675,"comment_status":"open","ping_status":"open","sticky":false,"template":"","format":"standard","meta":{"footnotes":""},"categories":[124],"tags":[],"class_list":{"0":"post-21674","1":"post","2":"type-post","3":"status-publish","4":"format-standard","5":"has-post-thumbnail","7":"category-saude"},"yoast_head":"<!-- This site is optimized with the Yoast SEO Premium plugin v24.5 (Yoast SEO v27.5) - https:\/\/yoast.com\/product\/yoast-seo-premium-wordpress\/ -->\n<title>Gigantes da sa\u00fade: a luta dos profissionais contra o coronav\u00edrus - P31<\/title>\n<meta name=\"robots\" content=\"index, follow, max-snippet:-1, max-image-preview:large, max-video-preview:-1\" \/>\n<link rel=\"canonical\" href=\"https:\/\/www.p31noticias.com.br\/?p=21674\" \/>\n<meta property=\"og:locale\" content=\"pt_BR\" \/>\n<meta property=\"og:type\" content=\"article\" \/>\n<meta property=\"og:title\" content=\"Gigantes da sa\u00fade: a luta dos profissionais contra o coronav\u00edrus\" \/>\n<meta property=\"og:description\" content=\"Ha sete anos no Samu e no Aerom\u00e9dico, a m\u00e9dica Gabriela Bot\u00e1r v\u00ea a oportunidade de crescer pessoal, espiritual e profissionalmente diante da dificuldade: \u201c\u00c9 preciso apreender, desaprender, ressignificar. Acredito que depois do coronav\u00edrus seremos humanos e profissionais melhores\u201d\u00a0 Medo e saudade. Dois sentimentos que se misturam \u00e0 for\u00e7a e \u00e0 coragem de quem precisa [&hellip;]\" \/>\n<meta property=\"og:url\" content=\"https:\/\/www.p31noticias.com.br\/?p=21674\" \/>\n<meta property=\"og:site_name\" content=\"P31\" \/>\n<meta property=\"article:published_time\" content=\"2020-04-13T11:29:01+00:00\" \/>\n<meta property=\"og:image\" content=\"https:\/\/www.p31noticias.com.br\/wp-content\/uploads\/2020\/04\/Saude.jpeg\" \/>\n\t<meta property=\"og:image:width\" content=\"800\" \/>\n\t<meta property=\"og:image:height\" content=\"531\" \/>\n\t<meta property=\"og:image:type\" content=\"image\/jpeg\" \/>\n<meta name=\"author\" content=\"Reda\u00e7\u00e3o JBN\" \/>\n<meta name=\"twitter:card\" content=\"summary_large_image\" \/>\n<meta name=\"twitter:label1\" content=\"Escrito por\" \/>\n\t<meta name=\"twitter:data1\" content=\"Reda\u00e7\u00e3o JBN\" \/>\n\t<meta name=\"twitter:label2\" content=\"Est. tempo de leitura\" \/>\n\t<meta name=\"twitter:data2\" content=\"7 minutos\" \/>\n<script type=\"application\/ld+json\" class=\"yoast-schema-graph\">{\"@context\":\"https:\\\/\\\/schema.org\",\"@graph\":[{\"@type\":\"Article\",\"@id\":\"https:\\\/\\\/www.p31noticias.com.br\\\/?p=21674#article\",\"isPartOf\":{\"@id\":\"https:\\\/\\\/www.p31noticias.com.br\\\/?p=21674\"},\"author\":{\"name\":\"Reda\u00e7\u00e3o JBN\",\"@id\":\"https:\\\/\\\/www.p31noticias.com.br\\\/#\\\/schema\\\/person\\\/77d6b186c710ac38937c6ec204fdd387\"},\"headline\":\"Gigantes da sa\u00fade: a luta dos profissionais contra o coronav\u00edrus\",\"datePublished\":\"2020-04-13T11:29:01+00:00\",\"mainEntityOfPage\":{\"@id\":\"https:\\\/\\\/www.p31noticias.com.br\\\/?p=21674\"},\"wordCount\":1337,\"commentCount\":0,\"image\":{\"@id\":\"https:\\\/\\\/www.p31noticias.com.br\\\/?p=21674#primaryimage\"},\"thumbnailUrl\":\"https:\\\/\\\/www.p31noticias.com.br\\\/wp-content\\\/uploads\\\/2020\\\/04\\\/Saude.jpeg\",\"articleSection\":[\"Sa\u00fade\"],\"inLanguage\":\"pt-BR\",\"potentialAction\":[{\"@type\":\"CommentAction\",\"name\":\"Comment\",\"target\":[\"https:\\\/\\\/www.p31noticias.com.br\\\/?p=21674#respond\"]}],\"copyrightYear\":\"2020\",\"copyrightHolder\":{\"@id\":\"https:\\\/\\\/www.p31noticias.com.br\\\/#organization\"}},{\"@type\":\"WebPage\",\"@id\":\"https:\\\/\\\/www.p31noticias.com.br\\\/?p=21674\",\"url\":\"https:\\\/\\\/www.p31noticias.com.br\\\/?p=21674\",\"name\":\"Gigantes da sa\u00fade: a luta dos profissionais contra o coronav\u00edrus - P31\",\"isPartOf\":{\"@id\":\"https:\\\/\\\/www.p31noticias.com.br\\\/#website\"},\"primaryImageOfPage\":{\"@id\":\"https:\\\/\\\/www.p31noticias.com.br\\\/?p=21674#primaryimage\"},\"image\":{\"@id\":\"https:\\\/\\\/www.p31noticias.com.br\\\/?p=21674#primaryimage\"},\"thumbnailUrl\":\"https:\\\/\\\/www.p31noticias.com.br\\\/wp-content\\\/uploads\\\/2020\\\/04\\\/Saude.jpeg\",\"datePublished\":\"2020-04-13T11:29:01+00:00\",\"author\":{\"@id\":\"https:\\\/\\\/www.p31noticias.com.br\\\/#\\\/schema\\\/person\\\/77d6b186c710ac38937c6ec204fdd387\"},\"breadcrumb\":{\"@id\":\"https:\\\/\\\/www.p31noticias.com.br\\\/?p=21674#breadcrumb\"},\"inLanguage\":\"pt-BR\",\"potentialAction\":[{\"@type\":\"ReadAction\",\"target\":[\"https:\\\/\\\/www.p31noticias.com.br\\\/?p=21674\"]}]},{\"@type\":\"ImageObject\",\"inLanguage\":\"pt-BR\",\"@id\":\"https:\\\/\\\/www.p31noticias.com.br\\\/?p=21674#primaryimage\",\"url\":\"https:\\\/\\\/www.p31noticias.com.br\\\/wp-content\\\/uploads\\\/2020\\\/04\\\/Saude.jpeg\",\"contentUrl\":\"https:\\\/\\\/www.p31noticias.com.br\\\/wp-content\\\/uploads\\\/2020\\\/04\\\/Saude.jpeg\",\"width\":800,\"height\":531},{\"@type\":\"BreadcrumbList\",\"@id\":\"https:\\\/\\\/www.p31noticias.com.br\\\/?p=21674#breadcrumb\",\"itemListElement\":[{\"@type\":\"ListItem\",\"position\":1,\"name\":\"In\u00edcio\",\"item\":\"https:\\\/\\\/www.p31noticias.com.br\\\/\"},{\"@type\":\"ListItem\",\"position\":2,\"name\":\"Gigantes da sa\u00fade: a luta dos profissionais contra o coronav\u00edrus\"}]},{\"@type\":\"WebSite\",\"@id\":\"https:\\\/\\\/www.p31noticias.com.br\\\/#website\",\"url\":\"https:\\\/\\\/www.p31noticias.com.br\\\/\",\"name\":\"P31\",\"description\":\"NOT\u00cdCIAS\",\"potentialAction\":[{\"@type\":\"SearchAction\",\"target\":{\"@type\":\"EntryPoint\",\"urlTemplate\":\"https:\\\/\\\/www.p31noticias.com.br\\\/?s={search_term_string}\"},\"query-input\":{\"@type\":\"PropertyValueSpecification\",\"valueRequired\":true,\"valueName\":\"search_term_string\"}}],\"inLanguage\":\"pt-BR\"},{\"@type\":\"Person\",\"@id\":\"https:\\\/\\\/www.p31noticias.com.br\\\/#\\\/schema\\\/person\\\/77d6b186c710ac38937c6ec204fdd387\",\"name\":\"Reda\u00e7\u00e3o JBN\",\"image\":{\"@type\":\"ImageObject\",\"inLanguage\":\"pt-BR\",\"@id\":\"https:\\\/\\\/secure.gravatar.com\\\/avatar\\\/10fcdb93211f98cce3d64c0795b0915a9a4a21dc0f279238995a3dbfafcad090?s=96&d=mm&r=g\",\"url\":\"https:\\\/\\\/secure.gravatar.com\\\/avatar\\\/10fcdb93211f98cce3d64c0795b0915a9a4a21dc0f279238995a3dbfafcad090?s=96&d=mm&r=g\",\"contentUrl\":\"https:\\\/\\\/secure.gravatar.com\\\/avatar\\\/10fcdb93211f98cce3d64c0795b0915a9a4a21dc0f279238995a3dbfafcad090?s=96&d=mm&r=g\",\"caption\":\"Reda\u00e7\u00e3o JBN\"},\"sameAs\":[\"https:\\\/\\\/p31noticias.com.br\"],\"url\":\"https:\\\/\\\/www.p31noticias.com.br\\\/?author=18\"}]}<\/script>\n<!-- \/ Yoast SEO Premium plugin. -->","yoast_head_json":{"title":"Gigantes da sa\u00fade: a luta dos profissionais contra o coronav\u00edrus - P31","robots":{"index":"index","follow":"follow","max-snippet":"max-snippet:-1","max-image-preview":"max-image-preview:large","max-video-preview":"max-video-preview:-1"},"canonical":"https:\/\/www.p31noticias.com.br\/?p=21674","og_locale":"pt_BR","og_type":"article","og_title":"Gigantes da sa\u00fade: a luta dos profissionais contra o coronav\u00edrus","og_description":"Ha sete anos no Samu e no Aerom\u00e9dico, a m\u00e9dica Gabriela Bot\u00e1r v\u00ea a oportunidade de crescer pessoal, espiritual e profissionalmente diante da dificuldade: \u201c\u00c9 preciso apreender, desaprender, ressignificar. Acredito que depois do coronav\u00edrus seremos humanos e profissionais melhores\u201d\u00a0 Medo e saudade. Dois sentimentos que se misturam \u00e0 for\u00e7a e \u00e0 coragem de quem precisa [&hellip;]","og_url":"https:\/\/www.p31noticias.com.br\/?p=21674","og_site_name":"P31","article_published_time":"2020-04-13T11:29:01+00:00","og_image":[{"width":800,"height":531,"url":"https:\/\/www.p31noticias.com.br\/wp-content\/uploads\/2020\/04\/Saude.jpeg","type":"image\/jpeg"}],"author":"Reda\u00e7\u00e3o JBN","twitter_card":"summary_large_image","twitter_misc":{"Escrito por":"Reda\u00e7\u00e3o JBN","Est. tempo de leitura":"7 minutos"},"schema":{"@context":"https:\/\/schema.org","@graph":[{"@type":"Article","@id":"https:\/\/www.p31noticias.com.br\/?p=21674#article","isPartOf":{"@id":"https:\/\/www.p31noticias.com.br\/?p=21674"},"author":{"name":"Reda\u00e7\u00e3o JBN","@id":"https:\/\/www.p31noticias.com.br\/#\/schema\/person\/77d6b186c710ac38937c6ec204fdd387"},"headline":"Gigantes da sa\u00fade: a luta dos profissionais contra o coronav\u00edrus","datePublished":"2020-04-13T11:29:01+00:00","mainEntityOfPage":{"@id":"https:\/\/www.p31noticias.com.br\/?p=21674"},"wordCount":1337,"commentCount":0,"image":{"@id":"https:\/\/www.p31noticias.com.br\/?p=21674#primaryimage"},"thumbnailUrl":"https:\/\/www.p31noticias.com.br\/wp-content\/uploads\/2020\/04\/Saude.jpeg","articleSection":["Sa\u00fade"],"inLanguage":"pt-BR","potentialAction":[{"@type":"CommentAction","name":"Comment","target":["https:\/\/www.p31noticias.com.br\/?p=21674#respond"]}],"copyrightYear":"2020","copyrightHolder":{"@id":"https:\/\/www.p31noticias.com.br\/#organization"}},{"@type":"WebPage","@id":"https:\/\/www.p31noticias.com.br\/?p=21674","url":"https:\/\/www.p31noticias.com.br\/?p=21674","name":"Gigantes da sa\u00fade: a luta dos profissionais contra o coronav\u00edrus - P31","isPartOf":{"@id":"https:\/\/www.p31noticias.com.br\/#website"},"primaryImageOfPage":{"@id":"https:\/\/www.p31noticias.com.br\/?p=21674#primaryimage"},"image":{"@id":"https:\/\/www.p31noticias.com.br\/?p=21674#primaryimage"},"thumbnailUrl":"https:\/\/www.p31noticias.com.br\/wp-content\/uploads\/2020\/04\/Saude.jpeg","datePublished":"2020-04-13T11:29:01+00:00","author":{"@id":"https:\/\/www.p31noticias.com.br\/#\/schema\/person\/77d6b186c710ac38937c6ec204fdd387"},"breadcrumb":{"@id":"https:\/\/www.p31noticias.com.br\/?p=21674#breadcrumb"},"inLanguage":"pt-BR","potentialAction":[{"@type":"ReadAction","target":["https:\/\/www.p31noticias.com.br\/?p=21674"]}]},{"@type":"ImageObject","inLanguage":"pt-BR","@id":"https:\/\/www.p31noticias.com.br\/?p=21674#primaryimage","url":"https:\/\/www.p31noticias.com.br\/wp-content\/uploads\/2020\/04\/Saude.jpeg","contentUrl":"https:\/\/www.p31noticias.com.br\/wp-content\/uploads\/2020\/04\/Saude.jpeg","width":800,"height":531},{"@type":"BreadcrumbList","@id":"https:\/\/www.p31noticias.com.br\/?p=21674#breadcrumb","itemListElement":[{"@type":"ListItem","position":1,"name":"In\u00edcio","item":"https:\/\/www.p31noticias.com.br\/"},{"@type":"ListItem","position":2,"name":"Gigantes da sa\u00fade: a luta dos profissionais contra o coronav\u00edrus"}]},{"@type":"WebSite","@id":"https:\/\/www.p31noticias.com.br\/#website","url":"https:\/\/www.p31noticias.com.br\/","name":"P31","description":"NOT\u00cdCIAS","potentialAction":[{"@type":"SearchAction","target":{"@type":"EntryPoint","urlTemplate":"https:\/\/www.p31noticias.com.br\/?s={search_term_string}"},"query-input":{"@type":"PropertyValueSpecification","valueRequired":true,"valueName":"search_term_string"}}],"inLanguage":"pt-BR"},{"@type":"Person","@id":"https:\/\/www.p31noticias.com.br\/#\/schema\/person\/77d6b186c710ac38937c6ec204fdd387","name":"Reda\u00e7\u00e3o JBN","image":{"@type":"ImageObject","inLanguage":"pt-BR","@id":"https:\/\/secure.gravatar.com\/avatar\/10fcdb93211f98cce3d64c0795b0915a9a4a21dc0f279238995a3dbfafcad090?s=96&d=mm&r=g","url":"https:\/\/secure.gravatar.com\/avatar\/10fcdb93211f98cce3d64c0795b0915a9a4a21dc0f279238995a3dbfafcad090?s=96&d=mm&r=g","contentUrl":"https:\/\/secure.gravatar.com\/avatar\/10fcdb93211f98cce3d64c0795b0915a9a4a21dc0f279238995a3dbfafcad090?s=96&d=mm&r=g","caption":"Reda\u00e7\u00e3o JBN"},"sameAs":["https:\/\/p31noticias.com.br"],"url":"https:\/\/www.p31noticias.com.br\/?author=18"}]}},"amp_enabled":true,"_links":{"self":[{"href":"https:\/\/www.p31noticias.com.br\/index.php?rest_route=\/wp\/v2\/posts\/21674","targetHints":{"allow":["GET"]}}],"collection":[{"href":"https:\/\/www.p31noticias.com.br\/index.php?rest_route=\/wp\/v2\/posts"}],"about":[{"href":"https:\/\/www.p31noticias.com.br\/index.php?rest_route=\/wp\/v2\/types\/post"}],"author":[{"embeddable":true,"href":"https:\/\/www.p31noticias.com.br\/index.php?rest_route=\/wp\/v2\/users\/18"}],"replies":[{"embeddable":true,"href":"https:\/\/www.p31noticias.com.br\/index.php?rest_route=%2Fwp%2Fv2%2Fcomments&post=21674"}],"version-history":[{"count":0,"href":"https:\/\/www.p31noticias.com.br\/index.php?rest_route=\/wp\/v2\/posts\/21674\/revisions"}],"wp:featuredmedia":[{"embeddable":true,"href":"https:\/\/www.p31noticias.com.br\/index.php?rest_route=\/wp\/v2\/media\/21675"}],"wp:attachment":[{"href":"https:\/\/www.p31noticias.com.br\/index.php?rest_route=%2Fwp%2Fv2%2Fmedia&parent=21674"}],"wp:term":[{"taxonomy":"category","embeddable":true,"href":"https:\/\/www.p31noticias.com.br\/index.php?rest_route=%2Fwp%2Fv2%2Fcategories&post=21674"},{"taxonomy":"post_tag","embeddable":true,"href":"https:\/\/www.p31noticias.com.br\/index.php?rest_route=%2Fwp%2Fv2%2Ftags&post=21674"}],"curies":[{"name":"wp","href":"https:\/\/api.w.org\/{rel}","templated":true}]}}