{"id":21652,"date":"2020-04-11T12:32:43","date_gmt":"2020-04-11T15:32:43","guid":{"rendered":"https:\/\/jornaldoplanalto.com.br\/web\/?p=21652"},"modified":"2020-04-11T12:32:43","modified_gmt":"2020-04-11T15:32:43","slug":"governador-do-df-autoriza-reabertura-de-lojas-de-moveis-e-eletro","status":"publish","type":"post","link":"https:\/\/www.p31noticias.com.br\/?p=21652","title":{"rendered":"Governador do DF autoriza reabertura de lojas de m\u00f3veis e eletro"},"content":{"rendered":"<p><em><strong>Tamb\u00e9m voltam \u00e0s atividades as institui\u00e7\u00f5es do Sistema S<\/strong><\/em><\/p>\n<p>O governador do Distrito Federal (DF), Ibaneis Rocha, determinou nesta sexta-feira (10) a reabertura de lojas de m\u00f3veis e eletrodom\u00e9sticos. Assim, as lojas especializadas na comercializa\u00e7\u00e3o de itens como fog\u00e3o, geladeira, cama, sof\u00e1 e outros m\u00f3veis para casa e escrit\u00f3rio poder\u00e3o reabrir as portas. O decreto foi publicado em edi\u00e7\u00e3o extra do Di\u00e1rio Oficial do Distrito Federal.<\/p>\n<p>O governador tamb\u00e9m autorizou o retorno \u00e0s atividades das institui\u00e7\u00f5es do Sistema S. Dessa forma, voltam a funcionar o Servi\u00e7o Nacional de Aprendizagem Industrial (Senai), o Servi\u00e7o Social do Com\u00e9rcio (Sesc), o Servi\u00e7o Social da Ind\u00fastria (Sesi), o Servi\u00e7o Nacional de Aprendizagem do Com\u00e9rcio (Senac), o Servi\u00e7o Nacional de Aprendizagem Rural (Senar), o Servi\u00e7o Nacional de Aprendizagem do Cooperativismo (Sescoop), o Servi\u00e7o Social de Transporte (Sest), o Servi\u00e7o Brasileiro de Apoio \u00e0s Micro e Pequenas Empresas (Sebrae) e o Servi\u00e7o Nacional de Aprendizagem do Transporte (Senat).<\/p>\n<p>A decis\u00e3o confirma o abrandamento das medidas de isolamento determinadas por Ibaneis no dia 19 de mar\u00e7o. Na ocasi\u00e3o, ele determinou o fechamento do com\u00e9rcio em geral, com exce\u00e7\u00e3o de atividades relacionadas \u00e0 sa\u00fade e compra de artigos de primeira necessidade, como supermercados e padarias. Escolas e faculdades tamb\u00e9m foram proibidas de abrir.<\/p>\n<p>No dia 1\u00ba de abril, Ibaneis editou um decreto prorrogando o fechamento de v\u00e1rios tipos de com\u00e9rcio e institui\u00e7\u00f5es de ensino, mas permitindo a reabertura de feiras permanentes. O decreto de hoje inclui lojas de m\u00f3veis e eletrodom\u00e9sticos no rol de estabelecimentos contemplados no decreto do in\u00edcio do m\u00eas.<\/p>\n<p>Balan\u00e7o de hoje do Minist\u00e9rio da Sa\u00fade que atualiza os n\u00fameros do coronav\u00edrus no pa\u00eds mostra que o DF tem 555 casos confirmados, com 14 mortes. Al\u00e9m disso, o minist\u00e9rio inclui o Distrito Federal em uma lista, juntamente com S\u00e3o Paulo, o Rio de Janeiro, Cear\u00e1 e Amazonas como os estados que podem estar entrando numa fase de acelera\u00e7\u00e3o descontrolada da pandemia.<\/p>\n<p><strong>Arrecada\u00e7\u00e3o de recursos<\/strong><br \/>\nNo mesmo decreto publicado hoje, Ibaneis criou o programa Todos Contra o Covid. Segundo o decreto, o programa permite a arrecada\u00e7\u00e3o de recursos para aquisi\u00e7\u00e3o e contrata\u00e7\u00e3o, de forma imediata, de servi\u00e7os, equipamentos, insumos, alimentos e demais bens necess\u00e1rios ao enfrentamento da pandemia do novo coronav\u00edrus. Segundo a publica\u00e7\u00e3o, essas arrecada\u00e7\u00f5es n\u00e3o poder\u00e3o exigir \u00f4nus ou encargos ao Distrito Federal. O Instituto BRB, vinculado ao Banco de Bras\u00edlia, executar\u00e1 o programa.<\/p>\n<p><em>(Por Marcelo Brand\u00e3o &#8211; Rep\u00f3rter da Ag\u00eancia Brasil &#8211; Bras\u00edlia)<\/em><\/p>\n","protected":false},"excerpt":{"rendered":"<p>Tamb\u00e9m voltam \u00e0s atividades as institui\u00e7\u00f5es do Sistema S O governador do Distrito Federal (DF), Ibaneis Rocha, determinou nesta sexta-feira (10) a reabertura de lojas de m\u00f3veis e eletrodom\u00e9sticos. Assim, as lojas especializadas na comercializa\u00e7\u00e3o de itens como fog\u00e3o, geladeira, cama, sof\u00e1 e outros m\u00f3veis para casa e escrit\u00f3rio poder\u00e3o reabrir as portas. O decreto [&hellip;]<\/p>\n","protected":false},"author":18,"featured_media":21654,"comment_status":"open","ping_status":"open","sticky":false,"template":"","format":"standard","meta":{"footnotes":""},"categories":[1],"tags":[],"class_list":{"0":"post-21652","1":"post","2":"type-post","3":"status-publish","4":"format-standard","5":"has-post-thumbnail","7":"category-outros"},"yoast_head":"<!-- This site is optimized with the Yoast SEO Premium plugin v24.5 (Yoast SEO v27.5) - https:\/\/yoast.com\/product\/yoast-seo-premium-wordpress\/ -->\n<title>Governador do DF autoriza reabertura de lojas de m\u00f3veis e eletro - P31<\/title>\n<meta name=\"robots\" content=\"index, follow, max-snippet:-1, max-image-preview:large, max-video-preview:-1\" \/>\n<link rel=\"canonical\" href=\"https:\/\/www.p31noticias.com.br\/?p=21652\" \/>\n<meta property=\"og:locale\" content=\"pt_BR\" \/>\n<meta property=\"og:type\" content=\"article\" \/>\n<meta property=\"og:title\" content=\"Governador do DF autoriza reabertura de lojas de m\u00f3veis e eletro\" \/>\n<meta property=\"og:description\" content=\"Tamb\u00e9m voltam \u00e0s atividades as institui\u00e7\u00f5es do Sistema S O governador do Distrito Federal (DF), Ibaneis Rocha, determinou nesta sexta-feira (10) a reabertura de lojas de m\u00f3veis e eletrodom\u00e9sticos. Assim, as lojas especializadas na comercializa\u00e7\u00e3o de itens como fog\u00e3o, geladeira, cama, sof\u00e1 e outros m\u00f3veis para casa e escrit\u00f3rio poder\u00e3o reabrir as portas. O decreto [&hellip;]\" \/>\n<meta property=\"og:url\" content=\"https:\/\/www.p31noticias.com.br\/?p=21652\" \/>\n<meta property=\"og:site_name\" content=\"P31\" \/>\n<meta property=\"article:published_time\" content=\"2020-04-11T15:32:43+00:00\" \/>\n<meta property=\"og:image\" content=\"https:\/\/www.p31noticias.com.br\/wp-content\/uploads\/2020\/04\/lojas.png\" \/>\n\t<meta property=\"og:image:width\" content=\"593\" \/>\n\t<meta property=\"og:image:height\" content=\"346\" \/>\n\t<meta property=\"og:image:type\" content=\"image\/png\" \/>\n<meta name=\"author\" content=\"Reda\u00e7\u00e3o JBN\" \/>\n<meta name=\"twitter:card\" content=\"summary_large_image\" \/>\n<meta name=\"twitter:label1\" content=\"Escrito por\" \/>\n\t<meta name=\"twitter:data1\" content=\"Reda\u00e7\u00e3o JBN\" \/>\n\t<meta name=\"twitter:label2\" content=\"Est. tempo de leitura\" \/>\n\t<meta name=\"twitter:data2\" content=\"2 minutos\" \/>\n<script type=\"application\/ld+json\" class=\"yoast-schema-graph\">{\"@context\":\"https:\\\/\\\/schema.org\",\"@graph\":[{\"@type\":\"Article\",\"@id\":\"https:\\\/\\\/www.p31noticias.com.br\\\/?p=21652#article\",\"isPartOf\":{\"@id\":\"https:\\\/\\\/www.p31noticias.com.br\\\/?p=21652\"},\"author\":{\"name\":\"Reda\u00e7\u00e3o JBN\",\"@id\":\"https:\\\/\\\/www.p31noticias.com.br\\\/#\\\/schema\\\/person\\\/77d6b186c710ac38937c6ec204fdd387\"},\"headline\":\"Governador do DF autoriza reabertura de lojas de m\u00f3veis e eletro\",\"datePublished\":\"2020-04-11T15:32:43+00:00\",\"mainEntityOfPage\":{\"@id\":\"https:\\\/\\\/www.p31noticias.com.br\\\/?p=21652\"},\"wordCount\":471,\"commentCount\":0,\"image\":{\"@id\":\"https:\\\/\\\/www.p31noticias.com.br\\\/?p=21652#primaryimage\"},\"thumbnailUrl\":\"https:\\\/\\\/www.p31noticias.com.br\\\/wp-content\\\/uploads\\\/2020\\\/04\\\/lojas.png\",\"articleSection\":[\"Outros\"],\"inLanguage\":\"pt-BR\",\"potentialAction\":[{\"@type\":\"CommentAction\",\"name\":\"Comment\",\"target\":[\"https:\\\/\\\/www.p31noticias.com.br\\\/?p=21652#respond\"]}],\"copyrightYear\":\"2020\",\"copyrightHolder\":{\"@id\":\"https:\\\/\\\/www.p31noticias.com.br\\\/#organization\"}},{\"@type\":\"WebPage\",\"@id\":\"https:\\\/\\\/www.p31noticias.com.br\\\/?p=21652\",\"url\":\"https:\\\/\\\/www.p31noticias.com.br\\\/?p=21652\",\"name\":\"Governador do DF autoriza reabertura de lojas de m\u00f3veis e eletro - P31\",\"isPartOf\":{\"@id\":\"https:\\\/\\\/www.p31noticias.com.br\\\/#website\"},\"primaryImageOfPage\":{\"@id\":\"https:\\\/\\\/www.p31noticias.com.br\\\/?p=21652#primaryimage\"},\"image\":{\"@id\":\"https:\\\/\\\/www.p31noticias.com.br\\\/?p=21652#primaryimage\"},\"thumbnailUrl\":\"https:\\\/\\\/www.p31noticias.com.br\\\/wp-content\\\/uploads\\\/2020\\\/04\\\/lojas.png\",\"datePublished\":\"2020-04-11T15:32:43+00:00\",\"author\":{\"@id\":\"https:\\\/\\\/www.p31noticias.com.br\\\/#\\\/schema\\\/person\\\/77d6b186c710ac38937c6ec204fdd387\"},\"breadcrumb\":{\"@id\":\"https:\\\/\\\/www.p31noticias.com.br\\\/?p=21652#breadcrumb\"},\"inLanguage\":\"pt-BR\",\"potentialAction\":[{\"@type\":\"ReadAction\",\"target\":[\"https:\\\/\\\/www.p31noticias.com.br\\\/?p=21652\"]}]},{\"@type\":\"ImageObject\",\"inLanguage\":\"pt-BR\",\"@id\":\"https:\\\/\\\/www.p31noticias.com.br\\\/?p=21652#primaryimage\",\"url\":\"https:\\\/\\\/www.p31noticias.com.br\\\/wp-content\\\/uploads\\\/2020\\\/04\\\/lojas.png\",\"contentUrl\":\"https:\\\/\\\/www.p31noticias.com.br\\\/wp-content\\\/uploads\\\/2020\\\/04\\\/lojas.png\",\"width\":593,\"height\":346},{\"@type\":\"BreadcrumbList\",\"@id\":\"https:\\\/\\\/www.p31noticias.com.br\\\/?p=21652#breadcrumb\",\"itemListElement\":[{\"@type\":\"ListItem\",\"position\":1,\"name\":\"In\u00edcio\",\"item\":\"https:\\\/\\\/www.p31noticias.com.br\\\/\"},{\"@type\":\"ListItem\",\"position\":2,\"name\":\"Governador do DF autoriza reabertura de lojas de m\u00f3veis e eletro\"}]},{\"@type\":\"WebSite\",\"@id\":\"https:\\\/\\\/www.p31noticias.com.br\\\/#website\",\"url\":\"https:\\\/\\\/www.p31noticias.com.br\\\/\",\"name\":\"P31\",\"description\":\"NOT\u00cdCIAS\",\"potentialAction\":[{\"@type\":\"SearchAction\",\"target\":{\"@type\":\"EntryPoint\",\"urlTemplate\":\"https:\\\/\\\/www.p31noticias.com.br\\\/?s={search_term_string}\"},\"query-input\":{\"@type\":\"PropertyValueSpecification\",\"valueRequired\":true,\"valueName\":\"search_term_string\"}}],\"inLanguage\":\"pt-BR\"},{\"@type\":\"Person\",\"@id\":\"https:\\\/\\\/www.p31noticias.com.br\\\/#\\\/schema\\\/person\\\/77d6b186c710ac38937c6ec204fdd387\",\"name\":\"Reda\u00e7\u00e3o JBN\",\"image\":{\"@type\":\"ImageObject\",\"inLanguage\":\"pt-BR\",\"@id\":\"https:\\\/\\\/secure.gravatar.com\\\/avatar\\\/10fcdb93211f98cce3d64c0795b0915a9a4a21dc0f279238995a3dbfafcad090?s=96&d=mm&r=g\",\"url\":\"https:\\\/\\\/secure.gravatar.com\\\/avatar\\\/10fcdb93211f98cce3d64c0795b0915a9a4a21dc0f279238995a3dbfafcad090?s=96&d=mm&r=g\",\"contentUrl\":\"https:\\\/\\\/secure.gravatar.com\\\/avatar\\\/10fcdb93211f98cce3d64c0795b0915a9a4a21dc0f279238995a3dbfafcad090?s=96&d=mm&r=g\",\"caption\":\"Reda\u00e7\u00e3o JBN\"},\"sameAs\":[\"https:\\\/\\\/p31noticias.com.br\"],\"url\":\"https:\\\/\\\/www.p31noticias.com.br\\\/?author=18\"}]}<\/script>\n<!-- \/ Yoast SEO Premium plugin. -->","yoast_head_json":{"title":"Governador do DF autoriza reabertura de lojas de m\u00f3veis e eletro - P31","robots":{"index":"index","follow":"follow","max-snippet":"max-snippet:-1","max-image-preview":"max-image-preview:large","max-video-preview":"max-video-preview:-1"},"canonical":"https:\/\/www.p31noticias.com.br\/?p=21652","og_locale":"pt_BR","og_type":"article","og_title":"Governador do DF autoriza reabertura de lojas de m\u00f3veis e eletro","og_description":"Tamb\u00e9m voltam \u00e0s atividades as institui\u00e7\u00f5es do Sistema S O governador do Distrito Federal (DF), Ibaneis Rocha, determinou nesta sexta-feira (10) a reabertura de lojas de m\u00f3veis e eletrodom\u00e9sticos. Assim, as lojas especializadas na comercializa\u00e7\u00e3o de itens como fog\u00e3o, geladeira, cama, sof\u00e1 e outros m\u00f3veis para casa e escrit\u00f3rio poder\u00e3o reabrir as portas. O decreto [&hellip;]","og_url":"https:\/\/www.p31noticias.com.br\/?p=21652","og_site_name":"P31","article_published_time":"2020-04-11T15:32:43+00:00","og_image":[{"width":593,"height":346,"url":"https:\/\/www.p31noticias.com.br\/wp-content\/uploads\/2020\/04\/lojas.png","type":"image\/png"}],"author":"Reda\u00e7\u00e3o JBN","twitter_card":"summary_large_image","twitter_misc":{"Escrito por":"Reda\u00e7\u00e3o JBN","Est. tempo de leitura":"2 minutos"},"schema":{"@context":"https:\/\/schema.org","@graph":[{"@type":"Article","@id":"https:\/\/www.p31noticias.com.br\/?p=21652#article","isPartOf":{"@id":"https:\/\/www.p31noticias.com.br\/?p=21652"},"author":{"name":"Reda\u00e7\u00e3o JBN","@id":"https:\/\/www.p31noticias.com.br\/#\/schema\/person\/77d6b186c710ac38937c6ec204fdd387"},"headline":"Governador do DF autoriza reabertura de lojas de m\u00f3veis e eletro","datePublished":"2020-04-11T15:32:43+00:00","mainEntityOfPage":{"@id":"https:\/\/www.p31noticias.com.br\/?p=21652"},"wordCount":471,"commentCount":0,"image":{"@id":"https:\/\/www.p31noticias.com.br\/?p=21652#primaryimage"},"thumbnailUrl":"https:\/\/www.p31noticias.com.br\/wp-content\/uploads\/2020\/04\/lojas.png","articleSection":["Outros"],"inLanguage":"pt-BR","potentialAction":[{"@type":"CommentAction","name":"Comment","target":["https:\/\/www.p31noticias.com.br\/?p=21652#respond"]}],"copyrightYear":"2020","copyrightHolder":{"@id":"https:\/\/www.p31noticias.com.br\/#organization"}},{"@type":"WebPage","@id":"https:\/\/www.p31noticias.com.br\/?p=21652","url":"https:\/\/www.p31noticias.com.br\/?p=21652","name":"Governador do DF autoriza reabertura de lojas de m\u00f3veis e eletro - P31","isPartOf":{"@id":"https:\/\/www.p31noticias.com.br\/#website"},"primaryImageOfPage":{"@id":"https:\/\/www.p31noticias.com.br\/?p=21652#primaryimage"},"image":{"@id":"https:\/\/www.p31noticias.com.br\/?p=21652#primaryimage"},"thumbnailUrl":"https:\/\/www.p31noticias.com.br\/wp-content\/uploads\/2020\/04\/lojas.png","datePublished":"2020-04-11T15:32:43+00:00","author":{"@id":"https:\/\/www.p31noticias.com.br\/#\/schema\/person\/77d6b186c710ac38937c6ec204fdd387"},"breadcrumb":{"@id":"https:\/\/www.p31noticias.com.br\/?p=21652#breadcrumb"},"inLanguage":"pt-BR","potentialAction":[{"@type":"ReadAction","target":["https:\/\/www.p31noticias.com.br\/?p=21652"]}]},{"@type":"ImageObject","inLanguage":"pt-BR","@id":"https:\/\/www.p31noticias.com.br\/?p=21652#primaryimage","url":"https:\/\/www.p31noticias.com.br\/wp-content\/uploads\/2020\/04\/lojas.png","contentUrl":"https:\/\/www.p31noticias.com.br\/wp-content\/uploads\/2020\/04\/lojas.png","width":593,"height":346},{"@type":"BreadcrumbList","@id":"https:\/\/www.p31noticias.com.br\/?p=21652#breadcrumb","itemListElement":[{"@type":"ListItem","position":1,"name":"In\u00edcio","item":"https:\/\/www.p31noticias.com.br\/"},{"@type":"ListItem","position":2,"name":"Governador do DF autoriza reabertura de lojas de m\u00f3veis e eletro"}]},{"@type":"WebSite","@id":"https:\/\/www.p31noticias.com.br\/#website","url":"https:\/\/www.p31noticias.com.br\/","name":"P31","description":"NOT\u00cdCIAS","potentialAction":[{"@type":"SearchAction","target":{"@type":"EntryPoint","urlTemplate":"https:\/\/www.p31noticias.com.br\/?s={search_term_string}"},"query-input":{"@type":"PropertyValueSpecification","valueRequired":true,"valueName":"search_term_string"}}],"inLanguage":"pt-BR"},{"@type":"Person","@id":"https:\/\/www.p31noticias.com.br\/#\/schema\/person\/77d6b186c710ac38937c6ec204fdd387","name":"Reda\u00e7\u00e3o JBN","image":{"@type":"ImageObject","inLanguage":"pt-BR","@id":"https:\/\/secure.gravatar.com\/avatar\/10fcdb93211f98cce3d64c0795b0915a9a4a21dc0f279238995a3dbfafcad090?s=96&d=mm&r=g","url":"https:\/\/secure.gravatar.com\/avatar\/10fcdb93211f98cce3d64c0795b0915a9a4a21dc0f279238995a3dbfafcad090?s=96&d=mm&r=g","contentUrl":"https:\/\/secure.gravatar.com\/avatar\/10fcdb93211f98cce3d64c0795b0915a9a4a21dc0f279238995a3dbfafcad090?s=96&d=mm&r=g","caption":"Reda\u00e7\u00e3o JBN"},"sameAs":["https:\/\/p31noticias.com.br"],"url":"https:\/\/www.p31noticias.com.br\/?author=18"}]}},"amp_enabled":true,"_links":{"self":[{"href":"https:\/\/www.p31noticias.com.br\/index.php?rest_route=\/wp\/v2\/posts\/21652","targetHints":{"allow":["GET"]}}],"collection":[{"href":"https:\/\/www.p31noticias.com.br\/index.php?rest_route=\/wp\/v2\/posts"}],"about":[{"href":"https:\/\/www.p31noticias.com.br\/index.php?rest_route=\/wp\/v2\/types\/post"}],"author":[{"embeddable":true,"href":"https:\/\/www.p31noticias.com.br\/index.php?rest_route=\/wp\/v2\/users\/18"}],"replies":[{"embeddable":true,"href":"https:\/\/www.p31noticias.com.br\/index.php?rest_route=%2Fwp%2Fv2%2Fcomments&post=21652"}],"version-history":[{"count":0,"href":"https:\/\/www.p31noticias.com.br\/index.php?rest_route=\/wp\/v2\/posts\/21652\/revisions"}],"wp:featuredmedia":[{"embeddable":true,"href":"https:\/\/www.p31noticias.com.br\/index.php?rest_route=\/wp\/v2\/media\/21654"}],"wp:attachment":[{"href":"https:\/\/www.p31noticias.com.br\/index.php?rest_route=%2Fwp%2Fv2%2Fmedia&parent=21652"}],"wp:term":[{"taxonomy":"category","embeddable":true,"href":"https:\/\/www.p31noticias.com.br\/index.php?rest_route=%2Fwp%2Fv2%2Fcategories&post=21652"},{"taxonomy":"post_tag","embeddable":true,"href":"https:\/\/www.p31noticias.com.br\/index.php?rest_route=%2Fwp%2Fv2%2Ftags&post=21652"}],"curies":[{"name":"wp","href":"https:\/\/api.w.org\/{rel}","templated":true}]}}